{"id":55510,"date":"2025-06-06T12:40:00","date_gmt":"2025-06-06T15:40:00","guid":{"rendered":"https:\/\/www.em.com.br\/emfoco\/?p=55510"},"modified":"2025-06-05T18:21:00","modified_gmt":"2025-06-05T21:21:00","slug":"um-dos-maiores-asteroides-ja-vistos-se-aproxima-da-terra-e-coloca-o-planeta-em-alerta","status":"publish","type":"post","link":"https:\/\/www.em.com.br\/emfoco\/2025\/06\/06\/um-dos-maiores-asteroides-ja-vistos-se-aproxima-da-terra-e-coloca-o-planeta-em-alerta\/","title":{"rendered":"Um dos maiores asteroides j\u00e1 vistos se aproxima da Terra e coloca o planeta em alerta"},"content":{"rendered":"\n<p>Em&nbsp;<strong>5 de junho de 2025<\/strong>, um asteroide de dimens\u00f5es consider\u00e1veis, conhecido como&nbsp;<strong><a href=\"https:\/\/www.nationalgeographic.pt\/ciencia\/asteroide-tamanho-torre-eiffel-passara-perto-terra-nesta-quinta-feira_6131\" target=\"_blank\" rel=\"noreferrer noopener\">424482 (2008 DG5)<\/a><\/strong>, passar\u00e1 pr\u00f3ximo \u00e0&nbsp;<strong>Terra<\/strong>. Com um di\u00e2metro estimado entre 310 e 690 metros, este corpo celeste se destaca entre os maiores asteroides conhecidos. Apesar de sua proximidade, n\u00e3o h\u00e1 risco de colis\u00e3o com o nosso planeta, j\u00e1 que ele passar\u00e1 a uma dist\u00e2ncia segura de 3,49 milh\u00f5es de quil\u00f4metros, o que equivale a cerca de nove vezes a dist\u00e2ncia entre a Terra e a&nbsp;<strong>Lua<\/strong>.<\/p>\n\n\n\n<p>A&nbsp;<strong>Ag\u00eancia Espacial Europeia (ESA)<\/strong>&nbsp;considera a passagem de um asteroide desse porte a essa dist\u00e2ncia como um evento incomum. Qualquer objeto que se aproxime at\u00e9 7,4 milh\u00f5es de quil\u00f4metros da Terra e tenha mais de 150 metros de di\u00e2metro \u00e9 classificado como potencialmente perigoso, devido \u00e0 possibilidade de causar danos significativos em caso de impacto.<\/p>\n\n\n\n<h2 class=\"wp-block-heading\">Como foi descoberto o asteroide 2008 DG5?<\/h2>\n\n\n\n<p>O asteroide 2008 DG5 pertence \u00e0 categoria dos asteroides&nbsp;<strong>Apollo<\/strong>, cuja \u00f3rbita cruza a da Terra. Ele foi identificado em 2008 pelo&nbsp;<strong>Catalina Sky Survey<\/strong>, um projeto de observa\u00e7\u00e3o de objetos pr\u00f3ximos \u00e0 Terra conduzido pela&nbsp;<strong><a href=\"https:\/\/www.em.com.br\/emfoco\/2025\/05\/17\/nasa-revela-qual-e-a-unica-obra-humana-vista-do-espaco-e-nao-sao-as-piramides-do-egito\/\" target=\"_blank\" rel=\"noreferrer noopener\">NASA<\/a><\/strong>, localizado pr\u00f3ximo a&nbsp;<strong>Tucson<\/strong>, no&nbsp;<strong>Arizona<\/strong>. Este asteroide completa uma \u00f3rbita ao redor do&nbsp;<strong>Sol<\/strong>&nbsp;a cada 514 dias terrestres. A pr\u00f3xima aproxima\u00e7\u00e3o significativa do 2008 DG5 est\u00e1 prevista para ocorrer em 2032.<\/p>\n\n\n\n<figure class=\"wp-block-image\"><img decoding=\"async\" src=\"https:\/\/www.em.com.br\/emfoco\/wp-content\/uploads\/2025\/05\/asteroide_1747926814336-1024x576.jpg\" alt=\"\"\/><figcaption class=\"wp-element-caption\">Asteroide passando pela Terra &#8211; Cr\u00e9ditos: depositphotos.com \/ alejomiranda<\/figcaption><\/figure>\n\n\n\n<h2 class=\"wp-block-heading\">Quais seriam os impactos de uma colis\u00e3o com a Terra?<\/h2>\n\n\n\n<p>Se um asteroide do tamanho do 2008 DG5 colidisse com a Terra, os danos poderiam ser catastr\u00f3ficos em n\u00edvel regional. A colis\u00e3o poderia gerar ondas de choque e tsunamis, causando destrui\u00e7\u00e3o significativa. Para ilustrar, o evento de&nbsp;<strong>Tunguska<\/strong>, em&nbsp;<strong>1908<\/strong>, foi causado por um asteroide de apenas 40 metros de di\u00e2metro, que explodiu sobre a&nbsp;<strong>Sib\u00e9ria<\/strong>, derrubando milh\u00f5es de \u00e1rvores e gerando uma bola de fogo vis\u00edvel a quil\u00f4metros de dist\u00e2ncia.<\/p>\n\n\n\n<p>Por outro lado, o asteroide de\u00a0<strong>Chicxulub<\/strong>, creditado pela extin\u00e7\u00e3o dos dinossauros, tinha entre 10 e 15 quil\u00f4metros de di\u00e2metro, demonstrando a vasta diferen\u00e7a de impacto que tamanhos distintos de asteroides podem causar.<\/p>\n\n\n\n<h2 class=\"wp-block-heading\">Por que a monitoriza\u00e7\u00e3o de asteroides \u00e9 importante?<\/h2>\n\n\n\n<p>A vigil\u00e2ncia cont\u00ednua de asteroides pr\u00f3ximos \u00e0 Terra \u00e9 crucial para a seguran\u00e7a planet\u00e1ria. Identificar e monitorar objetos como o 2008 DG5 permite que cientistas e ag\u00eancias espaciais desenvolvam estrat\u00e9gias de mitiga\u00e7\u00e3o caso um asteroide potencialmente perigoso seja detectado em rota de colis\u00e3o com a Terra. Essa vigil\u00e2ncia ajuda a garantir que medidas preventivas possam ser tomadas a tempo, minimizando riscos e protegendo a vida no planeta.<\/p>\n\n\n\n<p>O estudo e a observa\u00e7\u00e3o de asteroides tamb\u00e9m oferecem valiosas oportunidades para a pesquisa cient\u00edfica, ajudando a entender melhor a composi\u00e7\u00e3o e a hist\u00f3ria do nosso sistema solar. A passagem do 2008 DG5, embora segura, serve como um lembrete da import\u00e2ncia de continuarmos atentos ao que acontece no espa\u00e7o ao nosso redor.<\/p>\n","protected":false},"excerpt":{"rendered":"<p>Em&nbsp;5 de junho de 2025, um asteroide de dimens\u00f5es consider\u00e1veis, conhecido como&nbsp;424482 (2008 DG5), passar\u00e1 pr\u00f3ximo \u00e0&nbsp;Terra. Com um di\u00e2metro estimado entre 310 e 690 metros, este corpo celeste se destaca entre os maiores asteroides conhecidos. Apesar de sua proximidade, n\u00e3o h\u00e1 risco de colis\u00e3o com o nosso planeta, j\u00e1 que ele passar\u00e1 a uma [&hellip;]<\/p>\n","protected":false},"author":11,"featured_media":50123,"comment_status":"open","ping_status":"open","sticky":false,"template":"","format":"standard","meta":{"jnews-multi-image_gallery":[],"jnews_single_post":{"format":"standard"},"jnews_primary_category":[],"jnews_social_meta":[],"jnews_override_counter":[],"footnotes":""},"categories":[8819,1],"tags":[7546,9064,5366],"class_list":["post-55510","post","type-post","status-publish","format-standard","has-post-thumbnail","hentry","category-curiosidades","category-noticias","tag-asteroide","tag-planeta","tag-terra"],"yoast_head":"<!-- This site is optimized with the Yoast SEO plugin v23.8 - https:\/\/yoast.com\/wordpress\/plugins\/seo\/ -->\n<title>Um dos maiores asteroides j\u00e1 vistos se aproxima da Terra e coloca o planeta em alerta - Estado de Minas - Em foco<\/title>\n<meta name=\"description\" content=\"Um dos maiores asteroides j\u00e1 detectados se aproxima e levanta debate sobre seguran\u00e7a planet\u00e1ria. Veja por que esse caso \u00e9 t\u00e3o incomum.\" \/>\n<meta name=\"robots\" content=\"index, follow, max-snippet:-1, max-image-preview:large, max-video-preview:-1\" \/>\n<link rel=\"canonical\" href=\"https:\/\/www.em.com.br\/emfoco\/2025\/06\/06\/um-dos-maiores-asteroides-ja-vistos-se-aproxima-da-terra-e-coloca-o-planeta-em-alerta\/\" \/>\n<meta property=\"og:locale\" content=\"pt_BR\" \/>\n<meta property=\"og:type\" content=\"article\" \/>\n<meta property=\"og:title\" content=\"Um dos maiores asteroides j\u00e1 vistos se aproxima da Terra e coloca o planeta em alerta - Estado de Minas - Em foco\" \/>\n<meta property=\"og:description\" content=\"Um dos maiores asteroides j\u00e1 detectados se aproxima e levanta debate sobre seguran\u00e7a planet\u00e1ria. Veja por que esse caso \u00e9 t\u00e3o incomum.\" \/>\n<meta property=\"og:url\" content=\"https:\/\/www.em.com.br\/emfoco\/2025\/06\/06\/um-dos-maiores-asteroides-ja-vistos-se-aproxima-da-terra-e-coloca-o-planeta-em-alerta\/\" \/>\n<meta property=\"og:site_name\" content=\"Estado de Minas - Em foco\" \/>\n<meta property=\"article:published_time\" content=\"2025-06-06T15:40:00+00:00\" \/>\n<meta property=\"article:modified_time\" content=\"2025-06-05T21:21:00+00:00\" \/>\n<meta property=\"og:image\" content=\"https:\/\/www.em.com.br\/emfoco\/wp-content\/uploads\/2025\/05\/asteroide_1747926764800.jpg\" \/>\n\t<meta property=\"og:image:width\" content=\"1279\" \/>\n\t<meta property=\"og:image:height\" content=\"720\" \/>\n\t<meta property=\"og:image:type\" content=\"image\/jpeg\" \/>\n<meta name=\"author\" content=\"Andre\u0301 Rangel\u00a0\" \/>\n<meta name=\"twitter:card\" content=\"summary_large_image\" \/>\n<meta name=\"twitter:label1\" content=\"Escrito por\" \/>\n\t<meta name=\"twitter:data1\" content=\"Andre\u0301 Rangel\u00a0\" \/>\n\t<meta name=\"twitter:label2\" content=\"Est. tempo de leitura\" \/>\n\t<meta name=\"twitter:data2\" content=\"3 minutos\" \/>\n<!-- \/ Yoast SEO plugin. -->","yoast_head_json":{"title":"Um dos maiores asteroides j\u00e1 vistos se aproxima da Terra e coloca o planeta em alerta - Estado de Minas - Em foco","description":"Um dos maiores asteroides j\u00e1 detectados se aproxima e levanta debate sobre seguran\u00e7a planet\u00e1ria. Veja por que esse caso \u00e9 t\u00e3o incomum.","robots":{"index":"index","follow":"follow","max-snippet":"max-snippet:-1","max-image-preview":"max-image-preview:large","max-video-preview":"max-video-preview:-1"},"canonical":"https:\/\/www.em.com.br\/emfoco\/2025\/06\/06\/um-dos-maiores-asteroides-ja-vistos-se-aproxima-da-terra-e-coloca-o-planeta-em-alerta\/","og_locale":"pt_BR","og_type":"article","og_title":"Um dos maiores asteroides j\u00e1 vistos se aproxima da Terra e coloca o planeta em alerta - Estado de Minas - Em foco","og_description":"Um dos maiores asteroides j\u00e1 detectados se aproxima e levanta debate sobre seguran\u00e7a planet\u00e1ria. Veja por que esse caso \u00e9 t\u00e3o incomum.","og_url":"https:\/\/www.em.com.br\/emfoco\/2025\/06\/06\/um-dos-maiores-asteroides-ja-vistos-se-aproxima-da-terra-e-coloca-o-planeta-em-alerta\/","og_site_name":"Estado de Minas - Em foco","article_published_time":"2025-06-06T15:40:00+00:00","article_modified_time":"2025-06-05T21:21:00+00:00","og_image":[{"width":1279,"height":720,"url":"https:\/\/www.em.com.br\/emfoco\/wp-content\/uploads\/2025\/05\/asteroide_1747926764800.jpg","type":"image\/jpeg"}],"author":"Andre\u0301 Rangel\u00a0","twitter_card":"summary_large_image","twitter_misc":{"Escrito por":"Andre\u0301 Rangel\u00a0","Est. tempo de leitura":"3 minutos"},"schema":{"@context":"https:\/\/schema.org","@graph":[{"@type":"WebPage","@id":"https:\/\/www.em.com.br\/emfoco\/2025\/06\/06\/um-dos-maiores-asteroides-ja-vistos-se-aproxima-da-terra-e-coloca-o-planeta-em-alerta\/","url":"https:\/\/www.em.com.br\/emfoco\/2025\/06\/06\/um-dos-maiores-asteroides-ja-vistos-se-aproxima-da-terra-e-coloca-o-planeta-em-alerta\/","name":"Um dos maiores asteroides j\u00e1 vistos se aproxima da Terra e coloca o planeta em alerta - Estado de Minas - Em foco","isPartOf":{"@id":"https:\/\/www.em.com.br\/emfoco\/#website"},"primaryImageOfPage":{"@id":"https:\/\/www.em.com.br\/emfoco\/2025\/06\/06\/um-dos-maiores-asteroides-ja-vistos-se-aproxima-da-terra-e-coloca-o-planeta-em-alerta\/#primaryimage"},"image":{"@id":"https:\/\/www.em.com.br\/emfoco\/2025\/06\/06\/um-dos-maiores-asteroides-ja-vistos-se-aproxima-da-terra-e-coloca-o-planeta-em-alerta\/#primaryimage"},"thumbnailUrl":"https:\/\/www.em.com.br\/emfoco\/wp-content\/uploads\/2025\/05\/asteroide_1747926764800.jpg","datePublished":"2025-06-06T15:40:00+00:00","dateModified":"2025-06-05T21:21:00+00:00","author":{"@id":"https:\/\/www.em.com.br\/emfoco\/#\/schema\/person\/60eda09c1fedf0d6891f4cef4b60b8b8"},"description":"Um dos maiores asteroides j\u00e1 detectados se aproxima e levanta debate sobre seguran\u00e7a planet\u00e1ria. Veja por que esse caso \u00e9 t\u00e3o incomum.","breadcrumb":{"@id":"https:\/\/www.em.com.br\/emfoco\/2025\/06\/06\/um-dos-maiores-asteroides-ja-vistos-se-aproxima-da-terra-e-coloca-o-planeta-em-alerta\/#breadcrumb"},"inLanguage":"pt-BR","potentialAction":[{"@type":"ReadAction","target":["https:\/\/www.em.com.br\/emfoco\/2025\/06\/06\/um-dos-maiores-asteroides-ja-vistos-se-aproxima-da-terra-e-coloca-o-planeta-em-alerta\/"]}]},{"@type":"ImageObject","inLanguage":"pt-BR","@id":"https:\/\/www.em.com.br\/emfoco\/2025\/06\/06\/um-dos-maiores-asteroides-ja-vistos-se-aproxima-da-terra-e-coloca-o-planeta-em-alerta\/#primaryimage","url":"https:\/\/www.em.com.br\/emfoco\/wp-content\/uploads\/2025\/05\/asteroide_1747926764800.jpg","contentUrl":"https:\/\/www.em.com.br\/emfoco\/wp-content\/uploads\/2025\/05\/asteroide_1747926764800.jpg","width":1279,"height":720,"caption":"Asteroide passando pela Terra - Cr\u00e9ditos: depositphotos.com \/ mikdam"},{"@type":"BreadcrumbList","@id":"https:\/\/www.em.com.br\/emfoco\/2025\/06\/06\/um-dos-maiores-asteroides-ja-vistos-se-aproxima-da-terra-e-coloca-o-planeta-em-alerta\/#breadcrumb","itemListElement":[{"@type":"ListItem","position":1,"name":"In\u00edcio","item":"https:\/\/www.em.com.br\/emfoco\/"},{"@type":"ListItem","position":2,"name":"Um dos maiores asteroides j\u00e1 vistos se aproxima da Terra e coloca o planeta em alerta"}]},{"@type":"WebSite","@id":"https:\/\/www.em.com.br\/emfoco\/#website","url":"https:\/\/www.em.com.br\/emfoco\/","name":"Estado de Minas - Em foco","description":"Acompanhe as \u00faltimas not\u00edcias e fique bem informado sobre tudo o que acontece em Minas Gerais, Brasil e no mundo.","potentialAction":[{"@type":"SearchAction","target":{"@type":"EntryPoint","urlTemplate":"https:\/\/www.em.com.br\/emfoco\/?s={search_term_string}"},"query-input":{"@type":"PropertyValueSpecification","valueRequired":true,"valueName":"search_term_string"}}],"inLanguage":"pt-BR"},{"@type":"Person","@id":"https:\/\/www.em.com.br\/emfoco\/#\/schema\/person\/60eda09c1fedf0d6891f4cef4b60b8b8","name":"Andre\u0301 Rangel\u00a0","image":{"@type":"ImageObject","inLanguage":"pt-BR","@id":"https:\/\/www.em.com.br\/emfoco\/#\/schema\/person\/image\/","url":"https:\/\/secure.gravatar.com\/avatar\/6234dc814c77c8ef6d8bba622c787efc?s=96&d=mm&r=g","contentUrl":"https:\/\/secure.gravatar.com\/avatar\/6234dc814c77c8ef6d8bba622c787efc?s=96&d=mm&r=g","caption":"Andre\u0301 Rangel\u00a0"},"url":"https:\/\/www.em.com.br\/emfoco\/author\/luizmyth\/"}]}},"_links":{"self":[{"href":"https:\/\/www.em.com.br\/emfoco\/wp-json\/wp\/v2\/posts\/55510","targetHints":{"allow":["GET"]}}],"collection":[{"href":"https:\/\/www.em.com.br\/emfoco\/wp-json\/wp\/v2\/posts"}],"about":[{"href":"https:\/\/www.em.com.br\/emfoco\/wp-json\/wp\/v2\/types\/post"}],"author":[{"embeddable":true,"href":"https:\/\/www.em.com.br\/emfoco\/wp-json\/wp\/v2\/users\/11"}],"replies":[{"embeddable":true,"href":"https:\/\/www.em.com.br\/emfoco\/wp-json\/wp\/v2\/comments?post=55510"}],"version-history":[{"count":4,"href":"https:\/\/www.em.com.br\/emfoco\/wp-json\/wp\/v2\/posts\/55510\/revisions"}],"predecessor-version":[{"id":56388,"href":"https:\/\/www.em.com.br\/emfoco\/wp-json\/wp\/v2\/posts\/55510\/revisions\/56388"}],"wp:featuredmedia":[{"embeddable":true,"href":"https:\/\/www.em.com.br\/emfoco\/wp-json\/wp\/v2\/media\/50123"}],"wp:attachment":[{"href":"https:\/\/www.em.com.br\/emfoco\/wp-json\/wp\/v2\/media?parent=55510"}],"wp:term":[{"taxonomy":"category","embeddable":true,"href":"https:\/\/www.em.com.br\/emfoco\/wp-json\/wp\/v2\/categories?post=55510"},{"taxonomy":"post_tag","embeddable":true,"href":"https:\/\/www.em.com.br\/emfoco\/wp-json\/wp\/v2\/tags?post=55510"}],"curies":[{"name":"wp","href":"https:\/\/api.w.org\/{rel}","templated":true}]}}