{"id":5546,"date":"2024-12-18T08:38:49","date_gmt":"2024-12-18T11:38:49","guid":{"rendered":"https:\/\/www.em.com.br\/emfoco\/?p=5546"},"modified":"2024-12-18T08:38:50","modified_gmt":"2024-12-18T11:38:50","slug":"comunicado-para-todos-que-informam-o-cpf-ao-comprar-em-supermercados","status":"publish","type":"post","link":"https:\/\/www.em.com.br\/emfoco\/2024\/12\/18\/comunicado-para-todos-que-informam-o-cpf-ao-comprar-em-supermercados\/","title":{"rendered":"Comunicado para todos que informam o CPF ao comprar em supermercados"},"content":{"rendered":"\n<p>O programa &#8220;CPF na Nota&#8221; \u00e9 uma iniciativa de v\u00e1rios estados brasileiros para incentivar a emiss\u00e3o de notas fiscais e combater a sonega\u00e7\u00e3o de impostos. Quando o consumidor solicita a inclus\u00e3o de seu CPF na nota fiscal, ele se torna eleg\u00edvel a receber <strong>cr\u00e9ditos financeiros<\/strong> que podem ser posteriormente resgatados. Al\u00e9m disso, essa pr\u00e1tica promove uma maior <em>transpar\u00eancia<\/em> nas transa\u00e7\u00f5es comerciais, garantindo que os impostos sejam devidamente recolhidos.<\/p>\n\n\n\n<h2 class=\"wp-block-heading\">Quais s\u00e3o as vantagens de pedir CPF na nota?<\/h2>\n\n\n\n<p>Solicitar que o CPF seja inclu\u00eddo nas notas fiscais traz diversas vantagens para os consumidores. Algumas destas incluem:<\/p>\n\n\n\n<p>Os cr\u00e9ditos obtidos pelos consumidores, geralmente, podem ser utilizados de diferentes maneiras, como o abatimento em impostos estaduais, participa\u00e7\u00e3o em sorteios ou ainda devolu\u00e7\u00e3o em dinheiro. Este sistema se configura como uma ferramenta eficaz tanto para o consumidor quanto para o governo, que v\u00ea um aumento na fiscaliza\u00e7\u00e3o e controle das vendas realizadas.<\/p>\n\n\n\n<ul class=\"wp-block-list\">\n<li><strong>Benef\u00edcio financeiro:<\/strong> Parte dos impostos pagos nas compras \u00e9 retornada ao consumidor, seja em forma de dinheiro ou atrav\u00e9s de descontos tribut\u00e1rios.<\/li>\n\n\n\n<li><strong>Participa\u00e7\u00e3o em sorteios:<\/strong> V\u00e1rios estados realizam sorteios com pr\u00eamios significativos, podendo chegar a valores milion\u00e1rios.<\/li>\n\n\n\n<li><strong>Transpar\u00eancia fiscal:<\/strong> Facilita o controle fiscal por parte do governo, ajudando a reduzir a sonega\u00e7\u00e3o de impostos.<\/li>\n\n\n\n<li><strong>Apoio a causas sociais:<\/strong> Em alguns estados, os consumidores podem destinar parte dos cr\u00e9ditos para institui\u00e7\u00f5es de caridade, contribuindo para o suporte de projetos sociais.<\/li>\n<\/ul>\n\n\n\n<figure class=\"wp-block-image alignnone size-medium wp-image-5547\"><img loading=\"lazy\" decoding=\"async\" width=\"300\" height=\"169\" src=\"https:\/\/www.em.com.br\/emfoco\/wp-content\/uploads\/2024\/12\/httpsneural.myth_.devstaticcachea0748ffb-8acd-4847-b56a-180d9b8b4149-300x169.jpeg\" alt=\"Nota fiscal \" class=\"wp-image-5547\" srcset=\"https:\/\/www.em.com.br\/emfoco\/wp-content\/uploads\/2024\/12\/httpsneural.myth_.devstaticcachea0748ffb-8acd-4847-b56a-180d9b8b4149-300x169.jpeg 300w, https:\/\/www.em.com.br\/emfoco\/wp-content\/uploads\/2024\/12\/httpsneural.myth_.devstaticcachea0748ffb-8acd-4847-b56a-180d9b8b4149-1024x576.jpeg 1024w, https:\/\/www.em.com.br\/emfoco\/wp-content\/uploads\/2024\/12\/httpsneural.myth_.devstaticcachea0748ffb-8acd-4847-b56a-180d9b8b4149-768x432.jpeg 768w, https:\/\/www.em.com.br\/emfoco\/wp-content\/uploads\/2024\/12\/httpsneural.myth_.devstaticcachea0748ffb-8acd-4847-b56a-180d9b8b4149-750x422.jpeg 750w, https:\/\/www.em.com.br\/emfoco\/wp-content\/uploads\/2024\/12\/httpsneural.myth_.devstaticcachea0748ffb-8acd-4847-b56a-180d9b8b4149-1140x641.jpeg 1140w, https:\/\/www.em.com.br\/emfoco\/wp-content\/uploads\/2024\/12\/httpsneural.myth_.devstaticcachea0748ffb-8acd-4847-b56a-180d9b8b4149.jpeg 1280w\" sizes=\"auto, (max-width: 300px) 100vw, 300px\" \/><figcaption class=\"wp-element-caption\">Cr\u00e9ditos: depositphotos.com \/ Koldunov<\/figcaption><\/figure>\n\n\n\n<h2 class=\"wp-block-heading\">Como consultar o saldo dispon\u00edvel?<\/h2>\n\n\n\n<p>Para verificar se existem cr\u00e9ditos dispon\u00edveis para resgate, o consumidor deve acessar a plataforma digital do programa no estado em que reside. O processo \u00e9 geralmente intuitivo:<\/p>\n\n\n\n<ol class=\"wp-block-list\">\n<li>Acesse o portal oficial do programa que atua em seu estado.<\/li>\n\n\n\n<li>Realize o login utilizando o CPF e a senha previamente cadastrada.<\/li>\n\n\n\n<li>Verifique o saldo de cr\u00e9ditos e a exist\u00eancia de bilhetes eletr\u00f4nicos para sorteios.<\/li>\n\n\n\n<li>Escolha a op\u00e7\u00e3o de resgate dispon\u00edvel, que pode incluir transfer\u00eancia para conta banc\u00e1ria, descontos em impostos ou doa\u00e7\u00f5es para entidades sociais.<\/li>\n<\/ol>\n\n\n\n<h2 class=\"wp-block-heading\">Quais estados possuem programas de CPF na Nota?<\/h2>\n\n\n\n<p>Diversos estados brasileiros implementaram o programa &#8220;CPF na Nota&#8221;. Entre eles:<\/p>\n\n\n\n<ul class=\"wp-block-list\">\n<li><strong>S\u00e3o Paulo:<\/strong> Nota Fiscal Paulista proporciona cr\u00e9ditos em dinheiro, sorteios mensais e possibilidade de descontos no IPVA.<\/li>\n\n\n\n<li><strong>Rio Grande do Sul:<\/strong> A Nota Fiscal Ga\u00facha fortalece a participa\u00e7\u00e3o cidad\u00e3 e permite destinar parte dos cr\u00e9ditos para institui\u00e7\u00f5es de caridade.<\/li>\n\n\n\n<li><strong>Minas Gerais:<\/strong> Na Nota Fiscal Mineira, os consumidores participam de sorteios de pr\u00eamios, embora n\u00e3o ofere\u00e7a resgates diretos para abatimento de impostos.<\/li>\n<\/ul>\n\n\n\n<h2 class=\"wp-block-heading\">Como aumentar as chances de ganhar?<\/h2>\n\n\n\n<p>Os sorteios mensais realizados como parte do programa de CPF na Nota podem oferecer pr\u00eamios substanciais. Para aumentar as chances de ganhar, \u00e9 importante seguir algumas orienta\u00e7\u00f5es:<\/p>\n\n\n\n<ol class=\"wp-block-list\">\n<li><strong>Cadastre-se<\/strong> no programa ativo em seu estado.<\/li>\n\n\n\n<li>Acompanhe os bilhetes eletr\u00f4nicos gerados a cada compra registrada com CPF.<\/li>\n\n\n\n<li>Esteja atento \u00e0s datas e resultados dos sorteios divulgados oficialmente.<\/li>\n<\/ol>\n\n\n\n<p>A utiliza\u00e7\u00e3o do CPF na Nota n\u00e3o apenas oferece benef\u00edcios financeiros diretos, mas tamb\u00e9m contribui para um processo de arrecada\u00e7\u00e3o mais justo e transparente. Com isso, o programa se consolida como uma op\u00e7\u00e3o vantajosa para a popula\u00e7\u00e3o, estimulando a participa\u00e7\u00e3o cidad\u00e3 e promovendo um ambiente comercial \u00e9tico.<\/p>\n","protected":false},"excerpt":{"rendered":"<p>O programa CPF na Nota \u00e9 uma iniciativa de combate \u00e0 sonega\u00e7\u00e3o de impostos. Confira as vantagens de pedir o CPF na nota e como consultar seus cr\u00e9ditos.<\/p>\n","protected":false},"author":2,"featured_media":5547,"comment_status":"open","ping_status":"open","sticky":false,"template":"","format":"standard","meta":{"jnews-multi-image_gallery":[],"jnews_single_post":{"format":"standard"},"jnews_primary_category":[],"jnews_social_meta":[],"jnews_override_counter":[],"footnotes":""},"categories":[28,29,1],"tags":[398,901,2160],"class_list":["post-5546","post","type-post","status-publish","format-standard","has-post-thumbnail","hentry","category-economia","category-entretenimento","category-noticias","tag-cpf-na-nota","tag-nota-fiscal","tag-programa-estadual"],"yoast_head":"<!-- This site is optimized with the Yoast SEO plugin v23.8 - https:\/\/yoast.com\/wordpress\/plugins\/seo\/ -->\n<title>Comunicado para todos que informam o CPF ao comprar em supermercados - Estado de Minas - Em foco<\/title>\n<meta name=\"description\" content=\"O programa CPF na Nota \u00e9 uma iniciativa de combate \u00e0 sonega\u00e7\u00e3o de impostos. Confira as vantagens de pedir o CPF na nota e como consultar seus cr\u00e9ditos.\" \/>\n<meta name=\"robots\" content=\"index, follow, max-snippet:-1, max-image-preview:large, max-video-preview:-1\" \/>\n<link rel=\"canonical\" href=\"https:\/\/www.em.com.br\/emfoco\/2024\/12\/18\/comunicado-para-todos-que-informam-o-cpf-ao-comprar-em-supermercados\/\" \/>\n<meta property=\"og:locale\" content=\"pt_BR\" \/>\n<meta property=\"og:type\" content=\"article\" \/>\n<meta property=\"og:title\" content=\"Comunicado para todos que informam o CPF ao comprar em supermercados - Estado de Minas - Em foco\" \/>\n<meta property=\"og:description\" content=\"O programa CPF na Nota \u00e9 uma iniciativa de combate \u00e0 sonega\u00e7\u00e3o de impostos. Confira as vantagens de pedir o CPF na nota e como consultar seus cr\u00e9ditos.\" \/>\n<meta property=\"og:url\" content=\"https:\/\/www.em.com.br\/emfoco\/2024\/12\/18\/comunicado-para-todos-que-informam-o-cpf-ao-comprar-em-supermercados\/\" \/>\n<meta property=\"og:site_name\" content=\"Estado de Minas - Em foco\" \/>\n<meta property=\"article:published_time\" content=\"2024-12-18T11:38:49+00:00\" \/>\n<meta property=\"article:modified_time\" content=\"2024-12-18T11:38:50+00:00\" \/>\n<meta property=\"og:image\" content=\"https:\/\/www.em.com.br\/emfoco\/wp-content\/uploads\/2024\/12\/httpsneural.myth_.devstaticcachea0748ffb-8acd-4847-b56a-180d9b8b4149.jpeg\" \/>\n\t<meta property=\"og:image:width\" content=\"1280\" \/>\n\t<meta property=\"og:image:height\" content=\"720\" \/>\n\t<meta property=\"og:image:type\" content=\"image\/jpeg\" \/>\n<meta name=\"author\" content=\"Guilherme\" \/>\n<meta name=\"twitter:card\" content=\"summary_large_image\" \/>\n<meta name=\"twitter:label1\" content=\"Escrito por\" \/>\n\t<meta name=\"twitter:data1\" content=\"Guilherme\" \/>\n\t<meta name=\"twitter:label2\" content=\"Est. tempo de leitura\" \/>\n\t<meta name=\"twitter:data2\" content=\"4 minutos\" \/>\n<!-- \/ Yoast SEO plugin. -->","yoast_head_json":{"title":"Comunicado para todos que informam o CPF ao comprar em supermercados - Estado de Minas - Em foco","description":"O programa CPF na Nota \u00e9 uma iniciativa de combate \u00e0 sonega\u00e7\u00e3o de impostos. Confira as vantagens de pedir o CPF na nota e como consultar seus cr\u00e9ditos.","robots":{"index":"index","follow":"follow","max-snippet":"max-snippet:-1","max-image-preview":"max-image-preview:large","max-video-preview":"max-video-preview:-1"},"canonical":"https:\/\/www.em.com.br\/emfoco\/2024\/12\/18\/comunicado-para-todos-que-informam-o-cpf-ao-comprar-em-supermercados\/","og_locale":"pt_BR","og_type":"article","og_title":"Comunicado para todos que informam o CPF ao comprar em supermercados - Estado de Minas - Em foco","og_description":"O programa CPF na Nota \u00e9 uma iniciativa de combate \u00e0 sonega\u00e7\u00e3o de impostos. Confira as vantagens de pedir o CPF na nota e como consultar seus cr\u00e9ditos.","og_url":"https:\/\/www.em.com.br\/emfoco\/2024\/12\/18\/comunicado-para-todos-que-informam-o-cpf-ao-comprar-em-supermercados\/","og_site_name":"Estado de Minas - Em foco","article_published_time":"2024-12-18T11:38:49+00:00","article_modified_time":"2024-12-18T11:38:50+00:00","og_image":[{"width":1280,"height":720,"url":"https:\/\/www.em.com.br\/emfoco\/wp-content\/uploads\/2024\/12\/httpsneural.myth_.devstaticcachea0748ffb-8acd-4847-b56a-180d9b8b4149.jpeg","type":"image\/jpeg"}],"author":"Guilherme","twitter_card":"summary_large_image","twitter_misc":{"Escrito por":"Guilherme","Est. tempo de leitura":"4 minutos"},"schema":{"@context":"https:\/\/schema.org","@graph":[{"@type":"WebPage","@id":"https:\/\/www.em.com.br\/emfoco\/2024\/12\/18\/comunicado-para-todos-que-informam-o-cpf-ao-comprar-em-supermercados\/","url":"https:\/\/www.em.com.br\/emfoco\/2024\/12\/18\/comunicado-para-todos-que-informam-o-cpf-ao-comprar-em-supermercados\/","name":"Comunicado para todos que informam o CPF ao comprar em supermercados - Estado de Minas - Em foco","isPartOf":{"@id":"https:\/\/www.em.com.br\/emfoco\/#website"},"primaryImageOfPage":{"@id":"https:\/\/www.em.com.br\/emfoco\/2024\/12\/18\/comunicado-para-todos-que-informam-o-cpf-ao-comprar-em-supermercados\/#primaryimage"},"image":{"@id":"https:\/\/www.em.com.br\/emfoco\/2024\/12\/18\/comunicado-para-todos-que-informam-o-cpf-ao-comprar-em-supermercados\/#primaryimage"},"thumbnailUrl":"https:\/\/www.em.com.br\/emfoco\/wp-content\/uploads\/2024\/12\/httpsneural.myth_.devstaticcachea0748ffb-8acd-4847-b56a-180d9b8b4149.jpeg","datePublished":"2024-12-18T11:38:49+00:00","dateModified":"2024-12-18T11:38:50+00:00","author":{"@id":"https:\/\/www.em.com.br\/emfoco\/#\/schema\/person\/097c4a57cc4dc96be3b74aaf7185dd84"},"description":"O programa CPF na Nota \u00e9 uma iniciativa de combate \u00e0 sonega\u00e7\u00e3o de impostos. Confira as vantagens de pedir o CPF na nota e como consultar seus cr\u00e9ditos.","breadcrumb":{"@id":"https:\/\/www.em.com.br\/emfoco\/2024\/12\/18\/comunicado-para-todos-que-informam-o-cpf-ao-comprar-em-supermercados\/#breadcrumb"},"inLanguage":"pt-BR","potentialAction":[{"@type":"ReadAction","target":["https:\/\/www.em.com.br\/emfoco\/2024\/12\/18\/comunicado-para-todos-que-informam-o-cpf-ao-comprar-em-supermercados\/"]}]},{"@type":"ImageObject","inLanguage":"pt-BR","@id":"https:\/\/www.em.com.br\/emfoco\/2024\/12\/18\/comunicado-para-todos-que-informam-o-cpf-ao-comprar-em-supermercados\/#primaryimage","url":"https:\/\/www.em.com.br\/emfoco\/wp-content\/uploads\/2024\/12\/httpsneural.myth_.devstaticcachea0748ffb-8acd-4847-b56a-180d9b8b4149.jpeg","contentUrl":"https:\/\/www.em.com.br\/emfoco\/wp-content\/uploads\/2024\/12\/httpsneural.myth_.devstaticcachea0748ffb-8acd-4847-b56a-180d9b8b4149.jpeg","width":1280,"height":720,"caption":"Comunicado para todos que informam o CPF ao comprar em supermercados em 2025 Cr\u00e9ditos: depositphotos.com \/ Koldunov"},{"@type":"BreadcrumbList","@id":"https:\/\/www.em.com.br\/emfoco\/2024\/12\/18\/comunicado-para-todos-que-informam-o-cpf-ao-comprar-em-supermercados\/#breadcrumb","itemListElement":[{"@type":"ListItem","position":1,"name":"In\u00edcio","item":"https:\/\/www.em.com.br\/emfoco\/"},{"@type":"ListItem","position":2,"name":"Comunicado para todos que informam o CPF ao comprar em supermercados"}]},{"@type":"WebSite","@id":"https:\/\/www.em.com.br\/emfoco\/#website","url":"https:\/\/www.em.com.br\/emfoco\/","name":"Estado de Minas - Em foco","description":"Acompanhe as \u00faltimas not\u00edcias e fique bem informado sobre tudo o que acontece em Minas Gerais, Brasil e no mundo.","potentialAction":[{"@type":"SearchAction","target":{"@type":"EntryPoint","urlTemplate":"https:\/\/www.em.com.br\/emfoco\/?s={search_term_string}"},"query-input":{"@type":"PropertyValueSpecification","valueRequired":true,"valueName":"search_term_string"}}],"inLanguage":"pt-BR"},{"@type":"Person","@id":"https:\/\/www.em.com.br\/emfoco\/#\/schema\/person\/097c4a57cc4dc96be3b74aaf7185dd84","name":"Guilherme","image":{"@type":"ImageObject","inLanguage":"pt-BR","@id":"https:\/\/www.em.com.br\/emfoco\/#\/schema\/person\/image\/","url":"https:\/\/secure.gravatar.com\/avatar\/6a059d20d980bdeb1d1d6b0fa2b4633c?s=96&d=mm&r=g","contentUrl":"https:\/\/secure.gravatar.com\/avatar\/6a059d20d980bdeb1d1d6b0fa2b4633c?s=96&d=mm&r=g","caption":"Guilherme"},"url":"https:\/\/www.em.com.br\/emfoco\/author\/guilhermemyth\/"}]}},"_links":{"self":[{"href":"https:\/\/www.em.com.br\/emfoco\/wp-json\/wp\/v2\/posts\/5546","targetHints":{"allow":["GET"]}}],"collection":[{"href":"https:\/\/www.em.com.br\/emfoco\/wp-json\/wp\/v2\/posts"}],"about":[{"href":"https:\/\/www.em.com.br\/emfoco\/wp-json\/wp\/v2\/types\/post"}],"author":[{"embeddable":true,"href":"https:\/\/www.em.com.br\/emfoco\/wp-json\/wp\/v2\/users\/2"}],"replies":[{"embeddable":true,"href":"https:\/\/www.em.com.br\/emfoco\/wp-json\/wp\/v2\/comments?post=5546"}],"version-history":[{"count":1,"href":"https:\/\/www.em.com.br\/emfoco\/wp-json\/wp\/v2\/posts\/5546\/revisions"}],"predecessor-version":[{"id":5549,"href":"https:\/\/www.em.com.br\/emfoco\/wp-json\/wp\/v2\/posts\/5546\/revisions\/5549"}],"wp:featuredmedia":[{"embeddable":true,"href":"https:\/\/www.em.com.br\/emfoco\/wp-json\/wp\/v2\/media\/5547"}],"wp:attachment":[{"href":"https:\/\/www.em.com.br\/emfoco\/wp-json\/wp\/v2\/media?parent=5546"}],"wp:term":[{"taxonomy":"category","embeddable":true,"href":"https:\/\/www.em.com.br\/emfoco\/wp-json\/wp\/v2\/categories?post=5546"},{"taxonomy":"post_tag","embeddable":true,"href":"https:\/\/www.em.com.br\/emfoco\/wp-json\/wp\/v2\/tags?post=5546"}],"curies":[{"name":"wp","href":"https:\/\/api.w.org\/{rel}","templated":true}]}}