{"id":55373,"date":"2025-06-04T12:20:37","date_gmt":"2025-06-04T15:20:37","guid":{"rendered":"https:\/\/www.em.com.br\/emfoco\/?p=55373"},"modified":"2025-06-04T12:20:38","modified_gmt":"2025-06-04T15:20:38","slug":"se-voce-trabalha-com-carteira-assinada-este-direito-pode-te-surpreender","status":"publish","type":"post","link":"https:\/\/www.em.com.br\/emfoco\/2025\/06\/04\/se-voce-trabalha-com-carteira-assinada-este-direito-pode-te-surpreender\/","title":{"rendered":"Se voc\u00ea trabalha com carteira assinada, este direito pode te surpreender"},"content":{"rendered":"\n<p>A&nbsp;<a href=\"https:\/\/www.guiatrabalhista.com.br\/tematicas\/clt.htm#:~:text=A%20Consolida%C3%A7%C3%A3o%20das%20Leis%20do%20Trabalho%20%2D%20CLT&amp;text=A%20CLT%20surgiu%20pelo%20Decreto,coletivas%20do%20trabalho%2C%20nela%20previstas\" target=\"_blank\" rel=\"noreferrer noopener\"><strong>Consolida\u00e7\u00e3o das Leis do Trabalho<\/strong>&nbsp;<\/a>(CLT) \u00e9 um marco importante na prote\u00e7\u00e3o dos direitos dos trabalhadores no&nbsp;<strong>Brasil<\/strong>, e as f\u00e9rias remuneradas s\u00e3o um dos seus componentes fundamentais. Este direito garante que os empregados possam desfrutar de um per\u00edodo de descanso ap\u00f3s um ano de trabalho, recebendo um adicional financeiro durante esse tempo.<\/p>\n\n\n\n<p>Para os profissionais de&nbsp;<strong>Recursos Humanos<\/strong>, compreender as nuances das f\u00e9rias segundo a CLT \u00e9 crucial. Isso n\u00e3o apenas assegura a conformidade legal, mas tamb\u00e9m contribui para uma experi\u00eancia positiva dos colaboradores. A seguir, exploraremos os principais aspectos da legisla\u00e7\u00e3o sobre f\u00e9rias, incluindo regras de concess\u00e3o, c\u00e1lculo e pr\u00e1ticas de mercado.<\/p>\n\n\n\n<h2 class=\"wp-block-heading\">Quais s\u00e3o os direitos de f\u00e9rias segundo a clt?<\/h2>\n\n\n\n<p>Conforme o artigo 129 da CLT, todo trabalhador tem direito a f\u00e9rias anuais remuneradas, recebendo pelo menos um ter\u00e7o a mais do que o sal\u00e1rio normal. Esse direito \u00e9 adquirido ap\u00f3s 12 meses de trabalho na mesma empresa, conhecido como &#8220;per\u00edodo aquisitivo&#8221;.<\/p>\n\n\n\n<p>Ap\u00f3s o per\u00edodo aquisitivo, o empregador tem 12 meses para conceder as f\u00e9rias, chamado de &#8220;per\u00edodo concessivo&#8221;. Caso as f\u00e9rias n\u00e3o sejam concedidas nesse prazo, o empregador deve pagar em dobro, conforme o artigo 137 da CLT.<\/p>\n\n\n\n<h2 class=\"wp-block-heading\">Como \u00e9 calculado o valor das f\u00e9rias?<\/h2>\n\n\n\n<p>O c\u00e1lculo das f\u00e9rias envolve tr\u00eas componentes principais: o sal\u00e1rio base, o adicional de um ter\u00e7o constitucional e a m\u00e9dia de vari\u00e1veis, se aplic\u00e1vel. O sal\u00e1rio base \u00e9 o valor mensal que o colaborador recebe. O adicional de um ter\u00e7o \u00e9 calculado dividindo o sal\u00e1rio por tr\u00eas, e as vari\u00e1veis incluem comiss\u00f5es e horas extras, calculadas com base na m\u00e9dia dos \u00faltimos 12 meses.<\/p>\n\n\n\n<p>Por exemplo, se um colaborador recebe R$ 3.000,00 por m\u00eas e tira 30 dias de f\u00e9rias, o valor total a ser pago ser\u00e1 de R$ 4.000,00, incluindo o adicional de um ter\u00e7o. Este valor deve ser pago at\u00e9 dois dias antes do in\u00edcio das f\u00e9rias, conforme o artigo 145 da CLT.<\/p>\n\n\n\n<figure class=\"wp-block-image\"><img decoding=\"async\" src=\"https:\/\/www.em.com.br\/emfoco\/wp-content\/uploads\/2025\/05\/carteira-de-trabalho-brasil_1746805070425-1024x576.jpg\" alt=\"\"\/><figcaption class=\"wp-element-caption\">Carteira de trabalho &#8211; Cr\u00e9ditos: depositphotos.com \/ gustavomello162.hotmail.com<\/figcaption><\/figure>\n\n\n\n<h2 class=\"wp-block-heading\">Como funciona a venda de f\u00e9rias?<\/h2>\n\n\n\n<p>Os colaboradores t\u00eam a op\u00e7\u00e3o de converter um ter\u00e7o do per\u00edodo de <a href=\"https:\/\/www.em.com.br\/emfoco\/2025\/05\/14\/fim-das-ferias-de-30-dias-nova-lei-trabalhista-muda-jeito-de-tirar-ferias-em-2025\/\" target=\"_blank\" rel=\"noreferrer noopener\">f\u00e9rias <\/a>em abono pecuni\u00e1rio, conhecido como &#8220;venda de f\u00e9rias&#8221;. Isso significa que, em vez de 30 dias de descanso, o colaborador pode optar por 20 dias de f\u00e9rias e receber o equivalente a 10 dias de sal\u00e1rio, mais o adicional de um ter\u00e7o.<\/p>\n\n\n\n<p>Essa solicita\u00e7\u00e3o deve ser feita at\u00e9 15 dias antes do t\u00e9rmino do per\u00edodo aquisitivo, e o empregador n\u00e3o pode recusar. O valor da venda deve ser pago com o valor das f\u00e9rias.<\/p>\n\n\n\n<h2 class=\"wp-block-heading\">Quais s\u00e3o as pr\u00e1ticas de mercado em rela\u00e7\u00e3o aos benef\u00edcios durante as f\u00e9rias?<\/h2>\n\n\n\n<p>Durante o per\u00edodo de f\u00e9rias, alguns benef\u00edcios corporativos podem ser suspensos, como o vale-refei\u00e7\u00e3o e o vale-transporte, j\u00e1 que s\u00e3o destinados a cobrir despesas durante a jornada de trabalho. No entanto, muitos empregadores optam por manter esses benef\u00edcios para evitar impactos negativos na experi\u00eancia do colaborador.<\/p>\n\n\n\n<p>Por outro lado, benef\u00edcios cont\u00ednuos, como assist\u00eancia m\u00e9dica e odontol\u00f3gica, devem ser mantidos normalmente durante as f\u00e9rias. O tratamento de outros benef\u00edcios, como vale-combust\u00edvel, depende das pol\u00edticas internas de cada empresa.<\/p>\n\n\n\n<h2 class=\"wp-block-heading\">Como o RH deve gerenciar o processo de f\u00e9rias?<\/h2>\n\n\n\n<p>O departamento de&nbsp;<strong>Recursos Humanos<\/strong>&nbsp;desempenha um papel crucial na gest\u00e3o do processo de f\u00e9rias. \u00c9 importante garantir uma comunica\u00e7\u00e3o clara sobre as regras e direitos dos colaboradores. Utilizar sistemas para controlar o per\u00edodo aquisitivo e planejar a escala de f\u00e9rias ajuda a evitar sobrecargas nas equipes.<\/p>\n\n\n\n<p>Al\u00e9m disso, a transpar\u00eancia na comunica\u00e7\u00e3o sobre datas e valores a serem pagos \u00e9 essencial para evitar surpresas. Automatizar o c\u00e1lculo das f\u00e9rias com ferramentas adequadas tamb\u00e9m pode reduzir erros e facilitar o processo.<\/p>\n","protected":false},"excerpt":{"rendered":"<p>A&nbsp;Consolida\u00e7\u00e3o das Leis do Trabalho&nbsp;(CLT) \u00e9 um marco importante na prote\u00e7\u00e3o dos direitos dos trabalhadores no&nbsp;Brasil, e as f\u00e9rias remuneradas s\u00e3o um dos seus componentes fundamentais. Este direito garante que os empregados possam desfrutar de um per\u00edodo de descanso ap\u00f3s um ano de trabalho, recebendo um adicional financeiro durante esse tempo. Para os profissionais de&nbsp;Recursos [&hellip;]<\/p>\n","protected":false},"author":11,"featured_media":47396,"comment_status":"open","ping_status":"open","sticky":false,"template":"","format":"standard","meta":{"jnews-multi-image_gallery":[],"jnews_single_post":{"format":"standard"},"jnews_primary_category":[],"jnews_social_meta":[],"jnews_override_counter":[],"footnotes":""},"categories":[28,138,1],"tags":[291,1052,2080],"class_list":["post-55373","post","type-post","status-publish","format-standard","has-post-thumbnail","hentry","category-economia","category-mundo","category-noticias","tag-carteira-assinada","tag-clt","tag-direito-do-trabalho"],"yoast_head":"<!-- This site is optimized with the Yoast SEO plugin v23.8 - https:\/\/yoast.com\/wordpress\/plugins\/seo\/ -->\n<title>Se voc\u00ea trabalha com carteira assinada, este direito pode te surpreender - Estado de Minas - Em foco<\/title>\n<meta name=\"description\" content=\"Entenda os pontos mais pol\u00eamicos da CLT, o c\u00e1lculo correto e como evitar erros que custam caro para empresas e trabalhadores.\" \/>\n<meta name=\"robots\" content=\"index, follow, max-snippet:-1, max-image-preview:large, max-video-preview:-1\" \/>\n<link rel=\"canonical\" href=\"https:\/\/www.em.com.br\/emfoco\/2025\/06\/04\/se-voce-trabalha-com-carteira-assinada-este-direito-pode-te-surpreender\/\" \/>\n<meta property=\"og:locale\" content=\"pt_BR\" \/>\n<meta property=\"og:type\" content=\"article\" \/>\n<meta property=\"og:title\" content=\"Se voc\u00ea trabalha com carteira assinada, este direito pode te surpreender - Estado de Minas - Em foco\" \/>\n<meta property=\"og:description\" content=\"Entenda os pontos mais pol\u00eamicos da CLT, o c\u00e1lculo correto e como evitar erros que custam caro para empresas e trabalhadores.\" \/>\n<meta property=\"og:url\" content=\"https:\/\/www.em.com.br\/emfoco\/2025\/06\/04\/se-voce-trabalha-com-carteira-assinada-este-direito-pode-te-surpreender\/\" \/>\n<meta property=\"og:site_name\" content=\"Estado de Minas - Em foco\" \/>\n<meta property=\"article:published_time\" content=\"2025-06-04T15:20:37+00:00\" \/>\n<meta property=\"article:modified_time\" content=\"2025-06-04T15:20:38+00:00\" \/>\n<meta property=\"og:image\" content=\"https:\/\/www.em.com.br\/emfoco\/wp-content\/uploads\/2025\/05\/CLT_1747247840129.jpg\" \/>\n\t<meta property=\"og:image:width\" content=\"1280\" \/>\n\t<meta property=\"og:image:height\" content=\"720\" \/>\n\t<meta property=\"og:image:type\" content=\"image\/jpeg\" \/>\n<meta name=\"author\" content=\"Andre\u0301 Rangel\u00a0\" \/>\n<meta name=\"twitter:card\" content=\"summary_large_image\" \/>\n<meta name=\"twitter:label1\" content=\"Escrito por\" \/>\n\t<meta name=\"twitter:data1\" content=\"Andre\u0301 Rangel\u00a0\" \/>\n\t<meta name=\"twitter:label2\" content=\"Est. tempo de leitura\" \/>\n\t<meta name=\"twitter:data2\" content=\"4 minutos\" \/>\n<!-- \/ Yoast SEO plugin. -->","yoast_head_json":{"title":"Se voc\u00ea trabalha com carteira assinada, este direito pode te surpreender - Estado de Minas - Em foco","description":"Entenda os pontos mais pol\u00eamicos da CLT, o c\u00e1lculo correto e como evitar erros que custam caro para empresas e trabalhadores.","robots":{"index":"index","follow":"follow","max-snippet":"max-snippet:-1","max-image-preview":"max-image-preview:large","max-video-preview":"max-video-preview:-1"},"canonical":"https:\/\/www.em.com.br\/emfoco\/2025\/06\/04\/se-voce-trabalha-com-carteira-assinada-este-direito-pode-te-surpreender\/","og_locale":"pt_BR","og_type":"article","og_title":"Se voc\u00ea trabalha com carteira assinada, este direito pode te surpreender - Estado de Minas - Em foco","og_description":"Entenda os pontos mais pol\u00eamicos da CLT, o c\u00e1lculo correto e como evitar erros que custam caro para empresas e trabalhadores.","og_url":"https:\/\/www.em.com.br\/emfoco\/2025\/06\/04\/se-voce-trabalha-com-carteira-assinada-este-direito-pode-te-surpreender\/","og_site_name":"Estado de Minas - Em foco","article_published_time":"2025-06-04T15:20:37+00:00","article_modified_time":"2025-06-04T15:20:38+00:00","og_image":[{"width":1280,"height":720,"url":"https:\/\/www.em.com.br\/emfoco\/wp-content\/uploads\/2025\/05\/CLT_1747247840129.jpg","type":"image\/jpeg"}],"author":"Andre\u0301 Rangel\u00a0","twitter_card":"summary_large_image","twitter_misc":{"Escrito por":"Andre\u0301 Rangel\u00a0","Est. tempo de leitura":"4 minutos"},"schema":{"@context":"https:\/\/schema.org","@graph":[{"@type":"WebPage","@id":"https:\/\/www.em.com.br\/emfoco\/2025\/06\/04\/se-voce-trabalha-com-carteira-assinada-este-direito-pode-te-surpreender\/","url":"https:\/\/www.em.com.br\/emfoco\/2025\/06\/04\/se-voce-trabalha-com-carteira-assinada-este-direito-pode-te-surpreender\/","name":"Se voc\u00ea trabalha com carteira assinada, este direito pode te surpreender - Estado de Minas - Em foco","isPartOf":{"@id":"https:\/\/www.em.com.br\/emfoco\/#website"},"primaryImageOfPage":{"@id":"https:\/\/www.em.com.br\/emfoco\/2025\/06\/04\/se-voce-trabalha-com-carteira-assinada-este-direito-pode-te-surpreender\/#primaryimage"},"image":{"@id":"https:\/\/www.em.com.br\/emfoco\/2025\/06\/04\/se-voce-trabalha-com-carteira-assinada-este-direito-pode-te-surpreender\/#primaryimage"},"thumbnailUrl":"https:\/\/www.em.com.br\/emfoco\/wp-content\/uploads\/2025\/05\/CLT_1747247840129.jpg","datePublished":"2025-06-04T15:20:37+00:00","dateModified":"2025-06-04T15:20:38+00:00","author":{"@id":"https:\/\/www.em.com.br\/emfoco\/#\/schema\/person\/60eda09c1fedf0d6891f4cef4b60b8b8"},"description":"Entenda os pontos mais pol\u00eamicos da CLT, o c\u00e1lculo correto e como evitar erros que custam caro para empresas e trabalhadores.","breadcrumb":{"@id":"https:\/\/www.em.com.br\/emfoco\/2025\/06\/04\/se-voce-trabalha-com-carteira-assinada-este-direito-pode-te-surpreender\/#breadcrumb"},"inLanguage":"pt-BR","potentialAction":[{"@type":"ReadAction","target":["https:\/\/www.em.com.br\/emfoco\/2025\/06\/04\/se-voce-trabalha-com-carteira-assinada-este-direito-pode-te-surpreender\/"]}]},{"@type":"ImageObject","inLanguage":"pt-BR","@id":"https:\/\/www.em.com.br\/emfoco\/2025\/06\/04\/se-voce-trabalha-com-carteira-assinada-este-direito-pode-te-surpreender\/#primaryimage","url":"https:\/\/www.em.com.br\/emfoco\/wp-content\/uploads\/2025\/05\/CLT_1747247840129.jpg","contentUrl":"https:\/\/www.em.com.br\/emfoco\/wp-content\/uploads\/2025\/05\/CLT_1747247840129.jpg","width":1280,"height":720,"caption":"Por que as demiss\u00f5es em massa voltaram com for\u00e7a em 2026 - Cr\u00e9ditos: depositphotos.com \/ rafapress"},{"@type":"BreadcrumbList","@id":"https:\/\/www.em.com.br\/emfoco\/2025\/06\/04\/se-voce-trabalha-com-carteira-assinada-este-direito-pode-te-surpreender\/#breadcrumb","itemListElement":[{"@type":"ListItem","position":1,"name":"In\u00edcio","item":"https:\/\/www.em.com.br\/emfoco\/"},{"@type":"ListItem","position":2,"name":"Se voc\u00ea trabalha com carteira assinada, este direito pode te surpreender"}]},{"@type":"WebSite","@id":"https:\/\/www.em.com.br\/emfoco\/#website","url":"https:\/\/www.em.com.br\/emfoco\/","name":"Estado de Minas - Em foco","description":"Acompanhe as \u00faltimas not\u00edcias e fique bem informado sobre tudo o que acontece em Minas Gerais, Brasil e no mundo.","potentialAction":[{"@type":"SearchAction","target":{"@type":"EntryPoint","urlTemplate":"https:\/\/www.em.com.br\/emfoco\/?s={search_term_string}"},"query-input":{"@type":"PropertyValueSpecification","valueRequired":true,"valueName":"search_term_string"}}],"inLanguage":"pt-BR"},{"@type":"Person","@id":"https:\/\/www.em.com.br\/emfoco\/#\/schema\/person\/60eda09c1fedf0d6891f4cef4b60b8b8","name":"Andre\u0301 Rangel\u00a0","image":{"@type":"ImageObject","inLanguage":"pt-BR","@id":"https:\/\/www.em.com.br\/emfoco\/#\/schema\/person\/image\/","url":"https:\/\/secure.gravatar.com\/avatar\/6234dc814c77c8ef6d8bba622c787efc?s=96&d=mm&r=g","contentUrl":"https:\/\/secure.gravatar.com\/avatar\/6234dc814c77c8ef6d8bba622c787efc?s=96&d=mm&r=g","caption":"Andre\u0301 Rangel\u00a0"},"url":"https:\/\/www.em.com.br\/emfoco\/author\/luizmyth\/"}]}},"_links":{"self":[{"href":"https:\/\/www.em.com.br\/emfoco\/wp-json\/wp\/v2\/posts\/55373","targetHints":{"allow":["GET"]}}],"collection":[{"href":"https:\/\/www.em.com.br\/emfoco\/wp-json\/wp\/v2\/posts"}],"about":[{"href":"https:\/\/www.em.com.br\/emfoco\/wp-json\/wp\/v2\/types\/post"}],"author":[{"embeddable":true,"href":"https:\/\/www.em.com.br\/emfoco\/wp-json\/wp\/v2\/users\/11"}],"replies":[{"embeddable":true,"href":"https:\/\/www.em.com.br\/emfoco\/wp-json\/wp\/v2\/comments?post=55373"}],"version-history":[{"count":7,"href":"https:\/\/www.em.com.br\/emfoco\/wp-json\/wp\/v2\/posts\/55373\/revisions"}],"predecessor-version":[{"id":55456,"href":"https:\/\/www.em.com.br\/emfoco\/wp-json\/wp\/v2\/posts\/55373\/revisions\/55456"}],"wp:featuredmedia":[{"embeddable":true,"href":"https:\/\/www.em.com.br\/emfoco\/wp-json\/wp\/v2\/media\/47396"}],"wp:attachment":[{"href":"https:\/\/www.em.com.br\/emfoco\/wp-json\/wp\/v2\/media?parent=55373"}],"wp:term":[{"taxonomy":"category","embeddable":true,"href":"https:\/\/www.em.com.br\/emfoco\/wp-json\/wp\/v2\/categories?post=55373"},{"taxonomy":"post_tag","embeddable":true,"href":"https:\/\/www.em.com.br\/emfoco\/wp-json\/wp\/v2\/tags?post=55373"}],"curies":[{"name":"wp","href":"https:\/\/api.w.org\/{rel}","templated":true}]}}