{"id":55218,"date":"2025-06-05T19:30:00","date_gmt":"2025-06-05T22:30:00","guid":{"rendered":"https:\/\/www.em.com.br\/emfoco\/?p=55218"},"modified":"2025-06-04T08:13:27","modified_gmt":"2025-06-04T11:13:27","slug":"fgts-libera-saque-aniversario-para-nascidos-em-junho-veja-o-calendario","status":"publish","type":"post","link":"https:\/\/www.em.com.br\/emfoco\/2025\/06\/05\/fgts-libera-saque-aniversario-para-nascidos-em-junho-veja-o-calendario\/","title":{"rendered":"FGTS libera saque-anivers\u00e1rio para nascidos em junho veja o calend\u00e1rio"},"content":{"rendered":"\n<p>O saque-anivers\u00e1rio do <strong><a href=\"https:\/\/www.em.com.br\/emfoco\/2025\/05\/08\/nova-mp-do-governo-libera-saque-total-do-fgts-para-grupo-esquecido\/\">FGTS <\/a><\/strong>(Fundo de Garantia do Tempo de Servi\u00e7o) \u00e9 uma modalidade que permite aos trabalhadores brasileiros retirarem anualmente uma parte do saldo de suas contas do <strong>FGTS <\/strong>no m\u00eas de seu anivers\u00e1rio. Esta op\u00e7\u00e3o foi criada como uma alternativa ao saque-rescis\u00e3o, que \u00e9 utilizado em casos de demiss\u00e3o sem justa causa. Em 2025, o calend\u00e1rio de saques j\u00e1 foi divulgado, permitindo que os trabalhadores se organizem para realizar suas retiradas de acordo com o m\u00eas de nascimento.<\/p>\n\n\n\n<p>Os nascidos em junho, por exemplo, j\u00e1 podem acessar seus valores desde o in\u00edcio do m\u00eas, com um prazo de <strong>60 dias <\/strong>para efetuar o saque. Essa modalidade oferece uma flexibilidade financeira adicional, mas \u00e9 importante entender suas regras e implica\u00e7\u00f5es antes de optar por ela.<\/p>\n\n\n\n<h2 class=\"wp-block-heading\">Como funciona o calend\u00e1rio do saque-anivers\u00e1rio?<\/h2>\n\n\n<div class=\"wp-block-image\">\n<figure class=\"aligncenter size-large\"><img loading=\"lazy\" decoding=\"async\" width=\"1024\" height=\"576\" src=\"https:\/\/www.em.com.br\/emfoco\/wp-content\/uploads\/2025\/06\/dinheiro-re_1748976514366-1024x576.jpg\" alt=\"\" class=\"wp-image-55001\" srcset=\"https:\/\/www.em.com.br\/emfoco\/wp-content\/uploads\/2025\/06\/dinheiro-re_1748976514366-1024x576.jpg 1024w, https:\/\/www.em.com.br\/emfoco\/wp-content\/uploads\/2025\/06\/dinheiro-re_1748976514366-300x169.jpg 300w, https:\/\/www.em.com.br\/emfoco\/wp-content\/uploads\/2025\/06\/dinheiro-re_1748976514366-768x432.jpg 768w, https:\/\/www.em.com.br\/emfoco\/wp-content\/uploads\/2025\/06\/dinheiro-re_1748976514366-750x422.jpg 750w, https:\/\/www.em.com.br\/emfoco\/wp-content\/uploads\/2025\/06\/dinheiro-re_1748976514366-1140x641.jpg 1140w, https:\/\/www.em.com.br\/emfoco\/wp-content\/uploads\/2025\/06\/dinheiro-re_1748976514366.jpg 1280w\" sizes=\"auto, (max-width: 1024px) 100vw, 1024px\" \/><figcaption class=\"wp-element-caption\">Calend\u00e1rio de pagamento &#8211; Cr\u00e9ditos: depositphotos.com \/ vectorlab<\/figcaption><\/figure><\/div>\n\n\n<p>O calend\u00e1rio de <a href=\"https:\/\/www.caixa.gov.br\/beneficios-trabalhador\/fgts\/Paginas\/default.aspx\">saque-anivers\u00e1rio do <strong>FGTS<\/strong><\/a><strong> <\/strong>\u00e9 estruturado de forma que os trabalhadores possam retirar seus valores durante um per\u00edodo espec\u00edfico, que come\u00e7a no in\u00edcio do m\u00eas de anivers\u00e1rio e se estende por 60 dias. A seguir, est\u00e1 o cronograma para 2025:<\/p>\n\n\n\n<ul class=\"wp-block-list\">\n<li>Janeiro: 02\/01 a 31\/03<\/li>\n\n\n\n<li>Fevereiro: 03\/02 a 30\/04<\/li>\n\n\n\n<li>Mar\u00e7o: 03\/03 a 30\/05<\/li>\n\n\n\n<li>Abril: 01\/04 a 30\/06<\/li>\n\n\n\n<li>Maio: 02\/05 a 31\/07<\/li>\n\n\n\n<li>Junho: 02\/06 a 29\/08<\/li>\n\n\n\n<li>Julho: 01\/07 a 30\/09<\/li>\n\n\n\n<li>Agosto: 01\/08 a 31\/10<\/li>\n\n\n\n<li>Setembro: 01\/09 a 28\/11<\/li>\n\n\n\n<li>Outubro: 01\/10 a 30\/12<\/li>\n\n\n\n<li>Novembro: 03\/11 a 30\/01\/2026<\/li>\n\n\n\n<li>Dezembro: 01\/12 a 27\/02\/2026<\/li>\n<\/ul>\n\n\n\n<h2 class=\"wp-block-heading\">Quais s\u00e3o as regras do saque-anivers\u00e1rio?<\/h2>\n\n\n\n<p>A modalidade de saque-anivers\u00e1rio permite que o trabalhador retire anualmente uma porcentagem do saldo dispon\u00edvel em sua conta do <strong>FGTS<\/strong>. A al\u00edquota de retirada varia de acordo com o valor total dispon\u00edvel, indo de 5% a 50%, com acr\u00e9scimos fixos para cada faixa de saldo. Por exemplo, para saldos de at\u00e9<strong> R$ 500<\/strong>, a al\u00edquota \u00e9 de 50%. J\u00e1 para valores acima de <strong>R$ 20.000<\/strong>, a al\u00edquota \u00e9 de 5%, acrescida de um valor fixo de <strong>R$ 2.900<\/strong>.<\/p>\n\n\n\n<p>\u00c9 importante ressaltar que, ao optar pelo saque-anivers\u00e1rio, o trabalhador n\u00e3o poder\u00e1 sacar o saldo total do <strong>FGTS <\/strong>em caso de demiss\u00e3o sem justa causa, apenas a multa rescis\u00f3ria. A escolha por essa modalidade \u00e9 volunt\u00e1ria e pode ser feita atrav\u00e9s do site ou aplicativo do <strong>FGTS<\/strong>, sendo necess\u00e1rio informar uma conta banc\u00e1ria para o dep\u00f3sito dos valores.<\/p>\n\n\n\n<h2 class=\"wp-block-heading\">Como fazer a ades\u00e3o ao saque-anivers\u00e1rio?<\/h2>\n\n\n\n<p>Para aderir ao saque-anivers\u00e1rio, o trabalhador deve acessar o site ou aplicativo do <strong>FGTS <\/strong>e realizar a solicita\u00e7\u00e3o. Caso a ades\u00e3o seja feita no m\u00eas de anivers\u00e1rio, o pagamento \u00e9 processado em at\u00e9 cinco dias \u00fateis. Al\u00e9m disso, \u00e9 poss\u00edvel retornar ao saque-rescis\u00e3o, desde que n\u00e3o haja um contrato de antecipa\u00e7\u00e3o ativo. A revers\u00e3o para o saque-rescis\u00e3o s\u00f3 \u00e9 efetivada ap\u00f3s 25 meses da solicita\u00e7\u00e3o.<\/p>\n\n\n\n<h2 class=\"wp-block-heading\">Vale a pena optar pelo saque-anivers\u00e1rio?<\/h2>\n\n\n\n<p>A decis\u00e3o de optar pelo saque-anivers\u00e1rio deve ser cuidadosamente avaliada, considerando as necessidades financeiras pessoais e a situa\u00e7\u00e3o de emprego. Essa modalidade pode ser vantajosa para quem busca um fluxo de caixa adicional anualmente, mas \u00e9 importante lembrar que, em caso de demiss\u00e3o, o acesso ao saldo total do <strong>FGTS <\/strong>fica restrito. Portanto, cada trabalhador deve ponderar os pr\u00f3s e contras antes de tomar uma decis\u00e3o.<\/p>\n","protected":false},"excerpt":{"rendered":"<p>O saque-anivers\u00e1rio do FGTS (Fundo de Garantia do Tempo de Servi\u00e7o) \u00e9 uma modalidade que permite aos trabalhadores brasileiros retirarem anualmente uma parte do saldo de suas contas do FGTS no m\u00eas de seu anivers\u00e1rio. Esta op\u00e7\u00e3o foi criada como uma alternativa ao saque-rescis\u00e3o, que \u00e9 utilizado em casos de demiss\u00e3o sem justa causa. Em [&hellip;]<\/p>\n","protected":false},"author":20,"featured_media":54989,"comment_status":"open","ping_status":"open","sticky":false,"template":"","format":"standard","meta":{"jnews-multi-image_gallery":[],"jnews_single_post":{"format":"standard"},"jnews_primary_category":[],"jnews_social_meta":[],"jnews_override_counter":[],"footnotes":""},"categories":[28,1],"tags":[1036],"class_list":["post-55218","post","type-post","status-publish","format-standard","has-post-thumbnail","hentry","category-economia","category-noticias","tag-fgts"],"yoast_head":"<!-- This site is optimized with the Yoast SEO plugin v23.8 - https:\/\/yoast.com\/wordpress\/plugins\/seo\/ -->\n<title>FGTS libera saque-anivers\u00e1rio para nascidos em junho veja o calend\u00e1rio - Estado de Minas - Em foco<\/title>\n<meta name=\"description\" content=\"Quem optou pelo saque-anivers\u00e1rio do FGTS em 2025 j\u00e1 pode retirar o valor conforme o m\u00eas de nascimento. Veja as datas e evite perder o prazo.\" \/>\n<meta name=\"robots\" content=\"index, follow, max-snippet:-1, max-image-preview:large, max-video-preview:-1\" \/>\n<link rel=\"canonical\" href=\"https:\/\/www.em.com.br\/emfoco\/2025\/06\/05\/fgts-libera-saque-aniversario-para-nascidos-em-junho-veja-o-calendario\/\" \/>\n<meta property=\"og:locale\" content=\"pt_BR\" \/>\n<meta property=\"og:type\" content=\"article\" \/>\n<meta property=\"og:title\" content=\"FGTS libera saque-anivers\u00e1rio para nascidos em junho veja o calend\u00e1rio - Estado de Minas - Em foco\" \/>\n<meta property=\"og:description\" content=\"Quem optou pelo saque-anivers\u00e1rio do FGTS em 2025 j\u00e1 pode retirar o valor conforme o m\u00eas de nascimento. Veja as datas e evite perder o prazo.\" \/>\n<meta property=\"og:url\" content=\"https:\/\/www.em.com.br\/emfoco\/2025\/06\/05\/fgts-libera-saque-aniversario-para-nascidos-em-junho-veja-o-calendario\/\" \/>\n<meta property=\"og:site_name\" content=\"Estado de Minas - Em foco\" \/>\n<meta property=\"article:published_time\" content=\"2025-06-05T22:30:00+00:00\" \/>\n<meta property=\"article:modified_time\" content=\"2025-06-04T11:13:27+00:00\" \/>\n<meta property=\"og:image\" content=\"https:\/\/www.em.com.br\/emfoco\/wp-content\/uploads\/2025\/06\/aposentado-dinheiro-reais_1743473149469.jpg\" \/>\n\t<meta property=\"og:image:width\" content=\"1280\" \/>\n\t<meta property=\"og:image:height\" content=\"720\" \/>\n\t<meta property=\"og:image:type\" content=\"image\/jpeg\" \/>\n<meta name=\"author\" content=\"Ingrid Diniz\" \/>\n<meta name=\"twitter:card\" content=\"summary_large_image\" \/>\n<meta name=\"twitter:label1\" content=\"Escrito por\" \/>\n\t<meta name=\"twitter:data1\" content=\"Ingrid Diniz\" \/>\n\t<meta name=\"twitter:label2\" content=\"Est. tempo de leitura\" \/>\n\t<meta name=\"twitter:data2\" content=\"4 minutos\" \/>\n<!-- \/ Yoast SEO plugin. -->","yoast_head_json":{"title":"FGTS libera saque-anivers\u00e1rio para nascidos em junho veja o calend\u00e1rio - Estado de Minas - Em foco","description":"Quem optou pelo saque-anivers\u00e1rio do FGTS em 2025 j\u00e1 pode retirar o valor conforme o m\u00eas de nascimento. Veja as datas e evite perder o prazo.","robots":{"index":"index","follow":"follow","max-snippet":"max-snippet:-1","max-image-preview":"max-image-preview:large","max-video-preview":"max-video-preview:-1"},"canonical":"https:\/\/www.em.com.br\/emfoco\/2025\/06\/05\/fgts-libera-saque-aniversario-para-nascidos-em-junho-veja-o-calendario\/","og_locale":"pt_BR","og_type":"article","og_title":"FGTS libera saque-anivers\u00e1rio para nascidos em junho veja o calend\u00e1rio - Estado de Minas - Em foco","og_description":"Quem optou pelo saque-anivers\u00e1rio do FGTS em 2025 j\u00e1 pode retirar o valor conforme o m\u00eas de nascimento. Veja as datas e evite perder o prazo.","og_url":"https:\/\/www.em.com.br\/emfoco\/2025\/06\/05\/fgts-libera-saque-aniversario-para-nascidos-em-junho-veja-o-calendario\/","og_site_name":"Estado de Minas - Em foco","article_published_time":"2025-06-05T22:30:00+00:00","article_modified_time":"2025-06-04T11:13:27+00:00","og_image":[{"width":1280,"height":720,"url":"https:\/\/www.em.com.br\/emfoco\/wp-content\/uploads\/2025\/06\/aposentado-dinheiro-reais_1743473149469.jpg","type":"image\/jpeg"}],"author":"Ingrid Diniz","twitter_card":"summary_large_image","twitter_misc":{"Escrito por":"Ingrid Diniz","Est. tempo de leitura":"4 minutos"},"schema":{"@context":"https:\/\/schema.org","@graph":[{"@type":"WebPage","@id":"https:\/\/www.em.com.br\/emfoco\/2025\/06\/05\/fgts-libera-saque-aniversario-para-nascidos-em-junho-veja-o-calendario\/","url":"https:\/\/www.em.com.br\/emfoco\/2025\/06\/05\/fgts-libera-saque-aniversario-para-nascidos-em-junho-veja-o-calendario\/","name":"FGTS libera saque-anivers\u00e1rio para nascidos em junho veja o calend\u00e1rio - Estado de Minas - Em foco","isPartOf":{"@id":"https:\/\/www.em.com.br\/emfoco\/#website"},"primaryImageOfPage":{"@id":"https:\/\/www.em.com.br\/emfoco\/2025\/06\/05\/fgts-libera-saque-aniversario-para-nascidos-em-junho-veja-o-calendario\/#primaryimage"},"image":{"@id":"https:\/\/www.em.com.br\/emfoco\/2025\/06\/05\/fgts-libera-saque-aniversario-para-nascidos-em-junho-veja-o-calendario\/#primaryimage"},"thumbnailUrl":"https:\/\/www.em.com.br\/emfoco\/wp-content\/uploads\/2025\/06\/aposentado-dinheiro-reais_1743473149469.jpg","datePublished":"2025-06-05T22:30:00+00:00","dateModified":"2025-06-04T11:13:27+00:00","author":{"@id":"https:\/\/www.em.com.br\/emfoco\/#\/schema\/person\/649e610b4eb8fff87ff394e54fe17b2b"},"description":"Quem optou pelo saque-anivers\u00e1rio do FGTS em 2025 j\u00e1 pode retirar o valor conforme o m\u00eas de nascimento. Veja as datas e evite perder o prazo.","breadcrumb":{"@id":"https:\/\/www.em.com.br\/emfoco\/2025\/06\/05\/fgts-libera-saque-aniversario-para-nascidos-em-junho-veja-o-calendario\/#breadcrumb"},"inLanguage":"pt-BR","potentialAction":[{"@type":"ReadAction","target":["https:\/\/www.em.com.br\/emfoco\/2025\/06\/05\/fgts-libera-saque-aniversario-para-nascidos-em-junho-veja-o-calendario\/"]}]},{"@type":"ImageObject","inLanguage":"pt-BR","@id":"https:\/\/www.em.com.br\/emfoco\/2025\/06\/05\/fgts-libera-saque-aniversario-para-nascidos-em-junho-veja-o-calendario\/#primaryimage","url":"https:\/\/www.em.com.br\/emfoco\/wp-content\/uploads\/2025\/06\/aposentado-dinheiro-reais_1743473149469.jpg","contentUrl":"https:\/\/www.em.com.br\/emfoco\/wp-content\/uploads\/2025\/06\/aposentado-dinheiro-reais_1743473149469.jpg","width":1280,"height":720,"caption":"Mudan\u00e7as do MEI 2026 que alteram pre\u00e7os e emiss\u00e3o de notas - Cr\u00e9ditos: depositphotos.com \/ verganifotografia"},{"@type":"BreadcrumbList","@id":"https:\/\/www.em.com.br\/emfoco\/2025\/06\/05\/fgts-libera-saque-aniversario-para-nascidos-em-junho-veja-o-calendario\/#breadcrumb","itemListElement":[{"@type":"ListItem","position":1,"name":"In\u00edcio","item":"https:\/\/www.em.com.br\/emfoco\/"},{"@type":"ListItem","position":2,"name":"FGTS libera saque-anivers\u00e1rio para nascidos em junho veja o calend\u00e1rio"}]},{"@type":"WebSite","@id":"https:\/\/www.em.com.br\/emfoco\/#website","url":"https:\/\/www.em.com.br\/emfoco\/","name":"Estado de Minas - Em foco","description":"Acompanhe as \u00faltimas not\u00edcias e fique bem informado sobre tudo o que acontece em Minas Gerais, Brasil e no mundo.","potentialAction":[{"@type":"SearchAction","target":{"@type":"EntryPoint","urlTemplate":"https:\/\/www.em.com.br\/emfoco\/?s={search_term_string}"},"query-input":{"@type":"PropertyValueSpecification","valueRequired":true,"valueName":"search_term_string"}}],"inLanguage":"pt-BR"},{"@type":"Person","@id":"https:\/\/www.em.com.br\/emfoco\/#\/schema\/person\/649e610b4eb8fff87ff394e54fe17b2b","name":"Ingrid Diniz","image":{"@type":"ImageObject","inLanguage":"pt-BR","@id":"https:\/\/www.em.com.br\/emfoco\/#\/schema\/person\/image\/","url":"https:\/\/secure.gravatar.com\/avatar\/a3baa1449ec5c39b4c42babc9d4f3951?s=96&d=mm&r=g","contentUrl":"https:\/\/secure.gravatar.com\/avatar\/a3baa1449ec5c39b4c42babc9d4f3951?s=96&d=mm&r=g","caption":"Ingrid Diniz"},"sameAs":["https:\/\/www.em.com.br\/"],"url":"https:\/\/www.em.com.br\/emfoco\/author\/ingridmyth\/"}]}},"_links":{"self":[{"href":"https:\/\/www.em.com.br\/emfoco\/wp-json\/wp\/v2\/posts\/55218","targetHints":{"allow":["GET"]}}],"collection":[{"href":"https:\/\/www.em.com.br\/emfoco\/wp-json\/wp\/v2\/posts"}],"about":[{"href":"https:\/\/www.em.com.br\/emfoco\/wp-json\/wp\/v2\/types\/post"}],"author":[{"embeddable":true,"href":"https:\/\/www.em.com.br\/emfoco\/wp-json\/wp\/v2\/users\/20"}],"replies":[{"embeddable":true,"href":"https:\/\/www.em.com.br\/emfoco\/wp-json\/wp\/v2\/comments?post=55218"}],"version-history":[{"count":4,"href":"https:\/\/www.em.com.br\/emfoco\/wp-json\/wp\/v2\/posts\/55218\/revisions"}],"predecessor-version":[{"id":55292,"href":"https:\/\/www.em.com.br\/emfoco\/wp-json\/wp\/v2\/posts\/55218\/revisions\/55292"}],"wp:featuredmedia":[{"embeddable":true,"href":"https:\/\/www.em.com.br\/emfoco\/wp-json\/wp\/v2\/media\/54989"}],"wp:attachment":[{"href":"https:\/\/www.em.com.br\/emfoco\/wp-json\/wp\/v2\/media?parent=55218"}],"wp:term":[{"taxonomy":"category","embeddable":true,"href":"https:\/\/www.em.com.br\/emfoco\/wp-json\/wp\/v2\/categories?post=55218"},{"taxonomy":"post_tag","embeddable":true,"href":"https:\/\/www.em.com.br\/emfoco\/wp-json\/wp\/v2\/tags?post=55218"}],"curies":[{"name":"wp","href":"https:\/\/api.w.org\/{rel}","templated":true}]}}