{"id":54915,"date":"2025-06-04T21:40:00","date_gmt":"2025-06-05T00:40:00","guid":{"rendered":"https:\/\/www.em.com.br\/emfoco\/?p=54915"},"modified":"2025-06-03T15:35:11","modified_gmt":"2025-06-03T18:35:11","slug":"o-roteiro-de-inverno-mais-encantador-do-brasil-esta-em-minas","status":"publish","type":"post","link":"https:\/\/www.em.com.br\/emfoco\/2025\/06\/04\/o-roteiro-de-inverno-mais-encantador-do-brasil-esta-em-minas\/","title":{"rendered":"O roteiro de inverno mais encantador do Brasil est\u00e1 em Minas"},"content":{"rendered":"\n<p>Com a chegada do inverno, muitos viajantes buscam destinos que ofere\u00e7am experi\u00eancias \u00fanicas para aproveitar o frio.\u00a0<strong><a href=\"https:\/\/www.em.com.br\/emfoco\/2025\/06\/02\/cidades-de-minas-gerais-estao-prestes-a-entrar-na-era-da-inteligencia-urbana\/\" target=\"_blank\" rel=\"noreferrer noopener\">Minas Gerais<\/a><\/strong>, com sua rica cultura e paisagens deslumbrantes, surge como uma excelente op\u00e7\u00e3o. Este estado brasileiro n\u00e3o s\u00f3 encanta por suas belezas naturais, mas tamb\u00e9m por sua hist\u00f3ria e gastronomia.<\/p>\n\n\n\n<p>Minas Gerais oferece uma variedade de roteiros que combinam tradi\u00e7\u00e3o, natureza e culin\u00e1ria. Para aqueles que desejam explorar o estado durante o <a href=\"https:\/\/g1.globo.com\/mg\/sul-de-minas\/noticia\/2025\/05\/28\/temperaturas-despencam-no-sul-de-minas-com-a-chegada-da-primeira-onda-de-frio-de-2025-veja-previsao-do-tempo.ghtml\" target=\"_blank\" rel=\"noreferrer noopener\">inverno<\/a>, h\u00e1 diversas op\u00e7\u00f5es que prometem agradar a todos os gostos. Desde visitas a vin\u00edcolas at\u00e9 passeios por cidades hist\u00f3ricas, o estado proporciona experi\u00eancias inesquec\u00edveis.<\/p>\n\n\n\n<h2 class=\"wp-block-heading\">Quais s\u00e3o os principais roteiros de inverno em Minas Gerais?<\/h2>\n\n\n\n<p>Entre os roteiros mais procurados em Minas Gerais durante o inverno est\u00e3o o&nbsp;<strong>Territ\u00f3rio dos Vinhos<\/strong>, o&nbsp;<strong>Territ\u00f3rio Sul de Minas<\/strong>, o&nbsp;<strong>Territ\u00f3rio Serra da Canastra<\/strong>, o&nbsp;<strong>Territ\u00f3rio Espinha\u00e7o\/Diamantes<\/strong>&nbsp;e o&nbsp;<strong>Territ\u00f3rio do Ouro<\/strong>. Cada um desses roteiros oferece uma experi\u00eancia distinta, explorando diferentes aspectos da cultura e da natureza mineira.<\/p>\n\n\n\n<h2 class=\"wp-block-heading\">Por onde passa o territ\u00f3rio dos vinhos?<\/h2>\n\n\n\n<p>O Territ\u00f3rio dos Vinhos \u00e9 um roteiro que passa por cidades como&nbsp;<strong>Tr\u00eas Pontas<\/strong>&nbsp;e&nbsp;<strong>Andradas<\/strong>, conhecidas por suas vin\u00edcolas. Os visitantes t\u00eam a oportunidade de degustar vinhos premiados e conhecer o processo de produ\u00e7\u00e3o. Este roteiro \u00e9 ideal para os amantes do vinho que desejam explorar o enoturismo em Minas Gerais.<\/p>\n\n\n\n<h2 class=\"wp-block-heading\">Quais cidades comp\u00f5em o territ\u00f3rio sul de Minas?<\/h2>\n\n\n\n<p>O Territ\u00f3rio Sul de Minas abrange cidades como&nbsp;<strong>Extrema<\/strong>&nbsp;e&nbsp;<strong>Monte Verde<\/strong>, famosas por suas paisagens montanhosas e clima ameno. A regi\u00e3o oferece diversas atividades ao ar livre, como trilhas e passeios ecol\u00f3gicos, al\u00e9m de uma gastronomia rica em sabores locais. \u00c9 o destino perfeito para quem busca relaxamento e contato com a natureza.<\/p>\n\n\n\n<figure class=\"wp-block-image\"><img decoding=\"async\" src=\"https:\/\/www.em.com.br\/emfoco\/wp-content\/uploads\/2025\/05\/8233482020_e1888dc1a3_b-1024x576.jpg\" alt=\"\"\/><figcaption class=\"wp-element-caption\">Trilha Extrema MG &#8211; Cr\u00e9ditos: Divulga\u00e7\u00e3o\/Flickr<\/figcaption><\/figure>\n\n\n\n<h2 class=\"wp-block-heading\">Por que o Territ\u00f3rio Serra da Canastra \u00e9 imperd\u00edvel?<\/h2>\n\n\n\n<p>Conhecido por suas belezas naturais, o Territ\u00f3rio Serra da Canastra inclui cidades como&nbsp;<strong>S\u00e3o Roque de Minas<\/strong>&nbsp;e&nbsp;<strong>Vargem Bonita<\/strong>. A regi\u00e3o \u00e9 famosa pelo&nbsp;<strong>queijo Canastra<\/strong>, um dos mais renomados do Brasil. Al\u00e9m disso, os visitantes podem explorar cachoeiras e participar de atividades ecotur\u00edsticas, tornando a viagem uma experi\u00eancia completa.<\/p>\n\n\n\n<h2 class=\"wp-block-heading\">Que hist\u00f3ria e cultura podemos encontrar no territ\u00f3rio Espinha\u00e7o\/Diamantes?<\/h2>\n\n\n\n<p>O Territ\u00f3rio Espinha\u00e7o\/Diamantes \u00e9 um roteiro que passa por cidades hist\u00f3ricas como&nbsp;<strong>Diamantina<\/strong>&nbsp;e&nbsp;<strong>Serro<\/strong>. Os visitantes podem mergulhar na rica hist\u00f3ria da regi\u00e3o, explorar suas belezas arquitet\u00f4nicas e participar de passeios culturais. Este roteiro \u00e9 ideal para quem deseja conhecer mais sobre o patrim\u00f4nio cultural de Minas Gerais.<\/p>\n\n\n\n<h2 class=\"wp-block-heading\">Como explorar o territ\u00f3rio do Ouro?<\/h2>\n\n\n\n<p>O Territ\u00f3rio do Ouro inclui cidades como&nbsp;<strong>Tiradentes<\/strong>&nbsp;e&nbsp;<strong>Catas Altas<\/strong>, conhecidas por sua arquitetura colonial e hist\u00f3ria ligada \u00e0 minera\u00e7\u00e3o. Os visitantes podem explorar museus, igrejas e participar de eventos culturais que celebram a rica heran\u00e7a hist\u00f3rica da regi\u00e3o. Este roteiro oferece uma viagem no tempo, revelando o passado glorioso de Minas Gerais.<\/p>\n\n\n\n<p>Em&nbsp;<strong>2024<\/strong>, Minas Gerais atraiu milh\u00f5es de turistas, consolidando-se como um dos principais destinos de inverno no Brasil. Com suas paisagens deslumbrantes, rica cultura e deliciosa gastronomia, o estado oferece experi\u00eancias \u00fanicas para todos os visitantes.<\/p>\n","protected":false},"excerpt":{"rendered":"<p>Com a chegada do inverno, muitos viajantes buscam destinos que ofere\u00e7am experi\u00eancias \u00fanicas para aproveitar o frio.\u00a0Minas Gerais, com sua rica cultura e paisagens deslumbrantes, surge como uma excelente op\u00e7\u00e3o. Este estado brasileiro n\u00e3o s\u00f3 encanta por suas belezas naturais, mas tamb\u00e9m por sua hist\u00f3ria e gastronomia. Minas Gerais oferece uma variedade de roteiros que [&hellip;]<\/p>\n","protected":false},"author":11,"featured_media":48642,"comment_status":"open","ping_status":"open","sticky":false,"template":"","format":"standard","meta":{"jnews-multi-image_gallery":[],"jnews_single_post":{"format":"standard"},"jnews_primary_category":[],"jnews_social_meta":[],"jnews_override_counter":[],"footnotes":""},"categories":[26,8819,1],"tags":[158,1221,5996,207],"class_list":["post-54915","post","type-post","status-publish","format-standard","has-post-thumbnail","hentry","category-cidades","category-curiosidades","category-noticias","tag-brasil","tag-inverno","tag-inverno-2025","tag-minas-gerais"],"yoast_head":"<!-- This site is optimized with the Yoast SEO plugin v23.8 - https:\/\/yoast.com\/wordpress\/plugins\/seo\/ -->\n<title>O roteiro de inverno mais encantador do Brasil est\u00e1 em Minas - Estado de Minas - Em foco<\/title>\n<meta name=\"description\" content=\"Minas Gerais se destaca com roteiros como o Territ\u00f3rio dos Vinhos e Serra da Canastra. Veja o que fazer no inverno.\" \/>\n<meta name=\"robots\" content=\"index, follow, max-snippet:-1, max-image-preview:large, max-video-preview:-1\" \/>\n<link rel=\"canonical\" href=\"https:\/\/www.em.com.br\/emfoco\/2025\/06\/04\/o-roteiro-de-inverno-mais-encantador-do-brasil-esta-em-minas\/\" \/>\n<meta property=\"og:locale\" content=\"pt_BR\" \/>\n<meta property=\"og:type\" content=\"article\" \/>\n<meta property=\"og:title\" content=\"O roteiro de inverno mais encantador do Brasil est\u00e1 em Minas - Estado de Minas - Em foco\" \/>\n<meta property=\"og:description\" content=\"Minas Gerais se destaca com roteiros como o Territ\u00f3rio dos Vinhos e Serra da Canastra. Veja o que fazer no inverno.\" \/>\n<meta property=\"og:url\" content=\"https:\/\/www.em.com.br\/emfoco\/2025\/06\/04\/o-roteiro-de-inverno-mais-encantador-do-brasil-esta-em-minas\/\" \/>\n<meta property=\"og:site_name\" content=\"Estado de Minas - Em foco\" \/>\n<meta property=\"article:published_time\" content=\"2025-06-05T00:40:00+00:00\" \/>\n<meta property=\"article:modified_time\" content=\"2025-06-03T18:35:11+00:00\" \/>\n<meta property=\"og:image\" content=\"https:\/\/www.em.com.br\/emfoco\/wp-content\/uploads\/2025\/05\/Catas_Altas_MG_Brasil_-_Acampamento_na_Lagoa_Guarda-Mor_-_panoramio-1.jpg\" \/>\n\t<meta property=\"og:image:width\" content=\"1280\" \/>\n\t<meta property=\"og:image:height\" content=\"715\" \/>\n\t<meta property=\"og:image:type\" content=\"image\/jpeg\" \/>\n<meta name=\"author\" content=\"Andre\u0301 Rangel\u00a0\" \/>\n<meta name=\"twitter:card\" content=\"summary_large_image\" \/>\n<meta name=\"twitter:label1\" content=\"Escrito por\" \/>\n\t<meta name=\"twitter:data1\" content=\"Andre\u0301 Rangel\u00a0\" \/>\n\t<meta name=\"twitter:label2\" content=\"Est. tempo de leitura\" \/>\n\t<meta name=\"twitter:data2\" content=\"4 minutos\" \/>\n<!-- \/ Yoast SEO plugin. -->","yoast_head_json":{"title":"O roteiro de inverno mais encantador do Brasil est\u00e1 em Minas - Estado de Minas - Em foco","description":"Minas Gerais se destaca com roteiros como o Territ\u00f3rio dos Vinhos e Serra da Canastra. Veja o que fazer no inverno.","robots":{"index":"index","follow":"follow","max-snippet":"max-snippet:-1","max-image-preview":"max-image-preview:large","max-video-preview":"max-video-preview:-1"},"canonical":"https:\/\/www.em.com.br\/emfoco\/2025\/06\/04\/o-roteiro-de-inverno-mais-encantador-do-brasil-esta-em-minas\/","og_locale":"pt_BR","og_type":"article","og_title":"O roteiro de inverno mais encantador do Brasil est\u00e1 em Minas - Estado de Minas - Em foco","og_description":"Minas Gerais se destaca com roteiros como o Territ\u00f3rio dos Vinhos e Serra da Canastra. Veja o que fazer no inverno.","og_url":"https:\/\/www.em.com.br\/emfoco\/2025\/06\/04\/o-roteiro-de-inverno-mais-encantador-do-brasil-esta-em-minas\/","og_site_name":"Estado de Minas - Em foco","article_published_time":"2025-06-05T00:40:00+00:00","article_modified_time":"2025-06-03T18:35:11+00:00","og_image":[{"width":1280,"height":715,"url":"https:\/\/www.em.com.br\/emfoco\/wp-content\/uploads\/2025\/05\/Catas_Altas_MG_Brasil_-_Acampamento_na_Lagoa_Guarda-Mor_-_panoramio-1.jpg","type":"image\/jpeg"}],"author":"Andre\u0301 Rangel\u00a0","twitter_card":"summary_large_image","twitter_misc":{"Escrito por":"Andre\u0301 Rangel\u00a0","Est. tempo de leitura":"4 minutos"},"schema":{"@context":"https:\/\/schema.org","@graph":[{"@type":"WebPage","@id":"https:\/\/www.em.com.br\/emfoco\/2025\/06\/04\/o-roteiro-de-inverno-mais-encantador-do-brasil-esta-em-minas\/","url":"https:\/\/www.em.com.br\/emfoco\/2025\/06\/04\/o-roteiro-de-inverno-mais-encantador-do-brasil-esta-em-minas\/","name":"O roteiro de inverno mais encantador do Brasil est\u00e1 em Minas - Estado de Minas - Em foco","isPartOf":{"@id":"https:\/\/www.em.com.br\/emfoco\/#website"},"primaryImageOfPage":{"@id":"https:\/\/www.em.com.br\/emfoco\/2025\/06\/04\/o-roteiro-de-inverno-mais-encantador-do-brasil-esta-em-minas\/#primaryimage"},"image":{"@id":"https:\/\/www.em.com.br\/emfoco\/2025\/06\/04\/o-roteiro-de-inverno-mais-encantador-do-brasil-esta-em-minas\/#primaryimage"},"thumbnailUrl":"https:\/\/www.em.com.br\/emfoco\/wp-content\/uploads\/2025\/05\/Catas_Altas_MG_Brasil_-_Acampamento_na_Lagoa_Guarda-Mor_-_panoramio-1.jpg","datePublished":"2025-06-05T00:40:00+00:00","dateModified":"2025-06-03T18:35:11+00:00","author":{"@id":"https:\/\/www.em.com.br\/emfoco\/#\/schema\/person\/60eda09c1fedf0d6891f4cef4b60b8b8"},"description":"Minas Gerais se destaca com roteiros como o Territ\u00f3rio dos Vinhos e Serra da Canastra. Veja o que fazer no inverno.","breadcrumb":{"@id":"https:\/\/www.em.com.br\/emfoco\/2025\/06\/04\/o-roteiro-de-inverno-mais-encantador-do-brasil-esta-em-minas\/#breadcrumb"},"inLanguage":"pt-BR","potentialAction":[{"@type":"ReadAction","target":["https:\/\/www.em.com.br\/emfoco\/2025\/06\/04\/o-roteiro-de-inverno-mais-encantador-do-brasil-esta-em-minas\/"]}]},{"@type":"ImageObject","inLanguage":"pt-BR","@id":"https:\/\/www.em.com.br\/emfoco\/2025\/06\/04\/o-roteiro-de-inverno-mais-encantador-do-brasil-esta-em-minas\/#primaryimage","url":"https:\/\/www.em.com.br\/emfoco\/wp-content\/uploads\/2025\/05\/Catas_Altas_MG_Brasil_-_Acampamento_na_Lagoa_Guarda-Mor_-_panoramio-1.jpg","contentUrl":"https:\/\/www.em.com.br\/emfoco\/wp-content\/uploads\/2025\/05\/Catas_Altas_MG_Brasil_-_Acampamento_na_Lagoa_Guarda-Mor_-_panoramio-1.jpg","width":1280,"height":715,"caption":"Catas Alta MG - Cr\u00e9ditos: Divulga\u00e7\u00e3o\/Wikimedia Commons"},{"@type":"BreadcrumbList","@id":"https:\/\/www.em.com.br\/emfoco\/2025\/06\/04\/o-roteiro-de-inverno-mais-encantador-do-brasil-esta-em-minas\/#breadcrumb","itemListElement":[{"@type":"ListItem","position":1,"name":"In\u00edcio","item":"https:\/\/www.em.com.br\/emfoco\/"},{"@type":"ListItem","position":2,"name":"O roteiro de inverno mais encantador do Brasil est\u00e1 em Minas"}]},{"@type":"WebSite","@id":"https:\/\/www.em.com.br\/emfoco\/#website","url":"https:\/\/www.em.com.br\/emfoco\/","name":"Estado de Minas - Em foco","description":"Acompanhe as \u00faltimas not\u00edcias e fique bem informado sobre tudo o que acontece em Minas Gerais, Brasil e no mundo.","potentialAction":[{"@type":"SearchAction","target":{"@type":"EntryPoint","urlTemplate":"https:\/\/www.em.com.br\/emfoco\/?s={search_term_string}"},"query-input":{"@type":"PropertyValueSpecification","valueRequired":true,"valueName":"search_term_string"}}],"inLanguage":"pt-BR"},{"@type":"Person","@id":"https:\/\/www.em.com.br\/emfoco\/#\/schema\/person\/60eda09c1fedf0d6891f4cef4b60b8b8","name":"Andre\u0301 Rangel\u00a0","image":{"@type":"ImageObject","inLanguage":"pt-BR","@id":"https:\/\/www.em.com.br\/emfoco\/#\/schema\/person\/image\/","url":"https:\/\/secure.gravatar.com\/avatar\/6234dc814c77c8ef6d8bba622c787efc?s=96&d=mm&r=g","contentUrl":"https:\/\/secure.gravatar.com\/avatar\/6234dc814c77c8ef6d8bba622c787efc?s=96&d=mm&r=g","caption":"Andre\u0301 Rangel\u00a0"},"url":"https:\/\/www.em.com.br\/emfoco\/author\/luizmyth\/"}]}},"_links":{"self":[{"href":"https:\/\/www.em.com.br\/emfoco\/wp-json\/wp\/v2\/posts\/54915","targetHints":{"allow":["GET"]}}],"collection":[{"href":"https:\/\/www.em.com.br\/emfoco\/wp-json\/wp\/v2\/posts"}],"about":[{"href":"https:\/\/www.em.com.br\/emfoco\/wp-json\/wp\/v2\/types\/post"}],"author":[{"embeddable":true,"href":"https:\/\/www.em.com.br\/emfoco\/wp-json\/wp\/v2\/users\/11"}],"replies":[{"embeddable":true,"href":"https:\/\/www.em.com.br\/emfoco\/wp-json\/wp\/v2\/comments?post=54915"}],"version-history":[{"count":4,"href":"https:\/\/www.em.com.br\/emfoco\/wp-json\/wp\/v2\/posts\/54915\/revisions"}],"predecessor-version":[{"id":54973,"href":"https:\/\/www.em.com.br\/emfoco\/wp-json\/wp\/v2\/posts\/54915\/revisions\/54973"}],"wp:featuredmedia":[{"embeddable":true,"href":"https:\/\/www.em.com.br\/emfoco\/wp-json\/wp\/v2\/media\/48642"}],"wp:attachment":[{"href":"https:\/\/www.em.com.br\/emfoco\/wp-json\/wp\/v2\/media?parent=54915"}],"wp:term":[{"taxonomy":"category","embeddable":true,"href":"https:\/\/www.em.com.br\/emfoco\/wp-json\/wp\/v2\/categories?post=54915"},{"taxonomy":"post_tag","embeddable":true,"href":"https:\/\/www.em.com.br\/emfoco\/wp-json\/wp\/v2\/tags?post=54915"}],"curies":[{"name":"wp","href":"https:\/\/api.w.org\/{rel}","templated":true}]}}