{"id":54800,"date":"2025-06-04T09:40:00","date_gmt":"2025-06-04T12:40:00","guid":{"rendered":"https:\/\/www.em.com.br\/emfoco\/?p=54800"},"modified":"2025-06-03T15:28:13","modified_gmt":"2025-06-03T18:28:13","slug":"prepare-se-para-uma-maratona-intensa-com-as-novidades-do-disney","status":"publish","type":"post","link":"https:\/\/www.em.com.br\/emfoco\/2025\/06\/04\/prepare-se-para-uma-maratona-intensa-com-as-novidades-do-disney\/","title":{"rendered":"Prepare-se para uma maratona intensa com as novidades do Disney+"},"content":{"rendered":"\n<p>Prepare-se para um junho eletrizante no <a href=\"https:\/\/www.em.com.br\/emfoco\/2025\/06\/02\/veja-agora-as-esperas-mais-aguardadas-do-ano-na-disney\/\" target=\"_blank\" rel=\"noreferrer noopener\">Disney+<\/a>! O streaming est\u00e1 apostando pesado em franquias consagradas e estreias aguardadas, como <em>Cora\u00e7\u00e3o de Ferro<\/em> e a nova temporada de <em><strong>O Urso<\/strong><\/em>. Tem <strong>Marvel<\/strong>, <strong><a href=\"https:\/\/www.omelete.com.br\/filmes\/predador-assassino-dos-assassinos-trailer-com-vikings\" target=\"_blank\" rel=\"noreferrer noopener\">Predador<\/a><\/strong>, document\u00e1rios poderosos e at\u00e9 um toque de com\u00e9dia dram\u00e1tica que promete deixar os f\u00e3s colados na tela.<\/p>\n\n\n\n<h2 class=\"wp-block-heading\">O retorno de Carmy em \u201cO Urso\u201d surpreende mais uma vez<\/h2>\n\n\n\n<p>A quarta temporada de <em>O Urso<\/em> chega no dia <strong>25 de junho<\/strong> com todos os epis\u00f3dios dispon\u00edveis. Carmy, Sydney e Richie seguem na luta para transformar o restaurante em um sucesso absoluto. Mas, como toda boa cozinha, o caos reina: decis\u00f5es dif\u00edceis, rivalidades e dilemas pessoais estar\u00e3o no card\u00e1pio dessa temporada intensa.<\/p>\n\n\n\n<h2 class=\"wp-block-heading\">\u201cCora\u00e7\u00e3o de Ferro\u201d coloca o MCU no centro das aten\u00e7\u00f5es<\/h2>\n\n\n\n<p>Outro destaque imperd\u00edvel \u00e9 <em><strong>Cora\u00e7\u00e3o de Ferro<\/strong><\/em>, que estreia no dia <strong>24 de junho<\/strong> com tr\u00eas epis\u00f3dios de cara. A trama acompanha Riri Williams, a jovem g\u00eanio apresentada em <em><strong>Pantera Negra: Wakanda Para Sempre<\/strong><\/em>, enfrentando o vil\u00e3o O Capuz em uma batalha entre ci\u00eancia e feiti\u00e7aria. A s\u00e9rie promete expandir os limites do MCU e apresentar uma nova gera\u00e7\u00e3o de her\u00f3is.<\/p>\n\n\n\n<h2 class=\"wp-block-heading\">\u201cPredador\u201d ganha novo cap\u00edtulo com guerreiros hist\u00f3ricos<\/h2>\n\n\n\n<p>J\u00e1 no dia <strong>6 de junho<\/strong>, a anima\u00e7\u00e3o <strong><em>Predador: Assassino de Assassinos<\/em> <\/strong>promete tirar o f\u00f4lego dos f\u00e3s da franquia. Ambientada em diferentes per\u00edodos hist\u00f3ricos, o longa re\u00fane um trio improv\u00e1vel \u2013 uma viking, um ninja e um piloto da Segunda Guerra Mundial \u2013 para enfrentar um predador implac\u00e1vel. \u00c9 sangue, honra e sobreviv\u00eancia em um \u00e9pico de tirar o f\u00f4lego.<\/p>\n\n\n\n<figure class=\"wp-block-image\"><img decoding=\"async\" src=\"https:\/\/www.em.com.br\/emfoco\/wp-content\/uploads\/2025\/04\/scale-1024x576.jpg\" alt=\"\"\/><figcaption class=\"wp-element-caption\">Cartaz O Urso &#8211; Cr\u00e9ditos: Divulga\u00e7\u00e3o\/Disney+<\/figcaption><\/figure>\n\n\n\n<h2 class=\"wp-block-heading\">Document\u00e1rios e produ\u00e7\u00f5es Star Originals recheiam a agenda<\/h2>\n\n\n\n<p>Entre uma dose de adrenalina e outra, o Disney+ tamb\u00e9m traz document\u00e1rios de peso, como <em>Oceanos com <strong>David Attenborough<\/strong><\/em> (8\/6) e <em><strong>Alex Cooper: A voz por tr\u00e1s de Call <\/strong><\/em><strong><em>Her Daddy<\/em> <\/strong>(10\/6). J\u00e1 entre os Star Originals, ganham destaque <em><strong>Ladr\u00f5es: A Tiara de Santa \u00c1gueda<\/strong><\/em> (13\/6) e <em>Doctor Odyssey<\/em> com novos epis\u00f3dios a partir de 20\/6.<\/p>\n\n\n\n<h2 class=\"wp-block-heading\">Calend\u00e1rio completo das estreias no Disney+<\/h2>\n\n\n\n<ul class=\"wp-block-list\">\n<li><strong>04\/06<\/strong> \u2013 <em>Eu, viciado<\/em>, <em>Lacinhos da Minnie<\/em><\/li>\n\n\n\n<li><strong>06\/06<\/strong> \u2013 <em>Predador: Assassino de Assassinos<\/em><\/li>\n\n\n\n<li><strong>08\/06<\/strong> \u2013 <em>Oceanos com David Attenborough<\/em><\/li>\n\n\n\n<li><strong>10\/06<\/strong> \u2013 <em>Alex Cooper: A voz por tr\u00e1s de Call Her Daddy<\/em><\/li>\n\n\n\n<li><strong>13\/06<\/strong> \u2013 <em>Ladr\u00f5es: A Tiara de Santa \u00c1gueda<\/em><\/li>\n\n\n\n<li><strong>16\/06<\/strong> \u2013 <em>Underdogs: Coadjuvantes Selvagens<\/em><\/li>\n\n\n\n<li><strong>17\/06<\/strong> \u2013 <em>Sally<\/em><\/li>\n\n\n\n<li><strong>20\/06<\/strong> \u2013 <em>Doctor Odyssey<\/em> (novos epis\u00f3dios)<\/li>\n\n\n\n<li><strong>24\/06<\/strong> \u2013 <em>Cora\u00e7\u00e3o de Ferro<\/em><\/li>\n\n\n\n<li><strong>25\/06<\/strong> \u2013 <em>O Urso \u2013 Temporada 4<\/em>, <em>Eu e Mickey \u2013 Temporada 3<\/em><\/li>\n\n\n\n<li><strong>Todas as quartas<\/strong> \u2013 Novos epis\u00f3dios de <em>O Rastreador<\/em> e <em>Cora\u00e7\u00e3o de Ferro<\/em><\/li>\n<\/ul>\n\n\n\n<p><strong>Prepare a pipoca e atualize o calend\u00e1rio: junho chegou com tudo no Disney+.<\/strong><\/p>\n","protected":false},"excerpt":{"rendered":"<p>Prepare-se para um junho eletrizante no Disney+! O streaming est\u00e1 apostando pesado em franquias consagradas e estreias aguardadas, como Cora\u00e7\u00e3o de Ferro e a nova temporada de O Urso. Tem Marvel, Predador, document\u00e1rios poderosos e at\u00e9 um toque de com\u00e9dia dram\u00e1tica que promete deixar os f\u00e3s colados na tela. O retorno de Carmy em \u201cO [&hellip;]<\/p>\n","protected":false},"author":11,"featured_media":43021,"comment_status":"open","ping_status":"open","sticky":false,"template":"","format":"standard","meta":{"jnews-multi-image_gallery":[],"jnews_single_post":{"format":"standard"},"jnews_primary_category":[],"jnews_social_meta":[],"jnews_override_counter":[],"footnotes":""},"categories":[137,1,136],"tags":[146,727,607],"class_list":["post-54800","post","type-post","status-publish","format-standard","has-post-thumbnail","hentry","category-filmes","category-noticias","category-series","tag-disney","tag-filmes","tag-series"],"yoast_head":"<!-- This site is optimized with the Yoast SEO plugin v23.8 - https:\/\/yoast.com\/wordpress\/plugins\/seo\/ -->\n<title>Prepare-se para uma maratona intensa com as novidades do Disney+ - Estado de Minas - Em foco<\/title>\n<meta name=\"description\" content=\"O Disney+ traz para junho estreias incr\u00edveis e document\u00e1rios fascinantes que prometem prender voc\u00ea do come\u00e7o ao fim. Prepare-se!\" \/>\n<meta name=\"robots\" content=\"index, follow, max-snippet:-1, max-image-preview:large, max-video-preview:-1\" \/>\n<link rel=\"canonical\" href=\"https:\/\/www.em.com.br\/emfoco\/2025\/06\/04\/prepare-se-para-uma-maratona-intensa-com-as-novidades-do-disney\/\" \/>\n<meta property=\"og:locale\" content=\"pt_BR\" \/>\n<meta property=\"og:type\" content=\"article\" \/>\n<meta property=\"og:title\" content=\"Prepare-se para uma maratona intensa com as novidades do Disney+ - Estado de Minas - Em foco\" \/>\n<meta property=\"og:description\" content=\"O Disney+ traz para junho estreias incr\u00edveis e document\u00e1rios fascinantes que prometem prender voc\u00ea do come\u00e7o ao fim. Prepare-se!\" \/>\n<meta property=\"og:url\" content=\"https:\/\/www.em.com.br\/emfoco\/2025\/06\/04\/prepare-se-para-uma-maratona-intensa-com-as-novidades-do-disney\/\" \/>\n<meta property=\"og:site_name\" content=\"Estado de Minas - Em foco\" \/>\n<meta property=\"article:published_time\" content=\"2025-06-04T12:40:00+00:00\" \/>\n<meta property=\"article:modified_time\" content=\"2025-06-03T18:28:13+00:00\" \/>\n<meta property=\"og:image\" content=\"https:\/\/www.em.com.br\/emfoco\/wp-content\/uploads\/2025\/04\/disney-app_1746025469095.jpg\" \/>\n\t<meta property=\"og:image:width\" content=\"1280\" \/>\n\t<meta property=\"og:image:height\" content=\"720\" \/>\n\t<meta property=\"og:image:type\" content=\"image\/jpeg\" \/>\n<meta name=\"author\" content=\"Andre\u0301 Rangel\u00a0\" \/>\n<meta name=\"twitter:card\" content=\"summary_large_image\" \/>\n<meta name=\"twitter:label1\" content=\"Escrito por\" \/>\n\t<meta name=\"twitter:data1\" content=\"Andre\u0301 Rangel\u00a0\" \/>\n\t<meta name=\"twitter:label2\" content=\"Est. tempo de leitura\" \/>\n\t<meta name=\"twitter:data2\" content=\"3 minutos\" \/>\n<!-- \/ Yoast SEO plugin. -->","yoast_head_json":{"title":"Prepare-se para uma maratona intensa com as novidades do Disney+ - Estado de Minas - Em foco","description":"O Disney+ traz para junho estreias incr\u00edveis e document\u00e1rios fascinantes que prometem prender voc\u00ea do come\u00e7o ao fim. Prepare-se!","robots":{"index":"index","follow":"follow","max-snippet":"max-snippet:-1","max-image-preview":"max-image-preview:large","max-video-preview":"max-video-preview:-1"},"canonical":"https:\/\/www.em.com.br\/emfoco\/2025\/06\/04\/prepare-se-para-uma-maratona-intensa-com-as-novidades-do-disney\/","og_locale":"pt_BR","og_type":"article","og_title":"Prepare-se para uma maratona intensa com as novidades do Disney+ - Estado de Minas - Em foco","og_description":"O Disney+ traz para junho estreias incr\u00edveis e document\u00e1rios fascinantes que prometem prender voc\u00ea do come\u00e7o ao fim. Prepare-se!","og_url":"https:\/\/www.em.com.br\/emfoco\/2025\/06\/04\/prepare-se-para-uma-maratona-intensa-com-as-novidades-do-disney\/","og_site_name":"Estado de Minas - Em foco","article_published_time":"2025-06-04T12:40:00+00:00","article_modified_time":"2025-06-03T18:28:13+00:00","og_image":[{"width":1280,"height":720,"url":"https:\/\/www.em.com.br\/emfoco\/wp-content\/uploads\/2025\/04\/disney-app_1746025469095.jpg","type":"image\/jpeg"}],"author":"Andre\u0301 Rangel\u00a0","twitter_card":"summary_large_image","twitter_misc":{"Escrito por":"Andre\u0301 Rangel\u00a0","Est. tempo de leitura":"3 minutos"},"schema":{"@context":"https:\/\/schema.org","@graph":[{"@type":"WebPage","@id":"https:\/\/www.em.com.br\/emfoco\/2025\/06\/04\/prepare-se-para-uma-maratona-intensa-com-as-novidades-do-disney\/","url":"https:\/\/www.em.com.br\/emfoco\/2025\/06\/04\/prepare-se-para-uma-maratona-intensa-com-as-novidades-do-disney\/","name":"Prepare-se para uma maratona intensa com as novidades do Disney+ - Estado de Minas - Em foco","isPartOf":{"@id":"https:\/\/www.em.com.br\/emfoco\/#website"},"primaryImageOfPage":{"@id":"https:\/\/www.em.com.br\/emfoco\/2025\/06\/04\/prepare-se-para-uma-maratona-intensa-com-as-novidades-do-disney\/#primaryimage"},"image":{"@id":"https:\/\/www.em.com.br\/emfoco\/2025\/06\/04\/prepare-se-para-uma-maratona-intensa-com-as-novidades-do-disney\/#primaryimage"},"thumbnailUrl":"https:\/\/www.em.com.br\/emfoco\/wp-content\/uploads\/2025\/04\/disney-app_1746025469095.jpg","datePublished":"2025-06-04T12:40:00+00:00","dateModified":"2025-06-03T18:28:13+00:00","author":{"@id":"https:\/\/www.em.com.br\/emfoco\/#\/schema\/person\/60eda09c1fedf0d6891f4cef4b60b8b8"},"description":"O Disney+ traz para junho estreias incr\u00edveis e document\u00e1rios fascinantes que prometem prender voc\u00ea do come\u00e7o ao fim. Prepare-se!","breadcrumb":{"@id":"https:\/\/www.em.com.br\/emfoco\/2025\/06\/04\/prepare-se-para-uma-maratona-intensa-com-as-novidades-do-disney\/#breadcrumb"},"inLanguage":"pt-BR","potentialAction":[{"@type":"ReadAction","target":["https:\/\/www.em.com.br\/emfoco\/2025\/06\/04\/prepare-se-para-uma-maratona-intensa-com-as-novidades-do-disney\/"]}]},{"@type":"ImageObject","inLanguage":"pt-BR","@id":"https:\/\/www.em.com.br\/emfoco\/2025\/06\/04\/prepare-se-para-uma-maratona-intensa-com-as-novidades-do-disney\/#primaryimage","url":"https:\/\/www.em.com.br\/emfoco\/wp-content\/uploads\/2025\/04\/disney-app_1746025469095.jpg","contentUrl":"https:\/\/www.em.com.br\/emfoco\/wp-content\/uploads\/2025\/04\/disney-app_1746025469095.jpg","width":1280,"height":720,"caption":"App Disney+ - Cr\u00e9ditos: depositphotos.com \/ rafapress"},{"@type":"BreadcrumbList","@id":"https:\/\/www.em.com.br\/emfoco\/2025\/06\/04\/prepare-se-para-uma-maratona-intensa-com-as-novidades-do-disney\/#breadcrumb","itemListElement":[{"@type":"ListItem","position":1,"name":"In\u00edcio","item":"https:\/\/www.em.com.br\/emfoco\/"},{"@type":"ListItem","position":2,"name":"Prepare-se para uma maratona intensa com as novidades do Disney+"}]},{"@type":"WebSite","@id":"https:\/\/www.em.com.br\/emfoco\/#website","url":"https:\/\/www.em.com.br\/emfoco\/","name":"Estado de Minas - Em foco","description":"Acompanhe as \u00faltimas not\u00edcias e fique bem informado sobre tudo o que acontece em Minas Gerais, Brasil e no mundo.","potentialAction":[{"@type":"SearchAction","target":{"@type":"EntryPoint","urlTemplate":"https:\/\/www.em.com.br\/emfoco\/?s={search_term_string}"},"query-input":{"@type":"PropertyValueSpecification","valueRequired":true,"valueName":"search_term_string"}}],"inLanguage":"pt-BR"},{"@type":"Person","@id":"https:\/\/www.em.com.br\/emfoco\/#\/schema\/person\/60eda09c1fedf0d6891f4cef4b60b8b8","name":"Andre\u0301 Rangel\u00a0","image":{"@type":"ImageObject","inLanguage":"pt-BR","@id":"https:\/\/www.em.com.br\/emfoco\/#\/schema\/person\/image\/","url":"https:\/\/secure.gravatar.com\/avatar\/6234dc814c77c8ef6d8bba622c787efc?s=96&d=mm&r=g","contentUrl":"https:\/\/secure.gravatar.com\/avatar\/6234dc814c77c8ef6d8bba622c787efc?s=96&d=mm&r=g","caption":"Andre\u0301 Rangel\u00a0"},"url":"https:\/\/www.em.com.br\/emfoco\/author\/luizmyth\/"}]}},"_links":{"self":[{"href":"https:\/\/www.em.com.br\/emfoco\/wp-json\/wp\/v2\/posts\/54800","targetHints":{"allow":["GET"]}}],"collection":[{"href":"https:\/\/www.em.com.br\/emfoco\/wp-json\/wp\/v2\/posts"}],"about":[{"href":"https:\/\/www.em.com.br\/emfoco\/wp-json\/wp\/v2\/types\/post"}],"author":[{"embeddable":true,"href":"https:\/\/www.em.com.br\/emfoco\/wp-json\/wp\/v2\/users\/11"}],"replies":[{"embeddable":true,"href":"https:\/\/www.em.com.br\/emfoco\/wp-json\/wp\/v2\/comments?post=54800"}],"version-history":[{"count":4,"href":"https:\/\/www.em.com.br\/emfoco\/wp-json\/wp\/v2\/posts\/54800\/revisions"}],"predecessor-version":[{"id":54881,"href":"https:\/\/www.em.com.br\/emfoco\/wp-json\/wp\/v2\/posts\/54800\/revisions\/54881"}],"wp:featuredmedia":[{"embeddable":true,"href":"https:\/\/www.em.com.br\/emfoco\/wp-json\/wp\/v2\/media\/43021"}],"wp:attachment":[{"href":"https:\/\/www.em.com.br\/emfoco\/wp-json\/wp\/v2\/media?parent=54800"}],"wp:term":[{"taxonomy":"category","embeddable":true,"href":"https:\/\/www.em.com.br\/emfoco\/wp-json\/wp\/v2\/categories?post=54800"},{"taxonomy":"post_tag","embeddable":true,"href":"https:\/\/www.em.com.br\/emfoco\/wp-json\/wp\/v2\/tags?post=54800"}],"curies":[{"name":"wp","href":"https:\/\/api.w.org\/{rel}","templated":true}]}}