{"id":54565,"date":"2025-06-03T08:02:00","date_gmt":"2025-06-03T11:02:00","guid":{"rendered":"https:\/\/www.em.com.br\/emfoco\/?p=54565"},"modified":"2025-06-03T11:07:49","modified_gmt":"2025-06-03T14:07:49","slug":"bebida-noturna-vira-queridinha-de-quem-sofre-com-intestino-preso","status":"publish","type":"post","link":"https:\/\/www.em.com.br\/emfoco\/2025\/06\/03\/bebida-noturna-vira-queridinha-de-quem-sofre-com-intestino-preso\/","title":{"rendered":"Bebida noturna vira queridinha de quem sofre com intestino preso"},"content":{"rendered":"\n<p>O <a href=\"https:\/\/www.em.com.br\/emfoco\/2025\/05\/26\/aprenda-a-plantar-gengibre-em-casa-e-colha-com-economia-e-sabor\/\" target=\"_blank\" rel=\"noreferrer noopener\">suco <\/a>de ameixa \u00e9 amplamente reconhecido por suas propriedades que auxiliam na digest\u00e3o, especialmente no combate \u00e0 constipa\u00e7\u00e3o. Este suco, frequentemente associado a um p\u00fablico mais velho, \u00e9, na verdade, uma op\u00e7\u00e3o eficaz para pessoas de todas as idades que buscam regularizar o tr\u00e2nsito intestinal. Combinando sorbitol, fibras e l\u00edquidos, o suco de ameixa pode ser uma adi\u00e7\u00e3o valiosa \u00e0 dieta de quem sofre com problemas digestivos.<\/p>\n\n\n\n<p>Embora muitas pessoas possam n\u00e3o consumir suco de ameixa regularmente, suas propriedades ben\u00e9ficas s\u00e3o respaldadas por diversos estudos. A presen\u00e7a de sorbitol, um tipo de \u00e1lcool de a\u00e7\u00facar, \u00e9 um dos principais fatores que contribuem para sua efic\u00e1cia. Este composto ajuda a atrair \u00e1gua para o intestino, amolecendo as fezes e facilitando sua passagem.<\/p>\n\n\n\n<h2 class=\"wp-block-heading\">Como o Suco de Ameixa Ajuda na Constipa\u00e7\u00e3o?<\/h2>\n\n\n\n<p>O suco de ameixa se destaca por sua capacidade de&nbsp;<strong>amolecer as fezes<\/strong>&nbsp;e aumentar a frequ\u00eancia de evacua\u00e7\u00f5es. Estudos demonstram que o consumo di\u00e1rio de pequenas quantidades de suco de ameixa pode aliviar a constipa\u00e7\u00e3o sem efeitos colaterais significativos. Al\u00e9m do sorbitol, o suco de ameixa cont\u00e9m pectina, um tipo de fibra sol\u00favel que tamb\u00e9m contribui para a sa\u00fade intestinal.<\/p>\n\n\n\n<p>Al\u00e9m de sua efic\u00e1cia, o suco de ameixa \u00e9 vers\u00e1til e pode ser incorporado de v\u00e1rias maneiras na dieta. Seja em smoothies, mocktails ou at\u00e9 mesmo em receitas de molhos e produtos assados, o suco de ameixa oferece uma maneira saborosa de melhorar a digest\u00e3o.<\/p>\n\n\n\n<figure class=\"wp-block-image size-large\"><img loading=\"lazy\" decoding=\"async\" width=\"1024\" height=\"576\" src=\"https:\/\/www.em.com.br\/emfoco\/wp-content\/uploads\/2025\/06\/suco-ameixa_1748946333497-1024x576.jpg\" alt=\"\" class=\"wp-image-54566\" srcset=\"https:\/\/www.em.com.br\/emfoco\/wp-content\/uploads\/2025\/06\/suco-ameixa_1748946333497-1024x576.jpg 1024w, https:\/\/www.em.com.br\/emfoco\/wp-content\/uploads\/2025\/06\/suco-ameixa_1748946333497-300x169.jpg 300w, https:\/\/www.em.com.br\/emfoco\/wp-content\/uploads\/2025\/06\/suco-ameixa_1748946333497-768x432.jpg 768w, https:\/\/www.em.com.br\/emfoco\/wp-content\/uploads\/2025\/06\/suco-ameixa_1748946333497-750x422.jpg 750w, https:\/\/www.em.com.br\/emfoco\/wp-content\/uploads\/2025\/06\/suco-ameixa_1748946333497-1140x642.jpg 1140w, https:\/\/www.em.com.br\/emfoco\/wp-content\/uploads\/2025\/06\/suco-ameixa_1748946333497.jpg 1279w\" sizes=\"auto, (max-width: 1024px) 100vw, 1024px\" \/><figcaption class=\"wp-element-caption\">Suco de ameixa (Cr\u00e9ditos: depositphotos.com \/ sablinstanislav)<\/figcaption><\/figure>\n\n\n\n<h2 class=\"wp-block-heading\">Quem Deve Evitar o Suco de Ameixa?<\/h2>\n\n\n\n<p>Apesar de seus benef\u00edcios, o suco de ameixa pode n\u00e3o ser adequado para todos. Pessoas com s\u00edndrome do intestino irrit\u00e1vel (SII) que seguem uma dieta baixa em FODMAPs devem ter cautela. O sorbitol, embora ben\u00e9fico para muitos, pode exacerbar sintomas como diarreia e incha\u00e7o em indiv\u00edduos com SII. Consultar um nutricionista pode ajudar a determinar quais alimentos devem ser evitados.<\/p>\n\n\n\n<h2 class=\"wp-block-heading\">O Que Procurar em Bebidas para Ajudar na Digest\u00e3o?<\/h2>\n\n\n\n<p>Al\u00e9m do suco de ameixa, existem outras bebidas que podem auxiliar na digest\u00e3o. A \u00e1gua \u00e9 sempre uma escolha segura, mas para aqueles que desejam variar, bebidas n\u00e3o alco\u00f3licas e ricas em fibras s\u00e3o ideais. Sucos de frutas e smoothies s\u00e3o \u00f3timas op\u00e7\u00f5es, especialmente quando enriquecidos com ingredientes como raiz de chic\u00f3ria, que adicionam fibras \u00e0 dieta.<\/p>\n\n\n\n<p>Evitar o consumo excessivo de \u00e1lcool tamb\u00e9m \u00e9 importante, pois pode levar \u00e0 desidrata\u00e7\u00e3o e retardar o esvaziamento g\u00e1strico, complicando ainda mais a constipa\u00e7\u00e3o.<\/p>\n\n\n\n<h2 class=\"wp-block-heading\">Conclus\u00e3o Natural<\/h2>\n\n\n\n<p>O suco de ameixa, com sua combina\u00e7\u00e3o \u00fanica de sorbitol e fibras, \u00e9 uma bebida eficaz para aliviar a constipa\u00e7\u00e3o. Incorpor\u00e1-lo \u00e0 dieta pode ser uma maneira simples e saborosa de promover a sa\u00fade digestiva. Para aqueles que buscam alternativas, \u00e9 importante escolher bebidas que mantenham o corpo hidratado e forne\u00e7am fibras, contribuindo para um sistema digestivo saud\u00e1vel.<\/p>\n","protected":false},"excerpt":{"rendered":"<p>O suco de ameixa \u00e9 amplamente reconhecido por suas propriedades que auxiliam na digest\u00e3o, especialmente no combate \u00e0 constipa\u00e7\u00e3o. Este suco, frequentemente associado a um p\u00fablico mais velho, \u00e9, na verdade, uma op\u00e7\u00e3o eficaz para pessoas de todas as idades que buscam regularizar o tr\u00e2nsito intestinal. Combinando sorbitol, fibras e l\u00edquidos, o suco de ameixa [&hellip;]<\/p>\n","protected":false},"author":19,"featured_media":54568,"comment_status":"open","ping_status":"open","sticky":false,"template":"","format":"standard","meta":{"jnews-multi-image_gallery":[],"jnews_single_post":{"format":"standard"},"jnews_primary_category":[],"jnews_social_meta":[],"jnews_override_counter":[],"footnotes":""},"categories":[9053],"tags":[8595,9727,9728],"class_list":["post-54565","post","type-post","status-publish","format-standard","has-post-thumbnail","hentry","category-saude","tag-ameixa","tag-bebida-ameixa","tag-intestino-preso"],"yoast_head":"<!-- This site is optimized with the Yoast SEO plugin v23.8 - https:\/\/yoast.com\/wordpress\/plugins\/seo\/ -->\n<title>Bebida noturna vira queridinha de quem sofre com intestino preso - Estado de Minas - Em foco<\/title>\n<meta name=\"description\" content=\"Descubra o poder do suco de ameixa para melhorar sua digest\u00e3o e aliviar a constipa\u00e7\u00e3o. Dicas e cuidados para uma sa\u00fade intestinal melhor.\" \/>\n<meta name=\"robots\" content=\"index, follow, max-snippet:-1, max-image-preview:large, max-video-preview:-1\" \/>\n<link rel=\"canonical\" href=\"https:\/\/www.em.com.br\/emfoco\/2025\/06\/03\/bebida-noturna-vira-queridinha-de-quem-sofre-com-intestino-preso\/\" \/>\n<meta property=\"og:locale\" content=\"pt_BR\" \/>\n<meta property=\"og:type\" content=\"article\" \/>\n<meta property=\"og:title\" content=\"Bebida noturna vira queridinha de quem sofre com intestino preso - Estado de Minas - Em foco\" \/>\n<meta property=\"og:description\" content=\"Descubra o poder do suco de ameixa para melhorar sua digest\u00e3o e aliviar a constipa\u00e7\u00e3o. Dicas e cuidados para uma sa\u00fade intestinal melhor.\" \/>\n<meta property=\"og:url\" content=\"https:\/\/www.em.com.br\/emfoco\/2025\/06\/03\/bebida-noturna-vira-queridinha-de-quem-sofre-com-intestino-preso\/\" \/>\n<meta property=\"og:site_name\" content=\"Estado de Minas - Em foco\" \/>\n<meta property=\"article:published_time\" content=\"2025-06-03T11:02:00+00:00\" \/>\n<meta property=\"article:modified_time\" content=\"2025-06-03T14:07:49+00:00\" \/>\n<meta property=\"og:image\" content=\"https:\/\/www.em.com.br\/emfoco\/wp-content\/uploads\/2025\/06\/intestino-preso_1748946491360.jpg\" \/>\n\t<meta property=\"og:image:width\" content=\"1280\" \/>\n\t<meta property=\"og:image:height\" content=\"720\" \/>\n\t<meta property=\"og:image:type\" content=\"image\/jpeg\" \/>\n<meta name=\"author\" content=\"Vanessa Tavares\" \/>\n<meta name=\"twitter:card\" content=\"summary_large_image\" \/>\n<meta name=\"twitter:label1\" content=\"Escrito por\" \/>\n\t<meta name=\"twitter:data1\" content=\"Vanessa Tavares\" \/>\n\t<meta name=\"twitter:label2\" content=\"Est. tempo de leitura\" \/>\n\t<meta name=\"twitter:data2\" content=\"3 minutos\" \/>\n<!-- \/ Yoast SEO plugin. -->","yoast_head_json":{"title":"Bebida noturna vira queridinha de quem sofre com intestino preso - Estado de Minas - Em foco","description":"Descubra o poder do suco de ameixa para melhorar sua digest\u00e3o e aliviar a constipa\u00e7\u00e3o. Dicas e cuidados para uma sa\u00fade intestinal melhor.","robots":{"index":"index","follow":"follow","max-snippet":"max-snippet:-1","max-image-preview":"max-image-preview:large","max-video-preview":"max-video-preview:-1"},"canonical":"https:\/\/www.em.com.br\/emfoco\/2025\/06\/03\/bebida-noturna-vira-queridinha-de-quem-sofre-com-intestino-preso\/","og_locale":"pt_BR","og_type":"article","og_title":"Bebida noturna vira queridinha de quem sofre com intestino preso - Estado de Minas - Em foco","og_description":"Descubra o poder do suco de ameixa para melhorar sua digest\u00e3o e aliviar a constipa\u00e7\u00e3o. Dicas e cuidados para uma sa\u00fade intestinal melhor.","og_url":"https:\/\/www.em.com.br\/emfoco\/2025\/06\/03\/bebida-noturna-vira-queridinha-de-quem-sofre-com-intestino-preso\/","og_site_name":"Estado de Minas - Em foco","article_published_time":"2025-06-03T11:02:00+00:00","article_modified_time":"2025-06-03T14:07:49+00:00","og_image":[{"width":1280,"height":720,"url":"https:\/\/www.em.com.br\/emfoco\/wp-content\/uploads\/2025\/06\/intestino-preso_1748946491360.jpg","type":"image\/jpeg"}],"author":"Vanessa Tavares","twitter_card":"summary_large_image","twitter_misc":{"Escrito por":"Vanessa Tavares","Est. tempo de leitura":"3 minutos"},"schema":{"@context":"https:\/\/schema.org","@graph":[{"@type":"WebPage","@id":"https:\/\/www.em.com.br\/emfoco\/2025\/06\/03\/bebida-noturna-vira-queridinha-de-quem-sofre-com-intestino-preso\/","url":"https:\/\/www.em.com.br\/emfoco\/2025\/06\/03\/bebida-noturna-vira-queridinha-de-quem-sofre-com-intestino-preso\/","name":"Bebida noturna vira queridinha de quem sofre com intestino preso - Estado de Minas - Em foco","isPartOf":{"@id":"https:\/\/www.em.com.br\/emfoco\/#website"},"primaryImageOfPage":{"@id":"https:\/\/www.em.com.br\/emfoco\/2025\/06\/03\/bebida-noturna-vira-queridinha-de-quem-sofre-com-intestino-preso\/#primaryimage"},"image":{"@id":"https:\/\/www.em.com.br\/emfoco\/2025\/06\/03\/bebida-noturna-vira-queridinha-de-quem-sofre-com-intestino-preso\/#primaryimage"},"thumbnailUrl":"https:\/\/www.em.com.br\/emfoco\/wp-content\/uploads\/2025\/06\/intestino-preso_1748946491360.jpg","datePublished":"2025-06-03T11:02:00+00:00","dateModified":"2025-06-03T14:07:49+00:00","author":{"@id":"https:\/\/www.em.com.br\/emfoco\/#\/schema\/person\/4a7a157aac450b98edc86f15a7434f0b"},"description":"Descubra o poder do suco de ameixa para melhorar sua digest\u00e3o e aliviar a constipa\u00e7\u00e3o. Dicas e cuidados para uma sa\u00fade intestinal melhor.","breadcrumb":{"@id":"https:\/\/www.em.com.br\/emfoco\/2025\/06\/03\/bebida-noturna-vira-queridinha-de-quem-sofre-com-intestino-preso\/#breadcrumb"},"inLanguage":"pt-BR","potentialAction":[{"@type":"ReadAction","target":["https:\/\/www.em.com.br\/emfoco\/2025\/06\/03\/bebida-noturna-vira-queridinha-de-quem-sofre-com-intestino-preso\/"]}]},{"@type":"ImageObject","inLanguage":"pt-BR","@id":"https:\/\/www.em.com.br\/emfoco\/2025\/06\/03\/bebida-noturna-vira-queridinha-de-quem-sofre-com-intestino-preso\/#primaryimage","url":"https:\/\/www.em.com.br\/emfoco\/wp-content\/uploads\/2025\/06\/intestino-preso_1748946491360.jpg","contentUrl":"https:\/\/www.em.com.br\/emfoco\/wp-content\/uploads\/2025\/06\/intestino-preso_1748946491360.jpg","width":1280,"height":720,"caption":"Intestino preso (Cr\u00e9ditos: depositphotos.com \/ Tharakorn)"},{"@type":"BreadcrumbList","@id":"https:\/\/www.em.com.br\/emfoco\/2025\/06\/03\/bebida-noturna-vira-queridinha-de-quem-sofre-com-intestino-preso\/#breadcrumb","itemListElement":[{"@type":"ListItem","position":1,"name":"In\u00edcio","item":"https:\/\/www.em.com.br\/emfoco\/"},{"@type":"ListItem","position":2,"name":"Bebida noturna vira queridinha de quem sofre com intestino preso"}]},{"@type":"WebSite","@id":"https:\/\/www.em.com.br\/emfoco\/#website","url":"https:\/\/www.em.com.br\/emfoco\/","name":"Estado de Minas - Em foco","description":"Acompanhe as \u00faltimas not\u00edcias e fique bem informado sobre tudo o que acontece em Minas Gerais, Brasil e no mundo.","potentialAction":[{"@type":"SearchAction","target":{"@type":"EntryPoint","urlTemplate":"https:\/\/www.em.com.br\/emfoco\/?s={search_term_string}"},"query-input":{"@type":"PropertyValueSpecification","valueRequired":true,"valueName":"search_term_string"}}],"inLanguage":"pt-BR"},{"@type":"Person","@id":"https:\/\/www.em.com.br\/emfoco\/#\/schema\/person\/4a7a157aac450b98edc86f15a7434f0b","name":"Vanessa Tavares","image":{"@type":"ImageObject","inLanguage":"pt-BR","@id":"https:\/\/www.em.com.br\/emfoco\/#\/schema\/person\/image\/","url":"https:\/\/secure.gravatar.com\/avatar\/088c9372da58da00f00f8e508f13d635?s=96&d=mm&r=g","contentUrl":"https:\/\/secure.gravatar.com\/avatar\/088c9372da58da00f00f8e508f13d635?s=96&d=mm&r=g","caption":"Vanessa Tavares"},"sameAs":["https:\/\/www.em.com.br\/emfoco"],"url":"https:\/\/www.em.com.br\/emfoco\/author\/vanessamyth\/"}]}},"_links":{"self":[{"href":"https:\/\/www.em.com.br\/emfoco\/wp-json\/wp\/v2\/posts\/54565","targetHints":{"allow":["GET"]}}],"collection":[{"href":"https:\/\/www.em.com.br\/emfoco\/wp-json\/wp\/v2\/posts"}],"about":[{"href":"https:\/\/www.em.com.br\/emfoco\/wp-json\/wp\/v2\/types\/post"}],"author":[{"embeddable":true,"href":"https:\/\/www.em.com.br\/emfoco\/wp-json\/wp\/v2\/users\/19"}],"replies":[{"embeddable":true,"href":"https:\/\/www.em.com.br\/emfoco\/wp-json\/wp\/v2\/comments?post=54565"}],"version-history":[{"count":2,"href":"https:\/\/www.em.com.br\/emfoco\/wp-json\/wp\/v2\/posts\/54565\/revisions"}],"predecessor-version":[{"id":54569,"href":"https:\/\/www.em.com.br\/emfoco\/wp-json\/wp\/v2\/posts\/54565\/revisions\/54569"}],"wp:featuredmedia":[{"embeddable":true,"href":"https:\/\/www.em.com.br\/emfoco\/wp-json\/wp\/v2\/media\/54568"}],"wp:attachment":[{"href":"https:\/\/www.em.com.br\/emfoco\/wp-json\/wp\/v2\/media?parent=54565"}],"wp:term":[{"taxonomy":"category","embeddable":true,"href":"https:\/\/www.em.com.br\/emfoco\/wp-json\/wp\/v2\/categories?post=54565"},{"taxonomy":"post_tag","embeddable":true,"href":"https:\/\/www.em.com.br\/emfoco\/wp-json\/wp\/v2\/tags?post=54565"}],"curies":[{"name":"wp","href":"https:\/\/api.w.org\/{rel}","templated":true}]}}