{"id":54479,"date":"2025-06-07T09:10:14","date_gmt":"2025-06-07T12:10:14","guid":{"rendered":"https:\/\/www.em.com.br\/emfoco\/?p=54479"},"modified":"2025-06-06T20:04:11","modified_gmt":"2025-06-06T23:04:11","slug":"estudo-mostra-a-trilha-sonora-da-inteligencia","status":"publish","type":"post","link":"https:\/\/www.em.com.br\/emfoco\/2025\/06\/07\/estudo-mostra-a-trilha-sonora-da-inteligencia\/","title":{"rendered":"Estudo mostra a trilha sonora da intelig\u00eancia"},"content":{"rendered":"\n<p>Estudos em psicologia sugerem que h\u00e1 uma correla\u00e7\u00e3o entre intelig\u00eancia e prefer\u00eancias musicais. Pesquisas indicam que indiv\u00edduos com maior capacidade cognitiva tendem a apreciar g\u00eaneros musicais mais complexos, como m\u00fasica cl\u00e1ssica, jazz, indie rock e sons instrumentais experimentais. Esses estilos s\u00e3o conhecidos por estimular \u00e1reas do c\u00e9rebro associadas \u00e0 concentra\u00e7\u00e3o, criatividade e pensamento abstrato.<\/p>\n\n\n\n<p>N\u00e3o \u00e9 o g\u00eanero musical em si que define a intelig\u00eancia, mas sim o n\u00edvel de envolvimento e aprecia\u00e7\u00e3o pela complexidade sonora e l\u00edrica. Pessoas mais reflexivas geralmente buscam m\u00fasicas que provoquem <a href=\"https:\/\/www.em.com.br\/emfoco\/2025\/05\/31\/o-segredo-por-tras-do-poder-da-musica-sobre-mente-e-corpo\/\" target=\"_blank\" rel=\"noreferrer noopener\">emo\u00e7\u00f5es <\/a>profundas ou ofere\u00e7am conte\u00fado significativo. Assim, a escolha musical pode refletir padr\u00f5es mentais e emocionais, sem que isso signifique que outros g\u00eaneros, como pop ou funk, sejam menos valorizados.<\/p>\n\n\n\n<h2 class=\"wp-block-heading\">Qual \u00e9 a trilha sonora da intelig\u00eancia?<\/h2>\n\n\n\n<p>Um estudo psicol\u00f3gico revelou que a m\u00fasica cl\u00e1ssica \u00e9 frequentemente associada a pessoas com alta capacidade mental. Compositores como Ludwig van Beethoven e Wolfgang Amadeus Mozart s\u00e3o populares entre aqueles que buscam desafios mentais atrav\u00e9s da m\u00fasica. A complexidade estrutural e a riqueza harm\u00f4nica desses compositores s\u00e3o caracter\u00edsticas que atraem mentes mais anal\u00edticas.<\/p>\n\n\n\n<p>Al\u00e9m da m\u00fasica cl\u00e1ssica, o jazz tamb\u00e9m \u00e9 um g\u00eanero preferido por pessoas inteligentes. A improvisa\u00e7\u00e3o e a diversidade r\u00edtmica do jazz oferecem um terreno f\u00e9rtil para a explora\u00e7\u00e3o mental e a criatividade. A m\u00fasica instrumental, por sua vez, permite que o ouvinte se concentre nos detalhes sonoros, promovendo um ambiente prop\u00edcio \u00e0 introspec\u00e7\u00e3o e \u00e0 an\u00e1lise.<\/p>\n\n\n<div class=\"wp-block-image\">\n<figure class=\"aligncenter size-large\"><img loading=\"lazy\" decoding=\"async\" width=\"1024\" height=\"576\" src=\"https:\/\/www.em.com.br\/emfoco\/wp-content\/uploads\/2025\/06\/musica_1748922735914-1024x576.jpg\" alt=\"Estudo mostra a trilha sonora da intelig\u00eancia\" class=\"wp-image-54482\" srcset=\"https:\/\/www.em.com.br\/emfoco\/wp-content\/uploads\/2025\/06\/musica_1748922735914-1024x576.jpg 1024w, https:\/\/www.em.com.br\/emfoco\/wp-content\/uploads\/2025\/06\/musica_1748922735914-300x169.jpg 300w, https:\/\/www.em.com.br\/emfoco\/wp-content\/uploads\/2025\/06\/musica_1748922735914-768x432.jpg 768w, https:\/\/www.em.com.br\/emfoco\/wp-content\/uploads\/2025\/06\/musica_1748922735914-750x422.jpg 750w, https:\/\/www.em.com.br\/emfoco\/wp-content\/uploads\/2025\/06\/musica_1748922735914-1140x641.jpg 1140w, https:\/\/www.em.com.br\/emfoco\/wp-content\/uploads\/2025\/06\/musica_1748922735914.jpg 1280w\" sizes=\"auto, (max-width: 1024px) 100vw, 1024px\" \/><figcaption class=\"wp-element-caption\">Estudo mostra a trilha sonora da intelig\u00eancia &#8211; Cr\u00e9ditos: depositphotos.com \/ VikaOvcharenko<\/figcaption><\/figure><\/div>\n\n\n<h2 class=\"wp-block-heading\">Como o estilo musical pode indicar tra\u00e7os de intelig\u00eancia?<\/h2>\n\n\n\n<p>O estilo musical preferido pode revelar tra\u00e7os da intelig\u00eancia de uma pessoa, segundo especialistas em comportamento. G\u00eaneros musicais que exigem maior aten\u00e7\u00e3o e compreens\u00e3o, como o indie rock e o experimental, s\u00e3o frequentemente escolhidos por aqueles que possuem uma mente curiosa e aberta a novas experi\u00eancias.<\/p>\n\n\n\n<p>Esses estilos musicais, muitas vezes, apresentam letras complexas e arranjos sonoros <a href=\"https:\/\/ufrb.edu.br\/bibliotecacecult\/noticias\/382-os-beneficios-cientificamente-comprovados-da-musica-para-estudar-e-trabalhar\" target=\"_blank\" rel=\"noreferrer noopener\">inovadores<\/a>, que desafiam o ouvinte a pensar criticamente e a refletir sobre quest\u00f5es mais profundas. Assim, a prefer\u00eancia por m\u00fasicas que exigem um maior n\u00edvel de envolvimento intelectual pode ser um indicativo de alta capacidade cognitiva.<\/p>\n\n\n\n<h2 class=\"wp-block-heading\">Por que pessoas inteligentes preferem m\u00fasicas complexas?<\/h2>\n\n\n\n<p>Pessoas inteligentes tendem a preferir m\u00fasicas complexas porque essas obras oferecem um est\u00edmulo mental que ressoa com suas capacidades cognitivas. A m\u00fasica cl\u00e1ssica, por exemplo, \u00e9 rica em varia\u00e7\u00f5es mel\u00f3dicas e harm\u00f4nicas, o que proporciona um ambiente sonoro que desafia o ouvinte a decifrar e apreciar suas nuances.<\/p>\n\n\n\n<p>Al\u00e9m disso, a m\u00fasica complexa frequentemente envolve temas l\u00edricos profundos e introspectivos, que estimulam o pensamento cr\u00edtico e a reflex\u00e3o pessoal. Essa busca por complexidade e profundidade na m\u00fasica pode ser vista como uma extens\u00e3o do desejo de aprender e explorar novos conceitos, caracter\u00edsticas comuns em indiv\u00edduos com alta intelig\u00eancia.<\/p>\n\n\n\n<h2 class=\"wp-block-heading\">O que a m\u00fasica preferida revela sobre a capacidade mental?<\/h2>\n\n\n\n<p>A m\u00fasica preferida pode revelar muito sobre a capacidade mental de uma pessoa. Estudos mostram que aqueles que optam por g\u00eaneros musicais mais complexos, como o jazz e a m\u00fasica cl\u00e1ssica, geralmente possuem habilidades cognitivas superiores. Esses estilos musicais exigem uma maior capacidade de concentra\u00e7\u00e3o e aprecia\u00e7\u00e3o dos detalhes sonoros.<\/p>\n\n\n\n<p>Al\u00e9m disso, a escolha por m\u00fasicas que apresentam letras profundas e significativas pode indicar uma mente anal\u00edtica e introspectiva. Indiv\u00edduos que buscam esse tipo de m\u00fasica frequentemente demonstram um interesse por explorar quest\u00f5es filos\u00f3ficas e emocionais, refletindo uma capacidade mental agu\u00e7ada.<\/p>\n\n\n\n<h2 class=\"wp-block-heading\">Qual \u00e9 o som favorito das mentes mais inteligentes?<\/h2>\n\n\n\n<p>Pesquisadores revelam que o som favorito das mentes mais inteligentes \u00e9 aquele que desafia e estimula o c\u00e9rebro. G\u00eaneros como m\u00fasica cl\u00e1ssica, jazz e indie rock s\u00e3o frequentemente citados como preferidos por pessoas com alta capacidade cognitiva. Esses estilos oferecem uma complexidade sonora que ressoa com a necessidade de est\u00edmulo intelectual.<\/p>\n\n\n\n<p>Al\u00e9m disso, m\u00fasicas instrumentais e experimentais s\u00e3o populares entre aqueles que buscam uma experi\u00eancia auditiva que v\u00e1 al\u00e9m do entretenimento. Esses g\u00eaneros permitem uma explora\u00e7\u00e3o mais profunda dos elementos musicais, promovendo um ambiente prop\u00edcio \u00e0 introspec\u00e7\u00e3o e \u00e0 an\u00e1lise cr\u00edtica.<\/p>\n","protected":false},"excerpt":{"rendered":"<p>Estudos em psicologia sugerem que h\u00e1 uma correla\u00e7\u00e3o entre intelig\u00eancia e prefer\u00eancias musicais. Pesquisas indicam que indiv\u00edduos com maior capacidade cognitiva tendem a apreciar g\u00eaneros musicais mais complexos, como m\u00fasica cl\u00e1ssica, jazz, indie rock e sons instrumentais experimentais. Esses estilos s\u00e3o conhecidos por estimular \u00e1reas do c\u00e9rebro associadas \u00e0 concentra\u00e7\u00e3o, criatividade e pensamento abstrato. N\u00e3o [&hellip;]<\/p>\n","protected":false},"author":15,"featured_media":54481,"comment_status":"open","ping_status":"open","sticky":false,"template":"","format":"standard","meta":{"jnews-multi-image_gallery":[],"jnews_single_post":{"format":"standard"},"jnews_primary_category":[],"jnews_social_meta":[],"jnews_override_counter":[],"footnotes":""},"categories":[8819],"tags":[4983,9710,6830,185,5155],"class_list":["post-54479","post","type-post","status-publish","format-standard","has-post-thumbnail","hentry","category-curiosidades","tag-comportamento","tag-estudos","tag-inteligencia","tag-musica","tag-psicologia"],"yoast_head":"<!-- This site is optimized with the Yoast SEO plugin v23.8 - https:\/\/yoast.com\/wordpress\/plugins\/seo\/ -->\n<title>Estudo mostra a trilha sonora da intelig\u00eancia - Estado de Minas - Em foco<\/title>\n<meta name=\"description\" content=\"O estilo de m\u00fasica que voc\u00ea prefere pode revelar tra\u00e7os da sua intelig\u00eancia, segundo especialistas em comportamento.\" \/>\n<meta name=\"robots\" content=\"index, follow, max-snippet:-1, max-image-preview:large, max-video-preview:-1\" \/>\n<link rel=\"canonical\" href=\"https:\/\/www.em.com.br\/emfoco\/2025\/06\/07\/estudo-mostra-a-trilha-sonora-da-inteligencia\/\" \/>\n<meta property=\"og:locale\" content=\"pt_BR\" \/>\n<meta property=\"og:type\" content=\"article\" \/>\n<meta property=\"og:title\" content=\"Estudo mostra a trilha sonora da intelig\u00eancia - Estado de Minas - Em foco\" \/>\n<meta property=\"og:description\" content=\"O estilo de m\u00fasica que voc\u00ea prefere pode revelar tra\u00e7os da sua intelig\u00eancia, segundo especialistas em comportamento.\" \/>\n<meta property=\"og:url\" content=\"https:\/\/www.em.com.br\/emfoco\/2025\/06\/07\/estudo-mostra-a-trilha-sonora-da-inteligencia\/\" \/>\n<meta property=\"og:site_name\" content=\"Estado de Minas - Em foco\" \/>\n<meta property=\"article:published_time\" content=\"2025-06-07T12:10:14+00:00\" \/>\n<meta property=\"article:modified_time\" content=\"2025-06-06T23:04:11+00:00\" \/>\n<meta property=\"og:image\" content=\"https:\/\/www.em.com.br\/emfoco\/wp-content\/uploads\/2025\/06\/musica_1748922641042.jpg\" \/>\n\t<meta property=\"og:image:width\" content=\"1280\" \/>\n\t<meta property=\"og:image:height\" content=\"720\" \/>\n\t<meta property=\"og:image:type\" content=\"image\/jpeg\" \/>\n<meta name=\"author\" content=\"Douglas Myth\" \/>\n<meta name=\"twitter:card\" content=\"summary_large_image\" \/>\n<meta name=\"twitter:label1\" content=\"Escrito por\" \/>\n\t<meta name=\"twitter:data1\" content=\"Douglas Myth\" \/>\n\t<meta name=\"twitter:label2\" content=\"Est. tempo de leitura\" \/>\n\t<meta name=\"twitter:data2\" content=\"5 minutos\" \/>\n<!-- \/ Yoast SEO plugin. -->","yoast_head_json":{"title":"Estudo mostra a trilha sonora da intelig\u00eancia - Estado de Minas - Em foco","description":"O estilo de m\u00fasica que voc\u00ea prefere pode revelar tra\u00e7os da sua intelig\u00eancia, segundo especialistas em comportamento.","robots":{"index":"index","follow":"follow","max-snippet":"max-snippet:-1","max-image-preview":"max-image-preview:large","max-video-preview":"max-video-preview:-1"},"canonical":"https:\/\/www.em.com.br\/emfoco\/2025\/06\/07\/estudo-mostra-a-trilha-sonora-da-inteligencia\/","og_locale":"pt_BR","og_type":"article","og_title":"Estudo mostra a trilha sonora da intelig\u00eancia - Estado de Minas - Em foco","og_description":"O estilo de m\u00fasica que voc\u00ea prefere pode revelar tra\u00e7os da sua intelig\u00eancia, segundo especialistas em comportamento.","og_url":"https:\/\/www.em.com.br\/emfoco\/2025\/06\/07\/estudo-mostra-a-trilha-sonora-da-inteligencia\/","og_site_name":"Estado de Minas - Em foco","article_published_time":"2025-06-07T12:10:14+00:00","article_modified_time":"2025-06-06T23:04:11+00:00","og_image":[{"width":1280,"height":720,"url":"https:\/\/www.em.com.br\/emfoco\/wp-content\/uploads\/2025\/06\/musica_1748922641042.jpg","type":"image\/jpeg"}],"author":"Douglas Myth","twitter_card":"summary_large_image","twitter_misc":{"Escrito por":"Douglas Myth","Est. tempo de leitura":"5 minutos"},"schema":{"@context":"https:\/\/schema.org","@graph":[{"@type":"WebPage","@id":"https:\/\/www.em.com.br\/emfoco\/2025\/06\/07\/estudo-mostra-a-trilha-sonora-da-inteligencia\/","url":"https:\/\/www.em.com.br\/emfoco\/2025\/06\/07\/estudo-mostra-a-trilha-sonora-da-inteligencia\/","name":"Estudo mostra a trilha sonora da intelig\u00eancia - Estado de Minas - Em foco","isPartOf":{"@id":"https:\/\/www.em.com.br\/emfoco\/#website"},"primaryImageOfPage":{"@id":"https:\/\/www.em.com.br\/emfoco\/2025\/06\/07\/estudo-mostra-a-trilha-sonora-da-inteligencia\/#primaryimage"},"image":{"@id":"https:\/\/www.em.com.br\/emfoco\/2025\/06\/07\/estudo-mostra-a-trilha-sonora-da-inteligencia\/#primaryimage"},"thumbnailUrl":"https:\/\/www.em.com.br\/emfoco\/wp-content\/uploads\/2025\/06\/musica_1748922641042.jpg","datePublished":"2025-06-07T12:10:14+00:00","dateModified":"2025-06-06T23:04:11+00:00","author":{"@id":"https:\/\/www.em.com.br\/emfoco\/#\/schema\/person\/bba594b7eebe9b9885fec3a5c7837089"},"description":"O estilo de m\u00fasica que voc\u00ea prefere pode revelar tra\u00e7os da sua intelig\u00eancia, segundo especialistas em comportamento.","breadcrumb":{"@id":"https:\/\/www.em.com.br\/emfoco\/2025\/06\/07\/estudo-mostra-a-trilha-sonora-da-inteligencia\/#breadcrumb"},"inLanguage":"pt-BR","potentialAction":[{"@type":"ReadAction","target":["https:\/\/www.em.com.br\/emfoco\/2025\/06\/07\/estudo-mostra-a-trilha-sonora-da-inteligencia\/"]}]},{"@type":"ImageObject","inLanguage":"pt-BR","@id":"https:\/\/www.em.com.br\/emfoco\/2025\/06\/07\/estudo-mostra-a-trilha-sonora-da-inteligencia\/#primaryimage","url":"https:\/\/www.em.com.br\/emfoco\/wp-content\/uploads\/2025\/06\/musica_1748922641042.jpg","contentUrl":"https:\/\/www.em.com.br\/emfoco\/wp-content\/uploads\/2025\/06\/musica_1748922641042.jpg","width":1280,"height":720,"caption":"Estudo mostra a trilha sonora da intelig\u00eancia - Cr\u00e9ditos: depositphotos.com \/ grandfailure"},{"@type":"BreadcrumbList","@id":"https:\/\/www.em.com.br\/emfoco\/2025\/06\/07\/estudo-mostra-a-trilha-sonora-da-inteligencia\/#breadcrumb","itemListElement":[{"@type":"ListItem","position":1,"name":"In\u00edcio","item":"https:\/\/www.em.com.br\/emfoco\/"},{"@type":"ListItem","position":2,"name":"Estudo mostra a trilha sonora da intelig\u00eancia"}]},{"@type":"WebSite","@id":"https:\/\/www.em.com.br\/emfoco\/#website","url":"https:\/\/www.em.com.br\/emfoco\/","name":"Estado de Minas - Em foco","description":"Acompanhe as \u00faltimas not\u00edcias e fique bem informado sobre tudo o que acontece em Minas Gerais, Brasil e no mundo.","potentialAction":[{"@type":"SearchAction","target":{"@type":"EntryPoint","urlTemplate":"https:\/\/www.em.com.br\/emfoco\/?s={search_term_string}"},"query-input":{"@type":"PropertyValueSpecification","valueRequired":true,"valueName":"search_term_string"}}],"inLanguage":"pt-BR"},{"@type":"Person","@id":"https:\/\/www.em.com.br\/emfoco\/#\/schema\/person\/bba594b7eebe9b9885fec3a5c7837089","name":"Douglas Myth","image":{"@type":"ImageObject","inLanguage":"pt-BR","@id":"https:\/\/www.em.com.br\/emfoco\/#\/schema\/person\/image\/","url":"https:\/\/secure.gravatar.com\/avatar\/1ac3cf50d0e68642c697dc0c960c802f?s=96&d=mm&r=g","contentUrl":"https:\/\/secure.gravatar.com\/avatar\/1ac3cf50d0e68642c697dc0c960c802f?s=96&d=mm&r=g","caption":"Douglas Myth"},"url":"https:\/\/www.em.com.br\/emfoco\/author\/douglasmyth\/"}]}},"_links":{"self":[{"href":"https:\/\/www.em.com.br\/emfoco\/wp-json\/wp\/v2\/posts\/54479","targetHints":{"allow":["GET"]}}],"collection":[{"href":"https:\/\/www.em.com.br\/emfoco\/wp-json\/wp\/v2\/posts"}],"about":[{"href":"https:\/\/www.em.com.br\/emfoco\/wp-json\/wp\/v2\/types\/post"}],"author":[{"embeddable":true,"href":"https:\/\/www.em.com.br\/emfoco\/wp-json\/wp\/v2\/users\/15"}],"replies":[{"embeddable":true,"href":"https:\/\/www.em.com.br\/emfoco\/wp-json\/wp\/v2\/comments?post=54479"}],"version-history":[{"count":2,"href":"https:\/\/www.em.com.br\/emfoco\/wp-json\/wp\/v2\/posts\/54479\/revisions"}],"predecessor-version":[{"id":54483,"href":"https:\/\/www.em.com.br\/emfoco\/wp-json\/wp\/v2\/posts\/54479\/revisions\/54483"}],"wp:featuredmedia":[{"embeddable":true,"href":"https:\/\/www.em.com.br\/emfoco\/wp-json\/wp\/v2\/media\/54481"}],"wp:attachment":[{"href":"https:\/\/www.em.com.br\/emfoco\/wp-json\/wp\/v2\/media?parent=54479"}],"wp:term":[{"taxonomy":"category","embeddable":true,"href":"https:\/\/www.em.com.br\/emfoco\/wp-json\/wp\/v2\/categories?post=54479"},{"taxonomy":"post_tag","embeddable":true,"href":"https:\/\/www.em.com.br\/emfoco\/wp-json\/wp\/v2\/tags?post=54479"}],"curies":[{"name":"wp","href":"https:\/\/api.w.org\/{rel}","templated":true}]}}