{"id":54331,"date":"2025-06-03T18:30:00","date_gmt":"2025-06-03T21:30:00","guid":{"rendered":"https:\/\/www.em.com.br\/emfoco\/?p=54331"},"modified":"2025-06-02T14:58:02","modified_gmt":"2025-06-02T17:58:02","slug":"a-cidade-que-mistura-historia-reggae-e-mar-vai-conquistar-voce","status":"publish","type":"post","link":"https:\/\/www.em.com.br\/emfoco\/2025\/06\/03\/a-cidade-que-mistura-historia-reggae-e-mar-vai-conquistar-voce\/","title":{"rendered":"A cidade que mistura hist\u00f3ria, reggae e mar vai conquistar voc\u00ea"},"content":{"rendered":"\n<p><strong>S\u00e3o Lu\u00eds<\/strong>, capital do estado do <strong>Maranh\u00e3o<\/strong>, \u00e9 uma cidade rica em hist\u00f3ria e cultura, conhecida como a &#8220;<strong>Atenas Brasileira<\/strong>&#8220;. Fundada em 1612 por colonizadores franceses, a cidade possui um <strong>Centro Hist\u00f3rico<\/strong> reconhecido pela <strong>Unesco<\/strong>, famoso por seus casar\u00f5es azulejados e pela forte influ\u00eancia afro-ind\u00edgena. Localizada na <strong>Ilha de S\u00e3o Lu\u00eds<\/strong>, a cidade \u00e9 banhada pela <strong>Ba\u00eda de S\u00e3o Marcos<\/strong>, oferecendo uma combina\u00e7\u00e3o \u00fanica de belezas naturais e eventos culturais vibrantes, segundo o <a href=\"https:\/\/revistaoeste.com\/oestegeral\/2025\/05\/15\/essa-cidade-e-conhecida-como-a-atenas-brasileira-do-nordeste\/\" target=\"_blank\" rel=\"noreferrer noopener\">site Revista Oeste.<\/a><\/p>\n\n\n\n<p>Al\u00e9m de sua import\u00e2ncia hist\u00f3rica, S\u00e3o Lu\u00eds \u00e9 um destino tur\u00edstico popular devido a suas praias, como a Praia do Calhau, e festivais culturais, como o <strong>Bumba Meu Boi<\/strong>. Este artigo explora os aspectos que tornam S\u00e3o Lu\u00eds especial, com foco em qualidade de vida, educa\u00e7\u00e3o e seu apelo tur\u00edstico.<\/p>\n\n\n\n<h2 class=\"wp-block-heading\">Como \u00e9 a qualidade de vida em S\u00e3o Lu\u00eds?<\/h2>\n\n\n\n<p>A qualidade de vida em S\u00e3o Lu\u00eds \u00e9 caracterizada por um equil\u00edbrio entre a tranquilidade de uma ilha e uma infraestrutura urbana em desenvolvimento. A seguran\u00e7a \u00e9 uma preocupa\u00e7\u00e3o constante, com policiamento refor\u00e7ado em \u00e1reas tur\u00edsticas e no Centro Hist\u00f3rico. No entanto, furtos ainda s\u00e3o reportados em zonas mais movimentadas.<\/p>\n\n\n\n<p>O sistema de sa\u00fade \u00e9 composto por institui\u00e7\u00f5es p\u00fablicas e privadas, como o Hospital Universit\u00e1rio Presidente Dutra e a Maternidade Marly Sarney. O transporte p\u00fablico \u00e9 operado por uma frota de \u00f4nibus que conecta os bairros da cidade, facilitando o deslocamento dos moradores. A infraestrutura urbana inclui saneamento b\u00e1sico, energia est\u00e1vel e uma crescente cobertura de internet.<\/p>\n\n\n\n<h2 class=\"wp-block-heading\">De que forma a cidade promove a sustentabilidade?<\/h2>\n\n\n\n<p>A sustentabilidade \u00e9 uma prioridade em S\u00e3o Lu\u00eds, com esfor\u00e7os significativos para preservar seu patrim\u00f4nio natural e cultural. O Parque Estadual do Bacanga \u00e9 um exemplo disso, protegendo \u00e1reas de Mata Atl\u00e2ntica e manguezais, al\u00e9m de oferecer trilhas educativas para visitantes.<\/p>\n\n\n\n<p>A cidade tamb\u00e9m promove a coleta seletiva de lixo e campanhas de conscientiza\u00e7\u00e3o ambiental, especialmente nas praias. Projetos como o Eco S\u00e3o Lu\u00eds incentivam pr\u00e1ticas sustent\u00e1veis em escolas e pousadas, buscando alinhar o turismo e a ind\u00fastria com a preserva\u00e7\u00e3o ambiental.<\/p>\n\n\n<div class=\"wp-block-image\">\n<figure class=\"aligncenter size-large\"><img loading=\"lazy\" decoding=\"async\" width=\"1024\" height=\"576\" src=\"https:\/\/www.em.com.br\/emfoco\/wp-content\/uploads\/2025\/06\/sao-luis_1748885675313-1024x576.jpg\" alt=\"A cidade que mistura hist\u00f3ria, reggae e mar vai conquistar voc\u00ea\" class=\"wp-image-54333\" srcset=\"https:\/\/www.em.com.br\/emfoco\/wp-content\/uploads\/2025\/06\/sao-luis_1748885675313-1024x576.jpg 1024w, https:\/\/www.em.com.br\/emfoco\/wp-content\/uploads\/2025\/06\/sao-luis_1748885675313-300x169.jpg 300w, https:\/\/www.em.com.br\/emfoco\/wp-content\/uploads\/2025\/06\/sao-luis_1748885675313-768x432.jpg 768w, https:\/\/www.em.com.br\/emfoco\/wp-content\/uploads\/2025\/06\/sao-luis_1748885675313-750x422.jpg 750w, https:\/\/www.em.com.br\/emfoco\/wp-content\/uploads\/2025\/06\/sao-luis_1748885675313-1140x641.jpg 1140w, https:\/\/www.em.com.br\/emfoco\/wp-content\/uploads\/2025\/06\/sao-luis_1748885675313.jpg 1280w\" sizes=\"auto, (max-width: 1024px) 100vw, 1024px\" \/><figcaption class=\"wp-element-caption\">S\u00e3o Lu\u00eds (Cr\u00e9ditos: depositphotos.com \/ Fotoember)<\/figcaption><\/figure><\/div>\n\n\n<h2 class=\"wp-block-heading\">Qual \u00e9 o papel da educa\u00e7\u00e3o em S\u00e3o Lu\u00eds como pilar cultural?<\/h2>\n\n\n\n<p>A educa\u00e7\u00e3o em S\u00e3o Lu\u00eds \u00e9 um dos pilares de sua identidade <a href=\"https:\/\/www.em.com.br\/emfoco\/2025\/06\/02\/essa-cidade-catarinense-esta-surpreendendo-o-brasil-com-seu-modelo-de-vida-urbana\/\" target=\"_blank\" rel=\"noreferrer noopener\">cultural<\/a>. A cidade abriga institui\u00e7\u00f5es de ensino renomadas, como a Universidade Federal do Maranh\u00e3o (UFMA) e a Universidade Estadual do Maranh\u00e3o (UEMA), que oferecem cursos em diversas \u00e1reas, incluindo Medicina, Hist\u00f3ria, Turismo e Engenharia.<\/p>\n\n\n\n<p>Al\u00e9m disso, eventos culturais e liter\u00e1rios, como o S\u00e3o Lu\u00eds Liter\u00e1ria, enriquecem a forma\u00e7\u00e3o dos estudantes, preparando-os para o mercado de trabalho local, que \u00e9 fortemente influenciado pelo setor cultural e portu\u00e1rio.<\/p>\n\n\n\n<h2 class=\"wp-block-heading\">Quais s\u00e3o os principais pontos tur\u00edsticos da cidade?<\/h2>\n\n\n\n<p>S\u00e3o Lu\u00eds \u00e9 um destino tur\u00edstico rico em atra\u00e7\u00f5es hist\u00f3ricas, culturais e naturais. O Centro Hist\u00f3rico, com seus casar\u00f5es azulejados e ruas pitorescas, \u00e9 um dos principais pontos de interesse. A Praia do Calhau oferece um cen\u00e1rio perfeito para relaxamento e caminhadas \u00e0 beira-mar.<\/p>\n\n\n\n<p>Outras atra\u00e7\u00f5es incluem o Museu do Reggae, que celebra a influ\u00eancia do ritmo na cultura local, e o Teatro Arthur Azevedo, um dos mais antigos do Brasil. O Parque do Bom Menino \u00e9 um espa\u00e7o verde popular entre fam\u00edlias, oferecendo lazer e eventos ao ar livre.<\/p>\n\n\n\n<h2 class=\"wp-block-heading\">Quais s\u00e3o as considera\u00e7\u00f5es finais?<\/h2>\n\n\n\n<p>S\u00e3o Lu\u00eds \u00e9 uma cidade que combina hist\u00f3ria, cultura e natureza de maneira \u00fanica. Seja para morar ou visitar, a cidade oferece uma experi\u00eancia rica e diversificada, com uma qualidade de vida acolhedora e um ambiente cultural vibrante. Com suas belezas naturais, patrim\u00f4nio hist\u00f3rico e eventos culturais, S\u00e3o Lu\u00eds continua a encantar moradores e visitantes, consolidando-se como um destino imperd\u00edvel no Brasil.<\/p>\n","protected":false},"excerpt":{"rendered":"<p>S\u00e3o Lu\u00eds, capital do estado do Maranh\u00e3o, \u00e9 uma cidade rica em hist\u00f3ria e cultura, conhecida como a &#8220;Atenas Brasileira&#8220;. Fundada em 1612 por colonizadores franceses, a cidade possui um Centro Hist\u00f3rico reconhecido pela Unesco, famoso por seus casar\u00f5es azulejados e pela forte influ\u00eancia afro-ind\u00edgena. Localizada na Ilha de S\u00e3o Lu\u00eds, a cidade \u00e9 banhada [&hellip;]<\/p>\n","protected":false},"author":10,"featured_media":54332,"comment_status":"open","ping_status":"open","sticky":false,"template":"","format":"standard","meta":{"jnews-multi-image_gallery":[],"jnews_single_post":{"format":"standard"},"jnews_primary_category":[],"jnews_social_meta":[],"jnews_override_counter":[],"footnotes":""},"categories":[26,1],"tags":[310,159,237,588],"class_list":["post-54331","post","type-post","status-publish","format-standard","has-post-thumbnail","hentry","category-cidades","category-noticias","tag-cidade","tag-cultura","tag-historia","tag-mar"],"yoast_head":"<!-- This site is optimized with the Yoast SEO plugin v23.8 - https:\/\/yoast.com\/wordpress\/plugins\/seo\/ -->\n<title>A cidade que mistura hist\u00f3ria, reggae e mar vai conquistar voc\u00ea - Estado de Minas - Em foco<\/title>\n<meta name=\"description\" content=\"Essa cidade combina praias, cultura vibrante e hist\u00f3ria colonial em um s\u00f3 lugar. Conhe\u00e7a a capital que encanta quem a visita.\" \/>\n<meta name=\"robots\" content=\"index, follow, max-snippet:-1, max-image-preview:large, max-video-preview:-1\" \/>\n<link rel=\"canonical\" href=\"https:\/\/www.em.com.br\/emfoco\/2025\/06\/03\/a-cidade-que-mistura-historia-reggae-e-mar-vai-conquistar-voce\/\" \/>\n<meta property=\"og:locale\" content=\"pt_BR\" \/>\n<meta property=\"og:type\" content=\"article\" \/>\n<meta property=\"og:title\" content=\"A cidade que mistura hist\u00f3ria, reggae e mar vai conquistar voc\u00ea - Estado de Minas - Em foco\" \/>\n<meta property=\"og:description\" content=\"Essa cidade combina praias, cultura vibrante e hist\u00f3ria colonial em um s\u00f3 lugar. Conhe\u00e7a a capital que encanta quem a visita.\" \/>\n<meta property=\"og:url\" content=\"https:\/\/www.em.com.br\/emfoco\/2025\/06\/03\/a-cidade-que-mistura-historia-reggae-e-mar-vai-conquistar-voce\/\" \/>\n<meta property=\"og:site_name\" content=\"Estado de Minas - Em foco\" \/>\n<meta property=\"article:published_time\" content=\"2025-06-03T21:30:00+00:00\" \/>\n<meta property=\"article:modified_time\" content=\"2025-06-02T17:58:02+00:00\" \/>\n<meta property=\"og:image\" content=\"https:\/\/www.em.com.br\/emfoco\/wp-content\/uploads\/2025\/06\/sao-luis-brasil_1748885481546.jpg\" \/>\n\t<meta property=\"og:image:width\" content=\"1280\" \/>\n\t<meta property=\"og:image:height\" content=\"720\" \/>\n\t<meta property=\"og:image:type\" content=\"image\/jpeg\" \/>\n<meta name=\"author\" content=\"Patryck Reinehr\" \/>\n<meta name=\"twitter:card\" content=\"summary_large_image\" \/>\n<meta name=\"twitter:label1\" content=\"Escrito por\" \/>\n\t<meta name=\"twitter:data1\" content=\"Patryck Reinehr\" \/>\n\t<meta name=\"twitter:label2\" content=\"Est. tempo de leitura\" \/>\n\t<meta name=\"twitter:data2\" content=\"4 minutos\" \/>\n<!-- \/ Yoast SEO plugin. -->","yoast_head_json":{"title":"A cidade que mistura hist\u00f3ria, reggae e mar vai conquistar voc\u00ea - Estado de Minas - Em foco","description":"Essa cidade combina praias, cultura vibrante e hist\u00f3ria colonial em um s\u00f3 lugar. Conhe\u00e7a a capital que encanta quem a visita.","robots":{"index":"index","follow":"follow","max-snippet":"max-snippet:-1","max-image-preview":"max-image-preview:large","max-video-preview":"max-video-preview:-1"},"canonical":"https:\/\/www.em.com.br\/emfoco\/2025\/06\/03\/a-cidade-que-mistura-historia-reggae-e-mar-vai-conquistar-voce\/","og_locale":"pt_BR","og_type":"article","og_title":"A cidade que mistura hist\u00f3ria, reggae e mar vai conquistar voc\u00ea - Estado de Minas - Em foco","og_description":"Essa cidade combina praias, cultura vibrante e hist\u00f3ria colonial em um s\u00f3 lugar. Conhe\u00e7a a capital que encanta quem a visita.","og_url":"https:\/\/www.em.com.br\/emfoco\/2025\/06\/03\/a-cidade-que-mistura-historia-reggae-e-mar-vai-conquistar-voce\/","og_site_name":"Estado de Minas - Em foco","article_published_time":"2025-06-03T21:30:00+00:00","article_modified_time":"2025-06-02T17:58:02+00:00","og_image":[{"width":1280,"height":720,"url":"https:\/\/www.em.com.br\/emfoco\/wp-content\/uploads\/2025\/06\/sao-luis-brasil_1748885481546.jpg","type":"image\/jpeg"}],"author":"Patryck Reinehr","twitter_card":"summary_large_image","twitter_misc":{"Escrito por":"Patryck Reinehr","Est. tempo de leitura":"4 minutos"},"schema":{"@context":"https:\/\/schema.org","@graph":[{"@type":"WebPage","@id":"https:\/\/www.em.com.br\/emfoco\/2025\/06\/03\/a-cidade-que-mistura-historia-reggae-e-mar-vai-conquistar-voce\/","url":"https:\/\/www.em.com.br\/emfoco\/2025\/06\/03\/a-cidade-que-mistura-historia-reggae-e-mar-vai-conquistar-voce\/","name":"A cidade que mistura hist\u00f3ria, reggae e mar vai conquistar voc\u00ea - Estado de Minas - Em foco","isPartOf":{"@id":"https:\/\/www.em.com.br\/emfoco\/#website"},"primaryImageOfPage":{"@id":"https:\/\/www.em.com.br\/emfoco\/2025\/06\/03\/a-cidade-que-mistura-historia-reggae-e-mar-vai-conquistar-voce\/#primaryimage"},"image":{"@id":"https:\/\/www.em.com.br\/emfoco\/2025\/06\/03\/a-cidade-que-mistura-historia-reggae-e-mar-vai-conquistar-voce\/#primaryimage"},"thumbnailUrl":"https:\/\/www.em.com.br\/emfoco\/wp-content\/uploads\/2025\/06\/sao-luis-brasil_1748885481546.jpg","datePublished":"2025-06-03T21:30:00+00:00","dateModified":"2025-06-02T17:58:02+00:00","author":{"@id":"https:\/\/www.em.com.br\/emfoco\/#\/schema\/person\/43407752bebcbbb4d0ec79deedc0d7ce"},"description":"Essa cidade combina praias, cultura vibrante e hist\u00f3ria colonial em um s\u00f3 lugar. Conhe\u00e7a a capital que encanta quem a visita.","breadcrumb":{"@id":"https:\/\/www.em.com.br\/emfoco\/2025\/06\/03\/a-cidade-que-mistura-historia-reggae-e-mar-vai-conquistar-voce\/#breadcrumb"},"inLanguage":"pt-BR","potentialAction":[{"@type":"ReadAction","target":["https:\/\/www.em.com.br\/emfoco\/2025\/06\/03\/a-cidade-que-mistura-historia-reggae-e-mar-vai-conquistar-voce\/"]}]},{"@type":"ImageObject","inLanguage":"pt-BR","@id":"https:\/\/www.em.com.br\/emfoco\/2025\/06\/03\/a-cidade-que-mistura-historia-reggae-e-mar-vai-conquistar-voce\/#primaryimage","url":"https:\/\/www.em.com.br\/emfoco\/wp-content\/uploads\/2025\/06\/sao-luis-brasil_1748885481546.jpg","contentUrl":"https:\/\/www.em.com.br\/emfoco\/wp-content\/uploads\/2025\/06\/sao-luis-brasil_1748885481546.jpg","width":1280,"height":720,"caption":"S\u00e3o Lu\u00eds (Cr\u00e9ditos: depositphotos.com \/ Fotoember)"},{"@type":"BreadcrumbList","@id":"https:\/\/www.em.com.br\/emfoco\/2025\/06\/03\/a-cidade-que-mistura-historia-reggae-e-mar-vai-conquistar-voce\/#breadcrumb","itemListElement":[{"@type":"ListItem","position":1,"name":"In\u00edcio","item":"https:\/\/www.em.com.br\/emfoco\/"},{"@type":"ListItem","position":2,"name":"A cidade que mistura hist\u00f3ria, reggae e mar vai conquistar voc\u00ea"}]},{"@type":"WebSite","@id":"https:\/\/www.em.com.br\/emfoco\/#website","url":"https:\/\/www.em.com.br\/emfoco\/","name":"Estado de Minas - Em foco","description":"Acompanhe as \u00faltimas not\u00edcias e fique bem informado sobre tudo o que acontece em Minas Gerais, Brasil e no mundo.","potentialAction":[{"@type":"SearchAction","target":{"@type":"EntryPoint","urlTemplate":"https:\/\/www.em.com.br\/emfoco\/?s={search_term_string}"},"query-input":{"@type":"PropertyValueSpecification","valueRequired":true,"valueName":"search_term_string"}}],"inLanguage":"pt-BR"},{"@type":"Person","@id":"https:\/\/www.em.com.br\/emfoco\/#\/schema\/person\/43407752bebcbbb4d0ec79deedc0d7ce","name":"Patryck Reinehr","image":{"@type":"ImageObject","inLanguage":"pt-BR","@id":"https:\/\/www.em.com.br\/emfoco\/#\/schema\/person\/image\/","url":"https:\/\/secure.gravatar.com\/avatar\/570c7fb2898c0e2df0823196891bea88?s=96&d=mm&r=g","contentUrl":"https:\/\/secure.gravatar.com\/avatar\/570c7fb2898c0e2df0823196891bea88?s=96&d=mm&r=g","caption":"Patryck Reinehr"},"url":"https:\/\/www.em.com.br\/emfoco\/author\/patryckmyth\/"}]}},"_links":{"self":[{"href":"https:\/\/www.em.com.br\/emfoco\/wp-json\/wp\/v2\/posts\/54331","targetHints":{"allow":["GET"]}}],"collection":[{"href":"https:\/\/www.em.com.br\/emfoco\/wp-json\/wp\/v2\/posts"}],"about":[{"href":"https:\/\/www.em.com.br\/emfoco\/wp-json\/wp\/v2\/types\/post"}],"author":[{"embeddable":true,"href":"https:\/\/www.em.com.br\/emfoco\/wp-json\/wp\/v2\/users\/10"}],"replies":[{"embeddable":true,"href":"https:\/\/www.em.com.br\/emfoco\/wp-json\/wp\/v2\/comments?post=54331"}],"version-history":[{"count":1,"href":"https:\/\/www.em.com.br\/emfoco\/wp-json\/wp\/v2\/posts\/54331\/revisions"}],"predecessor-version":[{"id":54334,"href":"https:\/\/www.em.com.br\/emfoco\/wp-json\/wp\/v2\/posts\/54331\/revisions\/54334"}],"wp:featuredmedia":[{"embeddable":true,"href":"https:\/\/www.em.com.br\/emfoco\/wp-json\/wp\/v2\/media\/54332"}],"wp:attachment":[{"href":"https:\/\/www.em.com.br\/emfoco\/wp-json\/wp\/v2\/media?parent=54331"}],"wp:term":[{"taxonomy":"category","embeddable":true,"href":"https:\/\/www.em.com.br\/emfoco\/wp-json\/wp\/v2\/categories?post=54331"},{"taxonomy":"post_tag","embeddable":true,"href":"https:\/\/www.em.com.br\/emfoco\/wp-json\/wp\/v2\/tags?post=54331"}],"curies":[{"name":"wp","href":"https:\/\/api.w.org\/{rel}","templated":true}]}}