{"id":54314,"date":"2025-06-05T11:10:03","date_gmt":"2025-06-05T14:10:03","guid":{"rendered":"https:\/\/www.em.com.br\/emfoco\/?p=54314"},"modified":"2025-06-04T18:15:24","modified_gmt":"2025-06-04T21:15:24","slug":"voce-e-feliz-no-trabalho-entao-evite-isso-aqui","status":"publish","type":"post","link":"https:\/\/www.em.com.br\/emfoco\/2025\/06\/05\/voce-e-feliz-no-trabalho-entao-evite-isso-aqui\/","title":{"rendered":"Voc\u00ea \u00e9 feliz no trabalho? Ent\u00e3o evite isso aqui"},"content":{"rendered":"\n<p>Pessoas felizes e satisfeitas no ambiente profissional t\u00eam mais do que apenas boa sorte: elas cultivam h\u00e1bitos saud\u00e1veis e, principalmente, evitam comportamentos prejudiciais. Entre os principais, est\u00e3o reclama\u00e7\u00f5es constantes, envolvimento em fofocas e a compara\u00e7\u00e3o excessiva com colegas. Esses h\u00e1bitos consomem energia emocional e criam um ambiente t\u00f3xico, minando a motiva\u00e7\u00e3o e o foco.<\/p>\n\n\n\n<p>Al\u00e9m disso, essas pessoas tendem a n\u00e3o levar o trabalho para casa, respeitando seus momentos de descanso. Elas tamb\u00e9m evitam procrastinar decis\u00f5es importantes, n\u00e3o se <a href=\"https:\/\/www.em.com.br\/emfoco\/2025\/05\/28\/por-que-algumas-pessoas-tem-medo-de-serem-felizes\/\" target=\"_blank\" rel=\"noreferrer noopener\">sobrecarregam <\/a>para agradar e n\u00e3o buscam valida\u00e7\u00e3o constante. Ao eliminar essas atitudes, conseguem preservar sua sa\u00fade mental, manter a produtividade e cultivar rela\u00e7\u00f5es mais saud\u00e1veis com colegas e gestores.<\/p>\n\n\n\n<h2 class=\"wp-block-heading\">Por que evitar reclama\u00e7\u00f5es constantes no trabalho?<\/h2>\n\n\n\n<p>Reclamar constantemente no ambiente de trabalho pode parecer uma forma de desabafar, mas, na verdade, esse h\u00e1bito pode ser extremamente prejudicial. Ele n\u00e3o apenas drena a energia emocional, mas tamb\u00e9m pode criar um clima negativo ao redor, afetando tanto o reclamante quanto os colegas. Pessoas felizes no trabalho evitam essa pr\u00e1tica, focando em solu\u00e7\u00f5es em vez de problemas.<\/p>\n\n\n\n<p>Ao substituir as reclama\u00e7\u00f5es por uma abordagem mais proativa, \u00e9 poss\u00edvel promover um ambiente mais positivo e colaborativo. Isso n\u00e3o significa ignorar problemas, mas sim abord\u00e1-los de maneira construtiva. Essa mudan\u00e7a de perspectiva ajuda a manter a motiva\u00e7\u00e3o e a satisfa\u00e7\u00e3o no trabalho, al\u00e9m de melhorar as rela\u00e7\u00f5es interpessoais.<\/p>\n\n\n<div class=\"wp-block-image\">\n<figure class=\"aligncenter size-large\"><img loading=\"lazy\" decoding=\"async\" width=\"1024\" height=\"576\" src=\"https:\/\/www.em.com.br\/emfoco\/wp-content\/uploads\/2025\/06\/feliz-no-trabalho_1748878236057-1024x576.jpg\" alt=\"Voc\u00ea \u00e9 feliz no trabalho?\" class=\"wp-image-54318\" srcset=\"https:\/\/www.em.com.br\/emfoco\/wp-content\/uploads\/2025\/06\/feliz-no-trabalho_1748878236057-1024x576.jpg 1024w, https:\/\/www.em.com.br\/emfoco\/wp-content\/uploads\/2025\/06\/feliz-no-trabalho_1748878236057-300x169.jpg 300w, https:\/\/www.em.com.br\/emfoco\/wp-content\/uploads\/2025\/06\/feliz-no-trabalho_1748878236057-768x432.jpg 768w, https:\/\/www.em.com.br\/emfoco\/wp-content\/uploads\/2025\/06\/feliz-no-trabalho_1748878236057-750x422.jpg 750w, https:\/\/www.em.com.br\/emfoco\/wp-content\/uploads\/2025\/06\/feliz-no-trabalho_1748878236057-1140x641.jpg 1140w, https:\/\/www.em.com.br\/emfoco\/wp-content\/uploads\/2025\/06\/feliz-no-trabalho_1748878236057.jpg 1280w\" sizes=\"auto, (max-width: 1024px) 100vw, 1024px\" \/><figcaption class=\"wp-element-caption\">Voc\u00ea \u00e9 feliz no trabalho? &#8211; Cr\u00e9ditos: depositphotos.com \/ VitalikRadko<\/figcaption><\/figure><\/div>\n\n\n<h2 class=\"wp-block-heading\">Como a compara\u00e7\u00e3o excessiva afeta a felicidade no trabalho?<\/h2>\n\n\n\n<p>A compara\u00e7\u00e3o excessiva com colegas \u00e9 um comportamento que pode minar a autoestima e a satisfa\u00e7\u00e3o no trabalho. Quando se est\u00e1 constantemente medindo o pr\u00f3prio desempenho em rela\u00e7\u00e3o ao dos outros, \u00e9 f\u00e1cil cair em um ciclo de insatisfa\u00e7\u00e3o e inseguran\u00e7a. Pessoas felizes no trabalho evitam essa armadilha, concentrando-se em seu pr\u00f3prio progresso e conquistas.<\/p>\n\n\n\n<p>Em vez de se comparar, essas pessoas estabelecem metas pessoais e celebram suas pr\u00f3prias vit\u00f3rias. Isso n\u00e3o apenas aumenta a autoconfian\u00e7a, mas tamb\u00e9m promove um ambiente de trabalho mais <a href=\"https:\/\/g1.globo.com\/trabalho-e-carreira\/noticia\/2022\/09\/10\/o-que-esta-por-tras-das-mensagens-que-prometem-vagas-de-trabalho-de-meio-periodo.ghtml\" target=\"_blank\" rel=\"noreferrer noopener\">harmonioso<\/a>, onde a colabora\u00e7\u00e3o \u00e9 valorizada acima da competi\u00e7\u00e3o. Essa abordagem contribui para um sentimento geral de realiza\u00e7\u00e3o e contentamento no ambiente profissional.<\/p>\n\n\n\n<h2 class=\"wp-block-heading\">Por que \u00e9 importante n\u00e3o levar trabalho para casa?<\/h2>\n\n\n\n<p>Levar trabalho para casa pode parecer uma forma de adiantar tarefas, mas, na pr\u00e1tica, essa atitude pode prejudicar o equil\u00edbrio entre vida pessoal e profissional. Pessoas felizes no trabalho sabem da import\u00e2ncia de respeitar seus momentos de descanso e evitam misturar as duas esferas. Isso ajuda a recarregar as energias e a manter a sa\u00fade mental em dia.<\/p>\n\n\n\n<p>Ao estabelecer limites claros entre o trabalho e a vida pessoal, \u00e9 poss\u00edvel melhorar a qualidade do tempo livre e reduzir o estresse. Essa separa\u00e7\u00e3o permite que o profissional retorne ao trabalho mais focado e produtivo, al\u00e9m de evitar o esgotamento. Assim, respeitar os momentos de lazer \u00e9 fundamental para manter a satisfa\u00e7\u00e3o no trabalho.<\/p>\n\n\n\n<h2 class=\"wp-block-heading\">Como a procrastina\u00e7\u00e3o afeta a satisfa\u00e7\u00e3o no trabalho?<\/h2>\n\n\n\n<p>A procrastina\u00e7\u00e3o \u00e9 um h\u00e1bito que pode ter um impacto negativo significativo na satisfa\u00e7\u00e3o no trabalho. Adiar decis\u00f5es importantes ou tarefas pode levar a um ac\u00famulo de responsabilidades, aumentando o estresse e a ansiedade. Pessoas felizes no trabalho evitam procrastinar, preferindo enfrentar as tarefas de forma organizada e eficiente.<\/p>\n\n\n\n<p>Ao adotar uma abordagem mais proativa, \u00e9 poss\u00edvel gerenciar melhor o tempo e as prioridades, o que contribui para um ambiente de trabalho mais tranquilo e produtivo. Essa atitude n\u00e3o apenas melhora o desempenho, mas tamb\u00e9m reduz a press\u00e3o e aumenta a sensa\u00e7\u00e3o de controle sobre o pr\u00f3prio trabalho.<\/p>\n\n\n\n<h2 class=\"wp-block-heading\">Por que evitar buscar valida\u00e7\u00e3o constante no trabalho?<\/h2>\n\n\n\n<p>Buscar valida\u00e7\u00e3o constante no ambiente de trabalho pode ser um sinal de inseguran\u00e7a e pode prejudicar a autoconfian\u00e7a. Pessoas felizes no trabalho confiam em suas habilidades e evitam depender da aprova\u00e7\u00e3o dos outros para se sentirem realizadas. Isso n\u00e3o significa ignorar feedbacks, mas sim valorizar a pr\u00f3pria opini\u00e3o e conquistas.<\/p>\n\n\n\n<p>Ao desenvolver uma autoconfian\u00e7a s\u00f3lida, \u00e9 poss\u00edvel tomar decis\u00f5es mais assertivas e enfrentar desafios com mais seguran\u00e7a. Essa independ\u00eancia emocional contribui para um ambiente de trabalho mais saud\u00e1vel, onde o profissional se sente valorizado e motivado a dar o seu melhor, sem a necessidade de valida\u00e7\u00e3o externa constante.<\/p>\n","protected":false},"excerpt":{"rendered":"<p>Pessoas felizes e satisfeitas no ambiente profissional t\u00eam mais do que apenas boa sorte: elas cultivam h\u00e1bitos saud\u00e1veis e, principalmente, evitam comportamentos prejudiciais. Entre os principais, est\u00e3o reclama\u00e7\u00f5es constantes, envolvimento em fofocas e a compara\u00e7\u00e3o excessiva com colegas. Esses h\u00e1bitos consomem energia emocional e criam um ambiente t\u00f3xico, minando a motiva\u00e7\u00e3o e o foco. Al\u00e9m [&hellip;]<\/p>\n","protected":false},"author":15,"featured_media":54317,"comment_status":"open","ping_status":"open","sticky":false,"template":"","format":"standard","meta":{"jnews-multi-image_gallery":[],"jnews_single_post":{"format":"standard"},"jnews_primary_category":[],"jnews_social_meta":[],"jnews_override_counter":[],"footnotes":""},"categories":[8819],"tags":[7527,9689,7311,8877],"class_list":["post-54314","post","type-post","status-publish","format-standard","has-post-thumbnail","hentry","category-curiosidades","tag-ambiente-de-trabalho","tag-felicidade-no-trabalho","tag-habitos-saudaveis","tag-procrastinacao"],"yoast_head":"<!-- This site is optimized with the Yoast SEO plugin v23.8 - https:\/\/yoast.com\/wordpress\/plugins\/seo\/ -->\n<title>Voc\u00ea \u00e9 feliz no trabalho? Ent\u00e3o evite isso aqui - Estado de Minas - Em foco<\/title>\n<meta name=\"description\" content=\"Felicidade no trabalho tem seus segredos. Descubra o que pessoas satisfeitas evitam fazer e como isso muda tudo na rotina profissional.\" \/>\n<meta name=\"robots\" content=\"index, follow, max-snippet:-1, max-image-preview:large, max-video-preview:-1\" \/>\n<link rel=\"canonical\" href=\"https:\/\/www.em.com.br\/emfoco\/2025\/06\/05\/voce-e-feliz-no-trabalho-entao-evite-isso-aqui\/\" \/>\n<meta property=\"og:locale\" content=\"pt_BR\" \/>\n<meta property=\"og:type\" content=\"article\" \/>\n<meta property=\"og:title\" content=\"Voc\u00ea \u00e9 feliz no trabalho? Ent\u00e3o evite isso aqui - Estado de Minas - Em foco\" \/>\n<meta property=\"og:description\" content=\"Felicidade no trabalho tem seus segredos. Descubra o que pessoas satisfeitas evitam fazer e como isso muda tudo na rotina profissional.\" \/>\n<meta property=\"og:url\" content=\"https:\/\/www.em.com.br\/emfoco\/2025\/06\/05\/voce-e-feliz-no-trabalho-entao-evite-isso-aqui\/\" \/>\n<meta property=\"og:site_name\" content=\"Estado de Minas - Em foco\" \/>\n<meta property=\"article:published_time\" content=\"2025-06-05T14:10:03+00:00\" \/>\n<meta property=\"article:modified_time\" content=\"2025-06-04T21:15:24+00:00\" \/>\n<meta property=\"og:image\" content=\"https:\/\/www.em.com.br\/emfoco\/wp-content\/uploads\/2025\/06\/pessoas-felizes_1748876757006-1.jpg\" \/>\n\t<meta property=\"og:image:width\" content=\"1280\" \/>\n\t<meta property=\"og:image:height\" content=\"720\" \/>\n\t<meta property=\"og:image:type\" content=\"image\/jpeg\" \/>\n<meta name=\"author\" content=\"Douglas Myth\" \/>\n<meta name=\"twitter:card\" content=\"summary_large_image\" \/>\n<meta name=\"twitter:label1\" content=\"Escrito por\" \/>\n\t<meta name=\"twitter:data1\" content=\"Douglas Myth\" \/>\n\t<meta name=\"twitter:label2\" content=\"Est. tempo de leitura\" \/>\n\t<meta name=\"twitter:data2\" content=\"5 minutos\" \/>\n<!-- \/ Yoast SEO plugin. -->","yoast_head_json":{"title":"Voc\u00ea \u00e9 feliz no trabalho? Ent\u00e3o evite isso aqui - Estado de Minas - Em foco","description":"Felicidade no trabalho tem seus segredos. Descubra o que pessoas satisfeitas evitam fazer e como isso muda tudo na rotina profissional.","robots":{"index":"index","follow":"follow","max-snippet":"max-snippet:-1","max-image-preview":"max-image-preview:large","max-video-preview":"max-video-preview:-1"},"canonical":"https:\/\/www.em.com.br\/emfoco\/2025\/06\/05\/voce-e-feliz-no-trabalho-entao-evite-isso-aqui\/","og_locale":"pt_BR","og_type":"article","og_title":"Voc\u00ea \u00e9 feliz no trabalho? Ent\u00e3o evite isso aqui - Estado de Minas - Em foco","og_description":"Felicidade no trabalho tem seus segredos. Descubra o que pessoas satisfeitas evitam fazer e como isso muda tudo na rotina profissional.","og_url":"https:\/\/www.em.com.br\/emfoco\/2025\/06\/05\/voce-e-feliz-no-trabalho-entao-evite-isso-aqui\/","og_site_name":"Estado de Minas - Em foco","article_published_time":"2025-06-05T14:10:03+00:00","article_modified_time":"2025-06-04T21:15:24+00:00","og_image":[{"width":1280,"height":720,"url":"https:\/\/www.em.com.br\/emfoco\/wp-content\/uploads\/2025\/06\/pessoas-felizes_1748876757006-1.jpg","type":"image\/jpeg"}],"author":"Douglas Myth","twitter_card":"summary_large_image","twitter_misc":{"Escrito por":"Douglas Myth","Est. tempo de leitura":"5 minutos"},"schema":{"@context":"https:\/\/schema.org","@graph":[{"@type":"WebPage","@id":"https:\/\/www.em.com.br\/emfoco\/2025\/06\/05\/voce-e-feliz-no-trabalho-entao-evite-isso-aqui\/","url":"https:\/\/www.em.com.br\/emfoco\/2025\/06\/05\/voce-e-feliz-no-trabalho-entao-evite-isso-aqui\/","name":"Voc\u00ea \u00e9 feliz no trabalho? Ent\u00e3o evite isso aqui - Estado de Minas - Em foco","isPartOf":{"@id":"https:\/\/www.em.com.br\/emfoco\/#website"},"primaryImageOfPage":{"@id":"https:\/\/www.em.com.br\/emfoco\/2025\/06\/05\/voce-e-feliz-no-trabalho-entao-evite-isso-aqui\/#primaryimage"},"image":{"@id":"https:\/\/www.em.com.br\/emfoco\/2025\/06\/05\/voce-e-feliz-no-trabalho-entao-evite-isso-aqui\/#primaryimage"},"thumbnailUrl":"https:\/\/www.em.com.br\/emfoco\/wp-content\/uploads\/2025\/06\/pessoas-felizes_1748876757006-1.jpg","datePublished":"2025-06-05T14:10:03+00:00","dateModified":"2025-06-04T21:15:24+00:00","author":{"@id":"https:\/\/www.em.com.br\/emfoco\/#\/schema\/person\/bba594b7eebe9b9885fec3a5c7837089"},"description":"Felicidade no trabalho tem seus segredos. Descubra o que pessoas satisfeitas evitam fazer e como isso muda tudo na rotina profissional.","breadcrumb":{"@id":"https:\/\/www.em.com.br\/emfoco\/2025\/06\/05\/voce-e-feliz-no-trabalho-entao-evite-isso-aqui\/#breadcrumb"},"inLanguage":"pt-BR","potentialAction":[{"@type":"ReadAction","target":["https:\/\/www.em.com.br\/emfoco\/2025\/06\/05\/voce-e-feliz-no-trabalho-entao-evite-isso-aqui\/"]}]},{"@type":"ImageObject","inLanguage":"pt-BR","@id":"https:\/\/www.em.com.br\/emfoco\/2025\/06\/05\/voce-e-feliz-no-trabalho-entao-evite-isso-aqui\/#primaryimage","url":"https:\/\/www.em.com.br\/emfoco\/wp-content\/uploads\/2025\/06\/pessoas-felizes_1748876757006-1.jpg","contentUrl":"https:\/\/www.em.com.br\/emfoco\/wp-content\/uploads\/2025\/06\/pessoas-felizes_1748876757006-1.jpg","width":1280,"height":720,"caption":"Voc\u00ea \u00e9 feliz no trabalho? - Cr\u00e9ditos: depositphotos.com \/ pressmaster"},{"@type":"BreadcrumbList","@id":"https:\/\/www.em.com.br\/emfoco\/2025\/06\/05\/voce-e-feliz-no-trabalho-entao-evite-isso-aqui\/#breadcrumb","itemListElement":[{"@type":"ListItem","position":1,"name":"In\u00edcio","item":"https:\/\/www.em.com.br\/emfoco\/"},{"@type":"ListItem","position":2,"name":"Voc\u00ea \u00e9 feliz no trabalho? Ent\u00e3o evite isso aqui"}]},{"@type":"WebSite","@id":"https:\/\/www.em.com.br\/emfoco\/#website","url":"https:\/\/www.em.com.br\/emfoco\/","name":"Estado de Minas - Em foco","description":"Acompanhe as \u00faltimas not\u00edcias e fique bem informado sobre tudo o que acontece em Minas Gerais, Brasil e no mundo.","potentialAction":[{"@type":"SearchAction","target":{"@type":"EntryPoint","urlTemplate":"https:\/\/www.em.com.br\/emfoco\/?s={search_term_string}"},"query-input":{"@type":"PropertyValueSpecification","valueRequired":true,"valueName":"search_term_string"}}],"inLanguage":"pt-BR"},{"@type":"Person","@id":"https:\/\/www.em.com.br\/emfoco\/#\/schema\/person\/bba594b7eebe9b9885fec3a5c7837089","name":"Douglas Myth","image":{"@type":"ImageObject","inLanguage":"pt-BR","@id":"https:\/\/www.em.com.br\/emfoco\/#\/schema\/person\/image\/","url":"https:\/\/secure.gravatar.com\/avatar\/1ac3cf50d0e68642c697dc0c960c802f?s=96&d=mm&r=g","contentUrl":"https:\/\/secure.gravatar.com\/avatar\/1ac3cf50d0e68642c697dc0c960c802f?s=96&d=mm&r=g","caption":"Douglas Myth"},"url":"https:\/\/www.em.com.br\/emfoco\/author\/douglasmyth\/"}]}},"_links":{"self":[{"href":"https:\/\/www.em.com.br\/emfoco\/wp-json\/wp\/v2\/posts\/54314","targetHints":{"allow":["GET"]}}],"collection":[{"href":"https:\/\/www.em.com.br\/emfoco\/wp-json\/wp\/v2\/posts"}],"about":[{"href":"https:\/\/www.em.com.br\/emfoco\/wp-json\/wp\/v2\/types\/post"}],"author":[{"embeddable":true,"href":"https:\/\/www.em.com.br\/emfoco\/wp-json\/wp\/v2\/users\/15"}],"replies":[{"embeddable":true,"href":"https:\/\/www.em.com.br\/emfoco\/wp-json\/wp\/v2\/comments?post=54314"}],"version-history":[{"count":2,"href":"https:\/\/www.em.com.br\/emfoco\/wp-json\/wp\/v2\/posts\/54314\/revisions"}],"predecessor-version":[{"id":54319,"href":"https:\/\/www.em.com.br\/emfoco\/wp-json\/wp\/v2\/posts\/54314\/revisions\/54319"}],"wp:featuredmedia":[{"embeddable":true,"href":"https:\/\/www.em.com.br\/emfoco\/wp-json\/wp\/v2\/media\/54317"}],"wp:attachment":[{"href":"https:\/\/www.em.com.br\/emfoco\/wp-json\/wp\/v2\/media?parent=54314"}],"wp:term":[{"taxonomy":"category","embeddable":true,"href":"https:\/\/www.em.com.br\/emfoco\/wp-json\/wp\/v2\/categories?post=54314"},{"taxonomy":"post_tag","embeddable":true,"href":"https:\/\/www.em.com.br\/emfoco\/wp-json\/wp\/v2\/tags?post=54314"}],"curies":[{"name":"wp","href":"https:\/\/api.w.org\/{rel}","templated":true}]}}