{"id":54310,"date":"2025-06-04T18:00:00","date_gmt":"2025-06-04T21:00:00","guid":{"rendered":"https:\/\/www.em.com.br\/emfoco\/?p=54310"},"modified":"2025-06-03T19:02:14","modified_gmt":"2025-06-03T22:02:14","slug":"fortaleca-seu-corpo-e-previna-doencas-com-alimentos-simples-e-poderosos","status":"publish","type":"post","link":"https:\/\/www.em.com.br\/emfoco\/2025\/06\/04\/fortaleca-seu-corpo-e-previna-doencas-com-alimentos-simples-e-poderosos\/","title":{"rendered":"Fortale\u00e7a seu corpo e previna doen\u00e7as com alimentos simples e poderosos"},"content":{"rendered":"\n<p>O fortalecimento do sistema imunol\u00f3gico \u00e9 essencial para a preven\u00e7\u00e3o de doen\u00e7as e a manuten\u00e7\u00e3o da sa\u00fade. Diversos alimentos possuem propriedades que podem ajudar a melhorar a resposta imunol\u00f3gica do corpo. Entre eles, destacam-se frutas <strong>c\u00edtricas<\/strong>, <strong>vegetais<\/strong> <strong>verdes<\/strong> <strong>escuros<\/strong>, <strong>alho<\/strong>, <strong>gengibre<\/strong> e <strong>iogurte<\/strong>. Esses alimentos s\u00e3o ricos em <strong>vitaminas<\/strong>, <strong>minerais <\/strong>e <a href=\"https:\/\/www.tuasaude.com\/antioxidante\/\" target=\"_blank\" rel=\"noreferrer noopener\"><strong>antioxidantes<\/strong> <\/a>que desempenham pap\u00e9is cruciais na defesa do organismo.<\/p>\n\n\n\n<p>As frutas c\u00edtricas, como <strong>laranjas<\/strong>, <strong>lim\u00f5es<\/strong> e <strong>tangerinas<\/strong>, s\u00e3o conhecidas por seu <strong>alto teor de vitamina C<\/strong>, um nutriente que ajuda a aumentar a produ\u00e7\u00e3o de gl\u00f3bulos brancos, essenciais para combater infec\u00e7\u00f5es. J\u00e1 os vegetais verdes escuros, como <strong>espinafre <\/strong>e <strong>br\u00f3colis<\/strong>, s\u00e3o fontes de <strong>vitaminas A, C e E<\/strong>, al\u00e9m de fibras e antioxidantes, que contribuem para a sa\u00fade geral do sistema imunol\u00f3gico.<\/p>\n\n\n\n<h2 class=\"wp-block-heading\">Como o alho e o gengibre podem ajudar na imunidade?<\/h2>\n\n\n\n<p>O alho \u00e9 um alimento amplamente reconhecido por suas propriedades medicinais. Ele cont\u00e9m compostos como a alicina, que tem <strong>efeitos antimicrobianos e anti-inflamat\u00f3rios<\/strong>. Esses compostos ajudam a combater infec\u00e7\u00f5es e a reduzir a inflama\u00e7\u00e3o no corpo, promovendo uma resposta imunol\u00f3gica mais eficaz. Incorporar alho na dieta di\u00e1ria pode ser uma maneira simples de melhorar a sa\u00fade imunol\u00f3gica.<\/p>\n\n\n\n<p>O gengibre, por sua vez, \u00e9 conhecido por suas propriedades anti-inflamat\u00f3rias e antioxidantes. Ele pode ajudar a reduzir a inflama\u00e7\u00e3o cr\u00f4nica e aliviar sintomas de resfriados e gripes. O consumo regular de gengibre, seja em ch\u00e1s ou como tempero em pratos, pode fortalecer o sistema imunol\u00f3gico e melhorar a resist\u00eancia a doen\u00e7as.<\/p>\n\n\n\n<figure class=\"wp-block-image size-large\"><img loading=\"lazy\" decoding=\"async\" width=\"1024\" height=\"576\" src=\"https:\/\/www.em.com.br\/emfoco\/wp-content\/uploads\/2025\/04\/ginger_1745418124601-1024x576.jpg\" alt=\"A raiz natural que alivia dores e melhora a digest\u00e3o de forma eficaz\" class=\"wp-image-40814\" srcset=\"https:\/\/www.em.com.br\/emfoco\/wp-content\/uploads\/2025\/04\/ginger_1745418124601-1024x576.jpg 1024w, https:\/\/www.em.com.br\/emfoco\/wp-content\/uploads\/2025\/04\/ginger_1745418124601-300x169.jpg 300w, https:\/\/www.em.com.br\/emfoco\/wp-content\/uploads\/2025\/04\/ginger_1745418124601-768x432.jpg 768w, https:\/\/www.em.com.br\/emfoco\/wp-content\/uploads\/2025\/04\/ginger_1745418124601-750x422.jpg 750w, https:\/\/www.em.com.br\/emfoco\/wp-content\/uploads\/2025\/04\/ginger_1745418124601-1140x641.jpg 1140w, https:\/\/www.em.com.br\/emfoco\/wp-content\/uploads\/2025\/04\/ginger_1745418124601.jpg 1280w\" sizes=\"auto, (max-width: 1024px) 100vw, 1024px\" \/><figcaption class=\"wp-element-caption\">Gengibre &#8211; Cr\u00e9ditos: depositphotos.com \/ aboikis<\/figcaption><\/figure>\n\n\n\n<h2 class=\"wp-block-heading\">Qual \u00e9 o papel do iogurte na sa\u00fade imunol\u00f3gica?<\/h2>\n\n\n\n<p>O iogurte \u00e9 uma excelente fonte de probi\u00f3ticos, que s\u00e3o bact\u00e9rias ben\u00e9ficas para o intestino. <strong>Um intestino saud\u00e1vel \u00e9 fundamental para um sistema imunol\u00f3gico forte, pois cerca de 70% das c\u00e9lulas imunol\u00f3gicas est\u00e3o localizadas no trato gastrointestinal<\/strong>. Os probi\u00f3ticos ajudam a manter o equil\u00edbrio da flora intestinal, promovendo uma barreira eficaz contra pat\u00f3genos e melhorando a resposta imunol\u00f3gica.<\/p>\n\n\n\n<p>Al\u00e9m disso, o iogurte \u00e9 rico em vitamina D, que desempenha um papel importante na regula\u00e7\u00e3o do sistema imunol\u00f3gico. Consumir iogurte regularmente pode ajudar a fortalecer as defesas do corpo e prevenir infec\u00e7\u00f5es.<\/p>\n\n\n\n<h2 class=\"wp-block-heading\">Quais s\u00e3o os benef\u00edcios adicionais de uma dieta rica em alimentos que aumentam a imunidade?<\/h2>\n\n\n\n<p>Al\u00e9m de fortalecer o sistema imunol\u00f3gico, uma dieta rica em alimentos que aumentam a imunidade oferece diversos outros benef\u00edcios \u00e0 sa\u00fade. <strong>Esses alimentos s\u00e3o geralmente ricos em nutrientes essenciais, como vitaminas, minerais e antioxidantes, que contribuem para a sa\u00fade geral do corpo<\/strong>. Eles podem ajudar a melhorar a digest\u00e3o, aumentar os n\u00edveis de energia e promover a sa\u00fade da pele.<\/p>\n\n\n\n<p>Adotar uma dieta balanceada e rica em alimentos que fortalecem a imunidade tamb\u00e9m pode reduzir o risco de doen\u00e7as cr\u00f4nicas, como <strong>doen\u00e7as card\u00edacas e diabetes<\/strong>. Al\u00e9m disso, esses alimentos podem ajudar a melhorar o humor e a sa\u00fade mental, promovendo uma sensa\u00e7\u00e3o geral de<a href=\"https:\/\/www.em.com.br\/emfoco\/2025\/05\/31\/como-a-autoaceitacao-contribui-para-o-bem-estar\/\" target=\"_blank\" rel=\"noreferrer noopener\"> <strong>bem-estar<\/strong><\/a>.<\/p>\n\n\n\n<h2 class=\"wp-block-heading\">Como incorporar esses alimentos na dieta di\u00e1ria?<\/h2>\n\n\n\n<p>Incorporar alimentos que aumentam a imunidade na dieta di\u00e1ria pode ser simples e saboroso. Uma maneira f\u00e1cil de come\u00e7ar \u00e9 adicionar frutas c\u00edtricas ao caf\u00e9 da manh\u00e3 ou como lanches ao longo do dia. Vegetais verdes escuros podem ser inclu\u00eddos em saladas, sopas ou como acompanhamentos em refei\u00e7\u00f5es principais.<\/p>\n\n\n\n<p>O alho pode ser usado como tempero em uma variedade de pratos, enquanto o gengibre pode ser adicionado a ch\u00e1s ou smoothies. O iogurte pode ser consumido como lanche ou sobremesa, acompanhado de frutas e sementes para um impulso adicional de nutrientes. Fazer pequenas mudan\u00e7as na dieta pode ter um impacto significativo na sa\u00fade imunol\u00f3gica e no bem-estar geral.<\/p>\n","protected":false},"excerpt":{"rendered":"<p>O fortalecimento do sistema imunol\u00f3gico \u00e9 essencial para a preven\u00e7\u00e3o de doen\u00e7as e a manuten\u00e7\u00e3o da sa\u00fade. Diversos alimentos possuem propriedades que podem ajudar a melhorar a resposta imunol\u00f3gica do corpo. Entre eles, destacam-se frutas c\u00edtricas, vegetais verdes escuros, alho, gengibre e iogurte. Esses alimentos s\u00e3o ricos em vitaminas, minerais e antioxidantes que desempenham pap\u00e9is [&hellip;]<\/p>\n","protected":false},"author":13,"featured_media":51839,"comment_status":"open","ping_status":"open","sticky":false,"template":"","format":"standard","meta":{"jnews-multi-image_gallery":[],"jnews_single_post":{"format":"standard"},"jnews_primary_category":[],"jnews_social_meta":[],"jnews_override_counter":[],"footnotes":""},"categories":[9053],"tags":[5470,3082,3509,415],"class_list":["post-54310","post","type-post","status-publish","format-standard","has-post-thumbnail","hentry","category-saude","tag-dieta-saudavel","tag-imunidade","tag-nutricao","tag-saude"],"yoast_head":"<!-- This site is optimized with the Yoast SEO plugin v23.8 - https:\/\/yoast.com\/wordpress\/plugins\/seo\/ -->\n<title>Fortale\u00e7a seu corpo e previna doen\u00e7as com alimentos simples e poderosos - Estado de Minas - Em foco<\/title>\n<meta name=\"description\" content=\"Quer ficar mais resistente a doen\u00e7as? Veja os alimentos que fortalecem a imunidade de forma natural e eficaz.\" \/>\n<meta name=\"robots\" content=\"index, follow, max-snippet:-1, max-image-preview:large, max-video-preview:-1\" \/>\n<link rel=\"canonical\" href=\"https:\/\/www.em.com.br\/emfoco\/2025\/06\/04\/fortaleca-seu-corpo-e-previna-doencas-com-alimentos-simples-e-poderosos\/\" \/>\n<meta property=\"og:locale\" content=\"pt_BR\" \/>\n<meta property=\"og:type\" content=\"article\" \/>\n<meta property=\"og:title\" content=\"Fortale\u00e7a seu corpo e previna doen\u00e7as com alimentos simples e poderosos - Estado de Minas - Em foco\" \/>\n<meta property=\"og:description\" content=\"Quer ficar mais resistente a doen\u00e7as? Veja os alimentos que fortalecem a imunidade de forma natural e eficaz.\" \/>\n<meta property=\"og:url\" content=\"https:\/\/www.em.com.br\/emfoco\/2025\/06\/04\/fortaleca-seu-corpo-e-previna-doencas-com-alimentos-simples-e-poderosos\/\" \/>\n<meta property=\"og:site_name\" content=\"Estado de Minas - Em foco\" \/>\n<meta property=\"article:published_time\" content=\"2025-06-04T21:00:00+00:00\" \/>\n<meta property=\"article:modified_time\" content=\"2025-06-03T22:02:14+00:00\" \/>\n<meta property=\"og:image\" content=\"https:\/\/www.em.com.br\/emfoco\/wp-content\/uploads\/2025\/05\/garlic_1748352835130.jpg\" \/>\n\t<meta property=\"og:image:width\" content=\"1280\" \/>\n\t<meta property=\"og:image:height\" content=\"720\" \/>\n\t<meta property=\"og:image:type\" content=\"image\/jpeg\" \/>\n<meta name=\"author\" content=\"Gabriel Martins\" \/>\n<meta name=\"twitter:card\" content=\"summary_large_image\" \/>\n<meta name=\"twitter:label1\" content=\"Escrito por\" \/>\n\t<meta name=\"twitter:data1\" content=\"Gabriel Martins\" \/>\n\t<meta name=\"twitter:label2\" content=\"Est. tempo de leitura\" \/>\n\t<meta name=\"twitter:data2\" content=\"4 minutos\" \/>\n<!-- \/ Yoast SEO plugin. -->","yoast_head_json":{"title":"Fortale\u00e7a seu corpo e previna doen\u00e7as com alimentos simples e poderosos - Estado de Minas - Em foco","description":"Quer ficar mais resistente a doen\u00e7as? Veja os alimentos que fortalecem a imunidade de forma natural e eficaz.","robots":{"index":"index","follow":"follow","max-snippet":"max-snippet:-1","max-image-preview":"max-image-preview:large","max-video-preview":"max-video-preview:-1"},"canonical":"https:\/\/www.em.com.br\/emfoco\/2025\/06\/04\/fortaleca-seu-corpo-e-previna-doencas-com-alimentos-simples-e-poderosos\/","og_locale":"pt_BR","og_type":"article","og_title":"Fortale\u00e7a seu corpo e previna doen\u00e7as com alimentos simples e poderosos - Estado de Minas - Em foco","og_description":"Quer ficar mais resistente a doen\u00e7as? Veja os alimentos que fortalecem a imunidade de forma natural e eficaz.","og_url":"https:\/\/www.em.com.br\/emfoco\/2025\/06\/04\/fortaleca-seu-corpo-e-previna-doencas-com-alimentos-simples-e-poderosos\/","og_site_name":"Estado de Minas - Em foco","article_published_time":"2025-06-04T21:00:00+00:00","article_modified_time":"2025-06-03T22:02:14+00:00","og_image":[{"width":1280,"height":720,"url":"https:\/\/www.em.com.br\/emfoco\/wp-content\/uploads\/2025\/05\/garlic_1748352835130.jpg","type":"image\/jpeg"}],"author":"Gabriel Martins","twitter_card":"summary_large_image","twitter_misc":{"Escrito por":"Gabriel Martins","Est. tempo de leitura":"4 minutos"},"schema":{"@context":"https:\/\/schema.org","@graph":[{"@type":"WebPage","@id":"https:\/\/www.em.com.br\/emfoco\/2025\/06\/04\/fortaleca-seu-corpo-e-previna-doencas-com-alimentos-simples-e-poderosos\/","url":"https:\/\/www.em.com.br\/emfoco\/2025\/06\/04\/fortaleca-seu-corpo-e-previna-doencas-com-alimentos-simples-e-poderosos\/","name":"Fortale\u00e7a seu corpo e previna doen\u00e7as com alimentos simples e poderosos - Estado de Minas - Em foco","isPartOf":{"@id":"https:\/\/www.em.com.br\/emfoco\/#website"},"primaryImageOfPage":{"@id":"https:\/\/www.em.com.br\/emfoco\/2025\/06\/04\/fortaleca-seu-corpo-e-previna-doencas-com-alimentos-simples-e-poderosos\/#primaryimage"},"image":{"@id":"https:\/\/www.em.com.br\/emfoco\/2025\/06\/04\/fortaleca-seu-corpo-e-previna-doencas-com-alimentos-simples-e-poderosos\/#primaryimage"},"thumbnailUrl":"https:\/\/www.em.com.br\/emfoco\/wp-content\/uploads\/2025\/05\/garlic_1748352835130.jpg","datePublished":"2025-06-04T21:00:00+00:00","dateModified":"2025-06-03T22:02:14+00:00","author":{"@id":"https:\/\/www.em.com.br\/emfoco\/#\/schema\/person\/1c9ddeab18b98abeffef834667bcf08a"},"description":"Quer ficar mais resistente a doen\u00e7as? Veja os alimentos que fortalecem a imunidade de forma natural e eficaz.","breadcrumb":{"@id":"https:\/\/www.em.com.br\/emfoco\/2025\/06\/04\/fortaleca-seu-corpo-e-previna-doencas-com-alimentos-simples-e-poderosos\/#breadcrumb"},"inLanguage":"pt-BR","potentialAction":[{"@type":"ReadAction","target":["https:\/\/www.em.com.br\/emfoco\/2025\/06\/04\/fortaleca-seu-corpo-e-previna-doencas-com-alimentos-simples-e-poderosos\/"]}]},{"@type":"ImageObject","inLanguage":"pt-BR","@id":"https:\/\/www.em.com.br\/emfoco\/2025\/06\/04\/fortaleca-seu-corpo-e-previna-doencas-com-alimentos-simples-e-poderosos\/#primaryimage","url":"https:\/\/www.em.com.br\/emfoco\/wp-content\/uploads\/2025\/05\/garlic_1748352835130.jpg","contentUrl":"https:\/\/www.em.com.br\/emfoco\/wp-content\/uploads\/2025\/05\/garlic_1748352835130.jpg","width":1280,"height":720,"caption":"Alho - Cr\u00e9ditos: depositphotos.com \/ KostyaKlimenko"},{"@type":"BreadcrumbList","@id":"https:\/\/www.em.com.br\/emfoco\/2025\/06\/04\/fortaleca-seu-corpo-e-previna-doencas-com-alimentos-simples-e-poderosos\/#breadcrumb","itemListElement":[{"@type":"ListItem","position":1,"name":"In\u00edcio","item":"https:\/\/www.em.com.br\/emfoco\/"},{"@type":"ListItem","position":2,"name":"Fortale\u00e7a seu corpo e previna doen\u00e7as com alimentos simples e poderosos"}]},{"@type":"WebSite","@id":"https:\/\/www.em.com.br\/emfoco\/#website","url":"https:\/\/www.em.com.br\/emfoco\/","name":"Estado de Minas - Em foco","description":"Acompanhe as \u00faltimas not\u00edcias e fique bem informado sobre tudo o que acontece em Minas Gerais, Brasil e no mundo.","potentialAction":[{"@type":"SearchAction","target":{"@type":"EntryPoint","urlTemplate":"https:\/\/www.em.com.br\/emfoco\/?s={search_term_string}"},"query-input":{"@type":"PropertyValueSpecification","valueRequired":true,"valueName":"search_term_string"}}],"inLanguage":"pt-BR"},{"@type":"Person","@id":"https:\/\/www.em.com.br\/emfoco\/#\/schema\/person\/1c9ddeab18b98abeffef834667bcf08a","name":"Gabriel Martins","image":{"@type":"ImageObject","inLanguage":"pt-BR","@id":"https:\/\/www.em.com.br\/emfoco\/#\/schema\/person\/image\/","url":"https:\/\/secure.gravatar.com\/avatar\/f0f1e2efdfd88f1ad2cb08c5c2731e50?s=96&d=mm&r=g","contentUrl":"https:\/\/secure.gravatar.com\/avatar\/f0f1e2efdfd88f1ad2cb08c5c2731e50?s=96&d=mm&r=g","caption":"Gabriel Martins"},"sameAs":["https:\/\/www.em.com.br\/emfoco\/"],"url":"https:\/\/www.em.com.br\/emfoco\/author\/gabrielmartinsmyth\/"}]}},"_links":{"self":[{"href":"https:\/\/www.em.com.br\/emfoco\/wp-json\/wp\/v2\/posts\/54310","targetHints":{"allow":["GET"]}}],"collection":[{"href":"https:\/\/www.em.com.br\/emfoco\/wp-json\/wp\/v2\/posts"}],"about":[{"href":"https:\/\/www.em.com.br\/emfoco\/wp-json\/wp\/v2\/types\/post"}],"author":[{"embeddable":true,"href":"https:\/\/www.em.com.br\/emfoco\/wp-json\/wp\/v2\/users\/13"}],"replies":[{"embeddable":true,"href":"https:\/\/www.em.com.br\/emfoco\/wp-json\/wp\/v2\/comments?post=54310"}],"version-history":[{"count":2,"href":"https:\/\/www.em.com.br\/emfoco\/wp-json\/wp\/v2\/posts\/54310\/revisions"}],"predecessor-version":[{"id":54313,"href":"https:\/\/www.em.com.br\/emfoco\/wp-json\/wp\/v2\/posts\/54310\/revisions\/54313"}],"wp:featuredmedia":[{"embeddable":true,"href":"https:\/\/www.em.com.br\/emfoco\/wp-json\/wp\/v2\/media\/51839"}],"wp:attachment":[{"href":"https:\/\/www.em.com.br\/emfoco\/wp-json\/wp\/v2\/media?parent=54310"}],"wp:term":[{"taxonomy":"category","embeddable":true,"href":"https:\/\/www.em.com.br\/emfoco\/wp-json\/wp\/v2\/categories?post=54310"},{"taxonomy":"post_tag","embeddable":true,"href":"https:\/\/www.em.com.br\/emfoco\/wp-json\/wp\/v2\/tags?post=54310"}],"curies":[{"name":"wp","href":"https:\/\/api.w.org\/{rel}","templated":true}]}}