{"id":54210,"date":"2025-06-04T07:40:00","date_gmt":"2025-06-04T10:40:00","guid":{"rendered":"https:\/\/www.em.com.br\/emfoco\/?p=54210"},"modified":"2025-06-03T18:59:49","modified_gmt":"2025-06-03T21:59:49","slug":"o-que-aconteceria-com-a-terra-se-a-lua-deixasse-de-existir","status":"publish","type":"post","link":"https:\/\/www.em.com.br\/emfoco\/2025\/06\/04\/o-que-aconteceria-com-a-terra-se-a-lua-deixasse-de-existir\/","title":{"rendered":"O que aconteceria com a Terra se a Lua deixasse de existir?"},"content":{"rendered":"\n<p>A <strong>Lua <\/strong>desempenha um papel crucial na estabilidade do eixo de rota\u00e7\u00e3o da <strong><a href=\"https:\/\/www.em.com.br\/emfoco\/2025\/06\/01\/voce-sabia-que-a-terra-nao-e-o-lugar-com-mais-agua-no-sistema-solar\/\" target=\"_blank\" rel=\"noreferrer noopener\">Terra<\/a><\/strong>. Este eixo est\u00e1 inclinado em 23,5 graus em rela\u00e7\u00e3o ao plano da \u00f3rbita terrestre ao redor do <strong>Sol<\/strong>. A presen\u00e7a da Lua \u00e9 fundamental para manter essa inclina\u00e7\u00e3o constante. Sem a Lua, a inclina\u00e7\u00e3o do eixo terrestre poderia variar significativamente ao longo do tempo, resultando em um clima mais inst\u00e1vel e, eventualmente, dias extremamente longos com varia\u00e7\u00f5es clim\u00e1ticas extremas.<\/p>\n\n\n\n<p>Essa estabilidade proporcionada pela Lua \u00e9 essencial para a manuten\u00e7\u00e3o das esta\u00e7\u00f5es do ano e para o equil\u00edbrio clim\u00e1tico global. A aus\u00eancia do sat\u00e9lite natural poderia transformar a Terra em um planeta com condi\u00e7\u00f5es clim\u00e1ticas imprevis\u00edveis, afetando a vida como a conhecemos.<\/p>\n\n\n\n<h2 class=\"wp-block-heading\">Por que a Lua n\u00e3o tem atmosfera?<\/h2>\n\n\n\n<p>A superf\u00edcie da Lua \u00e9 marcada por in\u00fameras crateras, que s\u00e3o registros permanentes de impactos ao longo de bilh\u00f5es de anos. A aus\u00eancia de uma atmosfera na Lua significa que n\u00e3o h\u00e1 eros\u00e3o causada pelo vento, como ocorre na Terra. Assim, qualquer impacto deixa uma marca duradoura, a menos que outro evento posterior altere a superf\u00edcie.<\/p>\n\n\n\n<p>Sem uma atmosfera, os impactos na Lua ocorrem de forma direta, independentemente do tamanho do objeto. Na Terra, <strong>a atmosfera atua como um escudo, queimando muitos objetos antes que eles atinjam o solo. Isso explica por que a superf\u00edcie lunar \u00e9 t\u00e3o marcada por crateras em compara\u00e7\u00e3o com a Terra<\/strong>.<\/p>\n\n\n\n<figure class=\"wp-block-image size-large\"><img loading=\"lazy\" decoding=\"async\" width=\"1024\" height=\"576\" src=\"https:\/\/www.em.com.br\/emfoco\/wp-content\/uploads\/2025\/04\/Moon-and-earth_1745591678483-1024x576.jpg\" alt=\"O que aconteceria com a vida se a Lua desaparecesse?\" class=\"wp-image-41645\" srcset=\"https:\/\/www.em.com.br\/emfoco\/wp-content\/uploads\/2025\/04\/Moon-and-earth_1745591678483-1024x576.jpg 1024w, https:\/\/www.em.com.br\/emfoco\/wp-content\/uploads\/2025\/04\/Moon-and-earth_1745591678483-300x169.jpg 300w, https:\/\/www.em.com.br\/emfoco\/wp-content\/uploads\/2025\/04\/Moon-and-earth_1745591678483-768x432.jpg 768w, https:\/\/www.em.com.br\/emfoco\/wp-content\/uploads\/2025\/04\/Moon-and-earth_1745591678483-750x422.jpg 750w, https:\/\/www.em.com.br\/emfoco\/wp-content\/uploads\/2025\/04\/Moon-and-earth_1745591678483-1140x641.jpg 1140w, https:\/\/www.em.com.br\/emfoco\/wp-content\/uploads\/2025\/04\/Moon-and-earth_1745591678483.jpg 1280w\" sizes=\"auto, (max-width: 1024px) 100vw, 1024px\" \/><figcaption class=\"wp-element-caption\">Terra e Lua &#8211; Cr\u00e9ditos: depositphotos.com \/ rfphoto<\/figcaption><\/figure>\n\n\n\n<h2 class=\"wp-block-heading\">Como a Lua se formou?<\/h2>\n\n\n\n<p>A origem da Lua \u00e9 atribu\u00edda a um evento de impacto colossal. As teorias mais aceitas sugerem que a Lua se formou entre 50 e 100 milh\u00f5es de anos ap\u00f3s a forma\u00e7\u00e3o dos planetas. <strong>Durante esse per\u00edodo, a Terra era uma massa de magma incandescente que colidiu com um planetoide chamado <a href=\"https:\/\/pt.wikipedia.org\/wiki\/Theia\" target=\"_blank\" rel=\"noreferrer noopener\">Theia<\/a><\/strong>. Este impacto colossal resultou na eje\u00e7\u00e3o de material que, eventualmente, se aglutinou para formar a Lua.<\/p>\n\n\n\n<p>Esse evento n\u00e3o apenas deu origem \u00e0 Lua, mas tamb\u00e9m teve um impacto significativo na evolu\u00e7\u00e3o da Terra. A forma\u00e7\u00e3o da Lua a partir de um impacto explica sua composi\u00e7\u00e3o e sua influ\u00eancia gravitacional sobre nosso planeta.<\/p>\n\n\n\n<h2 class=\"wp-block-heading\">Quais s\u00e3o as consequ\u00eancias da falta de atmosfera na Lua?<\/h2>\n\n\n\n<p>A aus\u00eancia de atmosfera na Lua tem v\u00e1rias consequ\u00eancias.<strong> Em primeiro lugar, n\u00e3o h\u00e1 prote\u00e7\u00e3o contra radia\u00e7\u00e3o solar e c\u00f3smica, tornando a superf\u00edcie lunar um ambiente hostil para a vida como a conhecemos<\/strong>. Al\u00e9m disso, a falta de atmosfera significa que n\u00e3o h\u00e1 regula\u00e7\u00e3o de temperatura, resultando em varia\u00e7\u00f5es extremas entre o dia e a noite lunar.<\/p>\n\n\n\n<p>Outro efeito significativo \u00e9 a aus\u00eancia de processos de eros\u00e3o. Na Terra, a eros\u00e3o causada pelo vento e pela \u00e1gua altera constantemente a paisagem, mas na Lua, as marcas de impactos permanecem inalteradas por milh\u00f5es de anos. Isso faz da Lua um registro hist\u00f3rico valioso do sistema solar.<\/p>\n\n\n\n<h2 class=\"wp-block-heading\">O que o futuro reserva para a explora\u00e7\u00e3o lunar?<\/h2>\n\n\n\n<p>Com o crescente interesse na explora\u00e7\u00e3o espacial, a Lua est\u00e1 no centro das aten\u00e7\u00f5es como um potencial local para bases humanas e explora\u00e7\u00e3o de recursos. As miss\u00f5es futuras visam estudar a composi\u00e7\u00e3o da Lua, sua hist\u00f3ria geol\u00f3gica e a possibilidade de minera\u00e7\u00e3o de recursos como o h\u00e9lio-3, que pode ser usado como combust\u00edvel em reatores de fus\u00e3o nuclear.<\/p>\n\n\n\n<p>A explora\u00e7\u00e3o lunar tamb\u00e9m pode servir como um trampolim para miss\u00f5es mais distantes, como a explora\u00e7\u00e3o de Marte. A Lua oferece um ambiente \u00fanico para testar tecnologias e estrat\u00e9gias que ser\u00e3o essenciais para a explora\u00e7\u00e3o do espa\u00e7o profundo.<\/p>\n","protected":false},"excerpt":{"rendered":"<p>A Lua desempenha um papel crucial na estabilidade do eixo de rota\u00e7\u00e3o da Terra. Este eixo est\u00e1 inclinado em 23,5 graus em rela\u00e7\u00e3o ao plano da \u00f3rbita terrestre ao redor do Sol. A presen\u00e7a da Lua \u00e9 fundamental para manter essa inclina\u00e7\u00e3o constante. Sem a Lua, a inclina\u00e7\u00e3o do eixo terrestre poderia variar significativamente ao [&hellip;]<\/p>\n","protected":false},"author":13,"featured_media":41644,"comment_status":"open","ping_status":"open","sticky":false,"template":"","format":"standard","meta":{"jnews-multi-image_gallery":[],"jnews_single_post":{"format":"standard"},"jnews_primary_category":[],"jnews_social_meta":[],"jnews_override_counter":[],"footnotes":""},"categories":[8819],"tags":[884,1706,3938,5366],"class_list":["post-54210","post","type-post","status-publish","format-standard","has-post-thumbnail","hentry","category-curiosidades","tag-ciencia","tag-espaco","tag-lua","tag-terra"],"yoast_head":"<!-- This site is optimized with the Yoast SEO plugin v23.8 - https:\/\/yoast.com\/wordpress\/plugins\/seo\/ -->\n<title>O que aconteceria com a Terra se a Lua deixasse de existir? - Estado de Minas - Em foco<\/title>\n<meta name=\"description\" content=\"A Lua n\u00e3o s\u00f3 influencia as mar\u00e9s mas tamb\u00e9m estabiliza o clima terrestre. Entenda sua import\u00e2ncia para a vida no planeta.\" \/>\n<meta name=\"robots\" content=\"index, follow, max-snippet:-1, max-image-preview:large, max-video-preview:-1\" \/>\n<link rel=\"canonical\" href=\"https:\/\/www.em.com.br\/emfoco\/2025\/06\/04\/o-que-aconteceria-com-a-terra-se-a-lua-deixasse-de-existir\/\" \/>\n<meta property=\"og:locale\" content=\"pt_BR\" \/>\n<meta property=\"og:type\" content=\"article\" \/>\n<meta property=\"og:title\" content=\"O que aconteceria com a Terra se a Lua deixasse de existir? - Estado de Minas - Em foco\" \/>\n<meta property=\"og:description\" content=\"A Lua n\u00e3o s\u00f3 influencia as mar\u00e9s mas tamb\u00e9m estabiliza o clima terrestre. Entenda sua import\u00e2ncia para a vida no planeta.\" \/>\n<meta property=\"og:url\" content=\"https:\/\/www.em.com.br\/emfoco\/2025\/06\/04\/o-que-aconteceria-com-a-terra-se-a-lua-deixasse-de-existir\/\" \/>\n<meta property=\"og:site_name\" content=\"Estado de Minas - Em foco\" \/>\n<meta property=\"article:published_time\" content=\"2025-06-04T10:40:00+00:00\" \/>\n<meta property=\"article:modified_time\" content=\"2025-06-03T21:59:49+00:00\" \/>\n<meta property=\"og:image\" content=\"https:\/\/www.em.com.br\/emfoco\/wp-content\/uploads\/2025\/04\/Moon-and-earth_1745591636792.jpg\" \/>\n\t<meta property=\"og:image:width\" content=\"1280\" \/>\n\t<meta property=\"og:image:height\" content=\"720\" \/>\n\t<meta property=\"og:image:type\" content=\"image\/jpeg\" \/>\n<meta name=\"author\" content=\"Gabriel Martins\" \/>\n<meta name=\"twitter:card\" content=\"summary_large_image\" \/>\n<meta name=\"twitter:label1\" content=\"Escrito por\" \/>\n\t<meta name=\"twitter:data1\" content=\"Gabriel Martins\" \/>\n\t<meta name=\"twitter:label2\" content=\"Est. tempo de leitura\" \/>\n\t<meta name=\"twitter:data2\" content=\"4 minutos\" \/>\n<!-- \/ Yoast SEO plugin. -->","yoast_head_json":{"title":"O que aconteceria com a Terra se a Lua deixasse de existir? - Estado de Minas - Em foco","description":"A Lua n\u00e3o s\u00f3 influencia as mar\u00e9s mas tamb\u00e9m estabiliza o clima terrestre. Entenda sua import\u00e2ncia para a vida no planeta.","robots":{"index":"index","follow":"follow","max-snippet":"max-snippet:-1","max-image-preview":"max-image-preview:large","max-video-preview":"max-video-preview:-1"},"canonical":"https:\/\/www.em.com.br\/emfoco\/2025\/06\/04\/o-que-aconteceria-com-a-terra-se-a-lua-deixasse-de-existir\/","og_locale":"pt_BR","og_type":"article","og_title":"O que aconteceria com a Terra se a Lua deixasse de existir? - Estado de Minas - Em foco","og_description":"A Lua n\u00e3o s\u00f3 influencia as mar\u00e9s mas tamb\u00e9m estabiliza o clima terrestre. Entenda sua import\u00e2ncia para a vida no planeta.","og_url":"https:\/\/www.em.com.br\/emfoco\/2025\/06\/04\/o-que-aconteceria-com-a-terra-se-a-lua-deixasse-de-existir\/","og_site_name":"Estado de Minas - Em foco","article_published_time":"2025-06-04T10:40:00+00:00","article_modified_time":"2025-06-03T21:59:49+00:00","og_image":[{"width":1280,"height":720,"url":"https:\/\/www.em.com.br\/emfoco\/wp-content\/uploads\/2025\/04\/Moon-and-earth_1745591636792.jpg","type":"image\/jpeg"}],"author":"Gabriel Martins","twitter_card":"summary_large_image","twitter_misc":{"Escrito por":"Gabriel Martins","Est. tempo de leitura":"4 minutos"},"schema":{"@context":"https:\/\/schema.org","@graph":[{"@type":"WebPage","@id":"https:\/\/www.em.com.br\/emfoco\/2025\/06\/04\/o-que-aconteceria-com-a-terra-se-a-lua-deixasse-de-existir\/","url":"https:\/\/www.em.com.br\/emfoco\/2025\/06\/04\/o-que-aconteceria-com-a-terra-se-a-lua-deixasse-de-existir\/","name":"O que aconteceria com a Terra se a Lua deixasse de existir? - Estado de Minas - Em foco","isPartOf":{"@id":"https:\/\/www.em.com.br\/emfoco\/#website"},"primaryImageOfPage":{"@id":"https:\/\/www.em.com.br\/emfoco\/2025\/06\/04\/o-que-aconteceria-com-a-terra-se-a-lua-deixasse-de-existir\/#primaryimage"},"image":{"@id":"https:\/\/www.em.com.br\/emfoco\/2025\/06\/04\/o-que-aconteceria-com-a-terra-se-a-lua-deixasse-de-existir\/#primaryimage"},"thumbnailUrl":"https:\/\/www.em.com.br\/emfoco\/wp-content\/uploads\/2025\/04\/Moon-and-earth_1745591636792.jpg","datePublished":"2025-06-04T10:40:00+00:00","dateModified":"2025-06-03T21:59:49+00:00","author":{"@id":"https:\/\/www.em.com.br\/emfoco\/#\/schema\/person\/1c9ddeab18b98abeffef834667bcf08a"},"description":"A Lua n\u00e3o s\u00f3 influencia as mar\u00e9s mas tamb\u00e9m estabiliza o clima terrestre. Entenda sua import\u00e2ncia para a vida no planeta.","breadcrumb":{"@id":"https:\/\/www.em.com.br\/emfoco\/2025\/06\/04\/o-que-aconteceria-com-a-terra-se-a-lua-deixasse-de-existir\/#breadcrumb"},"inLanguage":"pt-BR","potentialAction":[{"@type":"ReadAction","target":["https:\/\/www.em.com.br\/emfoco\/2025\/06\/04\/o-que-aconteceria-com-a-terra-se-a-lua-deixasse-de-existir\/"]}]},{"@type":"ImageObject","inLanguage":"pt-BR","@id":"https:\/\/www.em.com.br\/emfoco\/2025\/06\/04\/o-que-aconteceria-com-a-terra-se-a-lua-deixasse-de-existir\/#primaryimage","url":"https:\/\/www.em.com.br\/emfoco\/wp-content\/uploads\/2025\/04\/Moon-and-earth_1745591636792.jpg","contentUrl":"https:\/\/www.em.com.br\/emfoco\/wp-content\/uploads\/2025\/04\/Moon-and-earth_1745591636792.jpg","width":1280,"height":720,"caption":"Lua - Cr\u00e9ditos: depositphotos.com \/ thomasmales"},{"@type":"BreadcrumbList","@id":"https:\/\/www.em.com.br\/emfoco\/2025\/06\/04\/o-que-aconteceria-com-a-terra-se-a-lua-deixasse-de-existir\/#breadcrumb","itemListElement":[{"@type":"ListItem","position":1,"name":"In\u00edcio","item":"https:\/\/www.em.com.br\/emfoco\/"},{"@type":"ListItem","position":2,"name":"O que aconteceria com a Terra se a Lua deixasse de existir?"}]},{"@type":"WebSite","@id":"https:\/\/www.em.com.br\/emfoco\/#website","url":"https:\/\/www.em.com.br\/emfoco\/","name":"Estado de Minas - Em foco","description":"Acompanhe as \u00faltimas not\u00edcias e fique bem informado sobre tudo o que acontece em Minas Gerais, Brasil e no mundo.","potentialAction":[{"@type":"SearchAction","target":{"@type":"EntryPoint","urlTemplate":"https:\/\/www.em.com.br\/emfoco\/?s={search_term_string}"},"query-input":{"@type":"PropertyValueSpecification","valueRequired":true,"valueName":"search_term_string"}}],"inLanguage":"pt-BR"},{"@type":"Person","@id":"https:\/\/www.em.com.br\/emfoco\/#\/schema\/person\/1c9ddeab18b98abeffef834667bcf08a","name":"Gabriel Martins","image":{"@type":"ImageObject","inLanguage":"pt-BR","@id":"https:\/\/www.em.com.br\/emfoco\/#\/schema\/person\/image\/","url":"https:\/\/secure.gravatar.com\/avatar\/f0f1e2efdfd88f1ad2cb08c5c2731e50?s=96&d=mm&r=g","contentUrl":"https:\/\/secure.gravatar.com\/avatar\/f0f1e2efdfd88f1ad2cb08c5c2731e50?s=96&d=mm&r=g","caption":"Gabriel Martins"},"sameAs":["https:\/\/www.em.com.br\/emfoco\/"],"url":"https:\/\/www.em.com.br\/emfoco\/author\/gabrielmartinsmyth\/"}]}},"_links":{"self":[{"href":"https:\/\/www.em.com.br\/emfoco\/wp-json\/wp\/v2\/posts\/54210","targetHints":{"allow":["GET"]}}],"collection":[{"href":"https:\/\/www.em.com.br\/emfoco\/wp-json\/wp\/v2\/posts"}],"about":[{"href":"https:\/\/www.em.com.br\/emfoco\/wp-json\/wp\/v2\/types\/post"}],"author":[{"embeddable":true,"href":"https:\/\/www.em.com.br\/emfoco\/wp-json\/wp\/v2\/users\/13"}],"replies":[{"embeddable":true,"href":"https:\/\/www.em.com.br\/emfoco\/wp-json\/wp\/v2\/comments?post=54210"}],"version-history":[{"count":2,"href":"https:\/\/www.em.com.br\/emfoco\/wp-json\/wp\/v2\/posts\/54210\/revisions"}],"predecessor-version":[{"id":54241,"href":"https:\/\/www.em.com.br\/emfoco\/wp-json\/wp\/v2\/posts\/54210\/revisions\/54241"}],"wp:featuredmedia":[{"embeddable":true,"href":"https:\/\/www.em.com.br\/emfoco\/wp-json\/wp\/v2\/media\/41644"}],"wp:attachment":[{"href":"https:\/\/www.em.com.br\/emfoco\/wp-json\/wp\/v2\/media?parent=54210"}],"wp:term":[{"taxonomy":"category","embeddable":true,"href":"https:\/\/www.em.com.br\/emfoco\/wp-json\/wp\/v2\/categories?post=54210"},{"taxonomy":"post_tag","embeddable":true,"href":"https:\/\/www.em.com.br\/emfoco\/wp-json\/wp\/v2\/tags?post=54210"}],"curies":[{"name":"wp","href":"https:\/\/api.w.org\/{rel}","templated":true}]}}