{"id":5411,"date":"2024-12-17T14:00:00","date_gmt":"2024-12-17T17:00:00","guid":{"rendered":"https:\/\/www.em.com.br\/emfoco\/?p=5411"},"modified":"2024-12-17T13:58:18","modified_gmt":"2024-12-17T16:58:18","slug":"cansado-de-contar-carneirinhos-experimente-este-cha-natural-e-relaxante","status":"publish","type":"post","link":"https:\/\/www.em.com.br\/emfoco\/2024\/12\/17\/cansado-de-contar-carneirinhos-experimente-este-cha-natural-e-relaxante\/","title":{"rendered":"Cansado de contar carneirinhos? Experimente este ch\u00e1 natural e relaxante"},"content":{"rendered":"\n<p>O <a href=\"https:\/\/www.em.com.br\/emfoco\/2024\/12\/12\/cha-calmante-uma-alternativa-natural-para-auxiliar-o-sono\/\" target=\"_blank\" rel=\"noreferrer noopener\">ch\u00e1 calmante<\/a> para dormir \u00e9 uma bebida \u00e0 base de ervas conhecida por suas propriedades relaxantes. Costuma ser composto por ingredientes como <strong>camomila<\/strong>, <strong>erva-cidreira<\/strong> e <strong>valeriana<\/strong>. Esses componentes s\u00e3o tradicionalmente utilizados para aliviar tens\u00e3o e promover uma sensa\u00e7\u00e3o de tranquilidade, ajudando assim as pessoas que t\u00eam dificuldade em adormecer.<\/p>\n\n\n\n<p>De acordo com informa\u00e7\u00f5es do blog de receitas\u00a0<a href=\"https:\/\/receitasdepesos.com.br\/cha-calmante-uma-alternativa-natural-para-auxiliar-o-sono.html\/\" target=\"_blank\" rel=\"noreferrer noopener\">Receitas de Peso<\/a>, a popularidade desse tipo de ch\u00e1 cresce especialmente entre aqueles que procuram m\u00e9todos naturais de melhorar o sono, evitando os efeitos colaterais que podem advir de medicamentos convencionais. Al\u00e9m disso, seu consumo est\u00e1 associado a uma rotina noturna mais tranquila, favorecendo o descanso do corpo e da mente.<\/p>\n\n\n<div class=\"wp-block-image\">\n<figure class=\"aligncenter size-large\"><img loading=\"lazy\" decoding=\"async\" width=\"1024\" height=\"681\" src=\"https:\/\/www.em.com.br\/emfoco\/wp-content\/uploads\/2024\/12\/2148802736-1-1024x681.jpg\" alt=\"\" class=\"wp-image-5429\" srcset=\"https:\/\/www.em.com.br\/emfoco\/wp-content\/uploads\/2024\/12\/2148802736-1-1024x681.jpg 1024w, https:\/\/www.em.com.br\/emfoco\/wp-content\/uploads\/2024\/12\/2148802736-1-300x200.jpg 300w, https:\/\/www.em.com.br\/emfoco\/wp-content\/uploads\/2024\/12\/2148802736-1-768x511.jpg 768w, https:\/\/www.em.com.br\/emfoco\/wp-content\/uploads\/2024\/12\/2148802736-1-750x499.jpg 750w, https:\/\/www.em.com.br\/emfoco\/wp-content\/uploads\/2024\/12\/2148802736-1-1140x758.jpg 1140w, https:\/\/www.em.com.br\/emfoco\/wp-content\/uploads\/2024\/12\/2148802736-1.jpg 1500w\" sizes=\"auto, (max-width: 1024px) 100vw, 1024px\" \/><figcaption class=\"wp-element-caption\">Ch\u00e1 para dormir &#8211; Fonte: Freepik<\/figcaption><\/figure><\/div>\n\n\n<h2 class=\"wp-block-heading\">Por que o ch\u00e1 calmante \u00e9 ben\u00e9fico para dormir melhor?<\/h2>\n\n\n\n<p>Os benef\u00edcios do ch\u00e1 calmante est\u00e3o ligados \u00e0s caracter\u00edsticas das ervas que o comp\u00f5em. A <strong>camomila<\/strong> \u00e9 famosa por sua capacidade de reduzir o estresse e a ansiedade, enquanto a <strong>erva-cidreira<\/strong> \u00e9 eficaz no est\u00edmulo a uma sensa\u00e7\u00e3o geral de calma. A <strong>valeriana<\/strong>, por outro lado, pode ajudar a encurtar o tempo para adormecer e melhorar a qualidade do sono.<\/p>\n\n\n\n<p>Por ser uma op\u00e7\u00e3o natural, o ch\u00e1 n\u00e3o apresenta os efeitos colaterais muitas vezes encontrados em medicamentos para ins\u00f4nia. Isso faz dele uma alternativa segura para quem busca uma abordagem mais suave para melhorar o descanso, auxiliando na manuten\u00e7\u00e3o de uma boa sa\u00fade.<\/p>\n\n\n\n<h2 class=\"wp-block-heading\">Como preparar um ch\u00e1 calmante eficaz?<\/h2>\n\n\n\n<p>Preparar um ch\u00e1 calmante em casa \u00e9 um processo acess\u00edvel e f\u00e1cil. Os principais ingredientes incluem flores de <strong>camomila<\/strong>, folhas de <strong>erva-cidreira<\/strong> e raiz de <strong>valeriana<\/strong>, se desejado. Esses ingredientes s\u00e3o colocados em \u00e1gua quente para liberar suas propriedades.<\/p>\n\n\n\n<ol class=\"wp-block-list\">\n<li><strong>Ferva a \u00e1gua<\/strong>: Aque\u00e7a aproximadamente 500 ml de \u00e1gua at\u00e9 fervura.<\/li>\n\n\n\n<li><strong>Adicione as ervas<\/strong>: Coloque as ervas desejadas em uma x\u00edcara ou bule.<\/li>\n\n\n\n<li><strong>Infus\u00e3o<\/strong>: Despeje a \u00e1gua fervente sobre as ervas, cubra-o e mantenha em repouso por cerca de 10 minutos.<\/li>\n\n\n\n<li><strong>Servir<\/strong>: Coe o ch\u00e1 antes de servir e, se necess\u00e1rio, adoce a gosto.<\/li>\n<\/ol>\n\n\n\n<h2 class=\"wp-block-heading\">Posso guardar o ch\u00e1 calmante para outro momento?<\/h2>\n\n\n\n<p>Sim, \u00e9 poss\u00edvel armazenar o ch\u00e1 calmante na geladeira por at\u00e9 um dia. Para isso, mantenha-o em um recipiente fechado para preservar o sabor e as propriedades. No entanto, para obter melhores resultados, consumir o ch\u00e1 rec\u00e9m-preparado \u00e9 sempre prefer\u00edvel, pois garante maior frescor e efici\u00eancia das ervas.<\/p>\n\n\n\n<h2 class=\"wp-block-heading\">Como o ch\u00e1 calmante pode afetar o ciclo do sono?<\/h2>\n\n\n\n<p>O consumo de ch\u00e1 calmante pode influenciar positivamente o ciclo do sono, ajudando a induzir relaxamento tanto f\u00edsico quanto mental. O ritual de consumir uma bebida quente e relaxante antes de dormir, somado \u00e0s propriedades das ervas, pode facilitar a transi\u00e7\u00e3o para um sono profundo e reparador. Para muitos, beber o ch\u00e1 cerca de 30 minutos antes de se deitar \u00e9 suficiente para criar um ambiente prop\u00edcio ao descanso.<\/p>\n","protected":false},"excerpt":{"rendered":"<p>O ch\u00e1 calmante para dormir \u00e9 uma bebida \u00e0 base de ervas conhecida por suas propriedades relaxantes. Costuma ser composto por ingredientes como camomila, erva-cidreira e valeriana. Esses componentes s\u00e3o tradicionalmente utilizados para aliviar tens\u00e3o e promover uma sensa\u00e7\u00e3o de tranquilidade, ajudando assim as pessoas que t\u00eam dificuldade em adormecer. De acordo com informa\u00e7\u00f5es do [&hellip;]<\/p>\n","protected":false},"author":8,"featured_media":5414,"comment_status":"open","ping_status":"open","sticky":false,"template":"","format":"standard","meta":{"jnews-multi-image_gallery":[],"jnews_single_post":{"format":"standard"},"jnews_primary_category":[],"jnews_social_meta":[],"jnews_override_counter":[],"footnotes":""},"categories":[29],"tags":[1927,1924,2125,415,1925,2126],"class_list":["post-5411","post","type-post","status-publish","format-standard","has-post-thumbnail","hentry","category-entretenimento","tag-camomila","tag-cha","tag-ervas","tag-saude","tag-sono","tag-valeriana"],"yoast_head":"<!-- This site is optimized with the Yoast SEO plugin v23.8 - https:\/\/yoast.com\/wordpress\/plugins\/seo\/ -->\n<title>Cansado de contar carneirinhos? Experimente este ch\u00e1 natural e relaxante - Estado de Minas - Em foco<\/title>\n<meta name=\"description\" content=\"Os ch\u00e1s calmantes s\u00e3o uma op\u00e7\u00e3o natural e saud\u00e1vel para melhorar o seu sono. Descubra como prepar\u00e1-lo e os seus benef\u00edcios.\" \/>\n<meta name=\"robots\" content=\"index, follow, max-snippet:-1, max-image-preview:large, max-video-preview:-1\" \/>\n<link rel=\"canonical\" href=\"https:\/\/www.em.com.br\/emfoco\/2024\/12\/17\/cansado-de-contar-carneirinhos-experimente-este-cha-natural-e-relaxante\/\" \/>\n<meta property=\"og:locale\" content=\"pt_BR\" \/>\n<meta property=\"og:type\" content=\"article\" \/>\n<meta property=\"og:title\" content=\"Cansado de contar carneirinhos? Experimente este ch\u00e1 natural e relaxante - Estado de Minas - Em foco\" \/>\n<meta property=\"og:description\" content=\"Os ch\u00e1s calmantes s\u00e3o uma op\u00e7\u00e3o natural e saud\u00e1vel para melhorar o seu sono. Descubra como prepar\u00e1-lo e os seus benef\u00edcios.\" \/>\n<meta property=\"og:url\" content=\"https:\/\/www.em.com.br\/emfoco\/2024\/12\/17\/cansado-de-contar-carneirinhos-experimente-este-cha-natural-e-relaxante\/\" \/>\n<meta property=\"og:site_name\" content=\"Estado de Minas - Em foco\" \/>\n<meta property=\"article:published_time\" content=\"2024-12-17T17:00:00+00:00\" \/>\n<meta property=\"article:modified_time\" content=\"2024-12-17T16:58:18+00:00\" \/>\n<meta property=\"og:image\" content=\"https:\/\/www.em.com.br\/emfoco\/wp-content\/uploads\/2024\/12\/cha-dormir_1734450542405.jpg\" \/>\n\t<meta property=\"og:image:width\" content=\"1279\" \/>\n\t<meta property=\"og:image:height\" content=\"720\" \/>\n\t<meta property=\"og:image:type\" content=\"image\/jpeg\" \/>\n<meta name=\"author\" content=\"Gabriel Leme\" \/>\n<meta name=\"twitter:card\" content=\"summary_large_image\" \/>\n<meta name=\"twitter:label1\" content=\"Escrito por\" \/>\n\t<meta name=\"twitter:data1\" content=\"Gabriel Leme\" \/>\n\t<meta name=\"twitter:label2\" content=\"Est. tempo de leitura\" \/>\n\t<meta name=\"twitter:data2\" content=\"3 minutos\" \/>\n<!-- \/ Yoast SEO plugin. -->","yoast_head_json":{"title":"Cansado de contar carneirinhos? Experimente este ch\u00e1 natural e relaxante - Estado de Minas - Em foco","description":"Os ch\u00e1s calmantes s\u00e3o uma op\u00e7\u00e3o natural e saud\u00e1vel para melhorar o seu sono. Descubra como prepar\u00e1-lo e os seus benef\u00edcios.","robots":{"index":"index","follow":"follow","max-snippet":"max-snippet:-1","max-image-preview":"max-image-preview:large","max-video-preview":"max-video-preview:-1"},"canonical":"https:\/\/www.em.com.br\/emfoco\/2024\/12\/17\/cansado-de-contar-carneirinhos-experimente-este-cha-natural-e-relaxante\/","og_locale":"pt_BR","og_type":"article","og_title":"Cansado de contar carneirinhos? Experimente este ch\u00e1 natural e relaxante - Estado de Minas - Em foco","og_description":"Os ch\u00e1s calmantes s\u00e3o uma op\u00e7\u00e3o natural e saud\u00e1vel para melhorar o seu sono. Descubra como prepar\u00e1-lo e os seus benef\u00edcios.","og_url":"https:\/\/www.em.com.br\/emfoco\/2024\/12\/17\/cansado-de-contar-carneirinhos-experimente-este-cha-natural-e-relaxante\/","og_site_name":"Estado de Minas - Em foco","article_published_time":"2024-12-17T17:00:00+00:00","article_modified_time":"2024-12-17T16:58:18+00:00","og_image":[{"width":1279,"height":720,"url":"https:\/\/www.em.com.br\/emfoco\/wp-content\/uploads\/2024\/12\/cha-dormir_1734450542405.jpg","type":"image\/jpeg"}],"author":"Gabriel Leme","twitter_card":"summary_large_image","twitter_misc":{"Escrito por":"Gabriel Leme","Est. tempo de leitura":"3 minutos"},"schema":{"@context":"https:\/\/schema.org","@graph":[{"@type":"WebPage","@id":"https:\/\/www.em.com.br\/emfoco\/2024\/12\/17\/cansado-de-contar-carneirinhos-experimente-este-cha-natural-e-relaxante\/","url":"https:\/\/www.em.com.br\/emfoco\/2024\/12\/17\/cansado-de-contar-carneirinhos-experimente-este-cha-natural-e-relaxante\/","name":"Cansado de contar carneirinhos? Experimente este ch\u00e1 natural e relaxante - Estado de Minas - Em foco","isPartOf":{"@id":"https:\/\/www.em.com.br\/emfoco\/#website"},"primaryImageOfPage":{"@id":"https:\/\/www.em.com.br\/emfoco\/2024\/12\/17\/cansado-de-contar-carneirinhos-experimente-este-cha-natural-e-relaxante\/#primaryimage"},"image":{"@id":"https:\/\/www.em.com.br\/emfoco\/2024\/12\/17\/cansado-de-contar-carneirinhos-experimente-este-cha-natural-e-relaxante\/#primaryimage"},"thumbnailUrl":"https:\/\/www.em.com.br\/emfoco\/wp-content\/uploads\/2024\/12\/cha-dormir_1734450542405.jpg","datePublished":"2024-12-17T17:00:00+00:00","dateModified":"2024-12-17T16:58:18+00:00","author":{"@id":"https:\/\/www.em.com.br\/emfoco\/#\/schema\/person\/c474c7e8de0ec85dae02ccc7c52c63ed"},"description":"Os ch\u00e1s calmantes s\u00e3o uma op\u00e7\u00e3o natural e saud\u00e1vel para melhorar o seu sono. Descubra como prepar\u00e1-lo e os seus benef\u00edcios.","breadcrumb":{"@id":"https:\/\/www.em.com.br\/emfoco\/2024\/12\/17\/cansado-de-contar-carneirinhos-experimente-este-cha-natural-e-relaxante\/#breadcrumb"},"inLanguage":"pt-BR","potentialAction":[{"@type":"ReadAction","target":["https:\/\/www.em.com.br\/emfoco\/2024\/12\/17\/cansado-de-contar-carneirinhos-experimente-este-cha-natural-e-relaxante\/"]}]},{"@type":"ImageObject","inLanguage":"pt-BR","@id":"https:\/\/www.em.com.br\/emfoco\/2024\/12\/17\/cansado-de-contar-carneirinhos-experimente-este-cha-natural-e-relaxante\/#primaryimage","url":"https:\/\/www.em.com.br\/emfoco\/wp-content\/uploads\/2024\/12\/cha-dormir_1734450542405.jpg","contentUrl":"https:\/\/www.em.com.br\/emfoco\/wp-content\/uploads\/2024\/12\/cha-dormir_1734450542405.jpg","width":1279,"height":720,"caption":"Cr\u00e9ditos: depositphotos.com \/ Di-Studio"},{"@type":"BreadcrumbList","@id":"https:\/\/www.em.com.br\/emfoco\/2024\/12\/17\/cansado-de-contar-carneirinhos-experimente-este-cha-natural-e-relaxante\/#breadcrumb","itemListElement":[{"@type":"ListItem","position":1,"name":"In\u00edcio","item":"https:\/\/www.em.com.br\/emfoco\/"},{"@type":"ListItem","position":2,"name":"Cansado de contar carneirinhos? Experimente este ch\u00e1 natural e relaxante"}]},{"@type":"WebSite","@id":"https:\/\/www.em.com.br\/emfoco\/#website","url":"https:\/\/www.em.com.br\/emfoco\/","name":"Estado de Minas - Em foco","description":"Acompanhe as \u00faltimas not\u00edcias e fique bem informado sobre tudo o que acontece em Minas Gerais, Brasil e no mundo.","potentialAction":[{"@type":"SearchAction","target":{"@type":"EntryPoint","urlTemplate":"https:\/\/www.em.com.br\/emfoco\/?s={search_term_string}"},"query-input":{"@type":"PropertyValueSpecification","valueRequired":true,"valueName":"search_term_string"}}],"inLanguage":"pt-BR"},{"@type":"Person","@id":"https:\/\/www.em.com.br\/emfoco\/#\/schema\/person\/c474c7e8de0ec85dae02ccc7c52c63ed","name":"Gabriel Leme","image":{"@type":"ImageObject","inLanguage":"pt-BR","@id":"https:\/\/www.em.com.br\/emfoco\/#\/schema\/person\/image\/","url":"https:\/\/secure.gravatar.com\/avatar\/76ff34de0e3f4b1d5c416653966497a9?s=96&d=mm&r=g","contentUrl":"https:\/\/secure.gravatar.com\/avatar\/76ff34de0e3f4b1d5c416653966497a9?s=96&d=mm&r=g","caption":"Gabriel Leme"},"sameAs":["https:\/\/www.em.com.br\/emfoco\/"],"url":"https:\/\/www.em.com.br\/emfoco\/author\/gabrielmyth\/"}]}},"_links":{"self":[{"href":"https:\/\/www.em.com.br\/emfoco\/wp-json\/wp\/v2\/posts\/5411","targetHints":{"allow":["GET"]}}],"collection":[{"href":"https:\/\/www.em.com.br\/emfoco\/wp-json\/wp\/v2\/posts"}],"about":[{"href":"https:\/\/www.em.com.br\/emfoco\/wp-json\/wp\/v2\/types\/post"}],"author":[{"embeddable":true,"href":"https:\/\/www.em.com.br\/emfoco\/wp-json\/wp\/v2\/users\/8"}],"replies":[{"embeddable":true,"href":"https:\/\/www.em.com.br\/emfoco\/wp-json\/wp\/v2\/comments?post=5411"}],"version-history":[{"count":1,"href":"https:\/\/www.em.com.br\/emfoco\/wp-json\/wp\/v2\/posts\/5411\/revisions"}],"predecessor-version":[{"id":5430,"href":"https:\/\/www.em.com.br\/emfoco\/wp-json\/wp\/v2\/posts\/5411\/revisions\/5430"}],"wp:featuredmedia":[{"embeddable":true,"href":"https:\/\/www.em.com.br\/emfoco\/wp-json\/wp\/v2\/media\/5414"}],"wp:attachment":[{"href":"https:\/\/www.em.com.br\/emfoco\/wp-json\/wp\/v2\/media?parent=5411"}],"wp:term":[{"taxonomy":"category","embeddable":true,"href":"https:\/\/www.em.com.br\/emfoco\/wp-json\/wp\/v2\/categories?post=5411"},{"taxonomy":"post_tag","embeddable":true,"href":"https:\/\/www.em.com.br\/emfoco\/wp-json\/wp\/v2\/tags?post=5411"}],"curies":[{"name":"wp","href":"https:\/\/api.w.org\/{rel}","templated":true}]}}