{"id":5408,"date":"2024-12-18T07:20:00","date_gmt":"2024-12-18T10:20:00","guid":{"rendered":"https:\/\/www.em.com.br\/emfoco\/?p=5408"},"modified":"2024-12-17T13:08:50","modified_gmt":"2024-12-17T16:08:50","slug":"bolsa-familia-o-que-fazer-quando-o-beneficio-e-bloqueado","status":"publish","type":"post","link":"https:\/\/www.em.com.br\/emfoco\/2024\/12\/18\/bolsa-familia-o-que-fazer-quando-o-beneficio-e-bloqueado\/","title":{"rendered":"Bolsa Fam\u00edlia: O que fazer quando o benef\u00edcio \u00e9 bloqueado?"},"content":{"rendered":"\n<p>O programa <a href=\"https:\/\/www.gov.br\/mds\/pt-br\/acoes-e-programas\/bolsa-familia\" target=\"_blank\" rel=\"noreferrer noopener\">Bolsa Fam\u00edlia<\/a> \u00e9 uma importante iniciativa do governo brasileiro destinada a auxiliar <a href=\"https:\/\/www.em.com.br\/emfoco\/2024\/12\/17\/bolsa-familia-esta-tudo-certo-com-seu-cadastro-descubra-agora\/\" target=\"_blank\" rel=\"noreferrer noopener\">fam\u00edlias <\/a>de baixa renda. No entanto, o pagamento do benef\u00edcio pode ser interrompido se os benefici\u00e1rios n\u00e3o atenderem aos crit\u00e9rios estabelecidos. Quando h\u00e1 um bloqueio do Bolsa Fam\u00edlia, isso geralmente serve como um alerta para a fam\u00edlia de que algo est\u00e1 incorreto no cadastro ou nas condi\u00e7\u00f5es do programa.<\/p>\n\n\n\n<p>Os benefici\u00e1rios que t\u00eam o pagamento do Bolsa Fam\u00edlia bloqueado geralmente recebem um per\u00edodo de at\u00e9 60 dias para regularizar a situa\u00e7\u00e3o, corrigindo os poss\u00edveis erros no Cadastro \u00danico. Quanto mais cedo o problema for resolvido, maior \u00e9 a chance de receber o benef\u00edcio novamente j\u00e1 no in\u00edcio do pr\u00f3ximo ano.<\/p>\n\n\n\n<h2 class=\"wp-block-heading\">Quais s\u00e3o os motivos do bloqueio do benef\u00edcio?<\/h2>\n\n\n\n<p>Existem v\u00e1rias raz\u00f5es pelas quais o Bolsa Fam\u00edlia pode ser bloqueado. Al\u00e9m de comprovar que a renda familiar est\u00e1 dentro do limite estipulado pelo programa, outras condi\u00e7\u00f5es tamb\u00e9m devem ser atendidas para manter o pagamento ativo. O Minist\u00e9rio do Desenvolvimento Social (MDS) realiza verifica\u00e7\u00f5es peri\u00f3dicas nos cadastros dos benefici\u00e1rios e pode suspender aqueles que n\u00e3o cumprem certos requisitos, como:<\/p>\n\n\n\n<ul class=\"wp-block-list\">\n<li>Manuten\u00e7\u00e3o da frequ\u00eancia escolar de crian\u00e7as e adolescentes em pelo menos 85% ao m\u00eas.<\/li>\n\n\n\n<li>Realiza\u00e7\u00e3o do acompanhamento nutricional, com medi\u00e7\u00e3o de peso e altura, de crian\u00e7as de at\u00e9 7 anos, duas vezes ao ano.<\/li>\n\n\n\n<li>Acompanhamento de pr\u00e9-natal para gestantes.<\/li>\n\n\n\n<li>Atualiza\u00e7\u00e3o da caderneta de vacina\u00e7\u00e3o de crian\u00e7as, adolescentes e mulheres.<\/li>\n\n\n\n<li>A atualiza\u00e7\u00e3o do Cadastro \u00danico a cada dois anos ou sempre que houver mudan\u00e7as nas informa\u00e7\u00f5es da fam\u00edlia.<\/li>\n<\/ul>\n\n\n<div class=\"wp-block-image\">\n<figure class=\"aligncenter size-large\"><img loading=\"lazy\" decoding=\"async\" width=\"1024\" height=\"576\" src=\"https:\/\/www.em.com.br\/emfoco\/wp-content\/uploads\/2024\/12\/Brazil-Money_1733866349330-1024x576.jpg\" alt=\"\" class=\"wp-image-4219\" srcset=\"https:\/\/www.em.com.br\/emfoco\/wp-content\/uploads\/2024\/12\/Brazil-Money_1733866349330-1024x576.jpg 1024w, https:\/\/www.em.com.br\/emfoco\/wp-content\/uploads\/2024\/12\/Brazil-Money_1733866349330-300x169.jpg 300w, https:\/\/www.em.com.br\/emfoco\/wp-content\/uploads\/2024\/12\/Brazil-Money_1733866349330-768x432.jpg 768w, https:\/\/www.em.com.br\/emfoco\/wp-content\/uploads\/2024\/12\/Brazil-Money_1733866349330-750x422.jpg 750w, https:\/\/www.em.com.br\/emfoco\/wp-content\/uploads\/2024\/12\/Brazil-Money_1733866349330-1140x641.jpg 1140w, https:\/\/www.em.com.br\/emfoco\/wp-content\/uploads\/2024\/12\/Brazil-Money_1733866349330.jpg 1280w\" sizes=\"auto, (max-width: 1024px) 100vw, 1024px\" \/><figcaption class=\"wp-element-caption\">Salario Minimo &#8211; Cr\u00e9ditos: depositphotos.com \/ rmcarvalhobsb<\/figcaption><\/figure><\/div>\n\n\n<h2 class=\"wp-block-heading\">O que \u00e9 necess\u00e1rio para desbloquear o Bolsa Fam\u00edlia?<\/h2>\n\n\n\n<p>Ap\u00f3s receber notifica\u00e7\u00e3o sobre o bloqueio do aux\u00edlio, a fam\u00edlia deve tomar medidas para corrigir quaisquer erros presentes no cadastro. Isso pode incluir a atualiza\u00e7\u00e3o da caderneta de vacina\u00e7\u00e3o ou a apresenta\u00e7\u00e3o de um atestado m\u00e9dico que justifique aus\u00eancias escolares. A atualiza\u00e7\u00e3o dos dados no Cadastro \u00danico \u00e9 essencial para que o governo reavalie a situa\u00e7\u00e3o da fam\u00edlia e considere a libera\u00e7\u00e3o do benef\u00edcio.<\/p>\n\n\n\n<p>Os passos seguintes para desbloquear o Bolsa Fam\u00edlia incluem:<\/p>\n\n\n\n<ol class=\"wp-block-list\">\n<li>Agendamento do atendimento no CRAS (Centro de Refer\u00eancia de Assist\u00eancia Social) mais pr\u00f3ximo.<\/li>\n\n\n\n<li>Solicita\u00e7\u00e3o de renova\u00e7\u00e3o do Cadastro \u00danico.<\/li>\n\n\n\n<li>Apresenta\u00e7\u00e3o de todos os documentos necess\u00e1rios.<\/li>\n\n\n\n<li>Preenchimento do question\u00e1rio socioecon\u00f4mico.<\/li>\n\n\n\n<li>Aguardo da aprova\u00e7\u00e3o final por parte do governo.<\/li>\n<\/ol>\n\n\n\n<h2 class=\"wp-block-heading\">Como evitar futuros bloqueios do Bolsa Fam\u00edlia?<\/h2>\n\n\n\n<p>Uma vez que o benef\u00edcio \u00e9 restabelecido, \u00e9 essencial seguir algumas diretrizes para evitar futuros bloqueios. Manter as informa\u00e7\u00f5es cadastrais atualizadas, garantir que as crian\u00e7as atinjam a frequ\u00eancia escolar requerida e observar as normas de sa\u00fade e vacina\u00e7\u00e3o s\u00e3o passos cruciais para a continuidade do benef\u00edcio. Estar sempre atento \u00e0s comunica\u00e7\u00f5es do MDS e agendar revis\u00f5es regulares do Cadastro \u00danico podem ajudar a prevenir interrup\u00e7\u00f5es no recebimento do Bolsa Fam\u00edlia.<\/p>\n\n\n\n<p>Ao respeitar esses requisitos, as fam\u00edlias garantem acesso cont\u00ednuo ao suporte financeiro oferecido pelo programa, fundamental para muitas delas em tempos de dificuldade econ\u00f4mica.<\/p>\n","protected":false},"excerpt":{"rendered":"<p>O programa Bolsa Fam\u00edlia \u00e9 uma importante iniciativa do governo brasileiro destinada a auxiliar fam\u00edlias de baixa renda. No entanto, o pagamento do benef\u00edcio pode ser interrompido se os benefici\u00e1rios n\u00e3o atenderem aos crit\u00e9rios estabelecidos. Quando h\u00e1 um bloqueio do Bolsa Fam\u00edlia, isso geralmente serve como um alerta para a fam\u00edlia de que algo est\u00e1 [&hellip;]<\/p>\n","protected":false},"author":7,"featured_media":2182,"comment_status":"open","ping_status":"open","sticky":false,"template":"","format":"standard","meta":{"jnews-multi-image_gallery":[],"jnews_single_post":{"format":"standard"},"jnews_primary_category":[],"jnews_social_meta":[],"jnews_override_counter":[],"footnotes":""},"categories":[28],"tags":[259,629,209,346,465],"class_list":["post-5408","post","type-post","status-publish","format-standard","has-post-thumbnail","hentry","category-economia","tag-beneficio","tag-bloqueio","tag-bolsa-familia","tag-cadastro","tag-governo"],"yoast_head":"<!-- This site is optimized with the Yoast SEO plugin v23.8 - https:\/\/yoast.com\/wordpress\/plugins\/seo\/ -->\n<title>Bolsa Fam\u00edlia: O que fazer quando o benef\u00edcio \u00e9 bloqueado? - Estado de Minas - Em foco<\/title>\n<meta name=\"description\" content=\"Entenda os motivos para bloqueio do Bolsa Fam\u00edlia, o que fazer quando seu benef\u00edcio for bloqueado e como evitar que isso aconte\u00e7a no futuro.\" \/>\n<meta name=\"robots\" content=\"index, follow, max-snippet:-1, max-image-preview:large, max-video-preview:-1\" \/>\n<link rel=\"canonical\" href=\"https:\/\/www.em.com.br\/emfoco\/2024\/12\/18\/bolsa-familia-o-que-fazer-quando-o-beneficio-e-bloqueado\/\" \/>\n<meta property=\"og:locale\" content=\"pt_BR\" \/>\n<meta property=\"og:type\" content=\"article\" \/>\n<meta property=\"og:title\" content=\"Bolsa Fam\u00edlia: O que fazer quando o benef\u00edcio \u00e9 bloqueado? - Estado de Minas - Em foco\" \/>\n<meta property=\"og:description\" content=\"Entenda os motivos para bloqueio do Bolsa Fam\u00edlia, o que fazer quando seu benef\u00edcio for bloqueado e como evitar que isso aconte\u00e7a no futuro.\" \/>\n<meta property=\"og:url\" content=\"https:\/\/www.em.com.br\/emfoco\/2024\/12\/18\/bolsa-familia-o-que-fazer-quando-o-beneficio-e-bloqueado\/\" \/>\n<meta property=\"og:site_name\" content=\"Estado de Minas - Em foco\" \/>\n<meta property=\"article:published_time\" content=\"2024-12-18T10:20:00+00:00\" \/>\n<meta property=\"article:modified_time\" content=\"2024-12-17T16:08:50+00:00\" \/>\n<meta property=\"og:image\" content=\"https:\/\/www.em.com.br\/emfoco\/wp-content\/uploads\/2024\/11\/Bolsa-familia_1732875432173.jpg\" \/>\n\t<meta property=\"og:image:width\" content=\"1280\" \/>\n\t<meta property=\"og:image:height\" content=\"720\" \/>\n\t<meta property=\"og:image:type\" content=\"image\/jpeg\" \/>\n<meta name=\"author\" content=\"Kelvin\" \/>\n<meta name=\"twitter:card\" content=\"summary_large_image\" \/>\n<meta name=\"twitter:label1\" content=\"Escrito por\" \/>\n\t<meta name=\"twitter:data1\" content=\"Kelvin\" \/>\n\t<meta name=\"twitter:label2\" content=\"Est. tempo de leitura\" \/>\n\t<meta name=\"twitter:data2\" content=\"4 minutos\" \/>\n<!-- \/ Yoast SEO plugin. -->","yoast_head_json":{"title":"Bolsa Fam\u00edlia: O que fazer quando o benef\u00edcio \u00e9 bloqueado? - Estado de Minas - Em foco","description":"Entenda os motivos para bloqueio do Bolsa Fam\u00edlia, o que fazer quando seu benef\u00edcio for bloqueado e como evitar que isso aconte\u00e7a no futuro.","robots":{"index":"index","follow":"follow","max-snippet":"max-snippet:-1","max-image-preview":"max-image-preview:large","max-video-preview":"max-video-preview:-1"},"canonical":"https:\/\/www.em.com.br\/emfoco\/2024\/12\/18\/bolsa-familia-o-que-fazer-quando-o-beneficio-e-bloqueado\/","og_locale":"pt_BR","og_type":"article","og_title":"Bolsa Fam\u00edlia: O que fazer quando o benef\u00edcio \u00e9 bloqueado? - Estado de Minas - Em foco","og_description":"Entenda os motivos para bloqueio do Bolsa Fam\u00edlia, o que fazer quando seu benef\u00edcio for bloqueado e como evitar que isso aconte\u00e7a no futuro.","og_url":"https:\/\/www.em.com.br\/emfoco\/2024\/12\/18\/bolsa-familia-o-que-fazer-quando-o-beneficio-e-bloqueado\/","og_site_name":"Estado de Minas - Em foco","article_published_time":"2024-12-18T10:20:00+00:00","article_modified_time":"2024-12-17T16:08:50+00:00","og_image":[{"width":1280,"height":720,"url":"https:\/\/www.em.com.br\/emfoco\/wp-content\/uploads\/2024\/11\/Bolsa-familia_1732875432173.jpg","type":"image\/jpeg"}],"author":"Kelvin","twitter_card":"summary_large_image","twitter_misc":{"Escrito por":"Kelvin","Est. tempo de leitura":"4 minutos"},"schema":{"@context":"https:\/\/schema.org","@graph":[{"@type":"WebPage","@id":"https:\/\/www.em.com.br\/emfoco\/2024\/12\/18\/bolsa-familia-o-que-fazer-quando-o-beneficio-e-bloqueado\/","url":"https:\/\/www.em.com.br\/emfoco\/2024\/12\/18\/bolsa-familia-o-que-fazer-quando-o-beneficio-e-bloqueado\/","name":"Bolsa Fam\u00edlia: O que fazer quando o benef\u00edcio \u00e9 bloqueado? - Estado de Minas - Em foco","isPartOf":{"@id":"https:\/\/www.em.com.br\/emfoco\/#website"},"primaryImageOfPage":{"@id":"https:\/\/www.em.com.br\/emfoco\/2024\/12\/18\/bolsa-familia-o-que-fazer-quando-o-beneficio-e-bloqueado\/#primaryimage"},"image":{"@id":"https:\/\/www.em.com.br\/emfoco\/2024\/12\/18\/bolsa-familia-o-que-fazer-quando-o-beneficio-e-bloqueado\/#primaryimage"},"thumbnailUrl":"https:\/\/www.em.com.br\/emfoco\/wp-content\/uploads\/2024\/11\/Bolsa-familia_1732875432173.jpg","datePublished":"2024-12-18T10:20:00+00:00","dateModified":"2024-12-17T16:08:50+00:00","author":{"@id":"https:\/\/www.em.com.br\/emfoco\/#\/schema\/person\/fb0a7f48c6fbb94b83f413a80f61917d"},"description":"Entenda os motivos para bloqueio do Bolsa Fam\u00edlia, o que fazer quando seu benef\u00edcio for bloqueado e como evitar que isso aconte\u00e7a no futuro.","breadcrumb":{"@id":"https:\/\/www.em.com.br\/emfoco\/2024\/12\/18\/bolsa-familia-o-que-fazer-quando-o-beneficio-e-bloqueado\/#breadcrumb"},"inLanguage":"pt-BR","potentialAction":[{"@type":"ReadAction","target":["https:\/\/www.em.com.br\/emfoco\/2024\/12\/18\/bolsa-familia-o-que-fazer-quando-o-beneficio-e-bloqueado\/"]}]},{"@type":"ImageObject","inLanguage":"pt-BR","@id":"https:\/\/www.em.com.br\/emfoco\/2024\/12\/18\/bolsa-familia-o-que-fazer-quando-o-beneficio-e-bloqueado\/#primaryimage","url":"https:\/\/www.em.com.br\/emfoco\/wp-content\/uploads\/2024\/11\/Bolsa-familia_1732875432173.jpg","contentUrl":"https:\/\/www.em.com.br\/emfoco\/wp-content\/uploads\/2024\/11\/Bolsa-familia_1732875432173.jpg","width":1280,"height":720,"caption":"Cart\u00e3o bolsa familia - Cr\u00e9ditos: depositphotos.com \/ joasouza"},{"@type":"BreadcrumbList","@id":"https:\/\/www.em.com.br\/emfoco\/2024\/12\/18\/bolsa-familia-o-que-fazer-quando-o-beneficio-e-bloqueado\/#breadcrumb","itemListElement":[{"@type":"ListItem","position":1,"name":"In\u00edcio","item":"https:\/\/www.em.com.br\/emfoco\/"},{"@type":"ListItem","position":2,"name":"Bolsa Fam\u00edlia: O que fazer quando o benef\u00edcio \u00e9 bloqueado?"}]},{"@type":"WebSite","@id":"https:\/\/www.em.com.br\/emfoco\/#website","url":"https:\/\/www.em.com.br\/emfoco\/","name":"Estado de Minas - Em foco","description":"Acompanhe as \u00faltimas not\u00edcias e fique bem informado sobre tudo o que acontece em Minas Gerais, Brasil e no mundo.","potentialAction":[{"@type":"SearchAction","target":{"@type":"EntryPoint","urlTemplate":"https:\/\/www.em.com.br\/emfoco\/?s={search_term_string}"},"query-input":{"@type":"PropertyValueSpecification","valueRequired":true,"valueName":"search_term_string"}}],"inLanguage":"pt-BR"},{"@type":"Person","@id":"https:\/\/www.em.com.br\/emfoco\/#\/schema\/person\/fb0a7f48c6fbb94b83f413a80f61917d","name":"Kelvin","image":{"@type":"ImageObject","inLanguage":"pt-BR","@id":"https:\/\/www.em.com.br\/emfoco\/#\/schema\/person\/image\/","url":"https:\/\/secure.gravatar.com\/avatar\/e74f84337e6bf6c4c5e88fbdffa05270?s=96&d=mm&r=g","contentUrl":"https:\/\/secure.gravatar.com\/avatar\/e74f84337e6bf6c4c5e88fbdffa05270?s=96&d=mm&r=g","caption":"Kelvin"},"sameAs":["https:\/\/www.em.com.br\/emfoco"],"url":"https:\/\/www.em.com.br\/emfoco\/author\/kelvinmyth\/"}]}},"_links":{"self":[{"href":"https:\/\/www.em.com.br\/emfoco\/wp-json\/wp\/v2\/posts\/5408","targetHints":{"allow":["GET"]}}],"collection":[{"href":"https:\/\/www.em.com.br\/emfoco\/wp-json\/wp\/v2\/posts"}],"about":[{"href":"https:\/\/www.em.com.br\/emfoco\/wp-json\/wp\/v2\/types\/post"}],"author":[{"embeddable":true,"href":"https:\/\/www.em.com.br\/emfoco\/wp-json\/wp\/v2\/users\/7"}],"replies":[{"embeddable":true,"href":"https:\/\/www.em.com.br\/emfoco\/wp-json\/wp\/v2\/comments?post=5408"}],"version-history":[{"count":2,"href":"https:\/\/www.em.com.br\/emfoco\/wp-json\/wp\/v2\/posts\/5408\/revisions"}],"predecessor-version":[{"id":5417,"href":"https:\/\/www.em.com.br\/emfoco\/wp-json\/wp\/v2\/posts\/5408\/revisions\/5417"}],"wp:featuredmedia":[{"embeddable":true,"href":"https:\/\/www.em.com.br\/emfoco\/wp-json\/wp\/v2\/media\/2182"}],"wp:attachment":[{"href":"https:\/\/www.em.com.br\/emfoco\/wp-json\/wp\/v2\/media?parent=5408"}],"wp:term":[{"taxonomy":"category","embeddable":true,"href":"https:\/\/www.em.com.br\/emfoco\/wp-json\/wp\/v2\/categories?post=5408"},{"taxonomy":"post_tag","embeddable":true,"href":"https:\/\/www.em.com.br\/emfoco\/wp-json\/wp\/v2\/tags?post=5408"}],"curies":[{"name":"wp","href":"https:\/\/api.w.org\/{rel}","templated":true}]}}