{"id":54037,"date":"2025-06-03T12:20:00","date_gmt":"2025-06-03T15:20:00","guid":{"rendered":"https:\/\/www.em.com.br\/emfoco\/?p=54037"},"modified":"2025-06-03T06:40:05","modified_gmt":"2025-06-03T09:40:05","slug":"assistir-fora-de-ordem-isso-pode-arruinar-sua-experiencia-com-o-mcu","status":"publish","type":"post","link":"https:\/\/www.em.com.br\/emfoco\/2025\/06\/03\/assistir-fora-de-ordem-isso-pode-arruinar-sua-experiencia-com-o-mcu\/","title":{"rendered":"Assistir fora de ordem? Isso pode arruinar sua experi\u00eancia com o MCU"},"content":{"rendered":"\n<p>Desde 2008, a <strong>Marvel Studios<\/strong> tem cativado audi\u00eancias ao redor do mundo com seu <strong><a href=\"https:\/\/www.omelete.com.br\/marvel-cinema\" target=\"_blank\" rel=\"noreferrer noopener\">Universo Cinematogr\u00e1fico<\/a><\/strong> (MCU), come\u00e7ando com o lan\u00e7amento de &#8220;<strong>Homem de Ferro<\/strong>&#8220;. A habilidade do est\u00fadio em interconectar personagens e tramas tem sido um dos seus maiores trunfos, criando uma narrativa coesa que se estende por filmes e s\u00e9ries. Com o advento do <strong>Disney+<\/strong>, essa interconex\u00e3o se expandiu ainda mais, trazendo novas hist\u00f3rias e personagens para o p\u00fablico.<\/p>\n\n\n\n<p>Com tantas produ\u00e7\u00f5es, \u00e9 comum que os f\u00e3s se percam na cronologia dos eventos. A seguir, uma lista detalhada dos filmes e s\u00e9ries da Marvel, organizados cronologicamente para ajudar a entender a sequ\u00eancia dos acontecimentos no MCU.<\/p>\n\n\n\n<h2 class=\"wp-block-heading\">Como a Marvel organiza sua cronologia?<\/h2>\n\n\n\n<p>A Marvel Studios utiliza uma linha do tempo complexa que mistura eventos passados, presentes e futuros. Essa estrutura permite que os criadores explorem diferentes per\u00edodos e contextos hist\u00f3ricos, enriquecendo a narrativa com camadas adicionais de profundidade. Desde &#8220;<strong>Capit\u00e3o Am\u00e9rica: O Primeiro Vingador<\/strong>&#8220;, ambientado durante a <strong>Segunda Guerra Mundial<\/strong>, at\u00e9 &#8220;<strong>Guardi\u00f5es da Gal\u00e1xia Vol. 3<\/strong>&#8220;, situado em um futuro pr\u00f3ximo, a cronologia do MCU \u00e9 cuidadosamente planejada para manter a coes\u00e3o entre as hist\u00f3rias.<\/p>\n\n\n\n<figure class=\"wp-block-image size-large\"><img loading=\"lazy\" decoding=\"async\" width=\"1024\" height=\"576\" src=\"https:\/\/www.em.com.br\/emfoco\/wp-content\/uploads\/2025\/05\/Robert-Downey-Jr_1746629399695-1024x576.jpg\" alt=\"Marvel surpreende f\u00e3s com elenco lend\u00e1rio para &quot;Vingadores: Doomsday&quot; em 2026\" class=\"wp-image-45248\" srcset=\"https:\/\/www.em.com.br\/emfoco\/wp-content\/uploads\/2025\/05\/Robert-Downey-Jr_1746629399695-1024x576.jpg 1024w, https:\/\/www.em.com.br\/emfoco\/wp-content\/uploads\/2025\/05\/Robert-Downey-Jr_1746629399695-300x169.jpg 300w, https:\/\/www.em.com.br\/emfoco\/wp-content\/uploads\/2025\/05\/Robert-Downey-Jr_1746629399695-768x432.jpg 768w, https:\/\/www.em.com.br\/emfoco\/wp-content\/uploads\/2025\/05\/Robert-Downey-Jr_1746629399695-750x422.jpg 750w, https:\/\/www.em.com.br\/emfoco\/wp-content\/uploads\/2025\/05\/Robert-Downey-Jr_1746629399695-1140x642.jpg 1140w, https:\/\/www.em.com.br\/emfoco\/wp-content\/uploads\/2025\/05\/Robert-Downey-Jr_1746629399695.jpg 1279w\" sizes=\"auto, (max-width: 1024px) 100vw, 1024px\" \/><figcaption class=\"wp-element-caption\">Robert Downey Jr. &#8211; Cr\u00e9ditos: depositphotos.com \/ PopularImages<\/figcaption><\/figure>\n\n\n\n<h2 class=\"wp-block-heading\">Quais s\u00e3o os principais marcos da cronologia da Marvel?<\/h2>\n\n\n\n<ul class=\"wp-block-list\">\n<li><strong>Capit\u00e3o Am\u00e9rica: O Primeiro Vingador (1943 &#8211; 1945):<\/strong> Este filme estabelece as bases do MCU, apresentando o primeiro super-her\u00f3i da Marvel.<\/li>\n\n\n\n<li><strong>Capit\u00e3 Marvel (1995):<\/strong> introduz a personagem <strong>Carol Danvers<\/strong> e aprofunda a hist\u00f3ria dos <strong>Kree <\/strong>e <strong>Skrulls<\/strong>.<\/li>\n\n\n\n<li><strong>Homem de Ferro (2009 &#8211; 2010):<\/strong> marca o in\u00edcio da Iniciativa <strong>Vingadores <\/strong>e o come\u00e7o do MCU moderno.<\/li>\n\n\n\n<li><strong>Os Vingadores (2012):<\/strong> re\u00fane os principais her\u00f3is da Marvel pela primeira vez, enfrentando a amea\u00e7a de <strong>Loki <\/strong>e os <strong>Chitauri<\/strong>.<\/li>\n\n\n\n<li><strong>Vingadores: Guerra Infinita (2018):<\/strong> culmina em um dos eventos mais dram\u00e1ticos do MCU, com <strong>Thanos <\/strong>dizimando metade do universo.<\/li>\n\n\n\n<li><strong>Vingadores: Ultimato (2018 &#8211; 2023):<\/strong> apresenta a batalha final contra Thanos e um salto temporal significativo.<\/li>\n<\/ul>\n\n\n\n<h2 class=\"wp-block-heading\">Como as s\u00e9ries do Disney+ impactam o MCU?<\/h2>\n\n\n\n<p>Com o lan\u00e7amento do Disney+, a Marvel Studios introduziu s\u00e9ries que expandem ainda mais o universo dos filmes. Produ\u00e7\u00f5es como &#8220;<strong>WandaVision<\/strong>&#8220;, &#8220;<strong>Loki<\/strong>&#8221; e &#8220;<strong>Falc\u00e3o e o Soldado Invernal<\/strong>&#8221; exploram hist\u00f3rias paralelas e aprofundam personagens secund\u00e1rios, enriquecendo a narrativa geral do MCU. Essas s\u00e9ries n\u00e3o apenas preenchem lacunas deixadas pelos filmes, mas tamb\u00e9m introduzem novos elementos que ser\u00e3o importantes para futuras produ\u00e7\u00f5es.<\/p>\n\n\n\n<h2 class=\"wp-block-heading\">O que esperar do futuro do MCU?<\/h2>\n\n\n\n<p>O futuro do MCU promete ser t\u00e3o emocionante quanto seu passado. Com novos filmes e s\u00e9ries programados para os pr\u00f3ximos anos, como &#8220;<strong>Deadpool 3<\/strong>&#8220;, &#8220;<strong>Capit\u00e3o Am\u00e9rica: Admir\u00e1vel Mundo Novo<\/strong>&#8221; e &#8220;<strong><a href=\"https:\/\/www.em.com.br\/emfoco\/2025\/05\/09\/marvel-surpreende-fas-com-elenco-lendario-para-vingadores-doomsday-em-2026\/\" target=\"_blank\" rel=\"noreferrer noopener\">Vingadores: Doomsday<\/a><\/strong>&#8220;, os f\u00e3s podem esperar por mais aventuras \u00e9picas e a introdu\u00e7\u00e3o de novos personagens. A Marvel continua a expandir seu universo, explorando novas hist\u00f3rias e mantendo o p\u00fablico ansioso pelo que est\u00e1 por vir.<\/p>\n\n\n\n<p>Explorando novas fronteiras: em suma, o Universo Cinematogr\u00e1fico da Marvel \u00e9 uma tape\u00e7aria rica e complexa de hist\u00f3rias interligadas. Com uma cronologia cuidadosamente planejada e uma expans\u00e3o cont\u00ednua atrav\u00e9s de novas produ\u00e7\u00f5es, o MCU continua a cativar e surpreender seus f\u00e3s ao redor do mundo.<\/p>\n","protected":false},"excerpt":{"rendered":"<p>Desde 2008, a Marvel Studios tem cativado audi\u00eancias ao redor do mundo com seu Universo Cinematogr\u00e1fico (MCU), come\u00e7ando com o lan\u00e7amento de &#8220;Homem de Ferro&#8220;. A habilidade do est\u00fadio em interconectar personagens e tramas tem sido um dos seus maiores trunfos, criando uma narrativa coesa que se estende por filmes e s\u00e9ries. Com o advento [&hellip;]<\/p>\n","protected":false},"author":13,"featured_media":37531,"comment_status":"open","ping_status":"open","sticky":false,"template":"","format":"standard","meta":{"jnews-multi-image_gallery":[],"jnews_single_post":{"format":"standard"},"jnews_primary_category":[],"jnews_social_meta":[],"jnews_override_counter":[],"footnotes":""},"categories":[8819],"tags":[146,9626,3707,2622],"class_list":["post-54037","post","type-post","status-publish","format-standard","has-post-thumbnail","hentry","category-curiosidades","tag-disney","tag-marvel-studios","tag-mcu","tag-universo-cinematografico"],"yoast_head":"<!-- This site is optimized with the Yoast SEO plugin v23.8 - https:\/\/yoast.com\/wordpress\/plugins\/seo\/ -->\n<title>Assistir fora de ordem? Isso pode arruinar sua experi\u00eancia com o MCU - Estado de Minas - Em foco<\/title>\n<meta name=\"description\" content=\"Conhe\u00e7a a ordem cronol\u00f3gica mais precisa para ver todos os filmes e s\u00e9ries da Marvel e aproveite o MCU como ele foi planejado.\" \/>\n<meta name=\"robots\" content=\"index, follow, max-snippet:-1, max-image-preview:large, max-video-preview:-1\" \/>\n<link rel=\"canonical\" href=\"https:\/\/www.em.com.br\/emfoco\/2025\/06\/03\/assistir-fora-de-ordem-isso-pode-arruinar-sua-experiencia-com-o-mcu\/\" \/>\n<meta property=\"og:locale\" content=\"pt_BR\" \/>\n<meta property=\"og:type\" content=\"article\" \/>\n<meta property=\"og:title\" content=\"Assistir fora de ordem? Isso pode arruinar sua experi\u00eancia com o MCU - Estado de Minas - Em foco\" \/>\n<meta property=\"og:description\" content=\"Conhe\u00e7a a ordem cronol\u00f3gica mais precisa para ver todos os filmes e s\u00e9ries da Marvel e aproveite o MCU como ele foi planejado.\" \/>\n<meta property=\"og:url\" content=\"https:\/\/www.em.com.br\/emfoco\/2025\/06\/03\/assistir-fora-de-ordem-isso-pode-arruinar-sua-experiencia-com-o-mcu\/\" \/>\n<meta property=\"og:site_name\" content=\"Estado de Minas - Em foco\" \/>\n<meta property=\"article:published_time\" content=\"2025-06-03T15:20:00+00:00\" \/>\n<meta property=\"article:modified_time\" content=\"2025-06-03T09:40:05+00:00\" \/>\n<meta property=\"og:image\" content=\"https:\/\/www.em.com.br\/emfoco\/wp-content\/uploads\/2025\/04\/Marvel-Studios_1744388103718.jpg\" \/>\n\t<meta property=\"og:image:width\" content=\"1280\" \/>\n\t<meta property=\"og:image:height\" content=\"720\" \/>\n\t<meta property=\"og:image:type\" content=\"image\/jpeg\" \/>\n<meta name=\"author\" content=\"Gabriel Martins\" \/>\n<meta name=\"twitter:card\" content=\"summary_large_image\" \/>\n<meta name=\"twitter:label1\" content=\"Escrito por\" \/>\n\t<meta name=\"twitter:data1\" content=\"Gabriel Martins\" \/>\n\t<meta name=\"twitter:label2\" content=\"Est. tempo de leitura\" \/>\n\t<meta name=\"twitter:data2\" content=\"4 minutos\" \/>\n<!-- \/ Yoast SEO plugin. -->","yoast_head_json":{"title":"Assistir fora de ordem? Isso pode arruinar sua experi\u00eancia com o MCU - Estado de Minas - Em foco","description":"Conhe\u00e7a a ordem cronol\u00f3gica mais precisa para ver todos os filmes e s\u00e9ries da Marvel e aproveite o MCU como ele foi planejado.","robots":{"index":"index","follow":"follow","max-snippet":"max-snippet:-1","max-image-preview":"max-image-preview:large","max-video-preview":"max-video-preview:-1"},"canonical":"https:\/\/www.em.com.br\/emfoco\/2025\/06\/03\/assistir-fora-de-ordem-isso-pode-arruinar-sua-experiencia-com-o-mcu\/","og_locale":"pt_BR","og_type":"article","og_title":"Assistir fora de ordem? Isso pode arruinar sua experi\u00eancia com o MCU - Estado de Minas - Em foco","og_description":"Conhe\u00e7a a ordem cronol\u00f3gica mais precisa para ver todos os filmes e s\u00e9ries da Marvel e aproveite o MCU como ele foi planejado.","og_url":"https:\/\/www.em.com.br\/emfoco\/2025\/06\/03\/assistir-fora-de-ordem-isso-pode-arruinar-sua-experiencia-com-o-mcu\/","og_site_name":"Estado de Minas - Em foco","article_published_time":"2025-06-03T15:20:00+00:00","article_modified_time":"2025-06-03T09:40:05+00:00","og_image":[{"width":1280,"height":720,"url":"https:\/\/www.em.com.br\/emfoco\/wp-content\/uploads\/2025\/04\/Marvel-Studios_1744388103718.jpg","type":"image\/jpeg"}],"author":"Gabriel Martins","twitter_card":"summary_large_image","twitter_misc":{"Escrito por":"Gabriel Martins","Est. tempo de leitura":"4 minutos"},"schema":{"@context":"https:\/\/schema.org","@graph":[{"@type":"WebPage","@id":"https:\/\/www.em.com.br\/emfoco\/2025\/06\/03\/assistir-fora-de-ordem-isso-pode-arruinar-sua-experiencia-com-o-mcu\/","url":"https:\/\/www.em.com.br\/emfoco\/2025\/06\/03\/assistir-fora-de-ordem-isso-pode-arruinar-sua-experiencia-com-o-mcu\/","name":"Assistir fora de ordem? Isso pode arruinar sua experi\u00eancia com o MCU - Estado de Minas - Em foco","isPartOf":{"@id":"https:\/\/www.em.com.br\/emfoco\/#website"},"primaryImageOfPage":{"@id":"https:\/\/www.em.com.br\/emfoco\/2025\/06\/03\/assistir-fora-de-ordem-isso-pode-arruinar-sua-experiencia-com-o-mcu\/#primaryimage"},"image":{"@id":"https:\/\/www.em.com.br\/emfoco\/2025\/06\/03\/assistir-fora-de-ordem-isso-pode-arruinar-sua-experiencia-com-o-mcu\/#primaryimage"},"thumbnailUrl":"https:\/\/www.em.com.br\/emfoco\/wp-content\/uploads\/2025\/04\/Marvel-Studios_1744388103718.jpg","datePublished":"2025-06-03T15:20:00+00:00","dateModified":"2025-06-03T09:40:05+00:00","author":{"@id":"https:\/\/www.em.com.br\/emfoco\/#\/schema\/person\/1c9ddeab18b98abeffef834667bcf08a"},"description":"Conhe\u00e7a a ordem cronol\u00f3gica mais precisa para ver todos os filmes e s\u00e9ries da Marvel e aproveite o MCU como ele foi planejado.","breadcrumb":{"@id":"https:\/\/www.em.com.br\/emfoco\/2025\/06\/03\/assistir-fora-de-ordem-isso-pode-arruinar-sua-experiencia-com-o-mcu\/#breadcrumb"},"inLanguage":"pt-BR","potentialAction":[{"@type":"ReadAction","target":["https:\/\/www.em.com.br\/emfoco\/2025\/06\/03\/assistir-fora-de-ordem-isso-pode-arruinar-sua-experiencia-com-o-mcu\/"]}]},{"@type":"ImageObject","inLanguage":"pt-BR","@id":"https:\/\/www.em.com.br\/emfoco\/2025\/06\/03\/assistir-fora-de-ordem-isso-pode-arruinar-sua-experiencia-com-o-mcu\/#primaryimage","url":"https:\/\/www.em.com.br\/emfoco\/wp-content\/uploads\/2025\/04\/Marvel-Studios_1744388103718.jpg","contentUrl":"https:\/\/www.em.com.br\/emfoco\/wp-content\/uploads\/2025\/04\/Marvel-Studios_1744388103718.jpg","width":1280,"height":720,"caption":"Logo Marvel Studios - Cr\u00e9ditos: depositphotos.com \/ ecrow"},{"@type":"BreadcrumbList","@id":"https:\/\/www.em.com.br\/emfoco\/2025\/06\/03\/assistir-fora-de-ordem-isso-pode-arruinar-sua-experiencia-com-o-mcu\/#breadcrumb","itemListElement":[{"@type":"ListItem","position":1,"name":"In\u00edcio","item":"https:\/\/www.em.com.br\/emfoco\/"},{"@type":"ListItem","position":2,"name":"Assistir fora de ordem? Isso pode arruinar sua experi\u00eancia com o MCU"}]},{"@type":"WebSite","@id":"https:\/\/www.em.com.br\/emfoco\/#website","url":"https:\/\/www.em.com.br\/emfoco\/","name":"Estado de Minas - Em foco","description":"Acompanhe as \u00faltimas not\u00edcias e fique bem informado sobre tudo o que acontece em Minas Gerais, Brasil e no mundo.","potentialAction":[{"@type":"SearchAction","target":{"@type":"EntryPoint","urlTemplate":"https:\/\/www.em.com.br\/emfoco\/?s={search_term_string}"},"query-input":{"@type":"PropertyValueSpecification","valueRequired":true,"valueName":"search_term_string"}}],"inLanguage":"pt-BR"},{"@type":"Person","@id":"https:\/\/www.em.com.br\/emfoco\/#\/schema\/person\/1c9ddeab18b98abeffef834667bcf08a","name":"Gabriel Martins","image":{"@type":"ImageObject","inLanguage":"pt-BR","@id":"https:\/\/www.em.com.br\/emfoco\/#\/schema\/person\/image\/","url":"https:\/\/secure.gravatar.com\/avatar\/f0f1e2efdfd88f1ad2cb08c5c2731e50?s=96&d=mm&r=g","contentUrl":"https:\/\/secure.gravatar.com\/avatar\/f0f1e2efdfd88f1ad2cb08c5c2731e50?s=96&d=mm&r=g","caption":"Gabriel Martins"},"sameAs":["https:\/\/www.em.com.br\/emfoco\/"],"url":"https:\/\/www.em.com.br\/emfoco\/author\/gabrielmartinsmyth\/"}]}},"_links":{"self":[{"href":"https:\/\/www.em.com.br\/emfoco\/wp-json\/wp\/v2\/posts\/54037","targetHints":{"allow":["GET"]}}],"collection":[{"href":"https:\/\/www.em.com.br\/emfoco\/wp-json\/wp\/v2\/posts"}],"about":[{"href":"https:\/\/www.em.com.br\/emfoco\/wp-json\/wp\/v2\/types\/post"}],"author":[{"embeddable":true,"href":"https:\/\/www.em.com.br\/emfoco\/wp-json\/wp\/v2\/users\/13"}],"replies":[{"embeddable":true,"href":"https:\/\/www.em.com.br\/emfoco\/wp-json\/wp\/v2\/comments?post=54037"}],"version-history":[{"count":3,"href":"https:\/\/www.em.com.br\/emfoco\/wp-json\/wp\/v2\/posts\/54037\/revisions"}],"predecessor-version":[{"id":54550,"href":"https:\/\/www.em.com.br\/emfoco\/wp-json\/wp\/v2\/posts\/54037\/revisions\/54550"}],"wp:featuredmedia":[{"embeddable":true,"href":"https:\/\/www.em.com.br\/emfoco\/wp-json\/wp\/v2\/media\/37531"}],"wp:attachment":[{"href":"https:\/\/www.em.com.br\/emfoco\/wp-json\/wp\/v2\/media?parent=54037"}],"wp:term":[{"taxonomy":"category","embeddable":true,"href":"https:\/\/www.em.com.br\/emfoco\/wp-json\/wp\/v2\/categories?post=54037"},{"taxonomy":"post_tag","embeddable":true,"href":"https:\/\/www.em.com.br\/emfoco\/wp-json\/wp\/v2\/tags?post=54037"}],"curies":[{"name":"wp","href":"https:\/\/api.w.org\/{rel}","templated":true}]}}