{"id":54035,"date":"2025-06-03T11:40:00","date_gmt":"2025-06-03T14:40:00","guid":{"rendered":"https:\/\/www.em.com.br\/emfoco\/?p=54035"},"modified":"2025-06-02T18:17:52","modified_gmt":"2025-06-02T21:17:52","slug":"voce-sabia-que-a-protecao-mais-promissora-contra-radiacao-nao-vem-da-tecnologia","status":"publish","type":"post","link":"https:\/\/www.em.com.br\/emfoco\/2025\/06\/03\/voce-sabia-que-a-protecao-mais-promissora-contra-radiacao-nao-vem-da-tecnologia\/","title":{"rendered":"Voc\u00ea sabia que a prote\u00e7\u00e3o mais promissora contra radia\u00e7\u00e3o n\u00e3o vem da tecnologia?"},"content":{"rendered":"\n<p>Os <strong>fungos radiotr\u00f3ficos<\/strong> t\u00eam despertado o interesse da comunidade cient\u00edfica devido \u00e0 sua capacidade \u00fanica de absorver radia\u00e7\u00e3o. Essa caracter\u00edstica pode ser crucial para a prote\u00e7\u00e3o de seres humanos e equipamentos em ambientes espaciais, onde a radia\u00e7\u00e3o \u00e9 uma preocupa\u00e7\u00e3o constante. Estudos recentes indicam que esses fungos n\u00e3o apenas sobrevivem, mas tamb\u00e9m prosperam em condi\u00e7\u00f5es de alta radia\u00e7\u00e3o, tornando-os candidatos promissores para aplica\u00e7\u00f5es espaciais.<\/p>\n\n\n\n<p>Em experimentos conduzidos por pesquisadores, foi observado que os fungos radiotr\u00f3ficos crescem a um ritmo significativamente mais r\u00e1pido quando expostos \u00e0 radia\u00e7\u00e3o. Isso sugere que eles poderiam ser utilizados como uma camada protetora eficaz contra a radia\u00e7\u00e3o gama, comum em \u00f3rbitas terrestres. A ideia \u00e9 que uma camada de fungos de 21 cent\u00edmetros poderia oferecer prote\u00e7\u00e3o adequada, embora para ambientes como <strong><a href=\"https:\/\/www.em.com.br\/emfoco\/2025\/04\/14\/nasa-faz-descoberta-alarmante-em-marte-e-deixa-cientistas-em-alerta\/\" target=\"_blank\" rel=\"noreferrer noopener\">Marte<\/a><\/strong>, uma camada de mais de dois metros seria necess\u00e1ria.<\/p>\n\n\n\n<h2 class=\"wp-block-heading\">Como os fungos podem ser utilizados no espa\u00e7o?<\/h2>\n\n\n\n<p>A utiliza\u00e7\u00e3o de fungos radiotr\u00f3ficos no espa\u00e7o n\u00e3o se limita apenas \u00e0 prote\u00e7\u00e3o de seres humanos. Em 2019, pesquisadores da <strong><a href=\"https:\/\/www.jhu.edu\/\" target=\"_blank\" rel=\"noreferrer noopener\">Universidade Johns Hopkins<\/a><\/strong> enviaram ao espa\u00e7o um material composto de pl\u00e1stico e melanina extra\u00edda de fungos como o <em><strong>Cryptococcus neoformans<\/strong><\/em>. Este material tem o potencial de recobrir equipamentos e estruturas, oferecendo uma prote\u00e7\u00e3o adicional contra a radia\u00e7\u00e3o.<\/p>\n\n\n\n<p>Al\u00e9m disso, os fungos t\u00eam a vantagem de serem leves e de se multiplicarem rapidamente, mesmo em condi\u00e7\u00f5es adversas. Isso os torna uma alternativa vi\u00e1vel ao chumbo, tradicionalmente usado como protetor contra radia\u00e7\u00e3o na Terra, mas que \u00e9 impratic\u00e1vel para transporte espacial devido ao seu peso elevado e ao custo associado.<\/p>\n\n\n\n<figure class=\"wp-block-image size-large\"><img loading=\"lazy\" decoding=\"async\" width=\"1024\" height=\"576\" src=\"https:\/\/www.em.com.br\/emfoco\/wp-content\/uploads\/2025\/06\/radiacao_1748868217955-1024x576.jpg\" alt=\"Voc\u00ea sabia que a prote\u00e7\u00e3o mais promissora contra radia\u00e7\u00e3o n\u00e3o vem da tecnologia?\" class=\"wp-image-54086\" srcset=\"https:\/\/www.em.com.br\/emfoco\/wp-content\/uploads\/2025\/06\/radiacao_1748868217955-1024x576.jpg 1024w, https:\/\/www.em.com.br\/emfoco\/wp-content\/uploads\/2025\/06\/radiacao_1748868217955-300x169.jpg 300w, https:\/\/www.em.com.br\/emfoco\/wp-content\/uploads\/2025\/06\/radiacao_1748868217955-768x432.jpg 768w, https:\/\/www.em.com.br\/emfoco\/wp-content\/uploads\/2025\/06\/radiacao_1748868217955-750x422.jpg 750w, https:\/\/www.em.com.br\/emfoco\/wp-content\/uploads\/2025\/06\/radiacao_1748868217955-1140x641.jpg 1140w, https:\/\/www.em.com.br\/emfoco\/wp-content\/uploads\/2025\/06\/radiacao_1748868217955.jpg 1280w\" sizes=\"auto, (max-width: 1024px) 100vw, 1024px\" \/><figcaption class=\"wp-element-caption\">Imagem ilustrativa de radia\u00e7\u00e3o &#8211; Cr\u00e9ditos: depositphotos.com \/ overcrew<\/figcaption><\/figure>\n\n\n\n<h2 class=\"wp-block-heading\">Quais s\u00e3o os desafios e limita\u00e7\u00f5es dessa tecnologia revolucion\u00e1ria?<\/h2>\n\n\n\n<p>Apesar do potencial promissor, o uso de fungos radiotr\u00f3ficos enfrenta desafios significativos. Cultivar e manter uma camada espessa de fungos em ambientes como Marte seria uma tarefa complexa. Al\u00e9m disso, enquanto os fungos podem ser uma solu\u00e7\u00e3o eficaz para algumas situa\u00e7\u00f5es, medidas tradicionais de bloqueio de radia\u00e7\u00e3o, como trajes espaciais refor\u00e7ados, ainda s\u00e3o mais vi\u00e1veis em muitos casos.<\/p>\n\n\n\n<p>Outro desafio \u00e9 a necessidade de desenvolver tecnologias que permitam a aplica\u00e7\u00e3o pr\u00e1tica desses fungos em larga escala. Isso inclui a cria\u00e7\u00e3o de m\u00e9todos eficientes para o cultivo e manuten\u00e7\u00e3o dos fungos em condi\u00e7\u00f5es espaciais, bem como a integra\u00e7\u00e3o deles em materiais de constru\u00e7\u00e3o e equipamentos.<\/p>\n\n\n\n<h2 class=\"wp-block-heading\">Podem os fungos ser a chave para a vida em outros planetas?<\/h2>\n\n\n\n<p>Os cientistas especulam que, em outras partes do universo, formas de vida semelhantes aos fungos radiotr\u00f3ficos possam existir, adaptadas a ambientes ricos em radia\u00e7\u00e3o. Essa possibilidade abre novas perspectivas para a astrobiologia e a busca por vida extraterrestre. A capacidade dos fungos de prosperar em condi\u00e7\u00f5es extremas pode fornecer pistas sobre como a vida poderia se desenvolver em outros planetas.<\/p>\n\n\n\n<p>Em resumo, os fungos radiotr\u00f3ficos representam uma \u00e1rea de pesquisa promissora com potencial para revolucionar a prote\u00e7\u00e3o contra radia\u00e7\u00e3o no espa\u00e7o. No entanto, ainda h\u00e1 muitos desafios a serem superados antes que essa tecnologia possa ser amplamente aplicada. \u00c0 medida que a explora\u00e7\u00e3o espacial avan\u00e7a, o papel dos fungos na prote\u00e7\u00e3o e suporte \u00e0 vida em ambientes extraterrestres continua a ser um campo de estudo fascinante e em evolu\u00e7\u00e3o.<\/p>\n","protected":false},"excerpt":{"rendered":"<p>Os fungos radiotr\u00f3ficos t\u00eam despertado o interesse da comunidade cient\u00edfica devido \u00e0 sua capacidade \u00fanica de absorver radia\u00e7\u00e3o. Essa caracter\u00edstica pode ser crucial para a prote\u00e7\u00e3o de seres humanos e equipamentos em ambientes espaciais, onde a radia\u00e7\u00e3o \u00e9 uma preocupa\u00e7\u00e3o constante. Estudos recentes indicam que esses fungos n\u00e3o apenas sobrevivem, mas tamb\u00e9m prosperam em condi\u00e7\u00f5es [&hellip;]<\/p>\n","protected":false},"author":13,"featured_media":54089,"comment_status":"open","ping_status":"open","sticky":false,"template":"","format":"standard","meta":{"jnews-multi-image_gallery":[],"jnews_single_post":{"format":"standard"},"jnews_primary_category":[],"jnews_social_meta":[],"jnews_override_counter":[],"footnotes":""},"categories":[8819],"tags":[1706,6186,9625,6271],"class_list":["post-54035","post","type-post","status-publish","format-standard","has-post-thumbnail","hentry","category-curiosidades","tag-espaco","tag-fungos","tag-protecao-biologica","tag-radiacao"],"yoast_head":"<!-- This site is optimized with the Yoast SEO plugin v23.8 - https:\/\/yoast.com\/wordpress\/plugins\/seo\/ -->\n<title>Voc\u00ea sabia que a prote\u00e7\u00e3o mais promissora contra radia\u00e7\u00e3o n\u00e3o vem da tecnologia? - Estado de Minas - Em foco<\/title>\n<meta name=\"description\" content=\"Fungos radiotr\u00f3ficos podem proteger contra radia\u00e7\u00e3o no espa\u00e7o e j\u00e1 est\u00e3o sendo estudados por cientistas da NASA.\" \/>\n<meta name=\"robots\" content=\"index, follow, max-snippet:-1, max-image-preview:large, max-video-preview:-1\" \/>\n<link rel=\"canonical\" href=\"https:\/\/www.em.com.br\/emfoco\/2025\/06\/03\/voce-sabia-que-a-protecao-mais-promissora-contra-radiacao-nao-vem-da-tecnologia\/\" \/>\n<meta property=\"og:locale\" content=\"pt_BR\" \/>\n<meta property=\"og:type\" content=\"article\" \/>\n<meta property=\"og:title\" content=\"Voc\u00ea sabia que a prote\u00e7\u00e3o mais promissora contra radia\u00e7\u00e3o n\u00e3o vem da tecnologia? - Estado de Minas - Em foco\" \/>\n<meta property=\"og:description\" content=\"Fungos radiotr\u00f3ficos podem proteger contra radia\u00e7\u00e3o no espa\u00e7o e j\u00e1 est\u00e3o sendo estudados por cientistas da NASA.\" \/>\n<meta property=\"og:url\" content=\"https:\/\/www.em.com.br\/emfoco\/2025\/06\/03\/voce-sabia-que-a-protecao-mais-promissora-contra-radiacao-nao-vem-da-tecnologia\/\" \/>\n<meta property=\"og:site_name\" content=\"Estado de Minas - Em foco\" \/>\n<meta property=\"article:published_time\" content=\"2025-06-03T14:40:00+00:00\" \/>\n<meta property=\"article:modified_time\" content=\"2025-06-02T21:17:52+00:00\" \/>\n<meta property=\"og:image\" content=\"https:\/\/www.em.com.br\/emfoco\/wp-content\/uploads\/2025\/06\/fungi_1748868270604.jpg\" \/>\n\t<meta property=\"og:image:width\" content=\"1280\" \/>\n\t<meta property=\"og:image:height\" content=\"720\" \/>\n\t<meta property=\"og:image:type\" content=\"image\/jpeg\" \/>\n<meta name=\"author\" content=\"Gabriel Martins\" \/>\n<meta name=\"twitter:card\" content=\"summary_large_image\" \/>\n<meta name=\"twitter:label1\" content=\"Escrito por\" \/>\n\t<meta name=\"twitter:data1\" content=\"Gabriel Martins\" \/>\n\t<meta name=\"twitter:label2\" content=\"Est. tempo de leitura\" \/>\n\t<meta name=\"twitter:data2\" content=\"4 minutos\" \/>\n<!-- \/ Yoast SEO plugin. -->","yoast_head_json":{"title":"Voc\u00ea sabia que a prote\u00e7\u00e3o mais promissora contra radia\u00e7\u00e3o n\u00e3o vem da tecnologia? - Estado de Minas - Em foco","description":"Fungos radiotr\u00f3ficos podem proteger contra radia\u00e7\u00e3o no espa\u00e7o e j\u00e1 est\u00e3o sendo estudados por cientistas da NASA.","robots":{"index":"index","follow":"follow","max-snippet":"max-snippet:-1","max-image-preview":"max-image-preview:large","max-video-preview":"max-video-preview:-1"},"canonical":"https:\/\/www.em.com.br\/emfoco\/2025\/06\/03\/voce-sabia-que-a-protecao-mais-promissora-contra-radiacao-nao-vem-da-tecnologia\/","og_locale":"pt_BR","og_type":"article","og_title":"Voc\u00ea sabia que a prote\u00e7\u00e3o mais promissora contra radia\u00e7\u00e3o n\u00e3o vem da tecnologia? - Estado de Minas - Em foco","og_description":"Fungos radiotr\u00f3ficos podem proteger contra radia\u00e7\u00e3o no espa\u00e7o e j\u00e1 est\u00e3o sendo estudados por cientistas da NASA.","og_url":"https:\/\/www.em.com.br\/emfoco\/2025\/06\/03\/voce-sabia-que-a-protecao-mais-promissora-contra-radiacao-nao-vem-da-tecnologia\/","og_site_name":"Estado de Minas - Em foco","article_published_time":"2025-06-03T14:40:00+00:00","article_modified_time":"2025-06-02T21:17:52+00:00","og_image":[{"width":1280,"height":720,"url":"https:\/\/www.em.com.br\/emfoco\/wp-content\/uploads\/2025\/06\/fungi_1748868270604.jpg","type":"image\/jpeg"}],"author":"Gabriel Martins","twitter_card":"summary_large_image","twitter_misc":{"Escrito por":"Gabriel Martins","Est. tempo de leitura":"4 minutos"},"schema":{"@context":"https:\/\/schema.org","@graph":[{"@type":"WebPage","@id":"https:\/\/www.em.com.br\/emfoco\/2025\/06\/03\/voce-sabia-que-a-protecao-mais-promissora-contra-radiacao-nao-vem-da-tecnologia\/","url":"https:\/\/www.em.com.br\/emfoco\/2025\/06\/03\/voce-sabia-que-a-protecao-mais-promissora-contra-radiacao-nao-vem-da-tecnologia\/","name":"Voc\u00ea sabia que a prote\u00e7\u00e3o mais promissora contra radia\u00e7\u00e3o n\u00e3o vem da tecnologia? - Estado de Minas - Em foco","isPartOf":{"@id":"https:\/\/www.em.com.br\/emfoco\/#website"},"primaryImageOfPage":{"@id":"https:\/\/www.em.com.br\/emfoco\/2025\/06\/03\/voce-sabia-que-a-protecao-mais-promissora-contra-radiacao-nao-vem-da-tecnologia\/#primaryimage"},"image":{"@id":"https:\/\/www.em.com.br\/emfoco\/2025\/06\/03\/voce-sabia-que-a-protecao-mais-promissora-contra-radiacao-nao-vem-da-tecnologia\/#primaryimage"},"thumbnailUrl":"https:\/\/www.em.com.br\/emfoco\/wp-content\/uploads\/2025\/06\/fungi_1748868270604.jpg","datePublished":"2025-06-03T14:40:00+00:00","dateModified":"2025-06-02T21:17:52+00:00","author":{"@id":"https:\/\/www.em.com.br\/emfoco\/#\/schema\/person\/1c9ddeab18b98abeffef834667bcf08a"},"description":"Fungos radiotr\u00f3ficos podem proteger contra radia\u00e7\u00e3o no espa\u00e7o e j\u00e1 est\u00e3o sendo estudados por cientistas da NASA.","breadcrumb":{"@id":"https:\/\/www.em.com.br\/emfoco\/2025\/06\/03\/voce-sabia-que-a-protecao-mais-promissora-contra-radiacao-nao-vem-da-tecnologia\/#breadcrumb"},"inLanguage":"pt-BR","potentialAction":[{"@type":"ReadAction","target":["https:\/\/www.em.com.br\/emfoco\/2025\/06\/03\/voce-sabia-que-a-protecao-mais-promissora-contra-radiacao-nao-vem-da-tecnologia\/"]}]},{"@type":"ImageObject","inLanguage":"pt-BR","@id":"https:\/\/www.em.com.br\/emfoco\/2025\/06\/03\/voce-sabia-que-a-protecao-mais-promissora-contra-radiacao-nao-vem-da-tecnologia\/#primaryimage","url":"https:\/\/www.em.com.br\/emfoco\/wp-content\/uploads\/2025\/06\/fungi_1748868270604.jpg","contentUrl":"https:\/\/www.em.com.br\/emfoco\/wp-content\/uploads\/2025\/06\/fungi_1748868270604.jpg","width":1280,"height":720,"caption":"Imagem ilustrativa de fungo - Cr\u00e9ditos: depositphotos.com \/ kasto"},{"@type":"BreadcrumbList","@id":"https:\/\/www.em.com.br\/emfoco\/2025\/06\/03\/voce-sabia-que-a-protecao-mais-promissora-contra-radiacao-nao-vem-da-tecnologia\/#breadcrumb","itemListElement":[{"@type":"ListItem","position":1,"name":"In\u00edcio","item":"https:\/\/www.em.com.br\/emfoco\/"},{"@type":"ListItem","position":2,"name":"Voc\u00ea sabia que a prote\u00e7\u00e3o mais promissora contra radia\u00e7\u00e3o n\u00e3o vem da tecnologia?"}]},{"@type":"WebSite","@id":"https:\/\/www.em.com.br\/emfoco\/#website","url":"https:\/\/www.em.com.br\/emfoco\/","name":"Estado de Minas - Em foco","description":"Acompanhe as \u00faltimas not\u00edcias e fique bem informado sobre tudo o que acontece em Minas Gerais, Brasil e no mundo.","potentialAction":[{"@type":"SearchAction","target":{"@type":"EntryPoint","urlTemplate":"https:\/\/www.em.com.br\/emfoco\/?s={search_term_string}"},"query-input":{"@type":"PropertyValueSpecification","valueRequired":true,"valueName":"search_term_string"}}],"inLanguage":"pt-BR"},{"@type":"Person","@id":"https:\/\/www.em.com.br\/emfoco\/#\/schema\/person\/1c9ddeab18b98abeffef834667bcf08a","name":"Gabriel Martins","image":{"@type":"ImageObject","inLanguage":"pt-BR","@id":"https:\/\/www.em.com.br\/emfoco\/#\/schema\/person\/image\/","url":"https:\/\/secure.gravatar.com\/avatar\/f0f1e2efdfd88f1ad2cb08c5c2731e50?s=96&d=mm&r=g","contentUrl":"https:\/\/secure.gravatar.com\/avatar\/f0f1e2efdfd88f1ad2cb08c5c2731e50?s=96&d=mm&r=g","caption":"Gabriel Martins"},"sameAs":["https:\/\/www.em.com.br\/emfoco\/"],"url":"https:\/\/www.em.com.br\/emfoco\/author\/gabrielmartinsmyth\/"}]}},"_links":{"self":[{"href":"https:\/\/www.em.com.br\/emfoco\/wp-json\/wp\/v2\/posts\/54035","targetHints":{"allow":["GET"]}}],"collection":[{"href":"https:\/\/www.em.com.br\/emfoco\/wp-json\/wp\/v2\/posts"}],"about":[{"href":"https:\/\/www.em.com.br\/emfoco\/wp-json\/wp\/v2\/types\/post"}],"author":[{"embeddable":true,"href":"https:\/\/www.em.com.br\/emfoco\/wp-json\/wp\/v2\/users\/13"}],"replies":[{"embeddable":true,"href":"https:\/\/www.em.com.br\/emfoco\/wp-json\/wp\/v2\/comments?post=54035"}],"version-history":[{"count":2,"href":"https:\/\/www.em.com.br\/emfoco\/wp-json\/wp\/v2\/posts\/54035\/revisions"}],"predecessor-version":[{"id":54091,"href":"https:\/\/www.em.com.br\/emfoco\/wp-json\/wp\/v2\/posts\/54035\/revisions\/54091"}],"wp:featuredmedia":[{"embeddable":true,"href":"https:\/\/www.em.com.br\/emfoco\/wp-json\/wp\/v2\/media\/54089"}],"wp:attachment":[{"href":"https:\/\/www.em.com.br\/emfoco\/wp-json\/wp\/v2\/media?parent=54035"}],"wp:term":[{"taxonomy":"category","embeddable":true,"href":"https:\/\/www.em.com.br\/emfoco\/wp-json\/wp\/v2\/categories?post=54035"},{"taxonomy":"post_tag","embeddable":true,"href":"https:\/\/www.em.com.br\/emfoco\/wp-json\/wp\/v2\/tags?post=54035"}],"curies":[{"name":"wp","href":"https:\/\/api.w.org\/{rel}","templated":true}]}}