{"id":54025,"date":"2025-06-04T09:10:25","date_gmt":"2025-06-04T12:10:25","guid":{"rendered":"https:\/\/www.em.com.br\/emfoco\/?p=54025"},"modified":"2025-06-04T05:46:16","modified_gmt":"2025-06-04T08:46:16","slug":"psicologo-revela-o-que-ha-de-errado-com-quem-nunca-se-irrita","status":"publish","type":"post","link":"https:\/\/www.em.com.br\/emfoco\/2025\/06\/04\/psicologo-revela-o-que-ha-de-errado-com-quem-nunca-se-irrita\/","title":{"rendered":"Psic\u00f3logo revela o que h\u00e1 de errado com quem nunca se irrita"},"content":{"rendered":"\n<p>A raiva \u00e9 uma emo\u00e7\u00e3o natural e, muitas vezes, necess\u00e1ria para a sobreviv\u00eancia humana. Ela pode servir como um mecanismo de defesa, alertando sobre situa\u00e7\u00f5es de perigo ou injusti\u00e7a. Quando uma pessoa nunca se irrita, pode haver uma desconex\u00e3o com essas respostas emocionais fundamentais, o que pode ser um sinal de que algo n\u00e3o est\u00e1 funcionando corretamente em seu processamento emocional.<\/p>\n\n\n\n<p>Al\u00e9m disso, a raiva pode ser um catalisador para mudan\u00e7as positivas. Quando <a href=\"https:\/\/www.em.com.br\/emfoco\/2025\/04\/22\/o-segredo-para-dominar-a-raiva-no-ambiente-de-trabalho\/\" target=\"_blank\" rel=\"noreferrer noopener\">expressa <\/a>de maneira saud\u00e1vel, pode motivar a\u00e7\u00f5es que promovem justi\u00e7a e equidade. A aus\u00eancia total dessa emo\u00e7\u00e3o pode indicar uma supress\u00e3o de sentimentos, o que pode ter consequ\u00eancias negativas para a sa\u00fade mental a longo prazo.<\/p>\n\n\n\n<h2 class=\"wp-block-heading\">O que acontece quando a raiva \u00e9 reprimida?<\/h2>\n\n\n\n<p>Reprimir a raiva pode levar a uma s\u00e9rie de problemas emocionais e f\u00edsicos. Psic\u00f3logos alertam que a supress\u00e3o cont\u00ednua dessa emo\u00e7\u00e3o pode resultar em estresse acumulado, que pode manifestar-se como ansiedade, depress\u00e3o ou at\u00e9 mesmo problemas f\u00edsicos, como dores de cabe\u00e7a e hipertens\u00e3o. A incapacidade de expressar raiva de forma saud\u00e1vel pode tamb\u00e9m afetar negativamente os relacionamentos pessoais e profissionais.<\/p>\n\n\n\n<p>Al\u00e9m disso, a repress\u00e3o da raiva pode levar a explos\u00f5es emocionais inesperadas. Quando a raiva \u00e9 constantemente suprimida, ela pode se acumular at\u00e9 um ponto em que se torna incontrol\u00e1vel, resultando em explos\u00f5es que podem ser prejudiciais para a pessoa e para aqueles ao seu redor.<\/p>\n\n\n<div class=\"wp-block-image\">\n<figure class=\"aligncenter size-large\"><img loading=\"lazy\" decoding=\"async\" width=\"1024\" height=\"576\" src=\"https:\/\/www.em.com.br\/emfoco\/wp-content\/uploads\/2025\/06\/raiva_1748866301134-1024x576.jpg\" alt=\"Quem nunca se irrita\" class=\"wp-image-54030\" srcset=\"https:\/\/www.em.com.br\/emfoco\/wp-content\/uploads\/2025\/06\/raiva_1748866301134-1024x576.jpg 1024w, https:\/\/www.em.com.br\/emfoco\/wp-content\/uploads\/2025\/06\/raiva_1748866301134-300x169.jpg 300w, https:\/\/www.em.com.br\/emfoco\/wp-content\/uploads\/2025\/06\/raiva_1748866301134-768x432.jpg 768w, https:\/\/www.em.com.br\/emfoco\/wp-content\/uploads\/2025\/06\/raiva_1748866301134-750x422.jpg 750w, https:\/\/www.em.com.br\/emfoco\/wp-content\/uploads\/2025\/06\/raiva_1748866301134-1140x641.jpg 1140w, https:\/\/www.em.com.br\/emfoco\/wp-content\/uploads\/2025\/06\/raiva_1748866301134.jpg 1280w\" sizes=\"auto, (max-width: 1024px) 100vw, 1024px\" \/><figcaption class=\"wp-element-caption\">Quem nunca se irrita &#8211; Cr\u00e9ditos: depositphotos.com \/ VitalikRadko<\/figcaption><\/figure><\/div>\n\n\n<h2 class=\"wp-block-heading\">Como a raiva pode ser expressa de forma saud\u00e1vel?<\/h2>\n\n\n\n<p>Expressar raiva de maneira saud\u00e1vel envolve reconhecer a emo\u00e7\u00e3o e comunic\u00e1-la de forma assertiva. Isso pode incluir a pr\u00e1tica de t\u00e9cnicas de comunica\u00e7\u00e3o eficazes, como o uso de &#8220;eu&#8221; em vez de &#8220;voc\u00ea&#8221; para evitar culpar os outros. A pr\u00e1tica de atividades f\u00edsicas tamb\u00e9m pode ser uma forma eficaz de liberar a tens\u00e3o acumulada pela raiva.<\/p>\n\n\n\n<p>Al\u00e9m disso, buscar o apoio de um profissional, como um psic\u00f3logo, pode ajudar a desenvolver estrat\u00e9gias para lidar com a raiva de maneira construtiva. A terapia pode oferecer um espa\u00e7o seguro para explorar as causas subjacentes da raiva e aprender a express\u00e1-la de forma que promova o bem-estar emocional.<\/p>\n\n\n\n<h2 class=\"wp-block-heading\">Quais s\u00e3o os sinais de que algu\u00e9m est\u00e1 reprimindo a raiva?<\/h2>\n\n\n\n<p>Existem v\u00e1rios sinais que podem indicar que uma pessoa est\u00e1 <a href=\"https:\/\/www.uol.com.br\/vivabem\/noticias\/redacao\/2019\/08\/16\/que-tipo-de-raiva-que-voce-esta-sentindo-aprenda-a-identificar-e-gerenciar.htm\" target=\"_blank\" rel=\"noreferrer noopener\">reprimindo <\/a>a raiva. Esses sinais podem incluir irritabilidade constante, sentimentos de depress\u00e3o ou ansiedade, e um comportamento passivo-agressivo. Al\u00e9m disso, a pessoa pode ter dificuldade em estabelecer limites saud\u00e1veis em seus relacionamentos.<\/p>\n\n\n\n<p>Outro sinal comum \u00e9 o uso excessivo de subst\u00e2ncias como \u00e1lcool ou drogas para lidar com emo\u00e7\u00f5es dif\u00edceis. A repress\u00e3o da raiva pode levar a um ciclo de autodestrui\u00e7\u00e3o, onde a pessoa busca formas inadequadas de lidar com suas emo\u00e7\u00f5es.<\/p>\n\n\n\n<h2 class=\"wp-block-heading\">Por que algumas pessoas nunca se irritam?<\/h2>\n\n\n\n<p>Algumas pessoas podem ter sido ensinadas desde cedo a ver a raiva como uma emo\u00e7\u00e3o negativa que deve ser evitada a todo custo. Isso pode levar a um padr\u00e3o de comportamento onde a raiva \u00e9 constantemente suprimida. Al\u00e9m disso, fatores culturais e sociais podem influenciar a forma como a raiva \u00e9 percebida e expressa.<\/p>\n\n\n\n<p>Em alguns casos, a falta de irrita\u00e7\u00e3o pode estar relacionada a condi\u00e7\u00f5es psicol\u00f3gicas, como a alexitimia, que \u00e9 a dificuldade em identificar e expressar emo\u00e7\u00f5es. Nesses casos, \u00e9 importante buscar a orienta\u00e7\u00e3o de um profissional para entender melhor a origem desse comportamento.<\/p>\n\n\n\n<h2 class=\"wp-block-heading\">Como a terapia pode ajudar a lidar com a raiva?<\/h2>\n\n\n\n<p>A terapia pode ser uma ferramenta valiosa para aprender a lidar com a raiva de maneira saud\u00e1vel. Um psic\u00f3logo pode ajudar a identificar as causas subjacentes da raiva e desenvolver estrat\u00e9gias para express\u00e1-la de forma construtiva. Isso pode incluir o desenvolvimento de habilidades de comunica\u00e7\u00e3o e t\u00e9cnicas de relaxamento.<\/p>\n\n\n\n<p>Al\u00e9m disso, a terapia pode oferecer um espa\u00e7o seguro para explorar e entender melhor as emo\u00e7\u00f5es, promovendo um maior autoconhecimento e bem-estar emocional. Ao aprender a lidar com a raiva de forma eficaz, a pessoa pode melhorar seus relacionamentos e sua qualidade de vida.<\/p>\n","protected":false},"excerpt":{"rendered":"<p>A raiva \u00e9 uma emo\u00e7\u00e3o natural e, muitas vezes, necess\u00e1ria para a sobreviv\u00eancia humana. Ela pode servir como um mecanismo de defesa, alertando sobre situa\u00e7\u00f5es de perigo ou injusti\u00e7a. Quando uma pessoa nunca se irrita, pode haver uma desconex\u00e3o com essas respostas emocionais fundamentais, o que pode ser um sinal de que algo n\u00e3o est\u00e1 [&hellip;]<\/p>\n","protected":false},"author":15,"featured_media":54029,"comment_status":"open","ping_status":"open","sticky":false,"template":"","format":"standard","meta":{"jnews-multi-image_gallery":[],"jnews_single_post":{"format":"standard"},"jnews_primary_category":[],"jnews_social_meta":[],"jnews_override_counter":[],"footnotes":""},"categories":[8819],"tags":[1060,5155,7526,4930,5519],"class_list":["post-54025","post","type-post","status-publish","format-standard","has-post-thumbnail","hentry","category-curiosidades","tag-emocoes","tag-psicologia","tag-raiva","tag-saude-emocional","tag-terapia"],"yoast_head":"<!-- This site is optimized with the Yoast SEO plugin v23.8 - https:\/\/yoast.com\/wordpress\/plugins\/seo\/ -->\n<title>Psic\u00f3logo revela o que h\u00e1 de errado com quem nunca se irrita - Estado de Minas - Em foco<\/title>\n<meta name=\"description\" content=\"Psic\u00f3logo exp\u00f5e um lado pouco conhecido da raiva e por que reprimi-la pode afetar seu bem-estar emocional.\" \/>\n<meta name=\"robots\" content=\"index, follow, max-snippet:-1, max-image-preview:large, max-video-preview:-1\" \/>\n<link rel=\"canonical\" href=\"https:\/\/www.em.com.br\/emfoco\/2025\/06\/04\/psicologo-revela-o-que-ha-de-errado-com-quem-nunca-se-irrita\/\" \/>\n<meta property=\"og:locale\" content=\"pt_BR\" \/>\n<meta property=\"og:type\" content=\"article\" \/>\n<meta property=\"og:title\" content=\"Psic\u00f3logo revela o que h\u00e1 de errado com quem nunca se irrita - Estado de Minas - Em foco\" \/>\n<meta property=\"og:description\" content=\"Psic\u00f3logo exp\u00f5e um lado pouco conhecido da raiva e por que reprimi-la pode afetar seu bem-estar emocional.\" \/>\n<meta property=\"og:url\" content=\"https:\/\/www.em.com.br\/emfoco\/2025\/06\/04\/psicologo-revela-o-que-ha-de-errado-com-quem-nunca-se-irrita\/\" \/>\n<meta property=\"og:site_name\" content=\"Estado de Minas - Em foco\" \/>\n<meta property=\"article:published_time\" content=\"2025-06-04T12:10:25+00:00\" \/>\n<meta property=\"article:modified_time\" content=\"2025-06-04T08:46:16+00:00\" \/>\n<meta property=\"og:image\" content=\"https:\/\/www.em.com.br\/emfoco\/wp-content\/uploads\/2025\/06\/raiva_1748866215865.jpg\" \/>\n\t<meta property=\"og:image:width\" content=\"1280\" \/>\n\t<meta property=\"og:image:height\" content=\"720\" \/>\n\t<meta property=\"og:image:type\" content=\"image\/jpeg\" \/>\n<meta name=\"author\" content=\"Douglas Myth\" \/>\n<meta name=\"twitter:card\" content=\"summary_large_image\" \/>\n<meta name=\"twitter:label1\" content=\"Escrito por\" \/>\n\t<meta name=\"twitter:data1\" content=\"Douglas Myth\" \/>\n\t<meta name=\"twitter:label2\" content=\"Est. tempo de leitura\" \/>\n\t<meta name=\"twitter:data2\" content=\"4 minutos\" \/>\n<!-- \/ Yoast SEO plugin. -->","yoast_head_json":{"title":"Psic\u00f3logo revela o que h\u00e1 de errado com quem nunca se irrita - Estado de Minas - Em foco","description":"Psic\u00f3logo exp\u00f5e um lado pouco conhecido da raiva e por que reprimi-la pode afetar seu bem-estar emocional.","robots":{"index":"index","follow":"follow","max-snippet":"max-snippet:-1","max-image-preview":"max-image-preview:large","max-video-preview":"max-video-preview:-1"},"canonical":"https:\/\/www.em.com.br\/emfoco\/2025\/06\/04\/psicologo-revela-o-que-ha-de-errado-com-quem-nunca-se-irrita\/","og_locale":"pt_BR","og_type":"article","og_title":"Psic\u00f3logo revela o que h\u00e1 de errado com quem nunca se irrita - Estado de Minas - Em foco","og_description":"Psic\u00f3logo exp\u00f5e um lado pouco conhecido da raiva e por que reprimi-la pode afetar seu bem-estar emocional.","og_url":"https:\/\/www.em.com.br\/emfoco\/2025\/06\/04\/psicologo-revela-o-que-ha-de-errado-com-quem-nunca-se-irrita\/","og_site_name":"Estado de Minas - Em foco","article_published_time":"2025-06-04T12:10:25+00:00","article_modified_time":"2025-06-04T08:46:16+00:00","og_image":[{"width":1280,"height":720,"url":"https:\/\/www.em.com.br\/emfoco\/wp-content\/uploads\/2025\/06\/raiva_1748866215865.jpg","type":"image\/jpeg"}],"author":"Douglas Myth","twitter_card":"summary_large_image","twitter_misc":{"Escrito por":"Douglas Myth","Est. tempo de leitura":"4 minutos"},"schema":{"@context":"https:\/\/schema.org","@graph":[{"@type":"WebPage","@id":"https:\/\/www.em.com.br\/emfoco\/2025\/06\/04\/psicologo-revela-o-que-ha-de-errado-com-quem-nunca-se-irrita\/","url":"https:\/\/www.em.com.br\/emfoco\/2025\/06\/04\/psicologo-revela-o-que-ha-de-errado-com-quem-nunca-se-irrita\/","name":"Psic\u00f3logo revela o que h\u00e1 de errado com quem nunca se irrita - Estado de Minas - Em foco","isPartOf":{"@id":"https:\/\/www.em.com.br\/emfoco\/#website"},"primaryImageOfPage":{"@id":"https:\/\/www.em.com.br\/emfoco\/2025\/06\/04\/psicologo-revela-o-que-ha-de-errado-com-quem-nunca-se-irrita\/#primaryimage"},"image":{"@id":"https:\/\/www.em.com.br\/emfoco\/2025\/06\/04\/psicologo-revela-o-que-ha-de-errado-com-quem-nunca-se-irrita\/#primaryimage"},"thumbnailUrl":"https:\/\/www.em.com.br\/emfoco\/wp-content\/uploads\/2025\/06\/raiva_1748866215865.jpg","datePublished":"2025-06-04T12:10:25+00:00","dateModified":"2025-06-04T08:46:16+00:00","author":{"@id":"https:\/\/www.em.com.br\/emfoco\/#\/schema\/person\/bba594b7eebe9b9885fec3a5c7837089"},"description":"Psic\u00f3logo exp\u00f5e um lado pouco conhecido da raiva e por que reprimi-la pode afetar seu bem-estar emocional.","breadcrumb":{"@id":"https:\/\/www.em.com.br\/emfoco\/2025\/06\/04\/psicologo-revela-o-que-ha-de-errado-com-quem-nunca-se-irrita\/#breadcrumb"},"inLanguage":"pt-BR","potentialAction":[{"@type":"ReadAction","target":["https:\/\/www.em.com.br\/emfoco\/2025\/06\/04\/psicologo-revela-o-que-ha-de-errado-com-quem-nunca-se-irrita\/"]}]},{"@type":"ImageObject","inLanguage":"pt-BR","@id":"https:\/\/www.em.com.br\/emfoco\/2025\/06\/04\/psicologo-revela-o-que-ha-de-errado-com-quem-nunca-se-irrita\/#primaryimage","url":"https:\/\/www.em.com.br\/emfoco\/wp-content\/uploads\/2025\/06\/raiva_1748866215865.jpg","contentUrl":"https:\/\/www.em.com.br\/emfoco\/wp-content\/uploads\/2025\/06\/raiva_1748866215865.jpg","width":1280,"height":720,"caption":"raiva - Cr\u00e9ditos: depositphotos.com \/ VitalikRadko"},{"@type":"BreadcrumbList","@id":"https:\/\/www.em.com.br\/emfoco\/2025\/06\/04\/psicologo-revela-o-que-ha-de-errado-com-quem-nunca-se-irrita\/#breadcrumb","itemListElement":[{"@type":"ListItem","position":1,"name":"In\u00edcio","item":"https:\/\/www.em.com.br\/emfoco\/"},{"@type":"ListItem","position":2,"name":"Psic\u00f3logo revela o que h\u00e1 de errado com quem nunca se irrita"}]},{"@type":"WebSite","@id":"https:\/\/www.em.com.br\/emfoco\/#website","url":"https:\/\/www.em.com.br\/emfoco\/","name":"Estado de Minas - Em foco","description":"Acompanhe as \u00faltimas not\u00edcias e fique bem informado sobre tudo o que acontece em Minas Gerais, Brasil e no mundo.","potentialAction":[{"@type":"SearchAction","target":{"@type":"EntryPoint","urlTemplate":"https:\/\/www.em.com.br\/emfoco\/?s={search_term_string}"},"query-input":{"@type":"PropertyValueSpecification","valueRequired":true,"valueName":"search_term_string"}}],"inLanguage":"pt-BR"},{"@type":"Person","@id":"https:\/\/www.em.com.br\/emfoco\/#\/schema\/person\/bba594b7eebe9b9885fec3a5c7837089","name":"Douglas Myth","image":{"@type":"ImageObject","inLanguage":"pt-BR","@id":"https:\/\/www.em.com.br\/emfoco\/#\/schema\/person\/image\/","url":"https:\/\/secure.gravatar.com\/avatar\/1ac3cf50d0e68642c697dc0c960c802f?s=96&d=mm&r=g","contentUrl":"https:\/\/secure.gravatar.com\/avatar\/1ac3cf50d0e68642c697dc0c960c802f?s=96&d=mm&r=g","caption":"Douglas Myth"},"url":"https:\/\/www.em.com.br\/emfoco\/author\/douglasmyth\/"}]}},"_links":{"self":[{"href":"https:\/\/www.em.com.br\/emfoco\/wp-json\/wp\/v2\/posts\/54025","targetHints":{"allow":["GET"]}}],"collection":[{"href":"https:\/\/www.em.com.br\/emfoco\/wp-json\/wp\/v2\/posts"}],"about":[{"href":"https:\/\/www.em.com.br\/emfoco\/wp-json\/wp\/v2\/types\/post"}],"author":[{"embeddable":true,"href":"https:\/\/www.em.com.br\/emfoco\/wp-json\/wp\/v2\/users\/15"}],"replies":[{"embeddable":true,"href":"https:\/\/www.em.com.br\/emfoco\/wp-json\/wp\/v2\/comments?post=54025"}],"version-history":[{"count":2,"href":"https:\/\/www.em.com.br\/emfoco\/wp-json\/wp\/v2\/posts\/54025\/revisions"}],"predecessor-version":[{"id":54031,"href":"https:\/\/www.em.com.br\/emfoco\/wp-json\/wp\/v2\/posts\/54025\/revisions\/54031"}],"wp:featuredmedia":[{"embeddable":true,"href":"https:\/\/www.em.com.br\/emfoco\/wp-json\/wp\/v2\/media\/54029"}],"wp:attachment":[{"href":"https:\/\/www.em.com.br\/emfoco\/wp-json\/wp\/v2\/media?parent=54025"}],"wp:term":[{"taxonomy":"category","embeddable":true,"href":"https:\/\/www.em.com.br\/emfoco\/wp-json\/wp\/v2\/categories?post=54025"},{"taxonomy":"post_tag","embeddable":true,"href":"https:\/\/www.em.com.br\/emfoco\/wp-json\/wp\/v2\/tags?post=54025"}],"curies":[{"name":"wp","href":"https:\/\/api.w.org\/{rel}","templated":true}]}}