{"id":53910,"date":"2025-06-03T18:10:44","date_gmt":"2025-06-03T21:10:44","guid":{"rendered":"https:\/\/www.em.com.br\/emfoco\/?p=53910"},"modified":"2025-06-02T18:10:11","modified_gmt":"2025-06-02T21:10:11","slug":"apagar-sua-conta-nao-apaga-seus-dados-de-verdade","status":"publish","type":"post","link":"https:\/\/www.em.com.br\/emfoco\/2025\/06\/03\/apagar-sua-conta-nao-apaga-seus-dados-de-verdade\/","title":{"rendered":"Apagar sua conta n\u00e3o apaga seus dados de verdade"},"content":{"rendered":"\n<p>Ao apagar uma conta em um servi\u00e7o online, muitos usu\u00e1rios acreditam que seus <a href=\"https:\/\/www.em.com.br\/emfoco\/2025\/02\/11\/vazamento-de-dados-disparam-em-2024-e-expoem-bilhoes-de-contas-no-mundo\/\" target=\"_blank\" rel=\"noreferrer noopener\">dados <\/a>s\u00e3o imediatamente eliminados. No entanto, a realidade pode ser mais complexa. Quando uma conta \u00e9 deletada, as informa\u00e7\u00f5es associadas a ela podem n\u00e3o ser removidas instantaneamente dos servidores. Isso ocorre porque muitas empresas mant\u00eam c\u00f3pias de seguran\u00e7a ou backups dos dados por um per\u00edodo determinado, para fins de recupera\u00e7\u00e3o em caso de falhas t\u00e9cnicas ou para cumprir obriga\u00e7\u00f5es legais.<\/p>\n\n\n\n<p>Al\u00e9m disso, algumas plataformas podem reter certos dados por motivos de seguran\u00e7a ou para evitar <a href=\"https:\/\/www.gov.br\/anpd\/pt-br\/assuntos\/noticias\/meus-dados-vazaram-e-agora\" target=\"_blank\" rel=\"noreferrer noopener\">fraudes<\/a>. \u00c9 importante que os usu\u00e1rios leiam os termos de servi\u00e7o e as pol\u00edticas de privacidade das empresas para entender como seus dados s\u00e3o tratados ap\u00f3s a exclus\u00e3o de uma conta. Em muitos casos, a exclus\u00e3o completa dos dados pode levar semanas ou at\u00e9 meses.<\/p>\n\n\n\n<h2 class=\"wp-block-heading\">Por que as empresas mant\u00eam dados ap\u00f3s a exclus\u00e3o de uma conta?<\/h2>\n\n\n\n<p>As empresas podem manter dados mesmo ap\u00f3s a exclus\u00e3o de uma conta por v\u00e1rias raz\u00f5es. Uma das principais \u00e9 a necessidade de cumprir regulamenta\u00e7\u00f5es legais. Em muitos pa\u00edses, as leis exigem que as empresas armazenem registros por um determinado per\u00edodo para auditorias ou investiga\u00e7\u00f5es legais. Al\u00e9m disso, manter dados por um tempo pode ajudar a empresa a resolver disputas ou problemas t\u00e9cnicos que possam surgir ap\u00f3s a exclus\u00e3o.<\/p>\n\n\n\n<p>Outra raz\u00e3o \u00e9 a seguran\u00e7a. Ao reter informa\u00e7\u00f5es, as empresas podem monitorar atividades suspeitas e prevenir fraudes. Isso \u00e9 especialmente relevante em plataformas financeiras ou de com\u00e9rcio eletr\u00f4nico, onde a seguran\u00e7a dos dados \u00e9 crucial. Assim, mesmo que um usu\u00e1rio decida apagar sua conta, as empresas podem ter justificativas leg\u00edtimas para manter certos dados por um tempo.<\/p>\n\n\n\n<h2 class=\"wp-block-heading\">Como garantir que seus dados sejam realmente apagados?<\/h2>\n\n\n\n<p>Para garantir que seus dados sejam realmente apagados, os usu\u00e1rios devem seguir algumas etapas. Primeiro, \u00e9 essencial revisar as pol\u00edticas de privacidade e os termos de servi\u00e7o da plataforma para entender o processo de exclus\u00e3o de dados. Em seguida, \u00e9 recomend\u00e1vel entrar em contato diretamente com o suporte ao cliente da empresa para solicitar a exclus\u00e3o completa dos dados.<\/p>\n\n\n\n<p>Al\u00e9m disso, os usu\u00e1rios podem utilizar ferramentas de exclus\u00e3o de dados, se dispon\u00edveis, para remover informa\u00e7\u00f5es pessoais de forma mais eficaz. Em alguns casos, pode ser necess\u00e1rio enviar uma solicita\u00e7\u00e3o formal por escrito para garantir que todos os dados sejam eliminados. \u00c9 importante lembrar que, mesmo ap\u00f3s a exclus\u00e3o, algumas informa\u00e7\u00f5es podem permanecer em backups por um per\u00edodo determinado.<\/p>\n\n\n\n<figure class=\"wp-block-image size-large\"><img loading=\"lazy\" decoding=\"async\" width=\"1024\" height=\"576\" src=\"https:\/\/www.em.com.br\/emfoco\/wp-content\/uploads\/2025\/05\/apagar-dados_1748733703531-1024x576.jpg\" alt=\"Apagar sua conta n\u00e3o apaga seus dados de verdade\" class=\"wp-image-53913\" srcset=\"https:\/\/www.em.com.br\/emfoco\/wp-content\/uploads\/2025\/05\/apagar-dados_1748733703531-1024x576.jpg 1024w, https:\/\/www.em.com.br\/emfoco\/wp-content\/uploads\/2025\/05\/apagar-dados_1748733703531-300x169.jpg 300w, https:\/\/www.em.com.br\/emfoco\/wp-content\/uploads\/2025\/05\/apagar-dados_1748733703531-768x432.jpg 768w, https:\/\/www.em.com.br\/emfoco\/wp-content\/uploads\/2025\/05\/apagar-dados_1748733703531-750x422.jpg 750w, https:\/\/www.em.com.br\/emfoco\/wp-content\/uploads\/2025\/05\/apagar-dados_1748733703531-1140x641.jpg 1140w, https:\/\/www.em.com.br\/emfoco\/wp-content\/uploads\/2025\/05\/apagar-dados_1748733703531.jpg 1280w\" sizes=\"auto, (max-width: 1024px) 100vw, 1024px\" \/><figcaption class=\"wp-element-caption\">Apagar dados &#8211; Cr\u00e9ditos: depositphotos.com \/ Skorzewiak<\/figcaption><\/figure>\n\n\n\n<h2 class=\"wp-block-heading\">Quais s\u00e3o os riscos de n\u00e3o apagar seus dados corretamente?<\/h2>\n\n\n\n<p>N\u00e3o apagar seus dados corretamente pode acarretar diversos riscos. Um dos principais \u00e9 a possibilidade de roubo de identidade. Se os dados pessoais permanecerem acess\u00edveis, criminosos podem us\u00e1-los para realizar fraudes ou acessar outras contas. Al\u00e9m disso, informa\u00e7\u00f5es sens\u00edveis podem ser vendidas a terceiros sem o consentimento do usu\u00e1rio, levando a viola\u00e7\u00f5es de privacidade.<\/p>\n\n\n\n<p>Outro risco \u00e9 o uso indevido dos dados por parte da pr\u00f3pria empresa. Sem a exclus\u00e3o adequada, as informa\u00e7\u00f5es podem ser utilizadas para fins de marketing ou an\u00e1lise, mesmo ap\u00f3s o encerramento da conta. Portanto, \u00e9 crucial que os usu\u00e1rios tomem medidas para garantir que seus dados sejam completamente removidos das plataformas que n\u00e3o utilizam mais.<\/p>\n\n\n\n<h2 class=\"wp-block-heading\">Qual \u00e9 o impacto das leis de prote\u00e7\u00e3o de dados?<\/h2>\n\n\n\n<p>Com o aumento da preocupa\u00e7\u00e3o em torno da privacidade e da seguran\u00e7a da informa\u00e7\u00e3o, muitas jurisdi\u00e7\u00f5es ao redor do mundo t\u00eam implementado legisla\u00e7\u00f5es rigorosas para proteger os dados dos consumidores. Regulamentos como o <strong>GDPR<\/strong> na <strong>Uni\u00e3o Europeia<\/strong> e a <strong>LGPD<\/strong> no <strong>Brasil<\/strong> estabelecem direitos claros para os usu\u00e1rios sobre como seus dados devem ser geridos e exclu\u00eddos. Essas leis obrigam as empresas a n\u00e3o somente apagarem os dados mediante solicita\u00e7\u00e3o, mas tamb\u00e9m a informarem os usu\u00e1rios sobre as pr\u00e1ticas de reten\u00e7\u00e3o e exclus\u00e3o de dados. \u00c9 fundamental que os consumidores estejam cientes dos seus direitos e saibam como exerc\u00ea-los para garantir que sua privacidade seja respeitada.<\/p>\n\n\n\n<h2 class=\"wp-block-heading\">Perguntas e respostas<\/h2>\n\n\n\n<ol class=\"wp-block-list\">\n<li><strong>O que \u00e9 uma c\u00f3pia de seguran\u00e7a?<\/strong> <br>\u00c9 uma duplica\u00e7\u00e3o dos dados armazenados para garantir a recupera\u00e7\u00e3o em caso de perda ou falha t\u00e9cnica.<\/li>\n\n\n\n<li><strong>Quanto tempo as empresas podem manter dados ap\u00f3s a exclus\u00e3o?<\/strong> <br>O per\u00edodo varia, mas pode ser de semanas a meses, dependendo das pol\u00edticas da empresa e das leis locais.<\/li>\n\n\n\n<li><strong>\u00c9 poss\u00edvel recuperar uma conta ap\u00f3s a exclus\u00e3o?<\/strong> <br>Em alguns casos, sim, especialmente se a exclus\u00e3o for recente e a empresa mantiver backups.<\/li>\n\n\n\n<li><strong>Quais dados s\u00e3o mais vulner\u00e1veis ao roubo de identidade?<\/strong> <br>Informa\u00e7\u00f5es como nome completo, endere\u00e7o, n\u00famero de telefone e dados banc\u00e1rios s\u00e3o especialmente sens\u00edveis.<\/li>\n\n\n\n<li><strong>O que \u00e9 uma solicita\u00e7\u00e3o formal de exclus\u00e3o de dados?<\/strong> <br>\u00c9 um pedido por escrito enviado \u00e0 empresa, solicitando a remo\u00e7\u00e3o completa de todas as informa\u00e7\u00f5es pessoais.<\/li>\n<\/ol>\n","protected":false},"excerpt":{"rendered":"<p>Ao apagar uma conta em um servi\u00e7o online, muitos usu\u00e1rios acreditam que seus dados s\u00e3o imediatamente eliminados. No entanto, a realidade pode ser mais complexa. Quando uma conta \u00e9 deletada, as informa\u00e7\u00f5es associadas a ela podem n\u00e3o ser removidas instantaneamente dos servidores. Isso ocorre porque muitas empresas mant\u00eam c\u00f3pias de seguran\u00e7a ou backups dos dados [&hellip;]<\/p>\n","protected":false},"author":18,"featured_media":53912,"comment_status":"open","ping_status":"open","sticky":false,"template":"","format":"standard","meta":{"jnews-multi-image_gallery":[],"jnews_single_post":{"format":"standard"},"jnews_primary_category":[],"jnews_social_meta":[],"jnews_override_counter":[],"footnotes":""},"categories":[4204],"tags":[1483,161,1736],"class_list":["post-53910","post","type-post","status-publish","format-standard","has-post-thumbnail","hentry","category-tecnologia","tag-dados-pessoais","tag-tecnologia","tag-vazamento-de-dados"],"yoast_head":"<!-- This site is optimized with the Yoast SEO plugin v23.8 - https:\/\/yoast.com\/wordpress\/plugins\/seo\/ -->\n<title>Apagar sua conta n\u00e3o apaga seus dados de verdade - Estado de Minas - Em foco<\/title>\n<meta name=\"description\" content=\"Seus dados pessoais podem estar em risco mesmo ap\u00f3s sair de um servi\u00e7o. Veja os passos para garantir que tudo seja realmente deletado.\" \/>\n<meta name=\"robots\" content=\"index, follow, max-snippet:-1, max-image-preview:large, max-video-preview:-1\" \/>\n<link rel=\"canonical\" href=\"https:\/\/www.em.com.br\/emfoco\/2025\/06\/03\/apagar-sua-conta-nao-apaga-seus-dados-de-verdade\/\" \/>\n<meta property=\"og:locale\" content=\"pt_BR\" \/>\n<meta property=\"og:type\" content=\"article\" \/>\n<meta property=\"og:title\" content=\"Apagar sua conta n\u00e3o apaga seus dados de verdade - Estado de Minas - Em foco\" \/>\n<meta property=\"og:description\" content=\"Seus dados pessoais podem estar em risco mesmo ap\u00f3s sair de um servi\u00e7o. Veja os passos para garantir que tudo seja realmente deletado.\" \/>\n<meta property=\"og:url\" content=\"https:\/\/www.em.com.br\/emfoco\/2025\/06\/03\/apagar-sua-conta-nao-apaga-seus-dados-de-verdade\/\" \/>\n<meta property=\"og:site_name\" content=\"Estado de Minas - Em foco\" \/>\n<meta property=\"article:published_time\" content=\"2025-06-03T21:10:44+00:00\" \/>\n<meta property=\"article:modified_time\" content=\"2025-06-02T21:10:11+00:00\" \/>\n<meta property=\"og:image\" content=\"https:\/\/www.em.com.br\/emfoco\/wp-content\/uploads\/2025\/05\/dados-pessoais_1748733556493.jpg\" \/>\n\t<meta property=\"og:image:width\" content=\"1280\" \/>\n\t<meta property=\"og:image:height\" content=\"720\" \/>\n\t<meta property=\"og:image:type\" content=\"image\/jpeg\" \/>\n<meta name=\"author\" content=\"Julio Cesar\" \/>\n<meta name=\"twitter:card\" content=\"summary_large_image\" \/>\n<meta name=\"twitter:label1\" content=\"Escrito por\" \/>\n\t<meta name=\"twitter:data1\" content=\"Julio Cesar\" \/>\n\t<meta name=\"twitter:label2\" content=\"Est. tempo de leitura\" \/>\n\t<meta name=\"twitter:data2\" content=\"5 minutos\" \/>\n<!-- \/ Yoast SEO plugin. -->","yoast_head_json":{"title":"Apagar sua conta n\u00e3o apaga seus dados de verdade - Estado de Minas - Em foco","description":"Seus dados pessoais podem estar em risco mesmo ap\u00f3s sair de um servi\u00e7o. Veja os passos para garantir que tudo seja realmente deletado.","robots":{"index":"index","follow":"follow","max-snippet":"max-snippet:-1","max-image-preview":"max-image-preview:large","max-video-preview":"max-video-preview:-1"},"canonical":"https:\/\/www.em.com.br\/emfoco\/2025\/06\/03\/apagar-sua-conta-nao-apaga-seus-dados-de-verdade\/","og_locale":"pt_BR","og_type":"article","og_title":"Apagar sua conta n\u00e3o apaga seus dados de verdade - Estado de Minas - Em foco","og_description":"Seus dados pessoais podem estar em risco mesmo ap\u00f3s sair de um servi\u00e7o. Veja os passos para garantir que tudo seja realmente deletado.","og_url":"https:\/\/www.em.com.br\/emfoco\/2025\/06\/03\/apagar-sua-conta-nao-apaga-seus-dados-de-verdade\/","og_site_name":"Estado de Minas - Em foco","article_published_time":"2025-06-03T21:10:44+00:00","article_modified_time":"2025-06-02T21:10:11+00:00","og_image":[{"width":1280,"height":720,"url":"https:\/\/www.em.com.br\/emfoco\/wp-content\/uploads\/2025\/05\/dados-pessoais_1748733556493.jpg","type":"image\/jpeg"}],"author":"Julio Cesar","twitter_card":"summary_large_image","twitter_misc":{"Escrito por":"Julio Cesar","Est. tempo de leitura":"5 minutos"},"schema":{"@context":"https:\/\/schema.org","@graph":[{"@type":"WebPage","@id":"https:\/\/www.em.com.br\/emfoco\/2025\/06\/03\/apagar-sua-conta-nao-apaga-seus-dados-de-verdade\/","url":"https:\/\/www.em.com.br\/emfoco\/2025\/06\/03\/apagar-sua-conta-nao-apaga-seus-dados-de-verdade\/","name":"Apagar sua conta n\u00e3o apaga seus dados de verdade - Estado de Minas - Em foco","isPartOf":{"@id":"https:\/\/www.em.com.br\/emfoco\/#website"},"primaryImageOfPage":{"@id":"https:\/\/www.em.com.br\/emfoco\/2025\/06\/03\/apagar-sua-conta-nao-apaga-seus-dados-de-verdade\/#primaryimage"},"image":{"@id":"https:\/\/www.em.com.br\/emfoco\/2025\/06\/03\/apagar-sua-conta-nao-apaga-seus-dados-de-verdade\/#primaryimage"},"thumbnailUrl":"https:\/\/www.em.com.br\/emfoco\/wp-content\/uploads\/2025\/05\/dados-pessoais_1748733556493.jpg","datePublished":"2025-06-03T21:10:44+00:00","dateModified":"2025-06-02T21:10:11+00:00","author":{"@id":"https:\/\/www.em.com.br\/emfoco\/#\/schema\/person\/08c4a03e38018bbab9038d5f788321fc"},"description":"Seus dados pessoais podem estar em risco mesmo ap\u00f3s sair de um servi\u00e7o. Veja os passos para garantir que tudo seja realmente deletado.","breadcrumb":{"@id":"https:\/\/www.em.com.br\/emfoco\/2025\/06\/03\/apagar-sua-conta-nao-apaga-seus-dados-de-verdade\/#breadcrumb"},"inLanguage":"pt-BR","potentialAction":[{"@type":"ReadAction","target":["https:\/\/www.em.com.br\/emfoco\/2025\/06\/03\/apagar-sua-conta-nao-apaga-seus-dados-de-verdade\/"]}]},{"@type":"ImageObject","inLanguage":"pt-BR","@id":"https:\/\/www.em.com.br\/emfoco\/2025\/06\/03\/apagar-sua-conta-nao-apaga-seus-dados-de-verdade\/#primaryimage","url":"https:\/\/www.em.com.br\/emfoco\/wp-content\/uploads\/2025\/05\/dados-pessoais_1748733556493.jpg","contentUrl":"https:\/\/www.em.com.br\/emfoco\/wp-content\/uploads\/2025\/05\/dados-pessoais_1748733556493.jpg","width":1280,"height":720,"caption":"Dados pessoais - Cr\u00e9ditos: depositphotos.com \/ claudio.gangi.fastwebnet.it"},{"@type":"BreadcrumbList","@id":"https:\/\/www.em.com.br\/emfoco\/2025\/06\/03\/apagar-sua-conta-nao-apaga-seus-dados-de-verdade\/#breadcrumb","itemListElement":[{"@type":"ListItem","position":1,"name":"In\u00edcio","item":"https:\/\/www.em.com.br\/emfoco\/"},{"@type":"ListItem","position":2,"name":"Apagar sua conta n\u00e3o apaga seus dados de verdade"}]},{"@type":"WebSite","@id":"https:\/\/www.em.com.br\/emfoco\/#website","url":"https:\/\/www.em.com.br\/emfoco\/","name":"Estado de Minas - Em foco","description":"Acompanhe as \u00faltimas not\u00edcias e fique bem informado sobre tudo o que acontece em Minas Gerais, Brasil e no mundo.","potentialAction":[{"@type":"SearchAction","target":{"@type":"EntryPoint","urlTemplate":"https:\/\/www.em.com.br\/emfoco\/?s={search_term_string}"},"query-input":{"@type":"PropertyValueSpecification","valueRequired":true,"valueName":"search_term_string"}}],"inLanguage":"pt-BR"},{"@type":"Person","@id":"https:\/\/www.em.com.br\/emfoco\/#\/schema\/person\/08c4a03e38018bbab9038d5f788321fc","name":"Julio Cesar","image":{"@type":"ImageObject","inLanguage":"pt-BR","@id":"https:\/\/www.em.com.br\/emfoco\/#\/schema\/person\/image\/","url":"https:\/\/secure.gravatar.com\/avatar\/ab1ea64f0d4f4c1385f8ef10d5a6e758?s=96&d=mm&r=g","contentUrl":"https:\/\/secure.gravatar.com\/avatar\/ab1ea64f0d4f4c1385f8ef10d5a6e758?s=96&d=mm&r=g","caption":"Julio Cesar"},"url":"https:\/\/www.em.com.br\/emfoco\/author\/juliomyth\/"}]}},"_links":{"self":[{"href":"https:\/\/www.em.com.br\/emfoco\/wp-json\/wp\/v2\/posts\/53910","targetHints":{"allow":["GET"]}}],"collection":[{"href":"https:\/\/www.em.com.br\/emfoco\/wp-json\/wp\/v2\/posts"}],"about":[{"href":"https:\/\/www.em.com.br\/emfoco\/wp-json\/wp\/v2\/types\/post"}],"author":[{"embeddable":true,"href":"https:\/\/www.em.com.br\/emfoco\/wp-json\/wp\/v2\/users\/18"}],"replies":[{"embeddable":true,"href":"https:\/\/www.em.com.br\/emfoco\/wp-json\/wp\/v2\/comments?post=53910"}],"version-history":[{"count":1,"href":"https:\/\/www.em.com.br\/emfoco\/wp-json\/wp\/v2\/posts\/53910\/revisions"}],"predecessor-version":[{"id":53914,"href":"https:\/\/www.em.com.br\/emfoco\/wp-json\/wp\/v2\/posts\/53910\/revisions\/53914"}],"wp:featuredmedia":[{"embeddable":true,"href":"https:\/\/www.em.com.br\/emfoco\/wp-json\/wp\/v2\/media\/53912"}],"wp:attachment":[{"href":"https:\/\/www.em.com.br\/emfoco\/wp-json\/wp\/v2\/media?parent=53910"}],"wp:term":[{"taxonomy":"category","embeddable":true,"href":"https:\/\/www.em.com.br\/emfoco\/wp-json\/wp\/v2\/categories?post=53910"},{"taxonomy":"post_tag","embeddable":true,"href":"https:\/\/www.em.com.br\/emfoco\/wp-json\/wp\/v2\/tags?post=53910"}],"curies":[{"name":"wp","href":"https:\/\/api.w.org\/{rel}","templated":true}]}}