{"id":53805,"date":"2025-06-01T15:00:59","date_gmt":"2025-06-01T18:00:59","guid":{"rendered":"https:\/\/www.em.com.br\/emfoco\/?p=53805"},"modified":"2025-06-01T03:38:00","modified_gmt":"2025-06-01T06:38:00","slug":"o-que-causa-rachaduras-nos-labios-e-como-evitar-de-forma-natural","status":"publish","type":"post","link":"https:\/\/www.em.com.br\/emfoco\/2025\/06\/01\/o-que-causa-rachaduras-nos-labios-e-como-evitar-de-forma-natural\/","title":{"rendered":"O que causa rachaduras nos l\u00e1bios e como evitar de forma natural"},"content":{"rendered":"\n<p>O inverno \u00e9 uma esta\u00e7\u00e3o que traz consigo desafios espec\u00edficos para a sa\u00fade da pele, especialmente dos l\u00e1bios. As baixas temperaturas e o ar seco podem causar ressecamento e rachaduras, tornando os l\u00e1bios vulner\u00e1veis e desconfort\u00e1veis. Por isso, \u00e9 fundamental adotar uma rotina de cuidados que inclua o uso de hidratantes labiais.<\/p>\n\n\n\n<p>Os hidratantes labiais, tamb\u00e9m conhecidos como <strong>lip balms<\/strong>, s\u00e3o produtos formulados para proteger e nutrir a pele delicada dos l\u00e1bios. Eles ajudam a reter a umidade e criam uma barreira contra as condi\u00e7\u00f5es clim\u00e1ticas adversas. Al\u00e9m disso, muitos oferecem prote\u00e7\u00e3o solar, essencial mesmo durante o inverno.<\/p>\n\n\n\n<h2 class=\"wp-block-heading\">Quais benef\u00edcios os hidratantes labiais oferecem?<\/h2>\n\n\n\n<p>Os <a href=\"https:\/\/br.pinterest.com\/search\/pins\/?q=hidratantes%20labiais&amp;rs=typed\" target=\"_blank\" rel=\"noopener\">hidratantes labiais<\/a> s\u00e3o essenciais para manter os l\u00e1bios saud\u00e1veis e hidratados. Eles formam uma camada protetora que impede a perda de umidade, prevenindo <a href=\"https:\/\/www.em.com.br\/emfoco\/2025\/05\/30\/o-habito-que-poucos-conhecem-e-que-cura-rachaduras-nos-pes-rapidamente\/\" target=\"_blank\" rel=\"noopener\">rachaduras<\/a> e descama\u00e7\u00e3o. Ingredientes como <strong>manteiga de karit\u00e9<\/strong> e <strong>\u00f3leos naturais<\/strong> s\u00e3o comuns nesses produtos, oferecendo nutri\u00e7\u00e3o e repara\u00e7\u00e3o para a pele dos l\u00e1bios.<\/p>\n\n\n\n<p>Al\u00e9m da hidrata\u00e7\u00e3o, muitos hidratantes labiais incluem prote\u00e7\u00e3o contra os raios UV, que podem ser prejudiciais mesmo em dias nublados. Alguns produtos tamb\u00e9m adicionam um toque de cor, proporcionando um visual mais vibrante e saud\u00e1vel sem a necessidade de maquiagem extra.<\/p>\n\n\n\n<h2 class=\"wp-block-heading\">Como escolher o hidratante labial perfeito?<\/h2>\n\n\n\n<p>Com tantas op\u00e7\u00f5es dispon\u00edveis, escolher o hidratante labial ideal pode ser desafiador. \u00c9 importante considerar a composi\u00e7\u00e3o do produto; ingredientes como cera de abelha, manteiga de karit\u00e9 e \u00f3leos vegetais s\u00e3o indicativos de uma f\u00f3rmula eficaz. A presen\u00e7a de prote\u00e7\u00e3o solar \u00e9 crucial para quem passa muito tempo ao ar livre.<\/p>\n\n\n\n<p>A textura do hidratante tamb\u00e9m \u00e9 um fator a ser considerado. Algumas pessoas preferem produtos leves e de r\u00e1pida absor\u00e7\u00e3o, enquanto outras optam por f\u00f3rmulas mais densas para uma hidrata\u00e7\u00e3o prolongada. Produtos sem fragr\u00e2ncias ou corantes s\u00e3o ideais para quem busca uma op\u00e7\u00e3o mais natural.<\/p>\n\n\n<div class=\"wp-block-image\">\n<figure class=\"aligncenter size-large\"><img loading=\"lazy\" decoding=\"async\" width=\"1024\" height=\"576\" src=\"https:\/\/www.em.com.br\/emfoco\/wp-content\/uploads\/2025\/06\/Labios-hidratante_1748699414307-1024x576.jpg\" alt=\"\" class=\"wp-image-53818\" srcset=\"https:\/\/www.em.com.br\/emfoco\/wp-content\/uploads\/2025\/06\/Labios-hidratante_1748699414307-1024x576.jpg 1024w, https:\/\/www.em.com.br\/emfoco\/wp-content\/uploads\/2025\/06\/Labios-hidratante_1748699414307-300x169.jpg 300w, https:\/\/www.em.com.br\/emfoco\/wp-content\/uploads\/2025\/06\/Labios-hidratante_1748699414307-768x432.jpg 768w, https:\/\/www.em.com.br\/emfoco\/wp-content\/uploads\/2025\/06\/Labios-hidratante_1748699414307-750x422.jpg 750w, https:\/\/www.em.com.br\/emfoco\/wp-content\/uploads\/2025\/06\/Labios-hidratante_1748699414307-1140x641.jpg 1140w, https:\/\/www.em.com.br\/emfoco\/wp-content\/uploads\/2025\/06\/Labios-hidratante_1748699414307.jpg 1280w\" sizes=\"auto, (max-width: 1024px) 100vw, 1024px\" \/><figcaption class=\"wp-element-caption\">L\u00e1bios hidratante &#8211; Cr\u00e9ditos: depositphotos.com \/ makistock<\/figcaption><\/figure><\/div>\n\n\n<h2 class=\"wp-block-heading\">Quais s\u00e3o os hidratantes labiais mais populares?<\/h2>\n\n\n\n<p>No mercado, v\u00e1rias marcas se destacam pela qualidade de seus hidratantes labiais. Produtos como o <strong>Lip Sleeping Mask da Laneige<\/strong> s\u00e3o conhecidos por sua capacidade de hidratar profundamente durante a noite. Outro produto popular \u00e9 o <strong>Dior Addict Lip Glow<\/strong>, que combina hidrata\u00e7\u00e3o com um toque de cor sutil.<\/p>\n\n\n\n<p>Marcas como <strong>Nivea<\/strong> e <strong>B.O.B<\/strong> oferecem op\u00e7\u00f5es acess\u00edveis e eficazes. O Morango Shine da Nivea \u00e9 apreciado por sua leve cor rosada e hidrata\u00e7\u00e3o duradoura, enquanto o Lip Balm Abacate da B.O.B \u00e9 elogiado por sua f\u00f3rmula nutritiva e sensa\u00e7\u00e3o n\u00e3o pegajosa.<\/p>\n\n\n\n<h2 class=\"wp-block-heading\">Por que vale a pena investir em um bom hidratante labial?<\/h2>\n\n\n\n<p>Investir em um bom hidratante labial traz benef\u00edcios significativos para a sa\u00fade e apar\u00eancia dos l\u00e1bios. Al\u00e9m de prevenir o desconforto causado pelo ressecamento, esses produtos ajudam a manter os l\u00e1bios macios e protegidos contra os elementos externos. Para aqueles que valorizam a est\u00e9tica, um lip balm com cor pode ser uma maneira simples de adicionar um toque de vivacidade ao visual di\u00e1rio.<\/p>\n\n\n\n<p>Em resumo, os hidratantes labiais s\u00e3o essenciais na rotina de cuidados pessoais, especialmente durante o inverno. Escolher o produto certo pode fazer toda a diferen\u00e7a na manuten\u00e7\u00e3o da sa\u00fade e beleza dos l\u00e1bios, proporcionando conforto e prote\u00e7\u00e3o ao longo de toda a esta\u00e7\u00e3o.<\/p>\n","protected":false},"excerpt":{"rendered":"<p>O inverno \u00e9 uma esta\u00e7\u00e3o que traz consigo desafios espec\u00edficos para a sa\u00fade da pele, especialmente dos l\u00e1bios. As baixas temperaturas e o ar seco podem causar ressecamento e rachaduras, tornando os l\u00e1bios vulner\u00e1veis e desconfort\u00e1veis. Por isso, \u00e9 fundamental adotar uma rotina de cuidados que inclua o uso de hidratantes labiais. Os hidratantes labiais, [&hellip;]<\/p>\n","protected":false},"author":9,"featured_media":53817,"comment_status":"open","ping_status":"open","sticky":false,"template":"","format":"standard","meta":{"jnews-multi-image_gallery":[],"jnews_single_post":{"format":"standard"},"jnews_primary_category":[],"jnews_social_meta":[],"jnews_override_counter":[],"footnotes":""},"categories":[29,1],"tags":[4939,9587,1221,9586],"class_list":["post-53805","post","type-post","status-publish","format-standard","has-post-thumbnail","hentry","category-entretenimento","category-noticias","tag-cuidados-com-a-pele","tag-hidratante-labial","tag-inverno","tag-labios"],"yoast_head":"<!-- This site is optimized with the Yoast SEO plugin v23.8 - https:\/\/yoast.com\/wordpress\/plugins\/seo\/ -->\n<title>O que causa rachaduras nos l\u00e1bios e como evitar de forma natural<\/title>\n<meta name=\"description\" content=\"No inverno, os l\u00e1bios sofrem com o frio e o vento. Veja como escolher o melhor hidratante labial e manter a boca macia e saud\u00e1vel.\" \/>\n<meta name=\"robots\" content=\"index, follow, max-snippet:-1, max-image-preview:large, max-video-preview:-1\" \/>\n<link rel=\"canonical\" href=\"https:\/\/www.em.com.br\/emfoco\/2025\/06\/01\/o-que-causa-rachaduras-nos-labios-e-como-evitar-de-forma-natural\/\" \/>\n<meta property=\"og:locale\" content=\"pt_BR\" \/>\n<meta property=\"og:type\" content=\"article\" \/>\n<meta property=\"og:title\" content=\"O que causa rachaduras nos l\u00e1bios e como evitar de forma natural\" \/>\n<meta property=\"og:description\" content=\"No inverno, os l\u00e1bios sofrem com o frio e o vento. Veja como escolher o melhor hidratante labial e manter a boca macia e saud\u00e1vel.\" \/>\n<meta property=\"og:url\" content=\"https:\/\/www.em.com.br\/emfoco\/2025\/06\/01\/o-que-causa-rachaduras-nos-labios-e-como-evitar-de-forma-natural\/\" \/>\n<meta property=\"og:site_name\" content=\"Estado de Minas - Em foco\" \/>\n<meta property=\"article:published_time\" content=\"2025-06-01T18:00:59+00:00\" \/>\n<meta property=\"article:modified_time\" content=\"2025-06-01T06:38:00+00:00\" \/>\n<meta property=\"og:image\" content=\"https:\/\/www.em.com.br\/emfoco\/wp-content\/uploads\/2025\/06\/Labios-no-Inverno_1748699186348.jpg\" \/>\n\t<meta property=\"og:image:width\" content=\"1280\" \/>\n\t<meta property=\"og:image:height\" content=\"720\" \/>\n\t<meta property=\"og:image:type\" content=\"image\/jpeg\" \/>\n<meta name=\"author\" content=\"Daniely Cardoso\" \/>\n<meta name=\"twitter:card\" content=\"summary_large_image\" \/>\n<meta name=\"twitter:label1\" content=\"Escrito por\" \/>\n\t<meta name=\"twitter:data1\" content=\"Daniely Cardoso\" \/>\n\t<meta name=\"twitter:label2\" content=\"Est. tempo de leitura\" \/>\n\t<meta name=\"twitter:data2\" content=\"4 minutos\" \/>\n<!-- \/ Yoast SEO plugin. -->","yoast_head_json":{"title":"O que causa rachaduras nos l\u00e1bios e como evitar de forma natural","description":"No inverno, os l\u00e1bios sofrem com o frio e o vento. Veja como escolher o melhor hidratante labial e manter a boca macia e saud\u00e1vel.","robots":{"index":"index","follow":"follow","max-snippet":"max-snippet:-1","max-image-preview":"max-image-preview:large","max-video-preview":"max-video-preview:-1"},"canonical":"https:\/\/www.em.com.br\/emfoco\/2025\/06\/01\/o-que-causa-rachaduras-nos-labios-e-como-evitar-de-forma-natural\/","og_locale":"pt_BR","og_type":"article","og_title":"O que causa rachaduras nos l\u00e1bios e como evitar de forma natural","og_description":"No inverno, os l\u00e1bios sofrem com o frio e o vento. Veja como escolher o melhor hidratante labial e manter a boca macia e saud\u00e1vel.","og_url":"https:\/\/www.em.com.br\/emfoco\/2025\/06\/01\/o-que-causa-rachaduras-nos-labios-e-como-evitar-de-forma-natural\/","og_site_name":"Estado de Minas - Em foco","article_published_time":"2025-06-01T18:00:59+00:00","article_modified_time":"2025-06-01T06:38:00+00:00","og_image":[{"width":1280,"height":720,"url":"https:\/\/www.em.com.br\/emfoco\/wp-content\/uploads\/2025\/06\/Labios-no-Inverno_1748699186348.jpg","type":"image\/jpeg"}],"author":"Daniely Cardoso","twitter_card":"summary_large_image","twitter_misc":{"Escrito por":"Daniely Cardoso","Est. tempo de leitura":"4 minutos"},"schema":{"@context":"https:\/\/schema.org","@graph":[{"@type":"WebPage","@id":"https:\/\/www.em.com.br\/emfoco\/2025\/06\/01\/o-que-causa-rachaduras-nos-labios-e-como-evitar-de-forma-natural\/","url":"https:\/\/www.em.com.br\/emfoco\/2025\/06\/01\/o-que-causa-rachaduras-nos-labios-e-como-evitar-de-forma-natural\/","name":"O que causa rachaduras nos l\u00e1bios e como evitar de forma natural","isPartOf":{"@id":"https:\/\/www.em.com.br\/emfoco\/#website"},"primaryImageOfPage":{"@id":"https:\/\/www.em.com.br\/emfoco\/2025\/06\/01\/o-que-causa-rachaduras-nos-labios-e-como-evitar-de-forma-natural\/#primaryimage"},"image":{"@id":"https:\/\/www.em.com.br\/emfoco\/2025\/06\/01\/o-que-causa-rachaduras-nos-labios-e-como-evitar-de-forma-natural\/#primaryimage"},"thumbnailUrl":"https:\/\/www.em.com.br\/emfoco\/wp-content\/uploads\/2025\/06\/Labios-no-Inverno_1748699186348.jpg","datePublished":"2025-06-01T18:00:59+00:00","dateModified":"2025-06-01T06:38:00+00:00","author":{"@id":"https:\/\/www.em.com.br\/emfoco\/#\/schema\/person\/0a8186d72f2c3a5c6276d90b41f271a0"},"description":"No inverno, os l\u00e1bios sofrem com o frio e o vento. Veja como escolher o melhor hidratante labial e manter a boca macia e saud\u00e1vel.","breadcrumb":{"@id":"https:\/\/www.em.com.br\/emfoco\/2025\/06\/01\/o-que-causa-rachaduras-nos-labios-e-como-evitar-de-forma-natural\/#breadcrumb"},"inLanguage":"pt-BR","potentialAction":[{"@type":"ReadAction","target":["https:\/\/www.em.com.br\/emfoco\/2025\/06\/01\/o-que-causa-rachaduras-nos-labios-e-como-evitar-de-forma-natural\/"]}]},{"@type":"ImageObject","inLanguage":"pt-BR","@id":"https:\/\/www.em.com.br\/emfoco\/2025\/06\/01\/o-que-causa-rachaduras-nos-labios-e-como-evitar-de-forma-natural\/#primaryimage","url":"https:\/\/www.em.com.br\/emfoco\/wp-content\/uploads\/2025\/06\/Labios-no-Inverno_1748699186348.jpg","contentUrl":"https:\/\/www.em.com.br\/emfoco\/wp-content\/uploads\/2025\/06\/Labios-no-Inverno_1748699186348.jpg","width":1280,"height":720,"caption":"L\u00e1bios - Cr\u00e9ditos: depositphotos.com \/ Vera_Petrunina"},{"@type":"BreadcrumbList","@id":"https:\/\/www.em.com.br\/emfoco\/2025\/06\/01\/o-que-causa-rachaduras-nos-labios-e-como-evitar-de-forma-natural\/#breadcrumb","itemListElement":[{"@type":"ListItem","position":1,"name":"In\u00edcio","item":"https:\/\/www.em.com.br\/emfoco\/"},{"@type":"ListItem","position":2,"name":"O que causa rachaduras nos l\u00e1bios e como evitar de forma natural"}]},{"@type":"WebSite","@id":"https:\/\/www.em.com.br\/emfoco\/#website","url":"https:\/\/www.em.com.br\/emfoco\/","name":"Estado de Minas - Em foco","description":"Acompanhe as \u00faltimas not\u00edcias e fique bem informado sobre tudo o que acontece em Minas Gerais, Brasil e no mundo.","potentialAction":[{"@type":"SearchAction","target":{"@type":"EntryPoint","urlTemplate":"https:\/\/www.em.com.br\/emfoco\/?s={search_term_string}"},"query-input":{"@type":"PropertyValueSpecification","valueRequired":true,"valueName":"search_term_string"}}],"inLanguage":"pt-BR"},{"@type":"Person","@id":"https:\/\/www.em.com.br\/emfoco\/#\/schema\/person\/0a8186d72f2c3a5c6276d90b41f271a0","name":"Daniely Cardoso","image":{"@type":"ImageObject","inLanguage":"pt-BR","@id":"https:\/\/www.em.com.br\/emfoco\/#\/schema\/person\/image\/","url":"https:\/\/secure.gravatar.com\/avatar\/4b80ddbd124d1f071b626d52d62e5dff?s=96&d=mm&r=g","contentUrl":"https:\/\/secure.gravatar.com\/avatar\/4b80ddbd124d1f071b626d52d62e5dff?s=96&d=mm&r=g","caption":"Daniely Cardoso"},"url":"https:\/\/www.em.com.br\/emfoco\/author\/danielymyth\/"}]}},"_links":{"self":[{"href":"https:\/\/www.em.com.br\/emfoco\/wp-json\/wp\/v2\/posts\/53805","targetHints":{"allow":["GET"]}}],"collection":[{"href":"https:\/\/www.em.com.br\/emfoco\/wp-json\/wp\/v2\/posts"}],"about":[{"href":"https:\/\/www.em.com.br\/emfoco\/wp-json\/wp\/v2\/types\/post"}],"author":[{"embeddable":true,"href":"https:\/\/www.em.com.br\/emfoco\/wp-json\/wp\/v2\/users\/9"}],"replies":[{"embeddable":true,"href":"https:\/\/www.em.com.br\/emfoco\/wp-json\/wp\/v2\/comments?post=53805"}],"version-history":[{"count":3,"href":"https:\/\/www.em.com.br\/emfoco\/wp-json\/wp\/v2\/posts\/53805\/revisions"}],"predecessor-version":[{"id":53936,"href":"https:\/\/www.em.com.br\/emfoco\/wp-json\/wp\/v2\/posts\/53805\/revisions\/53936"}],"wp:featuredmedia":[{"embeddable":true,"href":"https:\/\/www.em.com.br\/emfoco\/wp-json\/wp\/v2\/media\/53817"}],"wp:attachment":[{"href":"https:\/\/www.em.com.br\/emfoco\/wp-json\/wp\/v2\/media?parent=53805"}],"wp:term":[{"taxonomy":"category","embeddable":true,"href":"https:\/\/www.em.com.br\/emfoco\/wp-json\/wp\/v2\/categories?post=53805"},{"taxonomy":"post_tag","embeddable":true,"href":"https:\/\/www.em.com.br\/emfoco\/wp-json\/wp\/v2\/tags?post=53805"}],"curies":[{"name":"wp","href":"https:\/\/api.w.org\/{rel}","templated":true}]}}