{"id":53766,"date":"2025-06-01T22:30:05","date_gmt":"2025-06-02T01:30:05","guid":{"rendered":"https:\/\/www.em.com.br\/emfoco\/?p=53766"},"modified":"2025-06-01T08:56:59","modified_gmt":"2025-06-01T11:56:59","slug":"o-que-voce-faz-ao-acordar-pode-mudar-todo-o-seu-dia","status":"publish","type":"post","link":"https:\/\/www.em.com.br\/emfoco\/2025\/06\/01\/o-que-voce-faz-ao-acordar-pode-mudar-todo-o-seu-dia\/","title":{"rendered":"O que voc\u00ea faz ao acordar pode mudar todo o seu dia"},"content":{"rendered":"\n<p>Iniciar o dia com uma <a href=\"https:\/\/www.em.com.br\/emfoco\/2025\/05\/27\/descubra-o-segredo-noturno-das-pessoas-que-vivem-mais-felizes-que-95-do-mundo\/\" target=\"_blank\" rel=\"noreferrer noopener\">rotina<\/a> matinal estruturada pode ter um impacto significativo no humor e na produtividade. Muitas pessoas encontram dificuldade em come\u00e7ar o dia com energia e disposi\u00e7\u00e3o, mas pequenas mudan\u00e7as podem fazer uma grande diferen\u00e7a. Incorporar h\u00e1bitos simples e r\u00e1pidos pode ajudar a estabelecer um estado mental positivo que perdura ao longo do dia.<\/p>\n\n\n\n<p>Pesquisas indicam que atividades matinais espec\u00edficas, como a pr\u00e1tica de <a href=\"https:\/\/www.saude.ce.gov.br\/2022\/04\/06\/conheca-os-beneficios-multifatoriais-de-uma-vida-fisicamente-ativa\/\" target=\"_blank\" rel=\"noreferrer noopener\">exerc\u00edcios <\/a>leves ou a medita\u00e7\u00e3o, podem liberar endorfinas, subst\u00e2ncias qu\u00edmicas que promovem a sensa\u00e7\u00e3o de bem-estar. Al\u00e9m disso, dedicar alguns minutos para refletir sobre o dia que se inicia pode aumentar a clareza mental e reduzir o estresse.<\/p>\n\n\n\n<h2 class=\"wp-block-heading\">Quais s\u00e3o os passos essenciais para uma rotina matinal eficaz?<\/h2>\n\n\n\n<p>Para criar uma rotina matinal eficaz, \u00e9 importante identificar atividades que promovam relaxamento e foco. Come\u00e7ar o dia com um copo de \u00e1gua pode ajudar a reidratar o corpo e estimular o metabolismo. Em seguida, reservar alguns minutos para alongamentos ou exerc\u00edcios leves pode aumentar a circula\u00e7\u00e3o sangu\u00ednea e despertar o corpo.<\/p>\n\n\n\n<p>Outra pr\u00e1tica recomendada \u00e9 a medita\u00e7\u00e3o ou a respira\u00e7\u00e3o profunda, que pode ser feita em apenas cinco minutos. Essa atividade ajuda a acalmar a mente e preparar o indiv\u00edduo para enfrentar os desafios do dia. Al\u00e9m disso, anotar tr\u00eas coisas pelas quais se \u00e9 grato pode melhorar o humor e promover uma perspectiva positiva.<\/p>\n\n\n\n<h2 class=\"wp-block-heading\">Por que a alimenta\u00e7\u00e3o \u00e9 importante na rotina matinal?<\/h2>\n\n\n\n<p>A alimenta\u00e7\u00e3o desempenha um papel crucial na manuten\u00e7\u00e3o de um bom humor ao longo do dia. Consumir um caf\u00e9 da manh\u00e3 balanceado, rico em nutrientes, pode fornecer a energia necess\u00e1ria para come\u00e7ar o dia de forma produtiva. Alimentos como frutas, cereais integrais e prote\u00ednas magras s\u00e3o op\u00e7\u00f5es ideais para uma refei\u00e7\u00e3o matinal saud\u00e1vel.<\/p>\n\n\n\n<p>Al\u00e9m disso, evitar alimentos ricos em a\u00e7\u00facar ou gorduras saturadas pode prevenir picos de energia seguidos por quedas, que podem afetar negativamente o humor. Uma alimenta\u00e7\u00e3o adequada ajuda a estabilizar os n\u00edveis de a\u00e7\u00facar no sangue, contribuindo para um estado mental mais equilibrado e focado.<\/p>\n\n\n\n<figure class=\"wp-block-image size-large\"><img loading=\"lazy\" decoding=\"async\" width=\"1024\" height=\"576\" src=\"https:\/\/www.em.com.br\/emfoco\/wp-content\/uploads\/2025\/05\/cafe-da-manha_1748655683213-1024x576.jpg\" alt=\"O que voc\u00ea faz ao acordar pode mudar todo o seu dia\" class=\"wp-image-53769\" srcset=\"https:\/\/www.em.com.br\/emfoco\/wp-content\/uploads\/2025\/05\/cafe-da-manha_1748655683213-1024x576.jpg 1024w, https:\/\/www.em.com.br\/emfoco\/wp-content\/uploads\/2025\/05\/cafe-da-manha_1748655683213-300x169.jpg 300w, https:\/\/www.em.com.br\/emfoco\/wp-content\/uploads\/2025\/05\/cafe-da-manha_1748655683213-768x432.jpg 768w, https:\/\/www.em.com.br\/emfoco\/wp-content\/uploads\/2025\/05\/cafe-da-manha_1748655683213-750x422.jpg 750w, https:\/\/www.em.com.br\/emfoco\/wp-content\/uploads\/2025\/05\/cafe-da-manha_1748655683213-1140x641.jpg 1140w, https:\/\/www.em.com.br\/emfoco\/wp-content\/uploads\/2025\/05\/cafe-da-manha_1748655683213.jpg 1280w\" sizes=\"auto, (max-width: 1024px) 100vw, 1024px\" \/><figcaption class=\"wp-element-caption\">Caf\u00e9 da manh\u00e3 &#8211; Cr\u00e9ditos: depositphotos.com \/ AntonMatyukha<\/figcaption><\/figure>\n\n\n\n<h2 class=\"wp-block-heading\">Como a tecnologia pode auxiliar na rotina matinal?<\/h2>\n\n\n\n<p>Atualmente, a tecnologia oferece diversas ferramentas que podem facilitar a implementa\u00e7\u00e3o de uma rotina matinal eficaz. Aplicativos de medita\u00e7\u00e3o, como o <strong>Headspace<\/strong>, oferecem sess\u00f5es guiadas que podem ser conclu\u00eddas em poucos minutos. Al\u00e9m disso, aplicativos de lembretes podem ajudar a manter o foco nas atividades planejadas para a manh\u00e3.<\/p>\n\n\n\n<p>Outro recurso tecnol\u00f3gico \u00fatil s\u00e3o os despertadores inteligentes, que podem simular o nascer do sol para acordar o usu\u00e1rio de forma mais natural e menos abrupta. Esses dispositivos ajudam a regular o ciclo do sono, promovendo um despertar mais suave e agrad\u00e1vel.<\/p>\n\n\n\n<h2 class=\"wp-block-heading\">Qual \u00e9 o impacto de uma rotina matinal na sa\u00fade mental?<\/h2>\n\n\n\n<p>Estabelecer uma rotina matinal consistente pode ter efeitos positivos significativos na sa\u00fade mental. Ao criar um in\u00edcio de dia previs\u00edvel e estruturado, as pessoas podem reduzir a ansiedade e o estresse. Isso ocorre porque uma rotina oferece uma sensa\u00e7\u00e3o de controle e seguran\u00e7a, que s\u00e3o fundamentais para o bem-estar emocional.<\/p>\n\n\n\n<p>Al\u00e9m disso, pr\u00e1ticas matinais que promovem o autocuidado, como a medita\u00e7\u00e3o e a gratid\u00e3o, podem aumentar a resili\u00eancia emocional. Ao cultivar esses h\u00e1bitos, os indiv\u00edduos podem desenvolver uma mentalidade mais positiva e proativa, enfrentando os desafios di\u00e1rios com mais confian\u00e7a e otimismo.<\/p>\n\n\n\n<h2 class=\"wp-block-heading\">Perguntas e respostas<\/h2>\n\n\n\n<ol class=\"wp-block-list\">\n<li><strong>Qual \u00e9 a melhor hora para come\u00e7ar uma rotina matinal?<\/strong> <br>A melhor hora varia para cada pessoa, mas geralmente \u00e9 recomend\u00e1vel acordar cedo para aproveitar a tranquilidade da manh\u00e3.<\/li>\n\n\n\n<li><strong>Exerc\u00edcios f\u00edsicos s\u00e3o essenciais na rotina matinal?<\/strong> <br>Embora n\u00e3o sejam obrigat\u00f3rios, exerc\u00edcios leves podem ajudar a aumentar a energia e melhorar o humor.<\/li>\n\n\n\n<li><strong>Quanto tempo deve durar uma rotina matinal?<\/strong> <br>Uma rotina eficaz pode durar menos de 10 minutos, dependendo das atividades escolhidas.<\/li>\n\n\n\n<li><strong>Como a gratid\u00e3o pode influenciar o humor?<\/strong> <br>Praticar a gratid\u00e3o pode aumentar a felicidade e reduzir sentimentos negativos, promovendo um estado mental mais positivo.<\/li>\n\n\n\n<li><strong>\u00c9 necess\u00e1rio evitar a tecnologia pela manh\u00e3?<\/strong> <br>N\u00e3o necessariamente. A tecnologia pode ser uma aliada, desde que usada de forma consciente e equilibrada.<\/li>\n<\/ol>\n","protected":false},"excerpt":{"rendered":"<p>Iniciar o dia com uma rotina matinal estruturada pode ter um impacto significativo no humor e na produtividade. Muitas pessoas encontram dificuldade em come\u00e7ar o dia com energia e disposi\u00e7\u00e3o, mas pequenas mudan\u00e7as podem fazer uma grande diferen\u00e7a. Incorporar h\u00e1bitos simples e r\u00e1pidos pode ajudar a estabelecer um estado mental positivo que perdura ao longo [&hellip;]<\/p>\n","protected":false},"author":18,"featured_media":53768,"comment_status":"open","ping_status":"open","sticky":false,"template":"","format":"standard","meta":{"jnews-multi-image_gallery":[],"jnews_single_post":{"format":"standard"},"jnews_primary_category":[],"jnews_social_meta":[],"jnews_override_counter":[],"footnotes":""},"categories":[9053],"tags":[8956,4216,415,410],"class_list":["post-53766","post","type-post","status-publish","format-standard","has-post-thumbnail","hentry","category-saude","tag-humor","tag-rotina","tag-saude","tag-saude-mental"],"yoast_head":"<!-- This site is optimized with the Yoast SEO plugin v23.8 - https:\/\/yoast.com\/wordpress\/plugins\/seo\/ -->\n<title>O que voc\u00ea faz ao acordar pode mudar todo o seu dia - Estado de Minas - Em foco<\/title>\n<meta name=\"description\" content=\"Um detalhe na sua manh\u00e3 pode estar influenciando toda a sua produtividade. Pequenas mudan\u00e7as fazem mais diferen\u00e7a do que voc\u00ea imagina.\" \/>\n<meta name=\"robots\" content=\"index, follow, max-snippet:-1, max-image-preview:large, max-video-preview:-1\" \/>\n<link rel=\"canonical\" href=\"https:\/\/www.em.com.br\/emfoco\/2025\/06\/01\/o-que-voce-faz-ao-acordar-pode-mudar-todo-o-seu-dia\/\" \/>\n<meta property=\"og:locale\" content=\"pt_BR\" \/>\n<meta property=\"og:type\" content=\"article\" \/>\n<meta property=\"og:title\" content=\"O que voc\u00ea faz ao acordar pode mudar todo o seu dia - Estado de Minas - Em foco\" \/>\n<meta property=\"og:description\" content=\"Um detalhe na sua manh\u00e3 pode estar influenciando toda a sua produtividade. Pequenas mudan\u00e7as fazem mais diferen\u00e7a do que voc\u00ea imagina.\" \/>\n<meta property=\"og:url\" content=\"https:\/\/www.em.com.br\/emfoco\/2025\/06\/01\/o-que-voce-faz-ao-acordar-pode-mudar-todo-o-seu-dia\/\" \/>\n<meta property=\"og:site_name\" content=\"Estado de Minas - Em foco\" \/>\n<meta property=\"article:published_time\" content=\"2025-06-02T01:30:05+00:00\" \/>\n<meta property=\"article:modified_time\" content=\"2025-06-01T11:56:59+00:00\" \/>\n<meta property=\"og:image\" content=\"https:\/\/www.em.com.br\/emfoco\/wp-content\/uploads\/2025\/05\/felicidade_1748655623936.jpg\" \/>\n\t<meta property=\"og:image:width\" content=\"1280\" \/>\n\t<meta property=\"og:image:height\" content=\"720\" \/>\n\t<meta property=\"og:image:type\" content=\"image\/jpeg\" \/>\n<meta name=\"author\" content=\"Julio Cesar\" \/>\n<meta name=\"twitter:card\" content=\"summary_large_image\" \/>\n<meta name=\"twitter:label1\" content=\"Escrito por\" \/>\n\t<meta name=\"twitter:data1\" content=\"Julio Cesar\" \/>\n\t<meta name=\"twitter:label2\" content=\"Est. tempo de leitura\" \/>\n\t<meta name=\"twitter:data2\" content=\"5 minutos\" \/>\n<!-- \/ Yoast SEO plugin. -->","yoast_head_json":{"title":"O que voc\u00ea faz ao acordar pode mudar todo o seu dia - Estado de Minas - Em foco","description":"Um detalhe na sua manh\u00e3 pode estar influenciando toda a sua produtividade. Pequenas mudan\u00e7as fazem mais diferen\u00e7a do que voc\u00ea imagina.","robots":{"index":"index","follow":"follow","max-snippet":"max-snippet:-1","max-image-preview":"max-image-preview:large","max-video-preview":"max-video-preview:-1"},"canonical":"https:\/\/www.em.com.br\/emfoco\/2025\/06\/01\/o-que-voce-faz-ao-acordar-pode-mudar-todo-o-seu-dia\/","og_locale":"pt_BR","og_type":"article","og_title":"O que voc\u00ea faz ao acordar pode mudar todo o seu dia - Estado de Minas - Em foco","og_description":"Um detalhe na sua manh\u00e3 pode estar influenciando toda a sua produtividade. Pequenas mudan\u00e7as fazem mais diferen\u00e7a do que voc\u00ea imagina.","og_url":"https:\/\/www.em.com.br\/emfoco\/2025\/06\/01\/o-que-voce-faz-ao-acordar-pode-mudar-todo-o-seu-dia\/","og_site_name":"Estado de Minas - Em foco","article_published_time":"2025-06-02T01:30:05+00:00","article_modified_time":"2025-06-01T11:56:59+00:00","og_image":[{"width":1280,"height":720,"url":"https:\/\/www.em.com.br\/emfoco\/wp-content\/uploads\/2025\/05\/felicidade_1748655623936.jpg","type":"image\/jpeg"}],"author":"Julio Cesar","twitter_card":"summary_large_image","twitter_misc":{"Escrito por":"Julio Cesar","Est. tempo de leitura":"5 minutos"},"schema":{"@context":"https:\/\/schema.org","@graph":[{"@type":"WebPage","@id":"https:\/\/www.em.com.br\/emfoco\/2025\/06\/01\/o-que-voce-faz-ao-acordar-pode-mudar-todo-o-seu-dia\/","url":"https:\/\/www.em.com.br\/emfoco\/2025\/06\/01\/o-que-voce-faz-ao-acordar-pode-mudar-todo-o-seu-dia\/","name":"O que voc\u00ea faz ao acordar pode mudar todo o seu dia - Estado de Minas - Em foco","isPartOf":{"@id":"https:\/\/www.em.com.br\/emfoco\/#website"},"primaryImageOfPage":{"@id":"https:\/\/www.em.com.br\/emfoco\/2025\/06\/01\/o-que-voce-faz-ao-acordar-pode-mudar-todo-o-seu-dia\/#primaryimage"},"image":{"@id":"https:\/\/www.em.com.br\/emfoco\/2025\/06\/01\/o-que-voce-faz-ao-acordar-pode-mudar-todo-o-seu-dia\/#primaryimage"},"thumbnailUrl":"https:\/\/www.em.com.br\/emfoco\/wp-content\/uploads\/2025\/05\/felicidade_1748655623936.jpg","datePublished":"2025-06-02T01:30:05+00:00","dateModified":"2025-06-01T11:56:59+00:00","author":{"@id":"https:\/\/www.em.com.br\/emfoco\/#\/schema\/person\/08c4a03e38018bbab9038d5f788321fc"},"description":"Um detalhe na sua manh\u00e3 pode estar influenciando toda a sua produtividade. Pequenas mudan\u00e7as fazem mais diferen\u00e7a do que voc\u00ea imagina.","breadcrumb":{"@id":"https:\/\/www.em.com.br\/emfoco\/2025\/06\/01\/o-que-voce-faz-ao-acordar-pode-mudar-todo-o-seu-dia\/#breadcrumb"},"inLanguage":"pt-BR","potentialAction":[{"@type":"ReadAction","target":["https:\/\/www.em.com.br\/emfoco\/2025\/06\/01\/o-que-voce-faz-ao-acordar-pode-mudar-todo-o-seu-dia\/"]}]},{"@type":"ImageObject","inLanguage":"pt-BR","@id":"https:\/\/www.em.com.br\/emfoco\/2025\/06\/01\/o-que-voce-faz-ao-acordar-pode-mudar-todo-o-seu-dia\/#primaryimage","url":"https:\/\/www.em.com.br\/emfoco\/wp-content\/uploads\/2025\/05\/felicidade_1748655623936.jpg","contentUrl":"https:\/\/www.em.com.br\/emfoco\/wp-content\/uploads\/2025\/05\/felicidade_1748655623936.jpg","width":1280,"height":720,"caption":"Pessoa feliz - Cr\u00e9ditos: depositphotos.com \/ mimagephotos"},{"@type":"BreadcrumbList","@id":"https:\/\/www.em.com.br\/emfoco\/2025\/06\/01\/o-que-voce-faz-ao-acordar-pode-mudar-todo-o-seu-dia\/#breadcrumb","itemListElement":[{"@type":"ListItem","position":1,"name":"In\u00edcio","item":"https:\/\/www.em.com.br\/emfoco\/"},{"@type":"ListItem","position":2,"name":"O que voc\u00ea faz ao acordar pode mudar todo o seu dia"}]},{"@type":"WebSite","@id":"https:\/\/www.em.com.br\/emfoco\/#website","url":"https:\/\/www.em.com.br\/emfoco\/","name":"Estado de Minas - Em foco","description":"Acompanhe as \u00faltimas not\u00edcias e fique bem informado sobre tudo o que acontece em Minas Gerais, Brasil e no mundo.","potentialAction":[{"@type":"SearchAction","target":{"@type":"EntryPoint","urlTemplate":"https:\/\/www.em.com.br\/emfoco\/?s={search_term_string}"},"query-input":{"@type":"PropertyValueSpecification","valueRequired":true,"valueName":"search_term_string"}}],"inLanguage":"pt-BR"},{"@type":"Person","@id":"https:\/\/www.em.com.br\/emfoco\/#\/schema\/person\/08c4a03e38018bbab9038d5f788321fc","name":"Julio Cesar","image":{"@type":"ImageObject","inLanguage":"pt-BR","@id":"https:\/\/www.em.com.br\/emfoco\/#\/schema\/person\/image\/","url":"https:\/\/secure.gravatar.com\/avatar\/ab1ea64f0d4f4c1385f8ef10d5a6e758?s=96&d=mm&r=g","contentUrl":"https:\/\/secure.gravatar.com\/avatar\/ab1ea64f0d4f4c1385f8ef10d5a6e758?s=96&d=mm&r=g","caption":"Julio Cesar"},"url":"https:\/\/www.em.com.br\/emfoco\/author\/juliomyth\/"}]}},"_links":{"self":[{"href":"https:\/\/www.em.com.br\/emfoco\/wp-json\/wp\/v2\/posts\/53766","targetHints":{"allow":["GET"]}}],"collection":[{"href":"https:\/\/www.em.com.br\/emfoco\/wp-json\/wp\/v2\/posts"}],"about":[{"href":"https:\/\/www.em.com.br\/emfoco\/wp-json\/wp\/v2\/types\/post"}],"author":[{"embeddable":true,"href":"https:\/\/www.em.com.br\/emfoco\/wp-json\/wp\/v2\/users\/18"}],"replies":[{"embeddable":true,"href":"https:\/\/www.em.com.br\/emfoco\/wp-json\/wp\/v2\/comments?post=53766"}],"version-history":[{"count":1,"href":"https:\/\/www.em.com.br\/emfoco\/wp-json\/wp\/v2\/posts\/53766\/revisions"}],"predecessor-version":[{"id":53770,"href":"https:\/\/www.em.com.br\/emfoco\/wp-json\/wp\/v2\/posts\/53766\/revisions\/53770"}],"wp:featuredmedia":[{"embeddable":true,"href":"https:\/\/www.em.com.br\/emfoco\/wp-json\/wp\/v2\/media\/53768"}],"wp:attachment":[{"href":"https:\/\/www.em.com.br\/emfoco\/wp-json\/wp\/v2\/media?parent=53766"}],"wp:term":[{"taxonomy":"category","embeddable":true,"href":"https:\/\/www.em.com.br\/emfoco\/wp-json\/wp\/v2\/categories?post=53766"},{"taxonomy":"post_tag","embeddable":true,"href":"https:\/\/www.em.com.br\/emfoco\/wp-json\/wp\/v2\/tags?post=53766"}],"curies":[{"name":"wp","href":"https:\/\/api.w.org\/{rel}","templated":true}]}}