{"id":53676,"date":"2025-06-03T07:00:00","date_gmt":"2025-06-03T10:00:00","guid":{"rendered":"https:\/\/www.em.com.br\/emfoco\/?p=53676"},"modified":"2025-05-31T11:53:45","modified_gmt":"2025-05-31T14:53:45","slug":"a-infracao-mais-comum-que-pode-tirar-seu-carro-da-rua-segundo-o-detran","status":"publish","type":"post","link":"https:\/\/www.em.com.br\/emfoco\/2025\/06\/03\/a-infracao-mais-comum-que-pode-tirar-seu-carro-da-rua-segundo-o-detran\/","title":{"rendered":"A infra\u00e7\u00e3o mais comum que pode tirar seu carro da rua, segundo o Detran"},"content":{"rendered":"\n<p>Recentemente, o cantor&nbsp;<strong>Poze do Rodo<\/strong>&nbsp;foi detido sob acusa\u00e7\u00f5es de apologia ao crime e envolvimento com tr\u00e1fico de drogas. Durante a opera\u00e7\u00e3o, a pol\u00edcia apreendeu um&nbsp;<strong>BMW X6<\/strong>, avaliado em mais de R$ 1 milh\u00e3o, pertencente ao artista. O ve\u00edculo foi levado \u00e0&nbsp;<strong>Cidade da Pol\u00edcia<\/strong>&nbsp;devido a uma &#8220;infra\u00e7\u00e3o administrativa&#8221;. Este n\u00e3o foi o primeiro incidente envolvendo o carro, que j\u00e1 havia sido apreendido anteriormente por irregularidades nos dados do&nbsp;<strong>Renavan<\/strong>.<\/p>\n\n\n\n<p>O BMW X6 de Poze do Rodo originalmente era preto, conforme registrado nos documentos do ve\u00edculo. No entanto, o carro foi repintado de vermelho sem a devida autoriza\u00e7\u00e3o do\u00a0<strong><a href=\"https:\/\/g1.globo.com\/ce\/ceara\/noticia\/2025\/05\/28\/detran-atende-candidatos-da-cnh-popular-em-seis-cidades-do-ceara.ghtml\" target=\"_blank\" rel=\"noreferrer noopener\">Detran<\/a><\/strong>, o que levou \u00e0 sua apreens\u00e3o. Este caso destaca a import\u00e2ncia de seguir os procedimentos legais ao modificar as caracter\u00edsticas de um ve\u00edculo.<\/p>\n\n\n\n<h2 class=\"wp-block-heading\">Por que \u00e9 necess\u00e1rio regularizar altera\u00e7\u00f5es em ve\u00edculos?<\/h2>\n\n\n\n<p>Modificar a cor ou outras caracter\u00edsticas de um ve\u00edculo sem autoriza\u00e7\u00e3o pode resultar em complica\u00e7\u00f5es legais. A regulariza\u00e7\u00e3o junto ao Detran \u00e9 essencial para evitar problemas como falsifica\u00e7\u00f5es, clonagem de <a href=\"https:\/\/www.em.com.br\/emfoco\/2025\/01\/10\/carros-com-placas-de-papel-no-brasil\/\" target=\"_blank\" rel=\"noreferrer noopener\">placas <\/a>e outros delitos. Al\u00e9m disso, a altera\u00e7\u00e3o sem permiss\u00e3o pode resultar na apreens\u00e3o do ve\u00edculo, como ocorreu com o cantor.<\/p>\n\n\n\n<p>Para realizar qualquer modifica\u00e7\u00e3o, \u00e9 necess\u00e1rio obter uma autoriza\u00e7\u00e3o pr\u00e9via do Detran. Este processo inclui o pagamento de uma taxa, que pode variar dependendo do estado do licenciamento do ve\u00edculo. Se o licenciamento estiver em dia, o custo para emitir um novo&nbsp;<strong>Certificado de Registro e Licenciamento de Ve\u00edculo (CRLV)<\/strong>&nbsp;\u00e9 de aproximadamente R$ 270. Caso contr\u00e1rio, o valor pode ultrapassar R$ 400.<\/p>\n\n\n\n<figure class=\"wp-block-image\"><img decoding=\"async\" src=\"https:\/\/www.em.com.br\/emfoco\/wp-content\/uploads\/2025\/03\/alarme-chave-carro_1742496355467-1024x576.jpg\" alt=\"\"\/><figcaption class=\"wp-element-caption\">Alarme carro &#8211; Cr\u00e9ditos: depositphotos.com \/ REDPIXEL<\/figcaption><\/figure>\n\n\n\n<h2 class=\"wp-block-heading\">Como regularizar a mudan\u00e7a de cor de um ve\u00edculo?<\/h2>\n\n\n\n<p>O primeiro passo para regularizar a mudan\u00e7a de cor de um ve\u00edculo \u00e9 solicitar uma autoriza\u00e7\u00e3o pr\u00e9via junto ao Detran. Ap\u00f3s obter a autoriza\u00e7\u00e3o, o propriet\u00e1rio pode proceder com a pintura do carro em uma oficina de confian\u00e7a. \u00c9 crucial guardar a nota fiscal do servi\u00e7o, pois ela pode ser exigida pelo Detran durante o processo de vistoria.<\/p>\n\n\n\n<p>Ap\u00f3s a pintura, o ve\u00edculo deve passar por uma vistoria em uma&nbsp;<strong>Empresa Credenciada de Vistoria (ECV)<\/strong>&nbsp;ou em um posto do Detran. A vistoria verifica a nova pintura e outras poss\u00edveis altera\u00e7\u00f5es. Com a aprova\u00e7\u00e3o, o propriet\u00e1rio pode atualizar o CRLV do carro, garantindo que o documento reflita as mudan\u00e7as realizadas.<\/p>\n\n\n\n<h2 class=\"wp-block-heading\">Quais s\u00e3o as penalidades por n\u00e3o regularizar altera\u00e7\u00f5es no ve\u00edculo?<\/h2>\n\n\n\n<p>N\u00e3o regularizar altera\u00e7\u00f5es no ve\u00edculo, como a mudan\u00e7a de cor, \u00e9 uma infra\u00e7\u00e3o grave segundo o&nbsp;<strong>Art. 230<\/strong>, inciso VII do&nbsp;<strong>C\u00f3digo de Tr\u00e2nsito Brasileiro<\/strong>. As penalidades incluem multa e a possibilidade de apreens\u00e3o do ve\u00edculo. Este tipo de infra\u00e7\u00e3o pode ser evitado ao seguir os procedimentos legais e garantir que todas as modifica\u00e7\u00f5es sejam devidamente documentadas e aprovadas pelo Detran.<\/p>\n\n\n\n<p>O caso de Poze do Rodo serve como um alerta para propriet\u00e1rios de ve\u00edculos sobre a import\u00e2ncia de cumprir as exig\u00eancias legais ao realizar modifica\u00e7\u00f5es. A regulariza\u00e7\u00e3o n\u00e3o apenas evita penalidades, mas tamb\u00e9m assegura que o ve\u00edculo esteja em conformidade com as normas de tr\u00e2nsito, promovendo seguran\u00e7a e legalidade nas vias p\u00fablicas.<\/p>\n","protected":false},"excerpt":{"rendered":"<p>Recentemente, o cantor&nbsp;Poze do Rodo&nbsp;foi detido sob acusa\u00e7\u00f5es de apologia ao crime e envolvimento com tr\u00e1fico de drogas. Durante a opera\u00e7\u00e3o, a pol\u00edcia apreendeu um&nbsp;BMW X6, avaliado em mais de R$ 1 milh\u00e3o, pertencente ao artista. O ve\u00edculo foi levado \u00e0&nbsp;Cidade da Pol\u00edcia&nbsp;devido a uma &#8220;infra\u00e7\u00e3o administrativa&#8221;. Este n\u00e3o foi o primeiro incidente envolvendo o [&hellip;]<\/p>\n","protected":false},"author":11,"featured_media":25379,"comment_status":"open","ping_status":"open","sticky":false,"template":"","format":"standard","meta":{"jnews-multi-image_gallery":[],"jnews_single_post":{"format":"standard"},"jnews_primary_category":[],"jnews_social_meta":[],"jnews_override_counter":[],"footnotes":""},"categories":[8819,1],"tags":[818,1636,9599],"class_list":["post-53676","post","type-post","status-publish","format-standard","has-post-thumbnail","hentry","category-curiosidades","category-noticias","tag-carro","tag-detran","tag-infracao"],"yoast_head":"<!-- This site is optimized with the Yoast SEO plugin v23.8 - https:\/\/yoast.com\/wordpress\/plugins\/seo\/ -->\n<title>A infra\u00e7\u00e3o mais comum que pode tirar seu carro da rua, segundo o Detran - Estado de Minas - Em foco<\/title>\n<meta name=\"description\" content=\"Essa mudan\u00e7a no carro sem autoriza\u00e7\u00e3o do Detran causou a apreens\u00e3o do ve\u00edculo do cantor Poze. Entenda os riscos dessa infra\u00e7\u00e3o.\" \/>\n<meta name=\"robots\" content=\"index, follow, max-snippet:-1, max-image-preview:large, max-video-preview:-1\" \/>\n<link rel=\"canonical\" href=\"https:\/\/www.em.com.br\/emfoco\/2025\/06\/03\/a-infracao-mais-comum-que-pode-tirar-seu-carro-da-rua-segundo-o-detran\/\" \/>\n<meta property=\"og:locale\" content=\"pt_BR\" \/>\n<meta property=\"og:type\" content=\"article\" \/>\n<meta property=\"og:title\" content=\"A infra\u00e7\u00e3o mais comum que pode tirar seu carro da rua, segundo o Detran - Estado de Minas - Em foco\" \/>\n<meta property=\"og:description\" content=\"Essa mudan\u00e7a no carro sem autoriza\u00e7\u00e3o do Detran causou a apreens\u00e3o do ve\u00edculo do cantor Poze. Entenda os riscos dessa infra\u00e7\u00e3o.\" \/>\n<meta property=\"og:url\" content=\"https:\/\/www.em.com.br\/emfoco\/2025\/06\/03\/a-infracao-mais-comum-que-pode-tirar-seu-carro-da-rua-segundo-o-detran\/\" \/>\n<meta property=\"og:site_name\" content=\"Estado de Minas - Em foco\" \/>\n<meta property=\"article:published_time\" content=\"2025-06-03T10:00:00+00:00\" \/>\n<meta property=\"article:modified_time\" content=\"2025-05-31T14:53:45+00:00\" \/>\n<meta property=\"og:image\" content=\"https:\/\/www.em.com.br\/emfoco\/wp-content\/uploads\/2025\/03\/carros-usados_1741124724771.jpg\" \/>\n\t<meta property=\"og:image:width\" content=\"1280\" \/>\n\t<meta property=\"og:image:height\" content=\"720\" \/>\n\t<meta property=\"og:image:type\" content=\"image\/jpeg\" \/>\n<meta name=\"author\" content=\"Andre\u0301 Rangel\u00a0\" \/>\n<meta name=\"twitter:card\" content=\"summary_large_image\" \/>\n<meta name=\"twitter:label1\" content=\"Escrito por\" \/>\n\t<meta name=\"twitter:data1\" content=\"Andre\u0301 Rangel\u00a0\" \/>\n\t<meta name=\"twitter:label2\" content=\"Est. tempo de leitura\" \/>\n\t<meta name=\"twitter:data2\" content=\"4 minutos\" \/>\n<!-- \/ Yoast SEO plugin. -->","yoast_head_json":{"title":"A infra\u00e7\u00e3o mais comum que pode tirar seu carro da rua, segundo o Detran - Estado de Minas - Em foco","description":"Essa mudan\u00e7a no carro sem autoriza\u00e7\u00e3o do Detran causou a apreens\u00e3o do ve\u00edculo do cantor Poze. Entenda os riscos dessa infra\u00e7\u00e3o.","robots":{"index":"index","follow":"follow","max-snippet":"max-snippet:-1","max-image-preview":"max-image-preview:large","max-video-preview":"max-video-preview:-1"},"canonical":"https:\/\/www.em.com.br\/emfoco\/2025\/06\/03\/a-infracao-mais-comum-que-pode-tirar-seu-carro-da-rua-segundo-o-detran\/","og_locale":"pt_BR","og_type":"article","og_title":"A infra\u00e7\u00e3o mais comum que pode tirar seu carro da rua, segundo o Detran - Estado de Minas - Em foco","og_description":"Essa mudan\u00e7a no carro sem autoriza\u00e7\u00e3o do Detran causou a apreens\u00e3o do ve\u00edculo do cantor Poze. Entenda os riscos dessa infra\u00e7\u00e3o.","og_url":"https:\/\/www.em.com.br\/emfoco\/2025\/06\/03\/a-infracao-mais-comum-que-pode-tirar-seu-carro-da-rua-segundo-o-detran\/","og_site_name":"Estado de Minas - Em foco","article_published_time":"2025-06-03T10:00:00+00:00","article_modified_time":"2025-05-31T14:53:45+00:00","og_image":[{"width":1280,"height":720,"url":"https:\/\/www.em.com.br\/emfoco\/wp-content\/uploads\/2025\/03\/carros-usados_1741124724771.jpg","type":"image\/jpeg"}],"author":"Andre\u0301 Rangel\u00a0","twitter_card":"summary_large_image","twitter_misc":{"Escrito por":"Andre\u0301 Rangel\u00a0","Est. tempo de leitura":"4 minutos"},"schema":{"@context":"https:\/\/schema.org","@graph":[{"@type":"WebPage","@id":"https:\/\/www.em.com.br\/emfoco\/2025\/06\/03\/a-infracao-mais-comum-que-pode-tirar-seu-carro-da-rua-segundo-o-detran\/","url":"https:\/\/www.em.com.br\/emfoco\/2025\/06\/03\/a-infracao-mais-comum-que-pode-tirar-seu-carro-da-rua-segundo-o-detran\/","name":"A infra\u00e7\u00e3o mais comum que pode tirar seu carro da rua, segundo o Detran - Estado de Minas - Em foco","isPartOf":{"@id":"https:\/\/www.em.com.br\/emfoco\/#website"},"primaryImageOfPage":{"@id":"https:\/\/www.em.com.br\/emfoco\/2025\/06\/03\/a-infracao-mais-comum-que-pode-tirar-seu-carro-da-rua-segundo-o-detran\/#primaryimage"},"image":{"@id":"https:\/\/www.em.com.br\/emfoco\/2025\/06\/03\/a-infracao-mais-comum-que-pode-tirar-seu-carro-da-rua-segundo-o-detran\/#primaryimage"},"thumbnailUrl":"https:\/\/www.em.com.br\/emfoco\/wp-content\/uploads\/2025\/03\/carros-usados_1741124724771.jpg","datePublished":"2025-06-03T10:00:00+00:00","dateModified":"2025-05-31T14:53:45+00:00","author":{"@id":"https:\/\/www.em.com.br\/emfoco\/#\/schema\/person\/60eda09c1fedf0d6891f4cef4b60b8b8"},"description":"Essa mudan\u00e7a no carro sem autoriza\u00e7\u00e3o do Detran causou a apreens\u00e3o do ve\u00edculo do cantor Poze. Entenda os riscos dessa infra\u00e7\u00e3o.","breadcrumb":{"@id":"https:\/\/www.em.com.br\/emfoco\/2025\/06\/03\/a-infracao-mais-comum-que-pode-tirar-seu-carro-da-rua-segundo-o-detran\/#breadcrumb"},"inLanguage":"pt-BR","potentialAction":[{"@type":"ReadAction","target":["https:\/\/www.em.com.br\/emfoco\/2025\/06\/03\/a-infracao-mais-comum-que-pode-tirar-seu-carro-da-rua-segundo-o-detran\/"]}]},{"@type":"ImageObject","inLanguage":"pt-BR","@id":"https:\/\/www.em.com.br\/emfoco\/2025\/06\/03\/a-infracao-mais-comum-que-pode-tirar-seu-carro-da-rua-segundo-o-detran\/#primaryimage","url":"https:\/\/www.em.com.br\/emfoco\/wp-content\/uploads\/2025\/03\/carros-usados_1741124724771.jpg","contentUrl":"https:\/\/www.em.com.br\/emfoco\/wp-content\/uploads\/2025\/03\/carros-usados_1741124724771.jpg","width":1280,"height":720,"caption":"Carros usados - Cr\u00e9ditos: depositphotos.com \/ Bokstaz"},{"@type":"BreadcrumbList","@id":"https:\/\/www.em.com.br\/emfoco\/2025\/06\/03\/a-infracao-mais-comum-que-pode-tirar-seu-carro-da-rua-segundo-o-detran\/#breadcrumb","itemListElement":[{"@type":"ListItem","position":1,"name":"In\u00edcio","item":"https:\/\/www.em.com.br\/emfoco\/"},{"@type":"ListItem","position":2,"name":"A infra\u00e7\u00e3o mais comum que pode tirar seu carro da rua, segundo o Detran"}]},{"@type":"WebSite","@id":"https:\/\/www.em.com.br\/emfoco\/#website","url":"https:\/\/www.em.com.br\/emfoco\/","name":"Estado de Minas - Em foco","description":"Acompanhe as \u00faltimas not\u00edcias e fique bem informado sobre tudo o que acontece em Minas Gerais, Brasil e no mundo.","potentialAction":[{"@type":"SearchAction","target":{"@type":"EntryPoint","urlTemplate":"https:\/\/www.em.com.br\/emfoco\/?s={search_term_string}"},"query-input":{"@type":"PropertyValueSpecification","valueRequired":true,"valueName":"search_term_string"}}],"inLanguage":"pt-BR"},{"@type":"Person","@id":"https:\/\/www.em.com.br\/emfoco\/#\/schema\/person\/60eda09c1fedf0d6891f4cef4b60b8b8","name":"Andre\u0301 Rangel\u00a0","image":{"@type":"ImageObject","inLanguage":"pt-BR","@id":"https:\/\/www.em.com.br\/emfoco\/#\/schema\/person\/image\/","url":"https:\/\/secure.gravatar.com\/avatar\/6234dc814c77c8ef6d8bba622c787efc?s=96&d=mm&r=g","contentUrl":"https:\/\/secure.gravatar.com\/avatar\/6234dc814c77c8ef6d8bba622c787efc?s=96&d=mm&r=g","caption":"Andre\u0301 Rangel\u00a0"},"url":"https:\/\/www.em.com.br\/emfoco\/author\/luizmyth\/"}]}},"_links":{"self":[{"href":"https:\/\/www.em.com.br\/emfoco\/wp-json\/wp\/v2\/posts\/53676","targetHints":{"allow":["GET"]}}],"collection":[{"href":"https:\/\/www.em.com.br\/emfoco\/wp-json\/wp\/v2\/posts"}],"about":[{"href":"https:\/\/www.em.com.br\/emfoco\/wp-json\/wp\/v2\/types\/post"}],"author":[{"embeddable":true,"href":"https:\/\/www.em.com.br\/emfoco\/wp-json\/wp\/v2\/users\/11"}],"replies":[{"embeddable":true,"href":"https:\/\/www.em.com.br\/emfoco\/wp-json\/wp\/v2\/comments?post=53676"}],"version-history":[{"count":4,"href":"https:\/\/www.em.com.br\/emfoco\/wp-json\/wp\/v2\/posts\/53676\/revisions"}],"predecessor-version":[{"id":53722,"href":"https:\/\/www.em.com.br\/emfoco\/wp-json\/wp\/v2\/posts\/53676\/revisions\/53722"}],"wp:featuredmedia":[{"embeddable":true,"href":"https:\/\/www.em.com.br\/emfoco\/wp-json\/wp\/v2\/media\/25379"}],"wp:attachment":[{"href":"https:\/\/www.em.com.br\/emfoco\/wp-json\/wp\/v2\/media?parent=53676"}],"wp:term":[{"taxonomy":"category","embeddable":true,"href":"https:\/\/www.em.com.br\/emfoco\/wp-json\/wp\/v2\/categories?post=53676"},{"taxonomy":"post_tag","embeddable":true,"href":"https:\/\/www.em.com.br\/emfoco\/wp-json\/wp\/v2\/tags?post=53676"}],"curies":[{"name":"wp","href":"https:\/\/api.w.org\/{rel}","templated":true}]}}