{"id":53642,"date":"2025-07-31T05:23:35","date_gmt":"2025-07-31T08:23:35","guid":{"rendered":"https:\/\/www.em.com.br\/emfoco\/?p=53642"},"modified":"2025-07-31T05:23:35","modified_gmt":"2025-07-31T08:23:35","slug":"comunicado-geral-para-todos-aqueles-que-tem-celular-da-motorola","status":"publish","type":"post","link":"https:\/\/www.em.com.br\/emfoco\/2025\/07\/31\/comunicado-geral-para-todos-aqueles-que-tem-celular-da-motorola\/","title":{"rendered":"Comunicado geral para todos aqueles que possuem celular da Motorola"},"content":{"rendered":"\n<p>Com o aumento das amea\u00e7as digitais, a seguran\u00e7a dos smartphones tornou-se uma prioridade para muitos usu\u00e1rios. A\u00a0<strong>Motorola<\/strong>, ciente dessa necessidade, lan\u00e7ou o\u00a0<strong>Moto Secure<\/strong>, uma solu\u00e7\u00e3o de seguran\u00e7a projetada para dispositivos que utilizam\u00a0<strong>Android 13<\/strong>\u00a0ou superior. Assim, esse recurso visa proteger dados pessoais e garantir a privacidade dos usu\u00e1rios em um ambiente digital cada vez mais complexo.<\/p>\n\n\n\n<p>O Moto Secure integra-se ao sistema&nbsp;<strong>ThinkShield<\/strong>, oferecendo uma camada adicional de prote\u00e7\u00e3o. Com funcionalidades inovadoras, ele permite que os usu\u00e1rios tenham maior controle sobre a seguran\u00e7a de seus dispositivos, assegurando que informa\u00e7\u00f5es sens\u00edveis permane\u00e7am protegidas contra acessos n\u00e3o autorizados.<\/p>\n\n\n\n<h2 class=\"wp-block-heading\">Quais s\u00e3o as funcionalidades do Moto Secure?<\/h2>\n\n\n\n<p>O Moto Secure oferece uma variedade de ferramentas para proteger os dados dos usu\u00e1rios. Uma das funcionalidades principais \u00e9 a&nbsp;<strong>pasta segura<\/strong>, que permite armazenar documentos e fotos em um ambiente protegido por senhas ou PINs. Isso garante que apenas pessoas autorizadas possam acessar essas informa\u00e7\u00f5es.<\/p>\n\n\n\n<p>Al\u00e9m disso, o Moto Secure proporciona um&nbsp;<strong>gerenciamento avan\u00e7ado de permiss\u00f5es<\/strong>, permitindo que os usu\u00e1rios controlem quais aplicativos podem acessar recursos como c\u00e2mera, microfone e localiza\u00e7\u00e3o. Essa funcionalidade \u00e9 essencial para manter a privacidade e evitar acessos indesejados.<\/p>\n\n\n\n<h2 class=\"wp-block-heading\">Quais dispositivos Motorola s\u00e3o compat\u00edveis?<\/h2>\n\n\n\n<p>O Moto Secure est\u00e1 dispon\u00edvel para uma ampla gama de dispositivos Motorola, incluindo modelos como o&nbsp;<strong>Moto G23<\/strong>,&nbsp;<strong>E13<\/strong>,&nbsp;<strong>G53<\/strong>,&nbsp;<strong>G73<\/strong>&nbsp;e a linha&nbsp;<strong>Edge<\/strong>. Esses dispositivos, equipados com Android 13 ou vers\u00f5es superiores, s\u00e3o compat\u00edveis com as atualiza\u00e7\u00f5es cont\u00ednuas que a Motorola oferece para aprimorar a seguran\u00e7a e a funcionalidade do Moto Secure.<\/p>\n\n\n\n<figure class=\"wp-block-image\"><img decoding=\"async\" src=\"https:\/\/www.em.com.br\/emfoco\/wp-content\/uploads\/2025\/05\/pessoa-feliz-no-celular_1747486135673-1024x576.jpg\" alt=\"\"\/><figcaption class=\"wp-element-caption\">Pessoa feliz no celular &#8211; Cr\u00e9ditos: depositphotos.com \/ Krakenimages.com<\/figcaption><\/figure>\n\n\n\n<p>Os usu\u00e1rios podem verificar a compatibilidade de seus dispositivos e a disponibilidade de atualiza\u00e7\u00f5es diretamente nas configura\u00e7\u00f5es do aparelho ou atrav\u00e9s do site oficial da Motorola.<\/p>\n\n\n\n<h2 class=\"wp-block-heading\">Por que a seguran\u00e7a digital \u00e9 importante?<\/h2>\n\n\n\n<p>Na era digital, onde os dispositivos m\u00f3veis s\u00e3o parte integrante de nossas vidas, proteger os dados pessoais \u00e9 fundamental. O Moto Secure atende a essa necessidade ao fornecer uma defesa eficaz contra amea\u00e7as digitais. Combinando tecnologia avan\u00e7ada com uma interface f\u00e1cil de usar, a solu\u00e7\u00e3o da Motorola n\u00e3o apenas protege o dispositivo, mas tamb\u00e9m oferece aos usu\u00e1rios uma sensa\u00e7\u00e3o de seguran\u00e7a e controle sobre suas informa\u00e7\u00f5es pessoais.<\/p>\n\n\n\n<p>Al\u00e9m das funcionalidades mencionadas, o Moto Secure tamb\u00e9m inclui recursos como&nbsp;<strong>prote\u00e7\u00e3o de rede<\/strong>, que analisa redes dispon\u00edveis para identificar potenciais riscos, e&nbsp;<strong>detec\u00e7\u00e3o de phishing<\/strong>, que alerta os usu\u00e1rios sobre links suspeitos.<\/p>\n\n\n\n<p>O Moto Secure representa um avan\u00e7o significativo na prote\u00e7\u00e3o de dispositivos m\u00f3veis, oferecendo aos usu\u00e1rios uma solu\u00e7\u00e3o abrangente e eficaz para enfrentar as amea\u00e7as digitais. Com suas funcionalidades avan\u00e7adas e facilidade de uso, ele se destaca como uma ferramenta essencial para qualquer pessoa preocupada com a seguran\u00e7a de seus dados pessoais em um mundo cada vez mais conectado.<\/p>\n","protected":false},"excerpt":{"rendered":"<p>Com o aumento das amea\u00e7as digitais, a seguran\u00e7a dos smartphones tornou-se uma prioridade para muitos usu\u00e1rios. A\u00a0Motorola, ciente dessa necessidade, lan\u00e7ou o\u00a0Moto Secure, uma solu\u00e7\u00e3o de seguran\u00e7a projetada para dispositivos que utilizam\u00a0Android 13\u00a0ou superior. Assim, esse recurso visa proteger dados pessoais e garantir a privacidade dos usu\u00e1rios em um ambiente digital cada vez mais complexo. [&hellip;]<\/p>\n","protected":false},"author":11,"featured_media":48119,"comment_status":"open","ping_status":"open","sticky":false,"template":"","format":"standard","meta":{"jnews-multi-image_gallery":[],"jnews_single_post":{"format":"standard"},"jnews_primary_category":[],"jnews_social_meta":[],"jnews_override_counter":[],"footnotes":""},"categories":[8819,1],"tags":[2951,2949,850,182],"class_list":["post-53642","post","type-post","status-publish","format-standard","has-post-thumbnail","hentry","category-curiosidades","category-noticias","tag-android","tag-motorola","tag-privacidade","tag-seguranca"],"yoast_head":"<!-- This site is optimized with the Yoast SEO plugin v23.8 - https:\/\/yoast.com\/wordpress\/plugins\/seo\/ -->\n<title>Comunicado geral para todos aqueles que possuem celular da Motorola - Estado de Minas - Em foco<\/title>\n<meta name=\"description\" content=\"Veja quais celulares Motorola s\u00e3o compat\u00edveis com o com esse sistema e como ativar os recursos de seguran\u00e7a.\" \/>\n<meta name=\"robots\" content=\"index, follow, max-snippet:-1, max-image-preview:large, max-video-preview:-1\" \/>\n<link rel=\"canonical\" href=\"https:\/\/www.em.com.br\/emfoco\/2025\/07\/31\/comunicado-geral-para-todos-aqueles-que-tem-celular-da-motorola\/\" \/>\n<meta property=\"og:locale\" content=\"pt_BR\" \/>\n<meta property=\"og:type\" content=\"article\" \/>\n<meta property=\"og:title\" content=\"Comunicado geral para todos aqueles que possuem celular da Motorola - Estado de Minas - Em foco\" \/>\n<meta property=\"og:description\" content=\"Veja quais celulares Motorola s\u00e3o compat\u00edveis com o com esse sistema e como ativar os recursos de seguran\u00e7a.\" \/>\n<meta property=\"og:url\" content=\"https:\/\/www.em.com.br\/emfoco\/2025\/07\/31\/comunicado-geral-para-todos-aqueles-que-tem-celular-da-motorola\/\" \/>\n<meta property=\"og:site_name\" content=\"Estado de Minas - Em foco\" \/>\n<meta property=\"article:published_time\" content=\"2025-07-31T08:23:35+00:00\" \/>\n<meta property=\"og:image\" content=\"https:\/\/www.em.com.br\/emfoco\/wp-content\/uploads\/2025\/05\/motorola_1747486038642.jpg\" \/>\n\t<meta property=\"og:image:width\" content=\"1280\" \/>\n\t<meta property=\"og:image:height\" content=\"720\" \/>\n\t<meta property=\"og:image:type\" content=\"image\/jpeg\" \/>\n<meta name=\"author\" content=\"Andre\u0301 Rangel\u00a0\" \/>\n<meta name=\"twitter:card\" content=\"summary_large_image\" \/>\n<meta name=\"twitter:label1\" content=\"Escrito por\" \/>\n\t<meta name=\"twitter:data1\" content=\"Andre\u0301 Rangel\u00a0\" \/>\n\t<meta name=\"twitter:label2\" content=\"Est. tempo de leitura\" \/>\n\t<meta name=\"twitter:data2\" content=\"3 minutos\" \/>\n<!-- \/ Yoast SEO plugin. -->","yoast_head_json":{"title":"Comunicado geral para todos aqueles que possuem celular da Motorola - Estado de Minas - Em foco","description":"Veja quais celulares Motorola s\u00e3o compat\u00edveis com o com esse sistema e como ativar os recursos de seguran\u00e7a.","robots":{"index":"index","follow":"follow","max-snippet":"max-snippet:-1","max-image-preview":"max-image-preview:large","max-video-preview":"max-video-preview:-1"},"canonical":"https:\/\/www.em.com.br\/emfoco\/2025\/07\/31\/comunicado-geral-para-todos-aqueles-que-tem-celular-da-motorola\/","og_locale":"pt_BR","og_type":"article","og_title":"Comunicado geral para todos aqueles que possuem celular da Motorola - Estado de Minas - Em foco","og_description":"Veja quais celulares Motorola s\u00e3o compat\u00edveis com o com esse sistema e como ativar os recursos de seguran\u00e7a.","og_url":"https:\/\/www.em.com.br\/emfoco\/2025\/07\/31\/comunicado-geral-para-todos-aqueles-que-tem-celular-da-motorola\/","og_site_name":"Estado de Minas - Em foco","article_published_time":"2025-07-31T08:23:35+00:00","og_image":[{"width":1280,"height":720,"url":"https:\/\/www.em.com.br\/emfoco\/wp-content\/uploads\/2025\/05\/motorola_1747486038642.jpg","type":"image\/jpeg"}],"author":"Andre\u0301 Rangel\u00a0","twitter_card":"summary_large_image","twitter_misc":{"Escrito por":"Andre\u0301 Rangel\u00a0","Est. tempo de leitura":"3 minutos"},"schema":{"@context":"https:\/\/schema.org","@graph":[{"@type":"WebPage","@id":"https:\/\/www.em.com.br\/emfoco\/2025\/07\/31\/comunicado-geral-para-todos-aqueles-que-tem-celular-da-motorola\/","url":"https:\/\/www.em.com.br\/emfoco\/2025\/07\/31\/comunicado-geral-para-todos-aqueles-que-tem-celular-da-motorola\/","name":"Comunicado geral para todos aqueles que possuem celular da Motorola - Estado de Minas - Em foco","isPartOf":{"@id":"https:\/\/www.em.com.br\/emfoco\/#website"},"primaryImageOfPage":{"@id":"https:\/\/www.em.com.br\/emfoco\/2025\/07\/31\/comunicado-geral-para-todos-aqueles-que-tem-celular-da-motorola\/#primaryimage"},"image":{"@id":"https:\/\/www.em.com.br\/emfoco\/2025\/07\/31\/comunicado-geral-para-todos-aqueles-que-tem-celular-da-motorola\/#primaryimage"},"thumbnailUrl":"https:\/\/www.em.com.br\/emfoco\/wp-content\/uploads\/2025\/05\/motorola_1747486038642.jpg","datePublished":"2025-07-31T08:23:35+00:00","dateModified":"2025-07-31T08:23:35+00:00","author":{"@id":"https:\/\/www.em.com.br\/emfoco\/#\/schema\/person\/60eda09c1fedf0d6891f4cef4b60b8b8"},"description":"Veja quais celulares Motorola s\u00e3o compat\u00edveis com o com esse sistema e como ativar os recursos de seguran\u00e7a.","breadcrumb":{"@id":"https:\/\/www.em.com.br\/emfoco\/2025\/07\/31\/comunicado-geral-para-todos-aqueles-que-tem-celular-da-motorola\/#breadcrumb"},"inLanguage":"pt-BR","potentialAction":[{"@type":"ReadAction","target":["https:\/\/www.em.com.br\/emfoco\/2025\/07\/31\/comunicado-geral-para-todos-aqueles-que-tem-celular-da-motorola\/"]}]},{"@type":"ImageObject","inLanguage":"pt-BR","@id":"https:\/\/www.em.com.br\/emfoco\/2025\/07\/31\/comunicado-geral-para-todos-aqueles-que-tem-celular-da-motorola\/#primaryimage","url":"https:\/\/www.em.com.br\/emfoco\/wp-content\/uploads\/2025\/05\/motorola_1747486038642.jpg","contentUrl":"https:\/\/www.em.com.br\/emfoco\/wp-content\/uploads\/2025\/05\/motorola_1747486038642.jpg","width":1280,"height":720,"caption":"Motorola est\u00e1 protegendo dados - Cr\u00e9ditos: depositphotos.com \/ rafapress"},{"@type":"BreadcrumbList","@id":"https:\/\/www.em.com.br\/emfoco\/2025\/07\/31\/comunicado-geral-para-todos-aqueles-que-tem-celular-da-motorola\/#breadcrumb","itemListElement":[{"@type":"ListItem","position":1,"name":"In\u00edcio","item":"https:\/\/www.em.com.br\/emfoco\/"},{"@type":"ListItem","position":2,"name":"Comunicado geral para todos aqueles que possuem celular da Motorola"}]},{"@type":"WebSite","@id":"https:\/\/www.em.com.br\/emfoco\/#website","url":"https:\/\/www.em.com.br\/emfoco\/","name":"Estado de Minas - Em foco","description":"Acompanhe as \u00faltimas not\u00edcias e fique bem informado sobre tudo o que acontece em Minas Gerais, Brasil e no mundo.","potentialAction":[{"@type":"SearchAction","target":{"@type":"EntryPoint","urlTemplate":"https:\/\/www.em.com.br\/emfoco\/?s={search_term_string}"},"query-input":{"@type":"PropertyValueSpecification","valueRequired":true,"valueName":"search_term_string"}}],"inLanguage":"pt-BR"},{"@type":"Person","@id":"https:\/\/www.em.com.br\/emfoco\/#\/schema\/person\/60eda09c1fedf0d6891f4cef4b60b8b8","name":"Andre\u0301 Rangel\u00a0","image":{"@type":"ImageObject","inLanguage":"pt-BR","@id":"https:\/\/www.em.com.br\/emfoco\/#\/schema\/person\/image\/","url":"https:\/\/secure.gravatar.com\/avatar\/6234dc814c77c8ef6d8bba622c787efc?s=96&d=mm&r=g","contentUrl":"https:\/\/secure.gravatar.com\/avatar\/6234dc814c77c8ef6d8bba622c787efc?s=96&d=mm&r=g","caption":"Andre\u0301 Rangel\u00a0"},"url":"https:\/\/www.em.com.br\/emfoco\/author\/luizmyth\/"}]}},"_links":{"self":[{"href":"https:\/\/www.em.com.br\/emfoco\/wp-json\/wp\/v2\/posts\/53642","targetHints":{"allow":["GET"]}}],"collection":[{"href":"https:\/\/www.em.com.br\/emfoco\/wp-json\/wp\/v2\/posts"}],"about":[{"href":"https:\/\/www.em.com.br\/emfoco\/wp-json\/wp\/v2\/types\/post"}],"author":[{"embeddable":true,"href":"https:\/\/www.em.com.br\/emfoco\/wp-json\/wp\/v2\/users\/11"}],"replies":[{"embeddable":true,"href":"https:\/\/www.em.com.br\/emfoco\/wp-json\/wp\/v2\/comments?post=53642"}],"version-history":[{"count":8,"href":"https:\/\/www.em.com.br\/emfoco\/wp-json\/wp\/v2\/posts\/53642\/revisions"}],"predecessor-version":[{"id":84175,"href":"https:\/\/www.em.com.br\/emfoco\/wp-json\/wp\/v2\/posts\/53642\/revisions\/84175"}],"wp:featuredmedia":[{"embeddable":true,"href":"https:\/\/www.em.com.br\/emfoco\/wp-json\/wp\/v2\/media\/48119"}],"wp:attachment":[{"href":"https:\/\/www.em.com.br\/emfoco\/wp-json\/wp\/v2\/media?parent=53642"}],"wp:term":[{"taxonomy":"category","embeddable":true,"href":"https:\/\/www.em.com.br\/emfoco\/wp-json\/wp\/v2\/categories?post=53642"},{"taxonomy":"post_tag","embeddable":true,"href":"https:\/\/www.em.com.br\/emfoco\/wp-json\/wp\/v2\/tags?post=53642"}],"curies":[{"name":"wp","href":"https:\/\/api.w.org\/{rel}","templated":true}]}}