{"id":5360,"date":"2024-12-23T14:20:00","date_gmt":"2024-12-23T17:20:00","guid":{"rendered":"https:\/\/www.em.com.br\/emfoco\/?p=5360"},"modified":"2024-12-17T10:04:16","modified_gmt":"2024-12-17T13:04:16","slug":"como-o-planejamento-urbano-verde-esta-moldando-o-amanha","status":"publish","type":"post","link":"https:\/\/www.em.com.br\/emfoco\/2024\/12\/23\/como-o-planejamento-urbano-verde-esta-moldando-o-amanha\/","title":{"rendered":"Como o Planejamento Urbano Verde Est\u00e1 Moldando o Amanh\u00e3."},"content":{"rendered":"\n<p>Com o crescimento das \u00e1reas urbanas, o conceito de cidade verde emerge como uma resposta aos desafios ambientais. Uma cidade verde se caracteriza pela ado\u00e7\u00e3o de pr\u00e1ticas sustent\u00e1veis que visam reduzir o impacto ambiental e promover a qualidade de vida dos habitantes. Isso se d\u00e1 atrav\u00e9s de solu\u00e7\u00f5es como transporte sustent\u00e1vel, uso de energias renov\u00e1veis e a implementa\u00e7\u00e3o de espa\u00e7os verdes. As cidades verdes se tornaram um modelo para balancear o progresso urbano com a preserva\u00e7\u00e3o da natureza.<\/p>\n\n\n\n<p>A busca por sustentabilidade abrange diversas esferas, desde a arquitetura eficiente e gest\u00e3o de res\u00edduos at\u00e9 o incentivo ao uso de meios de transporte ecol\u00f3gicos. O objetivo \u00e9 criar um ambiente urbano que viva em harmonia com o planeta, proporcionando aos cidad\u00e3os uma qualidade superior de vida.<\/p>\n\n\n\n<h2 class=\"wp-block-heading\">Como a Sustentabilidade \u00e9 Integrada nas Cidades Verdes?<\/h2>\n\n\n\n<p>A integra\u00e7\u00e3o da sustentabilidade nas cidades vai al\u00e9m do uso de tecnologias verdes. Ela se insere em todos os aspectos da vida urbana, incluindo constru\u00e7\u00e3o, gest\u00e3o de \u00e1gua e lixo, e mobilidade. A meta \u00e9 criar um habitat onde viver de forma minimamente impactante seja acess\u00edvel a todos.<\/p>\n\n\n\n<p>As cidades verdes aplicam m\u00e9todos sustent\u00e1veis na constru\u00e7\u00e3o de edif\u00edcios que economizam energia. A gest\u00e3o inteligente de res\u00edduos \u00e9 promovida, com sistemas que incentivam a reciclagem e diminuem o lixo destinado aos aterros. Al\u00e9m disso, o transporte p\u00fablico \u00e9 otimizadamente ecol\u00f3gico, incentivando sua utiliza\u00e7\u00e3o em detrimento do transporte individual, o que alivia o tr\u00e1fego e reduz emiss\u00f5es.<\/p>\n\n\n\n<figure class=\"wp-block-image size-large\"><img loading=\"lazy\" decoding=\"async\" width=\"1024\" height=\"576\" src=\"https:\/\/www.em.com.br\/emfoco\/wp-content\/uploads\/2024\/12\/Copenhague-_1734440400826-1024x576.jpg\" alt=\"Como o Planejamento Urbano Verde Est\u00e1 Moldando o Amanh\u00e3.\" class=\"wp-image-5364\" srcset=\"https:\/\/www.em.com.br\/emfoco\/wp-content\/uploads\/2024\/12\/Copenhague-_1734440400826-1024x576.jpg 1024w, https:\/\/www.em.com.br\/emfoco\/wp-content\/uploads\/2024\/12\/Copenhague-_1734440400826-300x169.jpg 300w, https:\/\/www.em.com.br\/emfoco\/wp-content\/uploads\/2024\/12\/Copenhague-_1734440400826-768x432.jpg 768w, https:\/\/www.em.com.br\/emfoco\/wp-content\/uploads\/2024\/12\/Copenhague-_1734440400826-750x422.jpg 750w, https:\/\/www.em.com.br\/emfoco\/wp-content\/uploads\/2024\/12\/Copenhague-_1734440400826-1140x641.jpg 1140w, https:\/\/www.em.com.br\/emfoco\/wp-content\/uploads\/2024\/12\/Copenhague-_1734440400826.jpg 1280w\" sizes=\"auto, (max-width: 1024px) 100vw, 1024px\" \/><figcaption class=\"wp-element-caption\">Copenhague &#8211; Cr\u00e9ditos: depositphotos.com \/ sepavone<\/figcaption><\/figure>\n\n\n\n<h2 class=\"wp-block-heading\">Quais Exemplos de Cidades Verdes Existem pelo Mundo?<\/h2>\n\n\n\n<p>Diversas cidades est\u00e3o se destacando mundialmente por suas pr\u00e1ticas sustent\u00e1veis, combinando infraestrutura moderna com respeito ao meio ambiente. Entre essas, Copenhague e Curitiba representam exemplos not\u00e1veis de planejamento verde.<\/p>\n\n\n\n<p><strong><a href=\"https:\/\/pt.wikipedia.org\/wiki\/Copenhaga\" target=\"_blank\" rel=\"noreferrer noopener\">Copenhague <\/a><\/strong>\u00e9 um exemplo de inova\u00e7\u00e3o e compromisso ambiental. Com a meta de alcan\u00e7ar a neutralidade de carbono at\u00e9 2025, a cidade integra vastos sistemas de ciclovias e transporte p\u00fablico eficiente, al\u00e9m de edif\u00edcios sustent\u00e1veis. Isso demonstra como uma abordagem focada pode efetivamente integrar sustentabilidade ao tecido urbano.<\/p>\n\n\n\n<p><a href=\"https:\/\/www.em.com.br\/emfoco\/2024\/12\/20\/descubra-por-que-curitiba-e-a-cidade-ideal-para-morar-no-brasil\/\" target=\"_blank\" rel=\"noreferrer noopener\"><strong>Curitiba<\/strong><\/a>, no Brasil, demonstra um caminh\u00e3o sustent\u00e1vel com seu sistema de transporte baseado em \u00f4nibus r\u00e1pidos e dedicados, diminuindo o tr\u00e1fego e impacto ambiental. Ao mesmo tempo, os muitos parques da cidade ajudam a conservar o ambiente natural em meio ao desenvolvimento urbano.<\/p>\n\n\n\n<h2 class=\"wp-block-heading\">Por que Espa\u00e7os Verdes S\u00e3o Essenciais?<\/h2>\n\n\n\n<p>Uma caracter\u00edstica central das cidades verdes s\u00e3o os espa\u00e7os verdes, como parques, que oferecem benef\u00edcios significativos para a sa\u00fade mental e f\u00edsica dos cidad\u00e3os, al\u00e9m de contribuir com a qualidade do ar e regula\u00e7\u00e3o da temperatura.<\/p>\n\n\n\n<p>Os espa\u00e7os verdes s\u00e3o essenciais para a sa\u00fade p\u00fablica, comprovadamente relacionados \u00e0 redu\u00e7\u00e3o do estresse e melhoria na qualidade de vida. Al\u00e9m disso, oferecem ambientes prop\u00edcios para a pr\u00e1tica de atividades f\u00edsicas, promovendo o bem-estar dos moradores.<\/p>\n\n\n\n<h2 class=\"wp-block-heading\">Como a Tecnologia Impulsiona as Cidades Verdes?<\/h2>\n\n\n\n<p>A tecnologia desempenha um papel crucial na moldagem das cidades verdes. A introdu\u00e7\u00e3o de tecnologias de energia renov\u00e1vel e sistemas inteligentes para gerenciamento de tr\u00e1fego e qualidade do ar contribuem substancialmente para a efici\u00eancia urbana e redu\u00e7\u00e3o de impactos ambientais.<\/p>\n\n\n\n<p>Muitas cidades est\u00e3o incorporando <strong>energia solar<\/strong> e <strong>e\u00f3lica<\/strong> em sua matriz urbana, diminuindo a depend\u00eancia de combust\u00edveis f\u00f3sseis e reduzindo emiss\u00f5es. A gest\u00e3o de res\u00edduos tamb\u00e9m se beneficia de inova\u00e7\u00f5es tecnol\u00f3gicas, otimizando a coleta e promovendo a reciclagem.<\/p>\n\n\n\n<h2 class=\"wp-block-heading\">Qual o Futuro das Cidades Verdes?<\/h2>\n\n\n\n<p>O futuro das cidades verdes \u00e9 promissor, \u00e0 medida que buscam solu\u00e7\u00f5es para o aumento populacional urbano dentro de um contexto sustent\u00e1vel. As pr\u00e1ticas adotadas promovem n\u00e3o apenas a melhoria da qualidade de vida dos residentes, mas tamb\u00e9m a conserva\u00e7\u00e3o do meio ambiente para as gera\u00e7\u00f5es vindouras.<\/p>\n\n\n\n<p>Com a sustentabilidade como uma prioridade global, \u00e9 essencial que as cidades continuem investindo em pr\u00e1ticas inovadoras e sustent\u00e1veis. A alian\u00e7a entre tecnologia, planejamento urbano e engajamento comunit\u00e1rio \u00e9 vital para a evolu\u00e7\u00e3o de metr\u00f3poles mais verdes e preparadas para encarar os desafios ambientais futuros.<\/p>\n","protected":false},"excerpt":{"rendered":"<p>Com o crescimento das \u00e1reas urbanas, o conceito de cidade verde emerge como uma resposta aos desafios ambientais. Uma cidade verde se caracteriza pela ado\u00e7\u00e3o de pr\u00e1ticas sustent\u00e1veis que visam reduzir o impacto ambiental e promover a qualidade de vida dos habitantes. Isso se d\u00e1 atrav\u00e9s de solu\u00e7\u00f5es como transporte sustent\u00e1vel, uso de energias renov\u00e1veis [&hellip;]<\/p>\n","protected":false},"author":5,"featured_media":5363,"comment_status":"open","ping_status":"open","sticky":false,"template":"","format":"standard","meta":{"jnews-multi-image_gallery":[],"jnews_single_post":{"format":"standard"},"jnews_primary_category":[],"jnews_social_meta":[],"jnews_override_counter":[],"footnotes":""},"categories":[26,1],"tags":[2120,325,161],"class_list":["post-5360","post","type-post","status-publish","format-standard","has-post-thumbnail","hentry","category-cidades","category-noticias","tag-energia-limpa","tag-sustentabilidade","tag-tecnologia"],"yoast_head":"<!-- This site is optimized with the Yoast SEO plugin v23.8 - https:\/\/yoast.com\/wordpress\/plugins\/seo\/ -->\n<title>Como o Planejamento Urbano Verde Est\u00e1 Moldando o Amanh\u00e3. - Estado de Minas - Em foco<\/title>\n<meta name=\"description\" content=\"Descubra como tecnologia e planejamento sustent\u00e1vel est\u00e3o moldando cidades que reduzem impacto ambiental e promovem qualidade de vida.\" \/>\n<meta name=\"robots\" content=\"index, follow, max-snippet:-1, max-image-preview:large, max-video-preview:-1\" \/>\n<link rel=\"canonical\" href=\"https:\/\/www.em.com.br\/emfoco\/2024\/12\/23\/como-o-planejamento-urbano-verde-esta-moldando-o-amanha\/\" \/>\n<meta property=\"og:locale\" content=\"pt_BR\" \/>\n<meta property=\"og:type\" content=\"article\" \/>\n<meta property=\"og:title\" content=\"Como o Planejamento Urbano Verde Est\u00e1 Moldando o Amanh\u00e3. - Estado de Minas - Em foco\" \/>\n<meta property=\"og:description\" content=\"Descubra como tecnologia e planejamento sustent\u00e1vel est\u00e3o moldando cidades que reduzem impacto ambiental e promovem qualidade de vida.\" \/>\n<meta property=\"og:url\" content=\"https:\/\/www.em.com.br\/emfoco\/2024\/12\/23\/como-o-planejamento-urbano-verde-esta-moldando-o-amanha\/\" \/>\n<meta property=\"og:site_name\" content=\"Estado de Minas - Em foco\" \/>\n<meta property=\"article:published_time\" content=\"2024-12-23T17:20:00+00:00\" \/>\n<meta property=\"article:modified_time\" content=\"2024-12-17T13:04:16+00:00\" \/>\n<meta property=\"og:image\" content=\"https:\/\/www.em.com.br\/emfoco\/wp-content\/uploads\/2024\/12\/Sustentabilidade_1734440300276.jpg\" \/>\n\t<meta property=\"og:image:width\" content=\"1280\" \/>\n\t<meta property=\"og:image:height\" content=\"720\" \/>\n\t<meta property=\"og:image:type\" content=\"image\/jpeg\" \/>\n<meta name=\"author\" content=\"N\u00fabia Rangel\" \/>\n<meta name=\"twitter:card\" content=\"summary_large_image\" \/>\n<meta name=\"twitter:label1\" content=\"Escrito por\" \/>\n\t<meta name=\"twitter:data1\" content=\"N\u00fabia Rangel\" \/>\n\t<meta name=\"twitter:label2\" content=\"Est. tempo de leitura\" \/>\n\t<meta name=\"twitter:data2\" content=\"4 minutos\" \/>\n<!-- \/ Yoast SEO plugin. -->","yoast_head_json":{"title":"Como o Planejamento Urbano Verde Est\u00e1 Moldando o Amanh\u00e3. - Estado de Minas - Em foco","description":"Descubra como tecnologia e planejamento sustent\u00e1vel est\u00e3o moldando cidades que reduzem impacto ambiental e promovem qualidade de vida.","robots":{"index":"index","follow":"follow","max-snippet":"max-snippet:-1","max-image-preview":"max-image-preview:large","max-video-preview":"max-video-preview:-1"},"canonical":"https:\/\/www.em.com.br\/emfoco\/2024\/12\/23\/como-o-planejamento-urbano-verde-esta-moldando-o-amanha\/","og_locale":"pt_BR","og_type":"article","og_title":"Como o Planejamento Urbano Verde Est\u00e1 Moldando o Amanh\u00e3. - Estado de Minas - Em foco","og_description":"Descubra como tecnologia e planejamento sustent\u00e1vel est\u00e3o moldando cidades que reduzem impacto ambiental e promovem qualidade de vida.","og_url":"https:\/\/www.em.com.br\/emfoco\/2024\/12\/23\/como-o-planejamento-urbano-verde-esta-moldando-o-amanha\/","og_site_name":"Estado de Minas - Em foco","article_published_time":"2024-12-23T17:20:00+00:00","article_modified_time":"2024-12-17T13:04:16+00:00","og_image":[{"width":1280,"height":720,"url":"https:\/\/www.em.com.br\/emfoco\/wp-content\/uploads\/2024\/12\/Sustentabilidade_1734440300276.jpg","type":"image\/jpeg"}],"author":"N\u00fabia Rangel","twitter_card":"summary_large_image","twitter_misc":{"Escrito por":"N\u00fabia Rangel","Est. tempo de leitura":"4 minutos"},"schema":{"@context":"https:\/\/schema.org","@graph":[{"@type":"WebPage","@id":"https:\/\/www.em.com.br\/emfoco\/2024\/12\/23\/como-o-planejamento-urbano-verde-esta-moldando-o-amanha\/","url":"https:\/\/www.em.com.br\/emfoco\/2024\/12\/23\/como-o-planejamento-urbano-verde-esta-moldando-o-amanha\/","name":"Como o Planejamento Urbano Verde Est\u00e1 Moldando o Amanh\u00e3. - Estado de Minas - Em foco","isPartOf":{"@id":"https:\/\/www.em.com.br\/emfoco\/#website"},"primaryImageOfPage":{"@id":"https:\/\/www.em.com.br\/emfoco\/2024\/12\/23\/como-o-planejamento-urbano-verde-esta-moldando-o-amanha\/#primaryimage"},"image":{"@id":"https:\/\/www.em.com.br\/emfoco\/2024\/12\/23\/como-o-planejamento-urbano-verde-esta-moldando-o-amanha\/#primaryimage"},"thumbnailUrl":"https:\/\/www.em.com.br\/emfoco\/wp-content\/uploads\/2024\/12\/Sustentabilidade_1734440300276.jpg","datePublished":"2024-12-23T17:20:00+00:00","dateModified":"2024-12-17T13:04:16+00:00","author":{"@id":"https:\/\/www.em.com.br\/emfoco\/#\/schema\/person\/524437ef54f8a5d32591b143307f2e20"},"description":"Descubra como tecnologia e planejamento sustent\u00e1vel est\u00e3o moldando cidades que reduzem impacto ambiental e promovem qualidade de vida.","breadcrumb":{"@id":"https:\/\/www.em.com.br\/emfoco\/2024\/12\/23\/como-o-planejamento-urbano-verde-esta-moldando-o-amanha\/#breadcrumb"},"inLanguage":"pt-BR","potentialAction":[{"@type":"ReadAction","target":["https:\/\/www.em.com.br\/emfoco\/2024\/12\/23\/como-o-planejamento-urbano-verde-esta-moldando-o-amanha\/"]}]},{"@type":"ImageObject","inLanguage":"pt-BR","@id":"https:\/\/www.em.com.br\/emfoco\/2024\/12\/23\/como-o-planejamento-urbano-verde-esta-moldando-o-amanha\/#primaryimage","url":"https:\/\/www.em.com.br\/emfoco\/wp-content\/uploads\/2024\/12\/Sustentabilidade_1734440300276.jpg","contentUrl":"https:\/\/www.em.com.br\/emfoco\/wp-content\/uploads\/2024\/12\/Sustentabilidade_1734440300276.jpg","width":1280,"height":720,"caption":"Sustentabilidade - Cr\u00e9ditos: depositphotos.com \/ thx4stock@hotmail.com"},{"@type":"BreadcrumbList","@id":"https:\/\/www.em.com.br\/emfoco\/2024\/12\/23\/como-o-planejamento-urbano-verde-esta-moldando-o-amanha\/#breadcrumb","itemListElement":[{"@type":"ListItem","position":1,"name":"In\u00edcio","item":"https:\/\/www.em.com.br\/emfoco\/"},{"@type":"ListItem","position":2,"name":"Como o Planejamento Urbano Verde Est\u00e1 Moldando o Amanh\u00e3."}]},{"@type":"WebSite","@id":"https:\/\/www.em.com.br\/emfoco\/#website","url":"https:\/\/www.em.com.br\/emfoco\/","name":"Estado de Minas - Em foco","description":"Acompanhe as \u00faltimas not\u00edcias e fique bem informado sobre tudo o que acontece em Minas Gerais, Brasil e no mundo.","potentialAction":[{"@type":"SearchAction","target":{"@type":"EntryPoint","urlTemplate":"https:\/\/www.em.com.br\/emfoco\/?s={search_term_string}"},"query-input":{"@type":"PropertyValueSpecification","valueRequired":true,"valueName":"search_term_string"}}],"inLanguage":"pt-BR"},{"@type":"Person","@id":"https:\/\/www.em.com.br\/emfoco\/#\/schema\/person\/524437ef54f8a5d32591b143307f2e20","name":"N\u00fabia Rangel","image":{"@type":"ImageObject","inLanguage":"pt-BR","@id":"https:\/\/www.em.com.br\/emfoco\/#\/schema\/person\/image\/","url":"https:\/\/secure.gravatar.com\/avatar\/47cff2827a5ba23c37e8068c86817ea4?s=96&d=mm&r=g","contentUrl":"https:\/\/secure.gravatar.com\/avatar\/47cff2827a5ba23c37e8068c86817ea4?s=96&d=mm&r=g","caption":"N\u00fabia Rangel"},"sameAs":["https:\/\/www.em.com.br\/emfoco\/"],"url":"https:\/\/www.em.com.br\/emfoco\/author\/nubiamyth\/"}]}},"_links":{"self":[{"href":"https:\/\/www.em.com.br\/emfoco\/wp-json\/wp\/v2\/posts\/5360","targetHints":{"allow":["GET"]}}],"collection":[{"href":"https:\/\/www.em.com.br\/emfoco\/wp-json\/wp\/v2\/posts"}],"about":[{"href":"https:\/\/www.em.com.br\/emfoco\/wp-json\/wp\/v2\/types\/post"}],"author":[{"embeddable":true,"href":"https:\/\/www.em.com.br\/emfoco\/wp-json\/wp\/v2\/users\/5"}],"replies":[{"embeddable":true,"href":"https:\/\/www.em.com.br\/emfoco\/wp-json\/wp\/v2\/comments?post=5360"}],"version-history":[{"count":3,"href":"https:\/\/www.em.com.br\/emfoco\/wp-json\/wp\/v2\/posts\/5360\/revisions"}],"predecessor-version":[{"id":5366,"href":"https:\/\/www.em.com.br\/emfoco\/wp-json\/wp\/v2\/posts\/5360\/revisions\/5366"}],"wp:featuredmedia":[{"embeddable":true,"href":"https:\/\/www.em.com.br\/emfoco\/wp-json\/wp\/v2\/media\/5363"}],"wp:attachment":[{"href":"https:\/\/www.em.com.br\/emfoco\/wp-json\/wp\/v2\/media?parent=5360"}],"wp:term":[{"taxonomy":"category","embeddable":true,"href":"https:\/\/www.em.com.br\/emfoco\/wp-json\/wp\/v2\/categories?post=5360"},{"taxonomy":"post_tag","embeddable":true,"href":"https:\/\/www.em.com.br\/emfoco\/wp-json\/wp\/v2\/tags?post=5360"}],"curies":[{"name":"wp","href":"https:\/\/api.w.org\/{rel}","templated":true}]}}