{"id":5357,"date":"2024-12-25T13:40:00","date_gmt":"2024-12-25T16:40:00","guid":{"rendered":"https:\/\/www.em.com.br\/emfoco\/?p=5357"},"modified":"2024-12-17T09:55:33","modified_gmt":"2024-12-17T12:55:33","slug":"a-melodia-que-fez-o-brasil-descer-pra-bc","status":"publish","type":"post","link":"https:\/\/www.em.com.br\/emfoco\/2024\/12\/25\/a-melodia-que-fez-o-brasil-descer-pra-bc\/","title":{"rendered":"A Melodia que Fez o Brasil &#8216;Descer pra BC&#8217;"},"content":{"rendered":"\n<p>A m\u00fasica &#8220;<strong><a href=\"https:\/\/www.youtube.com\/watch?v=r6kXxV-yPDA\" target=\"_blank\" rel=\"noreferrer noopener\">Descer pra BC<\/a><\/strong>&#8221; da dupla sertaneja Brenno &amp; Matheus emergiu como um sucesso arrebatador, conquistando o p\u00fablico em todo o pa\u00eds. Com mais de 20 milh\u00f5es de reprodu\u00e7\u00f5es no Spotify Brasil, a can\u00e7\u00e3o rapidamente atingiu o topo das paradas musicais. Este feito trouxe n\u00e3o apenas fama para os artistas, mas tamb\u00e9m colocou Balne\u00e1rio Cambori\u00fa em evid\u00eancia como um destino tur\u00edstico desejado.<\/p>\n\n\n\n<p>O fasc\u00ednio pelos encantos de Balne\u00e1rio Cambori\u00fa, conhecida como a &#8220;Dubai brasileira&#8221;, inspirou a letra da m\u00fasica. O tema brinca com o desejo de muitos de trocar a vida mon\u00f3tona do interior por uma experi\u00eancia vibrante e luxuosa na cidade catarinense. A composi\u00e7\u00e3o revela uma narrativa de busca por um novo estilo de vida, algo que ressoou profundamente com o p\u00fablico.<\/p>\n\n\n\n<h2 class=\"wp-block-heading\">Qual foi o impacto de &#8220;Descer pra BC&#8221; em Balne\u00e1rio Cambori\u00fa?<\/h2>\n\n\n\n<p>A explos\u00e3o de popularidade de &#8220;Descer pra BC&#8221; impactou de forma positiva a cidade, trazendo uma s\u00e9rie de benef\u00edcios. Primeiramente, houve um not\u00e1vel aumento no turismo, pois a m\u00fasica despertou o interesse de visitantes de diversas regi\u00f5es do Brasil. O fluxo de turistas cresceu significativamente, e isso se refletiu na economia local, com setores como hotelaria, gastronomia e com\u00e9rcio observando um crescimento nas vendas e reservas.<\/p>\n\n\n\n<figure class=\"wp-block-image size-large\"><img loading=\"lazy\" decoding=\"async\" width=\"1024\" height=\"576\" src=\"https:\/\/www.em.com.br\/emfoco\/wp-content\/uploads\/2024\/12\/Balneario-Camboriu-_1733154922041-1024x576.jpg\" alt=\"Uma Jornada pela Alemanha do Brasil!\" class=\"wp-image-2781\" srcset=\"https:\/\/www.em.com.br\/emfoco\/wp-content\/uploads\/2024\/12\/Balneario-Camboriu-_1733154922041-1024x576.jpg 1024w, https:\/\/www.em.com.br\/emfoco\/wp-content\/uploads\/2024\/12\/Balneario-Camboriu-_1733154922041-300x169.jpg 300w, https:\/\/www.em.com.br\/emfoco\/wp-content\/uploads\/2024\/12\/Balneario-Camboriu-_1733154922041-768x432.jpg 768w, https:\/\/www.em.com.br\/emfoco\/wp-content\/uploads\/2024\/12\/Balneario-Camboriu-_1733154922041-750x422.jpg 750w, https:\/\/www.em.com.br\/emfoco\/wp-content\/uploads\/2024\/12\/Balneario-Camboriu-_1733154922041-1140x641.jpg 1140w, https:\/\/www.em.com.br\/emfoco\/wp-content\/uploads\/2024\/12\/Balneario-Camboriu-_1733154922041.jpg 1280w\" sizes=\"auto, (max-width: 1024px) 100vw, 1024px\" \/><figcaption class=\"wp-element-caption\">Balne\u00e1rio Cambori\u00fa &#8211; Cr\u00e9ditos: depositphotos.com \/ inacioluc<\/figcaption><\/figure>\n\n\n\n<h2 class=\"wp-block-heading\">Repercuss\u00e3o nas Redes Sociais<\/h2>\n\n\n\n<p>Al\u00e9m dos impactos econ\u00f4micos, a can\u00e7\u00e3o &#8220;Descer pra BC&#8221; gerou uma extensa repercuss\u00e3o nas redes sociais. Importantes celebridades e influenciadores digitais compartilharam e disseminaram a m\u00fasica em suas plataformas, ampliando seu alcance. Isso resultou em um efeito multiplicador, onde a popularidade da m\u00fasica e a visibilidade da cidade se alimentaram mutuamente.<\/p>\n\n\n\n<h2 class=\"wp-block-heading\">Por que Balne\u00e1rio Cambori\u00fa \u00e9 uma &#8220;Dubai Brasileira&#8221;?<\/h2>\n\n\n\n<p>A fama de Balne\u00e1rio Cambori\u00fa como a &#8220;<strong><a href=\"https:\/\/www.em.com.br\/emfoco\/2024\/12\/07\/a-dubai-brasileira-que-voce-precisa-conhecer\/\" target=\"_blank\" rel=\"noreferrer noopener\">Dubai brasileira<\/a><\/strong>&#8221; se deve a seus arranha-c\u00e9us impressionantes e sua atmosfera de modernidade e luxo. A cidade \u00e9 vista como um \u00edcone de sofistica\u00e7\u00e3o e \u00e9 frequentemente associada com experi\u00eancias de alto padr\u00e3o. Este cen\u00e1rio encantador seduziu in\u00fameros visitantes, solidificando sua posi\u00e7\u00e3o como um dos principais destinos tur\u00edsticos do Brasil.<\/p>\n\n\n\n<h2 class=\"wp-block-heading\">Um Olhar Sobre o Futuro<\/h2>\n\n\n\n<p>O sucesso da m\u00fasica &#8220;Descer pra BC&#8221; funciona como um marco na cultura popular brasileira. Ela n\u00e3o s\u00f3 reflete o potencial do sertanejo de travessia de fronteiras geogr\u00e1ficas, mas tamb\u00e9m sublinha como a m\u00fasica pode servir como uma plataforma poderosa para a promo\u00e7\u00e3o de destinos tur\u00edsticos. Balne\u00e1rio Cambori\u00fa continuar\u00e1 a se beneficiar deste sucesso, e espera-se que mais turistas descubram suas maravilhas. Ao unir m\u00fasica e turismo, a cidade se posiciona para colher frutos ainda maiores no futuro.<\/p>\n","protected":false},"excerpt":{"rendered":"<p>A m\u00fasica &#8220;Descer pra BC&#8221; da dupla sertaneja Brenno &amp; Matheus emergiu como um sucesso arrebatador, conquistando o p\u00fablico em todo o pa\u00eds. Com mais de 20 milh\u00f5es de reprodu\u00e7\u00f5es no Spotify Brasil, a can\u00e7\u00e3o rapidamente atingiu o topo das paradas musicais. Este feito trouxe n\u00e3o apenas fama para os artistas, mas tamb\u00e9m colocou Balne\u00e1rio [&hellip;]<\/p>\n","protected":false},"author":5,"featured_media":5359,"comment_status":"open","ping_status":"open","sticky":false,"template":"","format":"standard","meta":{"jnews-multi-image_gallery":[],"jnews_single_post":{"format":"standard"},"jnews_primary_category":[],"jnews_social_meta":[],"jnews_override_counter":[],"footnotes":""},"categories":[26,1],"tags":[1398,1441,185,157],"class_list":["post-5357","post","type-post","status-publish","format-standard","has-post-thumbnail","hentry","category-cidades","category-noticias","tag-balneario-camboriu","tag-curiosidades","tag-musica","tag-turismo"],"yoast_head":"<!-- This site is optimized with the Yoast SEO plugin v23.8 - https:\/\/yoast.com\/wordpress\/plugins\/seo\/ -->\n<title>A Melodia que Fez o Brasil &#039;Descer pra BC&#039; - Estado de Minas - Em foco<\/title>\n<meta name=\"description\" content=\"Quer saber por que Balne\u00e1rio Cambori\u00fa \u00e9 a nova queridinha dos brasileiros? A m\u00fasica &quot;Descer pra BC&quot; te explica tudo!\" \/>\n<meta name=\"robots\" content=\"index, follow, max-snippet:-1, max-image-preview:large, max-video-preview:-1\" \/>\n<link rel=\"canonical\" href=\"https:\/\/www.em.com.br\/emfoco\/2024\/12\/25\/a-melodia-que-fez-o-brasil-descer-pra-bc\/\" \/>\n<meta property=\"og:locale\" content=\"pt_BR\" \/>\n<meta property=\"og:type\" content=\"article\" \/>\n<meta property=\"og:title\" content=\"A Melodia que Fez o Brasil &#039;Descer pra BC&#039; - Estado de Minas - Em foco\" \/>\n<meta property=\"og:description\" content=\"Quer saber por que Balne\u00e1rio Cambori\u00fa \u00e9 a nova queridinha dos brasileiros? A m\u00fasica &quot;Descer pra BC&quot; te explica tudo!\" \/>\n<meta property=\"og:url\" content=\"https:\/\/www.em.com.br\/emfoco\/2024\/12\/25\/a-melodia-que-fez-o-brasil-descer-pra-bc\/\" \/>\n<meta property=\"og:site_name\" content=\"Estado de Minas - Em foco\" \/>\n<meta property=\"article:published_time\" content=\"2024-12-25T16:40:00+00:00\" \/>\n<meta property=\"article:modified_time\" content=\"2024-12-17T12:55:33+00:00\" \/>\n<meta property=\"og:image\" content=\"https:\/\/www.em.com.br\/emfoco\/wp-content\/uploads\/2024\/12\/Balneario-Camboriu-_1734440051992.jpg\" \/>\n\t<meta property=\"og:image:width\" content=\"1280\" \/>\n\t<meta property=\"og:image:height\" content=\"720\" \/>\n\t<meta property=\"og:image:type\" content=\"image\/jpeg\" \/>\n<meta name=\"author\" content=\"N\u00fabia Rangel\" \/>\n<meta name=\"twitter:card\" content=\"summary_large_image\" \/>\n<meta name=\"twitter:label1\" content=\"Escrito por\" \/>\n\t<meta name=\"twitter:data1\" content=\"N\u00fabia Rangel\" \/>\n\t<meta name=\"twitter:label2\" content=\"Est. tempo de leitura\" \/>\n\t<meta name=\"twitter:data2\" content=\"3 minutos\" \/>\n<!-- \/ Yoast SEO plugin. -->","yoast_head_json":{"title":"A Melodia que Fez o Brasil 'Descer pra BC' - Estado de Minas - Em foco","description":"Quer saber por que Balne\u00e1rio Cambori\u00fa \u00e9 a nova queridinha dos brasileiros? A m\u00fasica \"Descer pra BC\" te explica tudo!","robots":{"index":"index","follow":"follow","max-snippet":"max-snippet:-1","max-image-preview":"max-image-preview:large","max-video-preview":"max-video-preview:-1"},"canonical":"https:\/\/www.em.com.br\/emfoco\/2024\/12\/25\/a-melodia-que-fez-o-brasil-descer-pra-bc\/","og_locale":"pt_BR","og_type":"article","og_title":"A Melodia que Fez o Brasil 'Descer pra BC' - Estado de Minas - Em foco","og_description":"Quer saber por que Balne\u00e1rio Cambori\u00fa \u00e9 a nova queridinha dos brasileiros? A m\u00fasica \"Descer pra BC\" te explica tudo!","og_url":"https:\/\/www.em.com.br\/emfoco\/2024\/12\/25\/a-melodia-que-fez-o-brasil-descer-pra-bc\/","og_site_name":"Estado de Minas - Em foco","article_published_time":"2024-12-25T16:40:00+00:00","article_modified_time":"2024-12-17T12:55:33+00:00","og_image":[{"width":1280,"height":720,"url":"https:\/\/www.em.com.br\/emfoco\/wp-content\/uploads\/2024\/12\/Balneario-Camboriu-_1734440051992.jpg","type":"image\/jpeg"}],"author":"N\u00fabia Rangel","twitter_card":"summary_large_image","twitter_misc":{"Escrito por":"N\u00fabia Rangel","Est. tempo de leitura":"3 minutos"},"schema":{"@context":"https:\/\/schema.org","@graph":[{"@type":"WebPage","@id":"https:\/\/www.em.com.br\/emfoco\/2024\/12\/25\/a-melodia-que-fez-o-brasil-descer-pra-bc\/","url":"https:\/\/www.em.com.br\/emfoco\/2024\/12\/25\/a-melodia-que-fez-o-brasil-descer-pra-bc\/","name":"A Melodia que Fez o Brasil 'Descer pra BC' - Estado de Minas - Em foco","isPartOf":{"@id":"https:\/\/www.em.com.br\/emfoco\/#website"},"primaryImageOfPage":{"@id":"https:\/\/www.em.com.br\/emfoco\/2024\/12\/25\/a-melodia-que-fez-o-brasil-descer-pra-bc\/#primaryimage"},"image":{"@id":"https:\/\/www.em.com.br\/emfoco\/2024\/12\/25\/a-melodia-que-fez-o-brasil-descer-pra-bc\/#primaryimage"},"thumbnailUrl":"https:\/\/www.em.com.br\/emfoco\/wp-content\/uploads\/2024\/12\/Balneario-Camboriu-_1734440051992.jpg","datePublished":"2024-12-25T16:40:00+00:00","dateModified":"2024-12-17T12:55:33+00:00","author":{"@id":"https:\/\/www.em.com.br\/emfoco\/#\/schema\/person\/524437ef54f8a5d32591b143307f2e20"},"description":"Quer saber por que Balne\u00e1rio Cambori\u00fa \u00e9 a nova queridinha dos brasileiros? A m\u00fasica \"Descer pra BC\" te explica tudo!","breadcrumb":{"@id":"https:\/\/www.em.com.br\/emfoco\/2024\/12\/25\/a-melodia-que-fez-o-brasil-descer-pra-bc\/#breadcrumb"},"inLanguage":"pt-BR","potentialAction":[{"@type":"ReadAction","target":["https:\/\/www.em.com.br\/emfoco\/2024\/12\/25\/a-melodia-que-fez-o-brasil-descer-pra-bc\/"]}]},{"@type":"ImageObject","inLanguage":"pt-BR","@id":"https:\/\/www.em.com.br\/emfoco\/2024\/12\/25\/a-melodia-que-fez-o-brasil-descer-pra-bc\/#primaryimage","url":"https:\/\/www.em.com.br\/emfoco\/wp-content\/uploads\/2024\/12\/Balneario-Camboriu-_1734440051992.jpg","contentUrl":"https:\/\/www.em.com.br\/emfoco\/wp-content\/uploads\/2024\/12\/Balneario-Camboriu-_1734440051992.jpg","width":1280,"height":720,"caption":"Balne\u00e1rio Cambori\u00fa - Cr\u00e9ditos: depositphotos.com \/ sergio_pulp"},{"@type":"BreadcrumbList","@id":"https:\/\/www.em.com.br\/emfoco\/2024\/12\/25\/a-melodia-que-fez-o-brasil-descer-pra-bc\/#breadcrumb","itemListElement":[{"@type":"ListItem","position":1,"name":"In\u00edcio","item":"https:\/\/www.em.com.br\/emfoco\/"},{"@type":"ListItem","position":2,"name":"A Melodia que Fez o Brasil &#8216;Descer pra BC&#8217;"}]},{"@type":"WebSite","@id":"https:\/\/www.em.com.br\/emfoco\/#website","url":"https:\/\/www.em.com.br\/emfoco\/","name":"Estado de Minas - Em foco","description":"Acompanhe as \u00faltimas not\u00edcias e fique bem informado sobre tudo o que acontece em Minas Gerais, Brasil e no mundo.","potentialAction":[{"@type":"SearchAction","target":{"@type":"EntryPoint","urlTemplate":"https:\/\/www.em.com.br\/emfoco\/?s={search_term_string}"},"query-input":{"@type":"PropertyValueSpecification","valueRequired":true,"valueName":"search_term_string"}}],"inLanguage":"pt-BR"},{"@type":"Person","@id":"https:\/\/www.em.com.br\/emfoco\/#\/schema\/person\/524437ef54f8a5d32591b143307f2e20","name":"N\u00fabia Rangel","image":{"@type":"ImageObject","inLanguage":"pt-BR","@id":"https:\/\/www.em.com.br\/emfoco\/#\/schema\/person\/image\/","url":"https:\/\/secure.gravatar.com\/avatar\/47cff2827a5ba23c37e8068c86817ea4?s=96&d=mm&r=g","contentUrl":"https:\/\/secure.gravatar.com\/avatar\/47cff2827a5ba23c37e8068c86817ea4?s=96&d=mm&r=g","caption":"N\u00fabia Rangel"},"sameAs":["https:\/\/www.em.com.br\/emfoco\/"],"url":"https:\/\/www.em.com.br\/emfoco\/author\/nubiamyth\/"}]}},"_links":{"self":[{"href":"https:\/\/www.em.com.br\/emfoco\/wp-json\/wp\/v2\/posts\/5357","targetHints":{"allow":["GET"]}}],"collection":[{"href":"https:\/\/www.em.com.br\/emfoco\/wp-json\/wp\/v2\/posts"}],"about":[{"href":"https:\/\/www.em.com.br\/emfoco\/wp-json\/wp\/v2\/types\/post"}],"author":[{"embeddable":true,"href":"https:\/\/www.em.com.br\/emfoco\/wp-json\/wp\/v2\/users\/5"}],"replies":[{"embeddable":true,"href":"https:\/\/www.em.com.br\/emfoco\/wp-json\/wp\/v2\/comments?post=5357"}],"version-history":[{"count":2,"href":"https:\/\/www.em.com.br\/emfoco\/wp-json\/wp\/v2\/posts\/5357\/revisions"}],"predecessor-version":[{"id":5362,"href":"https:\/\/www.em.com.br\/emfoco\/wp-json\/wp\/v2\/posts\/5357\/revisions\/5362"}],"wp:featuredmedia":[{"embeddable":true,"href":"https:\/\/www.em.com.br\/emfoco\/wp-json\/wp\/v2\/media\/5359"}],"wp:attachment":[{"href":"https:\/\/www.em.com.br\/emfoco\/wp-json\/wp\/v2\/media?parent=5357"}],"wp:term":[{"taxonomy":"category","embeddable":true,"href":"https:\/\/www.em.com.br\/emfoco\/wp-json\/wp\/v2\/categories?post=5357"},{"taxonomy":"post_tag","embeddable":true,"href":"https:\/\/www.em.com.br\/emfoco\/wp-json\/wp\/v2\/tags?post=5357"}],"curies":[{"name":"wp","href":"https:\/\/api.w.org\/{rel}","templated":true}]}}