{"id":53449,"date":"2025-06-02T13:20:00","date_gmt":"2025-06-02T16:20:00","guid":{"rendered":"https:\/\/www.em.com.br\/emfoco\/?p=53449"},"modified":"2025-06-17T18:03:45","modified_gmt":"2025-06-17T21:03:45","slug":"carros-0-km-mais-baratos-do-brasil-comecam-em-r-78-990-seria-o-fim-dos-carros-de-entrada","status":"publish","type":"post","link":"https:\/\/www.em.com.br\/emfoco\/2025\/06\/02\/carros-0-km-mais-baratos-do-brasil-comecam-em-r-78-990-seria-o-fim-dos-carros-de-entrada\/","title":{"rendered":"Carros 0 km mais baratos do Brasil come\u00e7am em R$ 78.990! Seria o fim dos carros de entrada?"},"content":{"rendered":"\n<p>Comprar um carro zero quil\u00f4metro virou coisa de rico? N\u00e3o exatamente, mas quase chegamos l\u00e1. Em 2025, encontrar um modelo novo por menos de R$ 75 mil \u00e9 praticamente miss\u00e3o imposs\u00edvel. O tempo em que voc\u00ea conseguia um carrinho novo por R$ 40 mil ou R$ 50 mil ficou l\u00e1 no passado. Hoje, mesmo os modelos mais simples j\u00e1 ultrapassaram essa marca.<\/p>\n\n\n\n<p>O que aconteceu foi uma mudan\u00e7a de mentalidade dos compradores. As pessoas n\u00e3o querem mais aquele carro b\u00e1sico s\u00f3 com ar-condicionado e dire\u00e7\u00e3o hidr\u00e1ulica. Todo mundo quer conectividade, controle de estabilidade e pelo menos alguns airbags. Esse comportamento novo empurrou o mercado para cima, for\u00e7ando as montadoras a equipar melhor at\u00e9 os modelos mais baratos.<\/p>\n\n\n\n<h2 class=\"wp-block-heading\">Quem ainda consegue brigar pelos menores pre\u00e7os?<\/h2>\n\n\n<div class=\"wp-block-image\">\n<figure class=\"aligncenter size-large\"><img loading=\"lazy\" decoding=\"async\" width=\"1024\" height=\"576\" src=\"https:\/\/www.em.com.br\/emfoco\/wp-content\/uploads\/2025\/05\/Design-sem-nome-4-1024x576.jpg\" alt=\"Conhe\u00e7a os 5 carros mais baratos do Brasil em 2025\" class=\"wp-image-45170\" srcset=\"https:\/\/www.em.com.br\/emfoco\/wp-content\/uploads\/2025\/05\/Design-sem-nome-4-1024x576.jpg 1024w, https:\/\/www.em.com.br\/emfoco\/wp-content\/uploads\/2025\/05\/Design-sem-nome-4-300x169.jpg 300w, https:\/\/www.em.com.br\/emfoco\/wp-content\/uploads\/2025\/05\/Design-sem-nome-4-768x432.jpg 768w, https:\/\/www.em.com.br\/emfoco\/wp-content\/uploads\/2025\/05\/Design-sem-nome-4-750x422.jpg 750w, https:\/\/www.em.com.br\/emfoco\/wp-content\/uploads\/2025\/05\/Design-sem-nome-4-1140x641.jpg 1140w, https:\/\/www.em.com.br\/emfoco\/wp-content\/uploads\/2025\/05\/Design-sem-nome-4.jpg 1280w\" sizes=\"auto, (max-width: 1024px) 100vw, 1024px\" \/><figcaption class=\"wp-element-caption\">Fiat Mobi &#8211; Cr\u00e9ditos: Stellantis\/Divulga\u00e7\u00e3o<\/figcaption><\/figure><\/div>\n\n\n<p>O <strong><a href=\"https:\/\/www.fiat.com.br\/\" target=\"_blank\" rel=\"noreferrer noopener\">Fiat <\/a>Mobi<\/strong> segue firme na lideran\u00e7a dos mais baratos, custando R$ 76.990 na vers\u00e3o <strong>Like<\/strong>. Produzido em <strong>Betim<\/strong>, o pequeno hatch ganhou o motor 1.0 Firefly de 75 cavalos, que \u00e9 mais moderno que o antigo Fire. \u00c9 um carro honesto, sem firulas, mas que cumpre bem o papel de transportar pessoas na cidade.<\/p>\n\n\n\n<p>Logo atr\u00e1s vem o <strong>Renault Kwid<\/strong>, que custa R$ 77.240 na vers\u00e3o <strong>Zen<\/strong>. O franc\u00eas tem um visual que lembra um SUV em miniatura, o que agrada muita gente. Com motor 1.0 de 71 cavalos, ele faz uma m\u00e9dia de consumo impressionante: mais de 15 quil\u00f4metros por litro. Para quem roda muito, essa economia no combust\u00edvel faz diferen\u00e7a no or\u00e7amento.<\/p>\n\n\n\n<h2 class=\"wp-block-heading\">Como o Citro\u00ebn conseguiu entrar na briga?<\/h2>\n\n\n\n<p>O <strong>Citro\u00ebn C3<\/strong> aparece na terceira posi\u00e7\u00e3o, custando R$ 80.200 na vers\u00e3o <strong>Live<\/strong>. A marca francesa fez uma jogada interessante ao reposicionar o modelo como um <a href=\"https:\/\/www.em.com.br\/emfoco\/2024\/11\/22\/onix-2025-chega-chutando-a-porta-com-motor-turbinado-e-preco-top\/\" target=\"_blank\" rel=\"noreferrer noopener\">carro <\/a>mais acess\u00edvel. O <strong>C3<\/strong> tem motor 1.0 Firefly de 77 cavalos e visual bem moderno, que n\u00e3o envergonha ningu\u00e9m.<\/p>\n\n\n\n<p>Um ponto interessante \u00e9 que o <strong>C3<\/strong> conseguiu equilibrar pre\u00e7o baixo com visual atrativo. Muita gente que olha para ele n\u00e3o imagina que est\u00e1 entre os carros mais baratos do pa\u00eds. Essa \u00e9 uma vantagem importante num pa\u00eds onde a apar\u00eancia do carro ainda conta muito para muitos compradores.<\/p>\n\n\n\n<h2 class=\"wp-block-heading\">Por que alguns modelos sumiram da lista dos baratos?<\/h2>\n\n\n\n<p>V\u00e1rios carros que antes brigavam pelos menores pre\u00e7os simplesmente sa\u00edram dessa categoria. O <strong>Volkswagen up!<\/strong> foi descontinuado, o <strong>Ford Ka<\/strong> tamb\u00e9m. As montadoras perceberam que n\u00e3o compensava mais fazer carros muito b\u00e1sicos. O lucro era pequeno e a demanda estava diminuindo.<\/p>\n\n\n\n<p>Outro fator importante foi a obrigatoriedade de novos equipamentos de seguran\u00e7a. Controle de estabilidade, mais airbags e sistemas de assist\u00eancia aumentaram os custos de produ\u00e7\u00e3o. As montadoras preferiram focar em modelos com maior margem de lucro, deixando o segmento de entrada mais restrito.<\/p>\n\n\n\n<h2 class=\"wp-block-heading\">Quem completa o top 5 dos mais acess\u00edveis?<\/h2>\n\n\n<div class=\"wp-block-image\">\n<figure class=\"aligncenter size-large\"><img loading=\"lazy\" decoding=\"async\" width=\"1024\" height=\"576\" src=\"https:\/\/www.em.com.br\/emfoco\/wp-content\/uploads\/2025\/05\/Design-sem-nome-1-2-1024x576.jpg\" alt=\"Conhe\u00e7a os 5 carros mais baratos do Brasil em 2025\" class=\"wp-image-45173\" srcset=\"https:\/\/www.em.com.br\/emfoco\/wp-content\/uploads\/2025\/05\/Design-sem-nome-1-2-1024x576.jpg 1024w, https:\/\/www.em.com.br\/emfoco\/wp-content\/uploads\/2025\/05\/Design-sem-nome-1-2-300x169.jpg 300w, https:\/\/www.em.com.br\/emfoco\/wp-content\/uploads\/2025\/05\/Design-sem-nome-1-2-768x432.jpg 768w, https:\/\/www.em.com.br\/emfoco\/wp-content\/uploads\/2025\/05\/Design-sem-nome-1-2-750x422.jpg 750w, https:\/\/www.em.com.br\/emfoco\/wp-content\/uploads\/2025\/05\/Design-sem-nome-1-2-1140x641.jpg 1140w, https:\/\/www.em.com.br\/emfoco\/wp-content\/uploads\/2025\/05\/Design-sem-nome-1-2.jpg 1280w\" sizes=\"auto, (max-width: 1024px) 100vw, 1024px\" \/><figcaption class=\"wp-element-caption\">Peugeot 208 &#8211; Cr\u00e9ditos: Peugeot\/Divulga\u00e7\u00e3o<\/figcaption><\/figure><\/div>\n\n\n<p>O <strong>Fiat Argo<\/strong> aparece custando R$ 90.990, oferecendo mais espa\u00e7o que os subcompactos. Para fam\u00edlias ou pessoas que precisam de um porta-malas maior, pode ser uma escolha mais inteligente que os menores. O motor \u00e9 o mesmo 1.0 Firefly, mas o carro tem mais presen\u00e7a na rua.<\/p>\n\n\n\n<p>O <strong>Peugeot 208<\/strong> fecha a lista por R$ 91.990. O franc\u00eas passou por uma reformula\u00e7\u00e3o e ganhou vers\u00f5es mais baratas para competir nesse segmento. \u00c9 um dos hatches mais bonitos dispon\u00edveis, com acabamento superior aos concorrentes diretos.<\/p>\n\n\n\n<h2 class=\"wp-block-heading\">O que vem por a\u00ed para o mercado de carros populares?<\/h2>\n\n\n\n<p>A tend\u00eancia \u00e9 que os pre\u00e7os se estabilizem, mas dificilmente v\u00e3o cair. As montadoras investiram pesado em tecnologia e n\u00e3o v\u00e3o abrir m\u00e3o das margens de lucro conquistadas. O futuro aponta para carros mais equipados mesmo nas vers\u00f5es b\u00e1sicas, com foco em conectividade e efici\u00eancia energ\u00e9tica.<\/p>\n\n\n\n<p>Os pr\u00f3ximos anos devem trazer mais op\u00e7\u00f5es eletrificadas para o segmento popular. H\u00edbridos simples e carros el\u00e9tricos de entrada podem chegar ao Brasil, mas ainda com pre\u00e7os salgados. Enquanto isso n\u00e3o acontece, quem quer um carro novo precisa se preparar para investir pelo menos R$ 75 mil, sem contar financiamento e seguro.<\/p>\n","protected":false},"excerpt":{"rendered":"<p>Comprar um carro zero quil\u00f4metro virou coisa de rico? N\u00e3o exatamente, mas quase chegamos l\u00e1. Em 2025, encontrar um modelo novo por menos de R$ 75 mil \u00e9 praticamente miss\u00e3o imposs\u00edvel. O tempo em que voc\u00ea conseguia um carrinho novo por R$ 40 mil ou R$ 50 mil ficou l\u00e1 no passado. Hoje, mesmo os [&hellip;]<\/p>\n","protected":false},"author":13,"featured_media":45169,"comment_status":"open","ping_status":"open","sticky":false,"template":"","format":"standard","meta":{"jnews-multi-image_gallery":[],"jnews_single_post":{"format":"standard"},"jnews_primary_category":[],"jnews_social_meta":[],"jnews_override_counter":[],"footnotes":""},"categories":[27],"tags":[158,1116,1529,1401],"class_list":["post-53449","post","type-post","status-publish","format-standard","has-post-thumbnail","hentry","category-carros","tag-brasil","tag-carros","tag-mercado-automotivo","tag-precos-de-carros"],"yoast_head":"<!-- This site is optimized with the Yoast SEO plugin v23.8 - https:\/\/yoast.com\/wordpress\/plugins\/seo\/ -->\n<title>Carros 0 km mais baratos do Brasil come\u00e7am em R$ 78.990! Seria o fim dos carros de entrada? - Estado de Minas - Em foco<\/title>\n<meta name=\"description\" content=\"Carros b\u00e1sicos est\u00e3o sumindo do mercado e os novos pre\u00e7os surpreendem at\u00e9 os mais preparados! Veja os valores atualizados.\" \/>\n<meta name=\"robots\" content=\"index, follow, max-snippet:-1, max-image-preview:large, max-video-preview:-1\" \/>\n<link rel=\"canonical\" href=\"https:\/\/www.em.com.br\/emfoco\/2025\/06\/02\/carros-0-km-mais-baratos-do-brasil-comecam-em-r-78-990-seria-o-fim-dos-carros-de-entrada\/\" \/>\n<meta property=\"og:locale\" content=\"pt_BR\" \/>\n<meta property=\"og:type\" content=\"article\" \/>\n<meta property=\"og:title\" content=\"Carros 0 km mais baratos do Brasil come\u00e7am em R$ 78.990! Seria o fim dos carros de entrada? - Estado de Minas - Em foco\" \/>\n<meta property=\"og:description\" content=\"Carros b\u00e1sicos est\u00e3o sumindo do mercado e os novos pre\u00e7os surpreendem at\u00e9 os mais preparados! Veja os valores atualizados.\" \/>\n<meta property=\"og:url\" content=\"https:\/\/www.em.com.br\/emfoco\/2025\/06\/02\/carros-0-km-mais-baratos-do-brasil-comecam-em-r-78-990-seria-o-fim-dos-carros-de-entrada\/\" \/>\n<meta property=\"og:site_name\" content=\"Estado de Minas - Em foco\" \/>\n<meta property=\"article:published_time\" content=\"2025-06-02T16:20:00+00:00\" \/>\n<meta property=\"article:modified_time\" content=\"2025-06-17T21:03:45+00:00\" \/>\n<meta property=\"og:image\" content=\"https:\/\/www.em.com.br\/emfoco\/wp-content\/uploads\/2025\/05\/Fiat_1746625647433.jpg\" \/>\n\t<meta property=\"og:image:width\" content=\"1280\" \/>\n\t<meta property=\"og:image:height\" content=\"720\" \/>\n\t<meta property=\"og:image:type\" content=\"image\/jpeg\" \/>\n<meta name=\"author\" content=\"Gabriel Martins\" \/>\n<meta name=\"twitter:card\" content=\"summary_large_image\" \/>\n<meta name=\"twitter:label1\" content=\"Escrito por\" \/>\n\t<meta name=\"twitter:data1\" content=\"Gabriel Martins\" \/>\n\t<meta name=\"twitter:label2\" content=\"Est. tempo de leitura\" \/>\n\t<meta name=\"twitter:data2\" content=\"5 minutos\" \/>\n<!-- \/ Yoast SEO plugin. -->","yoast_head_json":{"title":"Carros 0 km mais baratos do Brasil come\u00e7am em R$ 78.990! Seria o fim dos carros de entrada? - Estado de Minas - Em foco","description":"Carros b\u00e1sicos est\u00e3o sumindo do mercado e os novos pre\u00e7os surpreendem at\u00e9 os mais preparados! Veja os valores atualizados.","robots":{"index":"index","follow":"follow","max-snippet":"max-snippet:-1","max-image-preview":"max-image-preview:large","max-video-preview":"max-video-preview:-1"},"canonical":"https:\/\/www.em.com.br\/emfoco\/2025\/06\/02\/carros-0-km-mais-baratos-do-brasil-comecam-em-r-78-990-seria-o-fim-dos-carros-de-entrada\/","og_locale":"pt_BR","og_type":"article","og_title":"Carros 0 km mais baratos do Brasil come\u00e7am em R$ 78.990! Seria o fim dos carros de entrada? - Estado de Minas - Em foco","og_description":"Carros b\u00e1sicos est\u00e3o sumindo do mercado e os novos pre\u00e7os surpreendem at\u00e9 os mais preparados! Veja os valores atualizados.","og_url":"https:\/\/www.em.com.br\/emfoco\/2025\/06\/02\/carros-0-km-mais-baratos-do-brasil-comecam-em-r-78-990-seria-o-fim-dos-carros-de-entrada\/","og_site_name":"Estado de Minas - Em foco","article_published_time":"2025-06-02T16:20:00+00:00","article_modified_time":"2025-06-17T21:03:45+00:00","og_image":[{"width":1280,"height":720,"url":"https:\/\/www.em.com.br\/emfoco\/wp-content\/uploads\/2025\/05\/Fiat_1746625647433.jpg","type":"image\/jpeg"}],"author":"Gabriel Martins","twitter_card":"summary_large_image","twitter_misc":{"Escrito por":"Gabriel Martins","Est. tempo de leitura":"5 minutos"},"schema":{"@context":"https:\/\/schema.org","@graph":[{"@type":"WebPage","@id":"https:\/\/www.em.com.br\/emfoco\/2025\/06\/02\/carros-0-km-mais-baratos-do-brasil-comecam-em-r-78-990-seria-o-fim-dos-carros-de-entrada\/","url":"https:\/\/www.em.com.br\/emfoco\/2025\/06\/02\/carros-0-km-mais-baratos-do-brasil-comecam-em-r-78-990-seria-o-fim-dos-carros-de-entrada\/","name":"Carros 0 km mais baratos do Brasil come\u00e7am em R$ 78.990! Seria o fim dos carros de entrada? - Estado de Minas - Em foco","isPartOf":{"@id":"https:\/\/www.em.com.br\/emfoco\/#website"},"primaryImageOfPage":{"@id":"https:\/\/www.em.com.br\/emfoco\/2025\/06\/02\/carros-0-km-mais-baratos-do-brasil-comecam-em-r-78-990-seria-o-fim-dos-carros-de-entrada\/#primaryimage"},"image":{"@id":"https:\/\/www.em.com.br\/emfoco\/2025\/06\/02\/carros-0-km-mais-baratos-do-brasil-comecam-em-r-78-990-seria-o-fim-dos-carros-de-entrada\/#primaryimage"},"thumbnailUrl":"https:\/\/www.em.com.br\/emfoco\/wp-content\/uploads\/2025\/05\/Fiat_1746625647433.jpg","datePublished":"2025-06-02T16:20:00+00:00","dateModified":"2025-06-17T21:03:45+00:00","author":{"@id":"https:\/\/www.em.com.br\/emfoco\/#\/schema\/person\/1c9ddeab18b98abeffef834667bcf08a"},"description":"Carros b\u00e1sicos est\u00e3o sumindo do mercado e os novos pre\u00e7os surpreendem at\u00e9 os mais preparados! Veja os valores atualizados.","breadcrumb":{"@id":"https:\/\/www.em.com.br\/emfoco\/2025\/06\/02\/carros-0-km-mais-baratos-do-brasil-comecam-em-r-78-990-seria-o-fim-dos-carros-de-entrada\/#breadcrumb"},"inLanguage":"pt-BR","potentialAction":[{"@type":"ReadAction","target":["https:\/\/www.em.com.br\/emfoco\/2025\/06\/02\/carros-0-km-mais-baratos-do-brasil-comecam-em-r-78-990-seria-o-fim-dos-carros-de-entrada\/"]}]},{"@type":"ImageObject","inLanguage":"pt-BR","@id":"https:\/\/www.em.com.br\/emfoco\/2025\/06\/02\/carros-0-km-mais-baratos-do-brasil-comecam-em-r-78-990-seria-o-fim-dos-carros-de-entrada\/#primaryimage","url":"https:\/\/www.em.com.br\/emfoco\/wp-content\/uploads\/2025\/05\/Fiat_1746625647433.jpg","contentUrl":"https:\/\/www.em.com.br\/emfoco\/wp-content\/uploads\/2025\/05\/Fiat_1746625647433.jpg","width":1280,"height":720,"caption":"Logo da Fiat - Cr\u00e9ditos: depositphotos.com \/ bondvit"},{"@type":"BreadcrumbList","@id":"https:\/\/www.em.com.br\/emfoco\/2025\/06\/02\/carros-0-km-mais-baratos-do-brasil-comecam-em-r-78-990-seria-o-fim-dos-carros-de-entrada\/#breadcrumb","itemListElement":[{"@type":"ListItem","position":1,"name":"In\u00edcio","item":"https:\/\/www.em.com.br\/emfoco\/"},{"@type":"ListItem","position":2,"name":"Carros 0 km mais baratos do Brasil come\u00e7am em R$ 78.990! Seria o fim dos carros de entrada?"}]},{"@type":"WebSite","@id":"https:\/\/www.em.com.br\/emfoco\/#website","url":"https:\/\/www.em.com.br\/emfoco\/","name":"Estado de Minas - Em foco","description":"Acompanhe as \u00faltimas not\u00edcias e fique bem informado sobre tudo o que acontece em Minas Gerais, Brasil e no mundo.","potentialAction":[{"@type":"SearchAction","target":{"@type":"EntryPoint","urlTemplate":"https:\/\/www.em.com.br\/emfoco\/?s={search_term_string}"},"query-input":{"@type":"PropertyValueSpecification","valueRequired":true,"valueName":"search_term_string"}}],"inLanguage":"pt-BR"},{"@type":"Person","@id":"https:\/\/www.em.com.br\/emfoco\/#\/schema\/person\/1c9ddeab18b98abeffef834667bcf08a","name":"Gabriel Martins","image":{"@type":"ImageObject","inLanguage":"pt-BR","@id":"https:\/\/www.em.com.br\/emfoco\/#\/schema\/person\/image\/","url":"https:\/\/secure.gravatar.com\/avatar\/f0f1e2efdfd88f1ad2cb08c5c2731e50?s=96&d=mm&r=g","contentUrl":"https:\/\/secure.gravatar.com\/avatar\/f0f1e2efdfd88f1ad2cb08c5c2731e50?s=96&d=mm&r=g","caption":"Gabriel Martins"},"sameAs":["https:\/\/www.em.com.br\/emfoco\/"],"url":"https:\/\/www.em.com.br\/emfoco\/author\/gabrielmartinsmyth\/"}]}},"_links":{"self":[{"href":"https:\/\/www.em.com.br\/emfoco\/wp-json\/wp\/v2\/posts\/53449","targetHints":{"allow":["GET"]}}],"collection":[{"href":"https:\/\/www.em.com.br\/emfoco\/wp-json\/wp\/v2\/posts"}],"about":[{"href":"https:\/\/www.em.com.br\/emfoco\/wp-json\/wp\/v2\/types\/post"}],"author":[{"embeddable":true,"href":"https:\/\/www.em.com.br\/emfoco\/wp-json\/wp\/v2\/users\/13"}],"replies":[{"embeddable":true,"href":"https:\/\/www.em.com.br\/emfoco\/wp-json\/wp\/v2\/comments?post=53449"}],"version-history":[{"count":3,"href":"https:\/\/www.em.com.br\/emfoco\/wp-json\/wp\/v2\/posts\/53449\/revisions"}],"predecessor-version":[{"id":62523,"href":"https:\/\/www.em.com.br\/emfoco\/wp-json\/wp\/v2\/posts\/53449\/revisions\/62523"}],"wp:featuredmedia":[{"embeddable":true,"href":"https:\/\/www.em.com.br\/emfoco\/wp-json\/wp\/v2\/media\/45169"}],"wp:attachment":[{"href":"https:\/\/www.em.com.br\/emfoco\/wp-json\/wp\/v2\/media?parent=53449"}],"wp:term":[{"taxonomy":"category","embeddable":true,"href":"https:\/\/www.em.com.br\/emfoco\/wp-json\/wp\/v2\/categories?post=53449"},{"taxonomy":"post_tag","embeddable":true,"href":"https:\/\/www.em.com.br\/emfoco\/wp-json\/wp\/v2\/tags?post=53449"}],"curies":[{"name":"wp","href":"https:\/\/api.w.org\/{rel}","templated":true}]}}