{"id":53381,"date":"2025-06-02T15:20:00","date_gmt":"2025-06-02T18:20:00","guid":{"rendered":"https:\/\/www.em.com.br\/emfoco\/?p=53381"},"modified":"2025-06-30T09:55:17","modified_gmt":"2025-06-30T12:55:17","slug":"sucesso-mundial-the-chosen-ganha-novos-episodios-e-series-derivadas-surpreendentes","status":"publish","type":"post","link":"https:\/\/www.em.com.br\/emfoco\/2025\/06\/02\/sucesso-mundial-the-chosen-ganha-novos-episodios-e-series-derivadas-surpreendentes\/","title":{"rendered":"Sucesso mundial! &#8220;The Chosen&#8221; ganha novos epis\u00f3dios e s\u00e9ries derivadas surpreendentes"},"content":{"rendered":"\n<p>A s\u00e9rie <strong>The Chosen<\/strong> continua revolucionando a forma como hist\u00f3rias b\u00edblicas s\u00e3o contadas na televis\u00e3o moderna. Criada por <strong>Dallas Jenkins<\/strong>, esta produ\u00e7\u00e3o independente transformou a narrativa sobre <strong>Jesus Cristo<\/strong> em algo completamente novo, focando na humanidade dos personagens ao inv\u00e9s de apenas destacar os aspectos divinos. Com sua quinta temporada chegando aos streamings em 2025, a s\u00e9rie consolida sua posi\u00e7\u00e3o como um fen\u00f4meno global que transcende barreiras religiosas e culturais.<\/p>\n\n\n\n<p>O diferencial de <strong>The Chosen<\/strong> est\u00e1 em sua abordagem \u00edntima e pessoal dos eventos b\u00edblicos. A s\u00e9rie explora as rela\u00e7\u00f5es humanas por tr\u00e1s dos milagres, mostrando como pessoas comuns foram transformadas pelo encontro com <strong><a href=\"https:\/\/www.instagram.com\/jonathanroumieofficial\/?hl=pt\" target=\"_blank\" rel=\"noreferrer noopener\">Jesus<\/a><\/strong>. Essa perspectiva \u00fanica conquistou milh\u00f5es de espectadores ao redor do mundo, criando uma base de f\u00e3s impressionantemente diversa que inclui tanto crist\u00e3os devotos quanto pessoas que nunca se interessaram por temas religiosos.<\/p>\n\n\n\n<h2 class=\"wp-block-heading\">O que esperar da 5\u00aa temporada de The Chosen?<\/h2>\n\n\n\n<p>A quinta temporada de The Chosen promete uma narrativa ainda mais envolvente e complexa. Neste novo cap\u00edtulo, Jesus \u00e9 recebido como rei pelo povo de Israel, mas, em vez de atender \u00e0s expectativas de seus seguidores, ele desafia as normas religiosas da \u00e9poca. Este conflito gera tens\u00e3o com as autoridades locais, criando um enredo cheio de reviravoltas e momentos emocionantes.<\/p>\n\n\n\n<p>Com oito epis\u00f3dios, a nova temporada ser\u00e1 lan\u00e7ada em tr\u00eas partes no <strong>Prime Video<\/strong>. Os dois primeiros epis\u00f3dios estar\u00e3o dispon\u00edveis em 13 de julho, seguidos por mais dois em 20 de julho, e os \u00faltimos tr\u00eas cap\u00edtulos ser\u00e3o lan\u00e7ados em <strong>27 de julho<\/strong>. A s\u00e9rie cont\u00ednua a explorar temas profundos e relevantes, mantendo o p\u00fablico engajado e ansioso por mais.<\/p>\n\n\n\n<figure class=\"wp-block-embed is-type-video is-provider-youtube wp-block-embed-youtube wp-embed-aspect-16-9 wp-has-aspect-ratio\"><div class=\"wp-block-embed__wrapper\">\n<div class=\"jeg_video_container jeg_video_content\"><iframe loading=\"lazy\" title=\"The Chosen: \u00daltima Ceia (Temporada 5) | TRAILER DUBLADO\" width=\"500\" height=\"281\" src=\"https:\/\/www.youtube.com\/embed\/o519C3i0Jng?feature=oembed\" frameborder=\"0\" allow=\"accelerometer; autoplay; clipboard-write; encrypted-media; gyroscope; picture-in-picture; web-share\" referrerpolicy=\"strict-origin-when-cross-origin\" allowfullscreen><\/iframe><\/div>\n<\/div><\/figure>\n\n\n\n<h2 class=\"wp-block-heading\">Onde assistir The Chosen?<\/h2>\n\n\n\n<p>Para aqueles que desejam assistir \u00e0s temporadas anteriores de The Chosen, todas as quatro primeiras temporadas est\u00e3o dispon\u00edveis no cat\u00e1logo do Prime Video. Al\u00e9m disso, a s\u00e9rie pode ser acessada atrav\u00e9s do aplicativo oficial The Chosen, dispon\u00edvel para dispositivos <strong><a href=\"https:\/\/www.em.com.br\/emfoco\/2025\/05\/20\/android-16-chegou-veja-o-novo-design-e-as-novas-mudancas-incriveis\/\" target=\"_blank\" rel=\"noreferrer noopener\">Android <\/a><\/strong>e <strong>iOS<\/strong>. Os epis\u00f3dios tamb\u00e9m est\u00e3o dispon\u00edveis no <strong>YouTube <\/strong>e no site oficial da s\u00e9rie, oferecendo v\u00e1rias op\u00e7\u00f5es para os espectadores acompanharem a jornada de Jesus e seus disc\u00edpulos.<\/p>\n\n\n\n<h2 class=\"wp-block-heading\">Quais s\u00e3o os planos futuros para The Chosen?<\/h2>\n\n\n\n<p>The Chosen j\u00e1 tem planos para uma sexta e s\u00e9tima temporadas, previstas para serem lan\u00e7adas em 2026 e 2027, respectivamente. Estes novos cap\u00edtulos abordar\u00e3o eventos cruciais como a crucifica\u00e7\u00e3o e a ressurrei\u00e7\u00e3o de Cristo, com lan\u00e7amentos especiais nos cinemas antes de chegarem ao Prime Video. Al\u00e9m disso, o universo de The Chosen est\u00e1 se expandindo com novos projetos derivados.<\/p>\n\n\n<div class=\"wp-block-image\">\n<figure class=\"aligncenter size-large\"><img loading=\"lazy\" decoding=\"async\" width=\"1024\" height=\"576\" src=\"https:\/\/www.em.com.br\/emfoco\/wp-content\/uploads\/2025\/06\/ressurreicao-de-Cristo_1751288072530-1024x576.jpg\" alt=\"\" class=\"wp-image-68830\" srcset=\"https:\/\/www.em.com.br\/emfoco\/wp-content\/uploads\/2025\/06\/ressurreicao-de-Cristo_1751288072530-1024x576.jpg 1024w, https:\/\/www.em.com.br\/emfoco\/wp-content\/uploads\/2025\/06\/ressurreicao-de-Cristo_1751288072530-300x169.jpg 300w, https:\/\/www.em.com.br\/emfoco\/wp-content\/uploads\/2025\/06\/ressurreicao-de-Cristo_1751288072530-768x432.jpg 768w, https:\/\/www.em.com.br\/emfoco\/wp-content\/uploads\/2025\/06\/ressurreicao-de-Cristo_1751288072530-750x422.jpg 750w, https:\/\/www.em.com.br\/emfoco\/wp-content\/uploads\/2025\/06\/ressurreicao-de-Cristo_1751288072530-1140x641.jpg 1140w, https:\/\/www.em.com.br\/emfoco\/wp-content\/uploads\/2025\/06\/ressurreicao-de-Cristo_1751288072530.jpg 1280w\" sizes=\"auto, (max-width: 1024px) 100vw, 1024px\" \/><figcaption class=\"wp-element-caption\">Ressurrei\u00e7\u00e3o de Cristo &#8211; Cr\u00e9ditos: depositphotos.com \/ jamesgroup<\/figcaption><\/figure><\/div>\n\n\n<p>Entre os novos programas est\u00e3o um spin-off, duas s\u00e9ries in\u00e9ditas, uma anima\u00e7\u00e3o infantil e um reality show com<strong> Bear Grylls<\/strong>. A anima\u00e7\u00e3o, intitulada<strong> The Chosen Adventures<\/strong>, seguir\u00e1 a hist\u00f3ria de <strong>Abby<\/strong>, uma crian\u00e7a cuja vida \u00e9 transformada ao conhecer Jesus Cristo. O est\u00fadio<strong> 5&amp;2 Studios<\/strong>, criado por Jenkins, tamb\u00e9m planeja lan\u00e7ar uma s\u00e9rie sobre Mois\u00e9s e uma miniss\u00e9rie sobre <strong>Jos\u00e9<\/strong>, trazendo hist\u00f3rias do <strong>Velho Testamento<\/strong> para as telas.<\/p>\n\n\n\n<h2 class=\"wp-block-heading\">O que diferencia The Chosen de outras produ\u00e7\u00f5es religiosas?<\/h2>\n\n\n\n<p>A principal diferen\u00e7a est\u00e1 na abordagem cinematogr\u00e1fica e na profundidade psicol\u00f3gica dos personagens. Enquanto muitas produ\u00e7\u00f5es religiosas focam apenas na mensagem espiritual, <strong>The Chosen<\/strong> investe pesadamente na constru\u00e7\u00e3o de narrativas envolventes e personagens complexos. A s\u00e9rie trata temas universais como fam\u00edlia, amizade, trai\u00e7\u00e3o e reden\u00e7\u00e3o de forma que ressoa com qualquer espectador, independentemente de suas cren\u00e7as.<\/p>\n\n\n\n<p>A produ\u00e7\u00e3o tamb\u00e9m se destaca pela aten\u00e7\u00e3o aos detalhes hist\u00f3ricos e culturais. O cen\u00e1rio de <strong>Cafarnaum<\/strong> constru\u00eddo no <strong>Texas<\/strong> reproduz fielmente a arquitetura e os costumes da <strong>Palestina<\/strong> do s\u00e9culo I. Esse cuidado com a autenticidade hist\u00f3rica, combinado com a liberdade criativa para explorar aspectos humanos dos personagens b\u00edblicos, cria uma experi\u00eancia \u00fanica que educa e entret\u00e9m simultaneamente.<\/p>\n\n\n\n<p><\/p>\n","protected":false},"excerpt":{"rendered":"<p>A s\u00e9rie The Chosen continua revolucionando a forma como hist\u00f3rias b\u00edblicas s\u00e3o contadas na televis\u00e3o moderna. Criada por Dallas Jenkins, esta produ\u00e7\u00e3o independente transformou a narrativa sobre Jesus Cristo em algo completamente novo, focando na humanidade dos personagens ao inv\u00e9s de apenas destacar os aspectos divinos. Com sua quinta temporada chegando aos streamings em 2025, [&hellip;]<\/p>\n","protected":false},"author":13,"featured_media":43728,"comment_status":"open","ping_status":"open","sticky":false,"template":"","format":"standard","meta":{"jnews-multi-image_gallery":[],"jnews_single_post":{"format":"standard"},"jnews_primary_category":[],"jnews_social_meta":[],"jnews_override_counter":[],"footnotes":""},"categories":[29,136],"tags":[9545,1379,5770],"class_list":["post-53381","post","type-post","status-publish","format-standard","has-post-thumbnail","hentry","category-entretenimento","category-series","tag-baseado-em-fe","tag-prime-video","tag-serie-historica"],"yoast_head":"<!-- This site is optimized with the Yoast SEO plugin v23.8 - https:\/\/yoast.com\/wordpress\/plugins\/seo\/ -->\n<title>Sucesso mundial! &quot;The Chosen&quot; ganha novos epis\u00f3dios e s\u00e9ries derivadas surpreendentes - Estado de Minas - Em foco<\/title>\n<meta name=\"description\" content=\"A 5\u00aa temporada de The Chosen estreia em julho e traz reviravoltas, embates religiosos e expans\u00e3o do universo.\" \/>\n<meta name=\"robots\" content=\"index, follow, max-snippet:-1, max-image-preview:large, max-video-preview:-1\" \/>\n<link rel=\"canonical\" href=\"https:\/\/www.em.com.br\/emfoco\/2025\/06\/02\/sucesso-mundial-the-chosen-ganha-novos-episodios-e-series-derivadas-surpreendentes\/\" \/>\n<meta property=\"og:locale\" content=\"pt_BR\" \/>\n<meta property=\"og:type\" content=\"article\" \/>\n<meta property=\"og:title\" content=\"Sucesso mundial! &quot;The Chosen&quot; ganha novos epis\u00f3dios e s\u00e9ries derivadas surpreendentes - Estado de Minas - Em foco\" \/>\n<meta property=\"og:description\" content=\"A 5\u00aa temporada de The Chosen estreia em julho e traz reviravoltas, embates religiosos e expans\u00e3o do universo.\" \/>\n<meta property=\"og:url\" content=\"https:\/\/www.em.com.br\/emfoco\/2025\/06\/02\/sucesso-mundial-the-chosen-ganha-novos-episodios-e-series-derivadas-surpreendentes\/\" \/>\n<meta property=\"og:site_name\" content=\"Estado de Minas - Em foco\" \/>\n<meta property=\"article:published_time\" content=\"2025-06-02T18:20:00+00:00\" \/>\n<meta property=\"article:modified_time\" content=\"2025-06-30T12:55:17+00:00\" \/>\n<meta property=\"og:image\" content=\"https:\/\/www.em.com.br\/emfoco\/wp-content\/uploads\/2025\/05\/Amazon-prime-video_1746191041641.jpg\" \/>\n\t<meta property=\"og:image:width\" content=\"1280\" \/>\n\t<meta property=\"og:image:height\" content=\"720\" \/>\n\t<meta property=\"og:image:type\" content=\"image\/jpeg\" \/>\n<meta name=\"author\" content=\"Gabriel Martins\" \/>\n<meta name=\"twitter:card\" content=\"summary_large_image\" \/>\n<meta name=\"twitter:label1\" content=\"Escrito por\" \/>\n\t<meta name=\"twitter:data1\" content=\"Gabriel Martins\" \/>\n\t<meta name=\"twitter:label2\" content=\"Est. tempo de leitura\" \/>\n\t<meta name=\"twitter:data2\" content=\"4 minutos\" \/>\n<!-- \/ Yoast SEO plugin. -->","yoast_head_json":{"title":"Sucesso mundial! \"The Chosen\" ganha novos epis\u00f3dios e s\u00e9ries derivadas surpreendentes - Estado de Minas - Em foco","description":"A 5\u00aa temporada de The Chosen estreia em julho e traz reviravoltas, embates religiosos e expans\u00e3o do universo.","robots":{"index":"index","follow":"follow","max-snippet":"max-snippet:-1","max-image-preview":"max-image-preview:large","max-video-preview":"max-video-preview:-1"},"canonical":"https:\/\/www.em.com.br\/emfoco\/2025\/06\/02\/sucesso-mundial-the-chosen-ganha-novos-episodios-e-series-derivadas-surpreendentes\/","og_locale":"pt_BR","og_type":"article","og_title":"Sucesso mundial! \"The Chosen\" ganha novos epis\u00f3dios e s\u00e9ries derivadas surpreendentes - Estado de Minas - Em foco","og_description":"A 5\u00aa temporada de The Chosen estreia em julho e traz reviravoltas, embates religiosos e expans\u00e3o do universo.","og_url":"https:\/\/www.em.com.br\/emfoco\/2025\/06\/02\/sucesso-mundial-the-chosen-ganha-novos-episodios-e-series-derivadas-surpreendentes\/","og_site_name":"Estado de Minas - Em foco","article_published_time":"2025-06-02T18:20:00+00:00","article_modified_time":"2025-06-30T12:55:17+00:00","og_image":[{"width":1280,"height":720,"url":"https:\/\/www.em.com.br\/emfoco\/wp-content\/uploads\/2025\/05\/Amazon-prime-video_1746191041641.jpg","type":"image\/jpeg"}],"author":"Gabriel Martins","twitter_card":"summary_large_image","twitter_misc":{"Escrito por":"Gabriel Martins","Est. tempo de leitura":"4 minutos"},"schema":{"@context":"https:\/\/schema.org","@graph":[{"@type":"WebPage","@id":"https:\/\/www.em.com.br\/emfoco\/2025\/06\/02\/sucesso-mundial-the-chosen-ganha-novos-episodios-e-series-derivadas-surpreendentes\/","url":"https:\/\/www.em.com.br\/emfoco\/2025\/06\/02\/sucesso-mundial-the-chosen-ganha-novos-episodios-e-series-derivadas-surpreendentes\/","name":"Sucesso mundial! \"The Chosen\" ganha novos epis\u00f3dios e s\u00e9ries derivadas surpreendentes - Estado de Minas - Em foco","isPartOf":{"@id":"https:\/\/www.em.com.br\/emfoco\/#website"},"primaryImageOfPage":{"@id":"https:\/\/www.em.com.br\/emfoco\/2025\/06\/02\/sucesso-mundial-the-chosen-ganha-novos-episodios-e-series-derivadas-surpreendentes\/#primaryimage"},"image":{"@id":"https:\/\/www.em.com.br\/emfoco\/2025\/06\/02\/sucesso-mundial-the-chosen-ganha-novos-episodios-e-series-derivadas-surpreendentes\/#primaryimage"},"thumbnailUrl":"https:\/\/www.em.com.br\/emfoco\/wp-content\/uploads\/2025\/05\/Amazon-prime-video_1746191041641.jpg","datePublished":"2025-06-02T18:20:00+00:00","dateModified":"2025-06-30T12:55:17+00:00","author":{"@id":"https:\/\/www.em.com.br\/emfoco\/#\/schema\/person\/1c9ddeab18b98abeffef834667bcf08a"},"description":"A 5\u00aa temporada de The Chosen estreia em julho e traz reviravoltas, embates religiosos e expans\u00e3o do universo.","breadcrumb":{"@id":"https:\/\/www.em.com.br\/emfoco\/2025\/06\/02\/sucesso-mundial-the-chosen-ganha-novos-episodios-e-series-derivadas-surpreendentes\/#breadcrumb"},"inLanguage":"pt-BR","potentialAction":[{"@type":"ReadAction","target":["https:\/\/www.em.com.br\/emfoco\/2025\/06\/02\/sucesso-mundial-the-chosen-ganha-novos-episodios-e-series-derivadas-surpreendentes\/"]}]},{"@type":"ImageObject","inLanguage":"pt-BR","@id":"https:\/\/www.em.com.br\/emfoco\/2025\/06\/02\/sucesso-mundial-the-chosen-ganha-novos-episodios-e-series-derivadas-surpreendentes\/#primaryimage","url":"https:\/\/www.em.com.br\/emfoco\/wp-content\/uploads\/2025\/05\/Amazon-prime-video_1746191041641.jpg","contentUrl":"https:\/\/www.em.com.br\/emfoco\/wp-content\/uploads\/2025\/05\/Amazon-prime-video_1746191041641.jpg","width":1280,"height":720,"caption":"Amazon Prime Video - Cr\u00e9ditos: depositphotos.com \/ andreajk3"},{"@type":"BreadcrumbList","@id":"https:\/\/www.em.com.br\/emfoco\/2025\/06\/02\/sucesso-mundial-the-chosen-ganha-novos-episodios-e-series-derivadas-surpreendentes\/#breadcrumb","itemListElement":[{"@type":"ListItem","position":1,"name":"In\u00edcio","item":"https:\/\/www.em.com.br\/emfoco\/"},{"@type":"ListItem","position":2,"name":"Sucesso mundial! &#8220;The Chosen&#8221; ganha novos epis\u00f3dios e s\u00e9ries derivadas surpreendentes"}]},{"@type":"WebSite","@id":"https:\/\/www.em.com.br\/emfoco\/#website","url":"https:\/\/www.em.com.br\/emfoco\/","name":"Estado de Minas - Em foco","description":"Acompanhe as \u00faltimas not\u00edcias e fique bem informado sobre tudo o que acontece em Minas Gerais, Brasil e no mundo.","potentialAction":[{"@type":"SearchAction","target":{"@type":"EntryPoint","urlTemplate":"https:\/\/www.em.com.br\/emfoco\/?s={search_term_string}"},"query-input":{"@type":"PropertyValueSpecification","valueRequired":true,"valueName":"search_term_string"}}],"inLanguage":"pt-BR"},{"@type":"Person","@id":"https:\/\/www.em.com.br\/emfoco\/#\/schema\/person\/1c9ddeab18b98abeffef834667bcf08a","name":"Gabriel Martins","image":{"@type":"ImageObject","inLanguage":"pt-BR","@id":"https:\/\/www.em.com.br\/emfoco\/#\/schema\/person\/image\/","url":"https:\/\/secure.gravatar.com\/avatar\/f0f1e2efdfd88f1ad2cb08c5c2731e50?s=96&d=mm&r=g","contentUrl":"https:\/\/secure.gravatar.com\/avatar\/f0f1e2efdfd88f1ad2cb08c5c2731e50?s=96&d=mm&r=g","caption":"Gabriel Martins"},"sameAs":["https:\/\/www.em.com.br\/emfoco\/"],"url":"https:\/\/www.em.com.br\/emfoco\/author\/gabrielmartinsmyth\/"}]}},"_links":{"self":[{"href":"https:\/\/www.em.com.br\/emfoco\/wp-json\/wp\/v2\/posts\/53381","targetHints":{"allow":["GET"]}}],"collection":[{"href":"https:\/\/www.em.com.br\/emfoco\/wp-json\/wp\/v2\/posts"}],"about":[{"href":"https:\/\/www.em.com.br\/emfoco\/wp-json\/wp\/v2\/types\/post"}],"author":[{"embeddable":true,"href":"https:\/\/www.em.com.br\/emfoco\/wp-json\/wp\/v2\/users\/13"}],"replies":[{"embeddable":true,"href":"https:\/\/www.em.com.br\/emfoco\/wp-json\/wp\/v2\/comments?post=53381"}],"version-history":[{"count":4,"href":"https:\/\/www.em.com.br\/emfoco\/wp-json\/wp\/v2\/posts\/53381\/revisions"}],"predecessor-version":[{"id":68831,"href":"https:\/\/www.em.com.br\/emfoco\/wp-json\/wp\/v2\/posts\/53381\/revisions\/68831"}],"wp:featuredmedia":[{"embeddable":true,"href":"https:\/\/www.em.com.br\/emfoco\/wp-json\/wp\/v2\/media\/43728"}],"wp:attachment":[{"href":"https:\/\/www.em.com.br\/emfoco\/wp-json\/wp\/v2\/media?parent=53381"}],"wp:term":[{"taxonomy":"category","embeddable":true,"href":"https:\/\/www.em.com.br\/emfoco\/wp-json\/wp\/v2\/categories?post=53381"},{"taxonomy":"post_tag","embeddable":true,"href":"https:\/\/www.em.com.br\/emfoco\/wp-json\/wp\/v2\/tags?post=53381"}],"curies":[{"name":"wp","href":"https:\/\/api.w.org\/{rel}","templated":true}]}}