{"id":53340,"date":"2025-06-02T09:40:00","date_gmt":"2025-06-02T12:40:00","guid":{"rendered":"https:\/\/www.em.com.br\/emfoco\/?p=53340"},"modified":"2025-06-30T09:36:12","modified_gmt":"2025-06-30T12:36:12","slug":"veja-agora-as-esperas-mais-aguardadas-do-ano-na-disney","status":"publish","type":"post","link":"https:\/\/www.em.com.br\/emfoco\/2025\/06\/02\/veja-agora-as-esperas-mais-aguardadas-do-ano-na-disney\/","title":{"rendered":"Veja agora as esperas mais aguardadas do ano na Disney+"},"content":{"rendered":"\n<p>A plataforma de streaming <strong>Disney+<\/strong> est\u00e1 passando por uma transforma\u00e7\u00e3o impressionante em 2025, consolidando sua posi\u00e7\u00e3o como uma das principais for\u00e7as do entretenimento digital. Com um cat\u00e1logo que mistura nostalgia e inova\u00e7\u00e3o, o servi\u00e7o tem conquistado milh\u00f5es de espectadores ao redor do mundo atrav\u00e9s de estrat\u00e9gias audaciosas e conte\u00fados que falam diretamente com diferentes gera\u00e7\u00f5es.<\/p>\n\n\n\n<p>Desde seu lan\u00e7amento em 2019, o <strong><a href=\"https:\/\/www.em.com.br\/emfoco\/2025\/05\/20\/o-que-sabemos-e-podemos-esperar-do-universo-marvel-na-fase-6\/\" target=\"_blank\" rel=\"noreferrer noopener\">Disney<\/a>+<\/strong> demonstrou uma capacidade \u00fanica de crescimento e adapta\u00e7\u00e3o no competitivo mercado de streaming. A plataforma conseguiu n\u00e3o apenas manter sua relev\u00e2ncia, mas tamb\u00e9m expandir significativamente sua base de usu\u00e1rios, chegando a superar marcos importantes que a colocam em posi\u00e7\u00e3o de destaque frente \u00e0 concorr\u00eancia estabelecida.<\/p>\n\n\n\n<h2 class=\"wp-block-heading\">Quais s\u00e3o os principais lan\u00e7amentos de 2025?<\/h2>\n\n\n\n<p>O Disney+ tem uma lista impressionante de lan\u00e7amentos para 2025. Entre eles, destaca-se &#8220;<strong>Sexta-Feira Muito Louca 2<\/strong>&#8220;, que traz de volta <strong>Lindsay Lohan<\/strong> e <strong>Jamie Lee Curtis<\/strong> em uma nova aventura c\u00f4mica. A estreia est\u00e1 marcada para 8 de agosto nos cinemas, com lan\u00e7amento posterior na plataforma.<\/p>\n\n\n\n<p>Outro destaque \u00e9 &#8220;<strong>Eyes of Wakanda<\/strong>&#8220;, uma miniss\u00e9rie animada que explora o universo de <strong>Wakanda <\/strong>e seus guerreiros. Com previs\u00e3o de estreia para 6 de agosto, a s\u00e9rie promete mergulhar os f\u00e3s no mundo dos artefatos de vibranium e das habilidades dos personagens.<\/p>\n\n\n\n<figure class=\"wp-block-embed is-type-video is-provider-youtube wp-block-embed-youtube wp-embed-aspect-16-9 wp-has-aspect-ratio\"><div class=\"wp-block-embed__wrapper\">\n<div class=\"jeg_video_container jeg_video_content\"><iframe loading=\"lazy\" title=\"Uma Sexta-Feira Mais Louca Ainda | Teaser Oficial Dublado\" width=\"500\" height=\"281\" src=\"https:\/\/www.youtube.com\/embed\/jnA98JT8T5k?feature=oembed\" frameborder=\"0\" allow=\"accelerometer; autoplay; clipboard-write; encrypted-media; gyroscope; picture-in-picture; web-share\" referrerpolicy=\"strict-origin-when-cross-origin\" allowfullscreen><\/iframe><\/div>\n<\/div><\/figure>\n\n\n\n<h2 class=\"wp-block-heading\">Por que assinar o Disney+ em 2025?<\/h2>\n\n\n\n<p>Assinar o Disney+ em 2025 pode ser uma decis\u00e3o estrat\u00e9gica para os f\u00e3s de cinema e s\u00e9ries. Com a chegada de &#8220;<strong>Zootopia 2<\/strong>&#8221; e a adapta\u00e7\u00e3o live-action de &#8220;<strong>Branca de Neve<\/strong>&#8220;, a plataforma oferece uma combina\u00e7\u00e3o de nostalgia e inova\u00e7\u00e3o. &#8220;Zootopia 2&#8221; est\u00e1 previsto para novembro, enquanto &#8220;Branca de Neve&#8221; chega aos cinemas em 20 de mar\u00e7o.<\/p>\n\n\n\n<p>Al\u00e9m disso, a s\u00e9rie &#8220;<strong>Demolidor: Renascido<\/strong>&#8221; com Charlie Cox promete trazer a\u00e7\u00e3o e fantasia para os assinantes. Estreando em mar\u00e7o, a s\u00e9rie cont\u00ednua a saga do advogado cego com sentidos agu\u00e7ados, ampliando o universo Marvel no Disney+.<\/p>\n\n\n\n<h2 class=\"wp-block-heading\">Quais s\u00e3o as novidades do universo Marvel?<\/h2>\n\n\n\n<p>O universo Marvel continua a se expandir no Disney+ em 2025. &#8220;<strong>Capit\u00e3o Am\u00e9rica: Admir\u00e1vel Mundo Novo<\/strong>&#8221; \u00e9 um dos filmes mais aguardados, com <strong><a href=\"https:\/\/www.instagram.com\/anthonymackie\/\" target=\"_blank\" rel=\"noreferrer noopener\">Anthony Mackie<\/a><\/strong> assumindo o manto do <strong>Capit\u00e3o Am\u00e9rica<\/strong>. O filme estreia em 13 de fevereiro e faz parte da <strong>Fase Cinco do Universo Cinematogr\u00e1fico da Marvel<\/strong>.<\/p>\n\n\n<div class=\"wp-block-image\">\n<figure class=\"aligncenter size-large\"><img loading=\"lazy\" decoding=\"async\" width=\"1024\" height=\"576\" src=\"https:\/\/www.em.com.br\/emfoco\/wp-content\/uploads\/2025\/05\/Marvel_1751235390605-1024x576.jpg\" alt=\"\" class=\"wp-image-68708\" srcset=\"https:\/\/www.em.com.br\/emfoco\/wp-content\/uploads\/2025\/05\/Marvel_1751235390605-1024x576.jpg 1024w, https:\/\/www.em.com.br\/emfoco\/wp-content\/uploads\/2025\/05\/Marvel_1751235390605-300x169.jpg 300w, https:\/\/www.em.com.br\/emfoco\/wp-content\/uploads\/2025\/05\/Marvel_1751235390605-768x432.jpg 768w, https:\/\/www.em.com.br\/emfoco\/wp-content\/uploads\/2025\/05\/Marvel_1751235390605-750x422.jpg 750w, https:\/\/www.em.com.br\/emfoco\/wp-content\/uploads\/2025\/05\/Marvel_1751235390605-1140x641.jpg 1140w, https:\/\/www.em.com.br\/emfoco\/wp-content\/uploads\/2025\/05\/Marvel_1751235390605.jpg 1280w\" sizes=\"auto, (max-width: 1024px) 100vw, 1024px\" \/><figcaption class=\"wp-element-caption\">Logo da Marvel em tela de celular &#8211; Cr\u00e9ditos: depositphotos.com \/ Primakov<\/figcaption><\/figure><\/div>\n\n\n<p>Outro lan\u00e7amento importante \u00e9 &#8220;Thunderbolts&#8221;, que re\u00fane anti-her\u00f3is em miss\u00f5es para o governo dos <strong>Estados Unidos<\/strong>. Com estreia prevista para maio, o filme conta com um elenco estrelado e promete ser um dos grandes sucessos do ano.<\/p>\n\n\n\n<h2 class=\"wp-block-heading\">Como o Disney+ se consolida em 2025?<\/h2>\n\n\n\n<p>Al\u00e9m dos lan\u00e7amentos j\u00e1 mencionados, o Disney+ trar\u00e1 a segunda temporada de &#8220;<strong>Andor<\/strong>&#8220;, parte do universo <strong>Star Wars<\/strong>, em abril. A s\u00e9rie cont\u00ednua a hist\u00f3ria de <strong>Cassian Andor <\/strong>e seu androide K-2SO, explorando eventos anteriores ao filme &#8220;<strong>Rogue One<\/strong>&#8220;.<\/p>\n\n\n\n<p>Outras estreias incluem &#8220;<strong>Ganhar ou Perder<\/strong>&#8220;, uma anima\u00e7\u00e3o da Pixar sobre um time de softball, e a adapta\u00e7\u00e3o live-action de &#8220;<strong>Lilo e Stitch<\/strong>&#8220;, que chega aos cinemas em maio. Com tantas op\u00e7\u00f5es, o Disney+ se consolida como uma plataforma essencial para os amantes de entretenimento em 2025.<\/p>\n\n\n\n<h2 class=\"wp-block-heading\">Qual \u00e9 o segredo por tr\u00e1s do crescimento consistente?<\/h2>\n\n\n\n<p>O Disney+ registra mais de 153,6 milh\u00f5es de usu\u00e1rios ao redor do mundo, um aumento consider\u00e1vel em rela\u00e7\u00e3o aos trimestres anteriores, e isso n\u00e3o \u00e9 coincid\u00eancia. A plataforma conseguiu criar um ecossistema de entretenimento que funciona tanto para maratonas familiares quanto para experi\u00eancias individuais profundas.<\/p>\n\n\n\n<p>A chave est\u00e1 na capacidade de inova\u00e7\u00e3o constante sem perder a ess\u00eancia que fez da <strong>Disney<\/strong> uma marca globalmente reconhecida. Ao mesmo tempo que produz conte\u00fados ousados como o filme visual da <strong>Miley Cyrus<\/strong>, a plataforma mant\u00e9m viva a magia dos cl\u00e1ssicos atrav\u00e9s de reimagina\u00e7\u00f5es cuidadosas e respeitosas do material original.<\/p>\n","protected":false},"excerpt":{"rendered":"<p>A plataforma de streaming Disney+ est\u00e1 passando por uma transforma\u00e7\u00e3o impressionante em 2025, consolidando sua posi\u00e7\u00e3o como uma das principais for\u00e7as do entretenimento digital. Com um cat\u00e1logo que mistura nostalgia e inova\u00e7\u00e3o, o servi\u00e7o tem conquistado milh\u00f5es de espectadores ao redor do mundo atrav\u00e9s de estrat\u00e9gias audaciosas e conte\u00fados que falam diretamente com diferentes gera\u00e7\u00f5es. [&hellip;]<\/p>\n","protected":false},"author":13,"featured_media":53353,"comment_status":"open","ping_status":"open","sticky":false,"template":"","format":"standard","meta":{"jnews-multi-image_gallery":[],"jnews_single_post":{"format":"standard"},"jnews_primary_category":[],"jnews_social_meta":[],"jnews_override_counter":[],"footnotes":""},"categories":[29,137,136],"tags":[146,727,607,1530],"class_list":["post-53340","post","type-post","status-publish","format-standard","has-post-thumbnail","hentry","category-entretenimento","category-filmes","category-series","tag-disney","tag-filmes","tag-series","tag-streaming"],"yoast_head":"<!-- This site is optimized with the Yoast SEO plugin v23.8 - https:\/\/yoast.com\/wordpress\/plugins\/seo\/ -->\n<title>Veja agora as esperas mais aguardadas do ano na Disney+ - Estado de Minas - Em foco<\/title>\n<meta name=\"description\" content=\"Um verdadeiro desfile de hist\u00f3rias marcantes, superprodu\u00e7\u00f5es e universos famosos aguarda os assinantes da Disney+ em 2025.\" \/>\n<meta name=\"robots\" content=\"index, follow, max-snippet:-1, max-image-preview:large, max-video-preview:-1\" \/>\n<link rel=\"canonical\" href=\"https:\/\/www.em.com.br\/emfoco\/2025\/06\/02\/veja-agora-as-esperas-mais-aguardadas-do-ano-na-disney\/\" \/>\n<meta property=\"og:locale\" content=\"pt_BR\" \/>\n<meta property=\"og:type\" content=\"article\" \/>\n<meta property=\"og:title\" content=\"Veja agora as esperas mais aguardadas do ano na Disney+ - Estado de Minas - Em foco\" \/>\n<meta property=\"og:description\" content=\"Um verdadeiro desfile de hist\u00f3rias marcantes, superprodu\u00e7\u00f5es e universos famosos aguarda os assinantes da Disney+ em 2025.\" \/>\n<meta property=\"og:url\" content=\"https:\/\/www.em.com.br\/emfoco\/2025\/06\/02\/veja-agora-as-esperas-mais-aguardadas-do-ano-na-disney\/\" \/>\n<meta property=\"og:site_name\" content=\"Estado de Minas - Em foco\" \/>\n<meta property=\"article:published_time\" content=\"2025-06-02T12:40:00+00:00\" \/>\n<meta property=\"article:modified_time\" content=\"2025-06-30T12:36:12+00:00\" \/>\n<meta property=\"og:image\" content=\"https:\/\/www.em.com.br\/emfoco\/wp-content\/uploads\/2025\/05\/Disney_1748609065408.jpg\" \/>\n\t<meta property=\"og:image:width\" content=\"1280\" \/>\n\t<meta property=\"og:image:height\" content=\"720\" \/>\n\t<meta property=\"og:image:type\" content=\"image\/jpeg\" \/>\n<meta name=\"author\" content=\"Gabriel Martins\" \/>\n<meta name=\"twitter:card\" content=\"summary_large_image\" \/>\n<meta name=\"twitter:label1\" content=\"Escrito por\" \/>\n\t<meta name=\"twitter:data1\" content=\"Gabriel Martins\" \/>\n\t<meta name=\"twitter:label2\" content=\"Est. tempo de leitura\" \/>\n\t<meta name=\"twitter:data2\" content=\"4 minutos\" \/>\n<!-- \/ Yoast SEO plugin. -->","yoast_head_json":{"title":"Veja agora as esperas mais aguardadas do ano na Disney+ - Estado de Minas - Em foco","description":"Um verdadeiro desfile de hist\u00f3rias marcantes, superprodu\u00e7\u00f5es e universos famosos aguarda os assinantes da Disney+ em 2025.","robots":{"index":"index","follow":"follow","max-snippet":"max-snippet:-1","max-image-preview":"max-image-preview:large","max-video-preview":"max-video-preview:-1"},"canonical":"https:\/\/www.em.com.br\/emfoco\/2025\/06\/02\/veja-agora-as-esperas-mais-aguardadas-do-ano-na-disney\/","og_locale":"pt_BR","og_type":"article","og_title":"Veja agora as esperas mais aguardadas do ano na Disney+ - Estado de Minas - Em foco","og_description":"Um verdadeiro desfile de hist\u00f3rias marcantes, superprodu\u00e7\u00f5es e universos famosos aguarda os assinantes da Disney+ em 2025.","og_url":"https:\/\/www.em.com.br\/emfoco\/2025\/06\/02\/veja-agora-as-esperas-mais-aguardadas-do-ano-na-disney\/","og_site_name":"Estado de Minas - Em foco","article_published_time":"2025-06-02T12:40:00+00:00","article_modified_time":"2025-06-30T12:36:12+00:00","og_image":[{"width":1280,"height":720,"url":"https:\/\/www.em.com.br\/emfoco\/wp-content\/uploads\/2025\/05\/Disney_1748609065408.jpg","type":"image\/jpeg"}],"author":"Gabriel Martins","twitter_card":"summary_large_image","twitter_misc":{"Escrito por":"Gabriel Martins","Est. tempo de leitura":"4 minutos"},"schema":{"@context":"https:\/\/schema.org","@graph":[{"@type":"WebPage","@id":"https:\/\/www.em.com.br\/emfoco\/2025\/06\/02\/veja-agora-as-esperas-mais-aguardadas-do-ano-na-disney\/","url":"https:\/\/www.em.com.br\/emfoco\/2025\/06\/02\/veja-agora-as-esperas-mais-aguardadas-do-ano-na-disney\/","name":"Veja agora as esperas mais aguardadas do ano na Disney+ - Estado de Minas - Em foco","isPartOf":{"@id":"https:\/\/www.em.com.br\/emfoco\/#website"},"primaryImageOfPage":{"@id":"https:\/\/www.em.com.br\/emfoco\/2025\/06\/02\/veja-agora-as-esperas-mais-aguardadas-do-ano-na-disney\/#primaryimage"},"image":{"@id":"https:\/\/www.em.com.br\/emfoco\/2025\/06\/02\/veja-agora-as-esperas-mais-aguardadas-do-ano-na-disney\/#primaryimage"},"thumbnailUrl":"https:\/\/www.em.com.br\/emfoco\/wp-content\/uploads\/2025\/05\/Disney_1748609065408.jpg","datePublished":"2025-06-02T12:40:00+00:00","dateModified":"2025-06-30T12:36:12+00:00","author":{"@id":"https:\/\/www.em.com.br\/emfoco\/#\/schema\/person\/1c9ddeab18b98abeffef834667bcf08a"},"description":"Um verdadeiro desfile de hist\u00f3rias marcantes, superprodu\u00e7\u00f5es e universos famosos aguarda os assinantes da Disney+ em 2025.","breadcrumb":{"@id":"https:\/\/www.em.com.br\/emfoco\/2025\/06\/02\/veja-agora-as-esperas-mais-aguardadas-do-ano-na-disney\/#breadcrumb"},"inLanguage":"pt-BR","potentialAction":[{"@type":"ReadAction","target":["https:\/\/www.em.com.br\/emfoco\/2025\/06\/02\/veja-agora-as-esperas-mais-aguardadas-do-ano-na-disney\/"]}]},{"@type":"ImageObject","inLanguage":"pt-BR","@id":"https:\/\/www.em.com.br\/emfoco\/2025\/06\/02\/veja-agora-as-esperas-mais-aguardadas-do-ano-na-disney\/#primaryimage","url":"https:\/\/www.em.com.br\/emfoco\/wp-content\/uploads\/2025\/05\/Disney_1748609065408.jpg","contentUrl":"https:\/\/www.em.com.br\/emfoco\/wp-content\/uploads\/2025\/05\/Disney_1748609065408.jpg","width":1280,"height":720,"caption":"Logo da Disney - Cr\u00e9ditos: depositphotos.com \/ rootstocks"},{"@type":"BreadcrumbList","@id":"https:\/\/www.em.com.br\/emfoco\/2025\/06\/02\/veja-agora-as-esperas-mais-aguardadas-do-ano-na-disney\/#breadcrumb","itemListElement":[{"@type":"ListItem","position":1,"name":"In\u00edcio","item":"https:\/\/www.em.com.br\/emfoco\/"},{"@type":"ListItem","position":2,"name":"Veja agora as esperas mais aguardadas do ano na Disney+"}]},{"@type":"WebSite","@id":"https:\/\/www.em.com.br\/emfoco\/#website","url":"https:\/\/www.em.com.br\/emfoco\/","name":"Estado de Minas - Em foco","description":"Acompanhe as \u00faltimas not\u00edcias e fique bem informado sobre tudo o que acontece em Minas Gerais, Brasil e no mundo.","potentialAction":[{"@type":"SearchAction","target":{"@type":"EntryPoint","urlTemplate":"https:\/\/www.em.com.br\/emfoco\/?s={search_term_string}"},"query-input":{"@type":"PropertyValueSpecification","valueRequired":true,"valueName":"search_term_string"}}],"inLanguage":"pt-BR"},{"@type":"Person","@id":"https:\/\/www.em.com.br\/emfoco\/#\/schema\/person\/1c9ddeab18b98abeffef834667bcf08a","name":"Gabriel Martins","image":{"@type":"ImageObject","inLanguage":"pt-BR","@id":"https:\/\/www.em.com.br\/emfoco\/#\/schema\/person\/image\/","url":"https:\/\/secure.gravatar.com\/avatar\/f0f1e2efdfd88f1ad2cb08c5c2731e50?s=96&d=mm&r=g","contentUrl":"https:\/\/secure.gravatar.com\/avatar\/f0f1e2efdfd88f1ad2cb08c5c2731e50?s=96&d=mm&r=g","caption":"Gabriel Martins"},"sameAs":["https:\/\/www.em.com.br\/emfoco\/"],"url":"https:\/\/www.em.com.br\/emfoco\/author\/gabrielmartinsmyth\/"}]}},"_links":{"self":[{"href":"https:\/\/www.em.com.br\/emfoco\/wp-json\/wp\/v2\/posts\/53340","targetHints":{"allow":["GET"]}}],"collection":[{"href":"https:\/\/www.em.com.br\/emfoco\/wp-json\/wp\/v2\/posts"}],"about":[{"href":"https:\/\/www.em.com.br\/emfoco\/wp-json\/wp\/v2\/types\/post"}],"author":[{"embeddable":true,"href":"https:\/\/www.em.com.br\/emfoco\/wp-json\/wp\/v2\/users\/13"}],"replies":[{"embeddable":true,"href":"https:\/\/www.em.com.br\/emfoco\/wp-json\/wp\/v2\/comments?post=53340"}],"version-history":[{"count":4,"href":"https:\/\/www.em.com.br\/emfoco\/wp-json\/wp\/v2\/posts\/53340\/revisions"}],"predecessor-version":[{"id":68819,"href":"https:\/\/www.em.com.br\/emfoco\/wp-json\/wp\/v2\/posts\/53340\/revisions\/68819"}],"wp:featuredmedia":[{"embeddable":true,"href":"https:\/\/www.em.com.br\/emfoco\/wp-json\/wp\/v2\/media\/53353"}],"wp:attachment":[{"href":"https:\/\/www.em.com.br\/emfoco\/wp-json\/wp\/v2\/media?parent=53340"}],"wp:term":[{"taxonomy":"category","embeddable":true,"href":"https:\/\/www.em.com.br\/emfoco\/wp-json\/wp\/v2\/categories?post=53340"},{"taxonomy":"post_tag","embeddable":true,"href":"https:\/\/www.em.com.br\/emfoco\/wp-json\/wp\/v2\/tags?post=53340"}],"curies":[{"name":"wp","href":"https:\/\/api.w.org\/{rel}","templated":true}]}}