{"id":53234,"date":"2025-05-31T19:20:00","date_gmt":"2025-05-31T22:20:00","guid":{"rendered":"https:\/\/www.em.com.br\/emfoco\/?p=53234"},"modified":"2025-05-31T02:14:15","modified_gmt":"2025-05-31T05:14:15","slug":"gac-investe-e-quer-liderar-o-mercado-de-carros-verdes-no-brasil","status":"publish","type":"post","link":"https:\/\/www.em.com.br\/emfoco\/2025\/05\/31\/gac-investe-e-quer-liderar-o-mercado-de-carros-verdes-no-brasil\/","title":{"rendered":"GAC investe e quer liderar o mercado de carros verdes no Brasil"},"content":{"rendered":"\n<p>A&nbsp;<strong><a href=\"https:\/\/www.em.com.br\/emfoco\/2025\/05\/27\/suv-anti-byd-da-gac-estreia-no-brasil-com-portas-de-tirar-o-folego\/\" target=\"_blank\" rel=\"noreferrer noopener\">GAC<\/a><\/strong>, uma das principais fabricantes de autom\u00f3veis da&nbsp;<strong>China<\/strong>, desembarcou no&nbsp;<strong>Brasil<\/strong>&nbsp;com um plano ambicioso de vender cerca de 100.000 unidades at\u00e9 2030. Com uma estrat\u00e9gia bem estruturada, a empresa trouxe cinco modelos de ve\u00edculos, sendo quatro el\u00e9tricos e um h\u00edbrido, com foco especial no segmento de&nbsp;<strong>SUVs<\/strong>. Essa abordagem difere de outras fabricantes chinesas que chegaram ao pa\u00eds anteriormente, mostrando um compromisso robusto com o mercado brasileiro.<\/p>\n\n\n\n<p>Al\u00e9m dos ve\u00edculos, a GAC oferece uma gama de servi\u00e7os, incluindo carros por assinatura, programas de compra e venda de seminovos, e blindadoras certificadas. O planejamento de p\u00f3s-venda tamb\u00e9m \u00e9 uma prioridade, garantindo aos consumidores uma experi\u00eancia completa e satisfat\u00f3ria. Com a introdu\u00e7\u00e3o de modelos como o GAC GS4, um SUV h\u00edbrido, e o&nbsp;<strong>Aion V<\/strong>, um SUV el\u00e9trico, a empresa est\u00e1 pronta para competir com marcas estabelecidas no Brasil.<\/p>\n\n\n\n<h2 class=\"wp-block-heading\">Quais s\u00e3o os destaques dos modelos da GAC no Brasil?<\/h2>\n\n\n\n<p>O GAC GS4 \u00e9 um <a href=\"https:\/\/carros.ig.com.br\/2024-11-08\/suvs-medios-ranking-medio-outubro-compass-corolla-cross.html\" target=\"_blank\" rel=\"noreferrer noopener\">SUV m\u00e9dio<\/a> com sistema h\u00edbrido que oferece 234 cv de pot\u00eancia, posicionando-se como um forte concorrente no mercado brasileiro. Com um pre\u00e7o inicial de&nbsp;<strong>R$ 189.990<\/strong>, ele enfrenta rivais como o&nbsp;<strong>Toyota Corolla Cross<\/strong>&nbsp;e o&nbsp;<strong>BYD Song Plus<\/strong>. J\u00e1 o Aion V, um SUV el\u00e9trico, destaca-se por sua autonomia de 389 km com uma \u00fanica carga, conforme os regulamentos do&nbsp;<strong>Inmetro<\/strong>.<\/p>\n\n\n\n<p>A empresa tamb\u00e9m oferece uma garantia de 8 anos (ou 160.000 km) para os carros el\u00e9tricos e 5 anos (ou 160.000 km) para os modelos a combust\u00e3o. At\u00e9 30 de junho, todos os ve\u00edculos da marca ter\u00e3o condi\u00e7\u00f5es especiais de compra, incluindo carregador port\u00e1til gratuito, tr\u00eas anos de manuten\u00e7\u00e3o gratuita ou at\u00e9 100.000 km, dois anos de assist\u00eancia 24h e internet gr\u00e1tis nos modelos Aion V e&nbsp;<strong>Hyptec HT<\/strong>&nbsp;por dois anos.<\/p>\n\n\n\n<figure class=\"wp-block-image\"><img decoding=\"async\" src=\"https:\/\/www.em.com.br\/emfoco\/wp-content\/uploads\/2025\/05\/GAC-Aion-Hyper-HT-1-1024x575.png\" alt=\"\"\/><figcaption class=\"wp-element-caption\">Aion Hyper HT &#8211; Cr\u00e9ditos: Divulga\u00e7\u00e3o\/GAC<\/figcaption><\/figure>\n\n\n\n<h2 class=\"wp-block-heading\">Como a GAC est\u00e1 estruturando sua presen\u00e7a no Brasil?<\/h2>\n\n\n\n<p>A GAC iniciou suas opera\u00e7\u00f5es no Brasil com 83 pontos de venda, distribu\u00eddos entre 33 concession\u00e1rias e 50 unidades em shoppings. O objetivo \u00e9 fechar o ano com pelo menos 120 pontos e atingir mais de 200 at\u00e9 2027. A empresa tamb\u00e9m inaugurou seu primeiro Centro de Distribui\u00e7\u00e3o em&nbsp;<strong>Cajamar (SP)<\/strong>, com mais de 2.000 m\u00b2, para garantir agilidade log\u00edstica.<\/p>\n\n\n\n<p>O investimento de&nbsp;<strong>US$ 1 bilh\u00e3o<\/strong>&nbsp;no mercado brasileiro ao longo de cinco anos inclui a constru\u00e7\u00e3o de uma f\u00e1brica nacional, prevista para o pr\u00f3ximo ano, e um centro de pesquisa. A GAC tamb\u00e9m planeja parcerias com universidades para desenvolver profissionais capacitados e investir na produ\u00e7\u00e3o de um motor h\u00edbrido flex nacional.<\/p>\n\n\n\n<h2 class=\"wp-block-heading\">Quais s\u00e3o as expectativas da GAC para o futuro no Brasil?<\/h2>\n\n\n\n<p>At\u00e9 dezembro de 2025, a GAC espera vender cerca de 8.000 unidades no Brasil. Em 2026, a meta \u00e9 alcan\u00e7ar 29.000 unidades comercializadas, posicionando-se entre os principais fabricantes de h\u00edbridos e el\u00e9tricos no pa\u00eds. A empresa est\u00e1 comprometida em estabelecer uma rela\u00e7\u00e3o de longo prazo com o Brasil, contribuindo para o desenvolvimento da ind\u00fastria automotiva local.<\/p>\n\n\n\n<p>Com uma estrat\u00e9gia bem definida e um portf\u00f3lio diversificado, a GAC est\u00e1 preparada para enfrentar os desafios do mercado brasileiro e se consolidar como uma das l\u00edderes no segmento de ve\u00edculos eletrificados.<\/p>\n","protected":false},"excerpt":{"rendered":"<p>A&nbsp;GAC, uma das principais fabricantes de autom\u00f3veis da&nbsp;China, desembarcou no&nbsp;Brasil&nbsp;com um plano ambicioso de vender cerca de 100.000 unidades at\u00e9 2030. Com uma estrat\u00e9gia bem estruturada, a empresa trouxe cinco modelos de ve\u00edculos, sendo quatro el\u00e9tricos e um h\u00edbrido, com foco especial no segmento de&nbsp;SUVs. Essa abordagem difere de outras fabricantes chinesas que chegaram ao [&hellip;]<\/p>\n","protected":false},"author":11,"featured_media":51091,"comment_status":"open","ping_status":"open","sticky":false,"template":"","format":"standard","meta":{"jnews-multi-image_gallery":[],"jnews_single_post":{"format":"standard"},"jnews_primary_category":[],"jnews_social_meta":[],"jnews_override_counter":[],"footnotes":""},"categories":[27,1],"tags":[158,1116,7670],"class_list":["post-53234","post","type-post","status-publish","format-standard","has-post-thumbnail","hentry","category-carros","category-noticias","tag-brasil","tag-carros","tag-gac-motor"],"yoast_head":"<!-- This site is optimized with the Yoast SEO plugin v23.8 - https:\/\/yoast.com\/wordpress\/plugins\/seo\/ -->\n<title>GAC investe e quer liderar o mercado de carros verdes no Brasil - Estado de Minas - Em foco<\/title>\n<meta name=\"description\" content=\"A GAC chega ao Brasil com SUVs el\u00e9tricos e h\u00edbridos e b\u00f4nus como carregador e manuten\u00e7\u00e3o gr\u00e1tis at\u00e9 junho\" \/>\n<meta name=\"robots\" content=\"index, follow, max-snippet:-1, max-image-preview:large, max-video-preview:-1\" \/>\n<link rel=\"canonical\" href=\"https:\/\/www.em.com.br\/emfoco\/2025\/05\/31\/gac-investe-e-quer-liderar-o-mercado-de-carros-verdes-no-brasil\/\" \/>\n<meta property=\"og:locale\" content=\"pt_BR\" \/>\n<meta property=\"og:type\" content=\"article\" \/>\n<meta property=\"og:title\" content=\"GAC investe e quer liderar o mercado de carros verdes no Brasil - Estado de Minas - Em foco\" \/>\n<meta property=\"og:description\" content=\"A GAC chega ao Brasil com SUVs el\u00e9tricos e h\u00edbridos e b\u00f4nus como carregador e manuten\u00e7\u00e3o gr\u00e1tis at\u00e9 junho\" \/>\n<meta property=\"og:url\" content=\"https:\/\/www.em.com.br\/emfoco\/2025\/05\/31\/gac-investe-e-quer-liderar-o-mercado-de-carros-verdes-no-brasil\/\" \/>\n<meta property=\"og:site_name\" content=\"Estado de Minas - Em foco\" \/>\n<meta property=\"article:published_time\" content=\"2025-05-31T22:20:00+00:00\" \/>\n<meta property=\"article:modified_time\" content=\"2025-05-31T05:14:15+00:00\" \/>\n<meta property=\"og:image\" content=\"https:\/\/www.em.com.br\/emfoco\/wp-content\/uploads\/2025\/05\/i528676-1.jpeg\" \/>\n\t<meta property=\"og:image:width\" content=\"1280\" \/>\n\t<meta property=\"og:image:height\" content=\"720\" \/>\n\t<meta property=\"og:image:type\" content=\"image\/jpeg\" \/>\n<meta name=\"author\" content=\"Andre\u0301 Rangel\u00a0\" \/>\n<meta name=\"twitter:card\" content=\"summary_large_image\" \/>\n<meta name=\"twitter:label1\" content=\"Escrito por\" \/>\n\t<meta name=\"twitter:data1\" content=\"Andre\u0301 Rangel\u00a0\" \/>\n\t<meta name=\"twitter:label2\" content=\"Est. tempo de leitura\" \/>\n\t<meta name=\"twitter:data2\" content=\"4 minutos\" \/>\n<!-- \/ Yoast SEO plugin. -->","yoast_head_json":{"title":"GAC investe e quer liderar o mercado de carros verdes no Brasil - Estado de Minas - Em foco","description":"A GAC chega ao Brasil com SUVs el\u00e9tricos e h\u00edbridos e b\u00f4nus como carregador e manuten\u00e7\u00e3o gr\u00e1tis at\u00e9 junho","robots":{"index":"index","follow":"follow","max-snippet":"max-snippet:-1","max-image-preview":"max-image-preview:large","max-video-preview":"max-video-preview:-1"},"canonical":"https:\/\/www.em.com.br\/emfoco\/2025\/05\/31\/gac-investe-e-quer-liderar-o-mercado-de-carros-verdes-no-brasil\/","og_locale":"pt_BR","og_type":"article","og_title":"GAC investe e quer liderar o mercado de carros verdes no Brasil - Estado de Minas - Em foco","og_description":"A GAC chega ao Brasil com SUVs el\u00e9tricos e h\u00edbridos e b\u00f4nus como carregador e manuten\u00e7\u00e3o gr\u00e1tis at\u00e9 junho","og_url":"https:\/\/www.em.com.br\/emfoco\/2025\/05\/31\/gac-investe-e-quer-liderar-o-mercado-de-carros-verdes-no-brasil\/","og_site_name":"Estado de Minas - Em foco","article_published_time":"2025-05-31T22:20:00+00:00","article_modified_time":"2025-05-31T05:14:15+00:00","og_image":[{"width":1280,"height":720,"url":"https:\/\/www.em.com.br\/emfoco\/wp-content\/uploads\/2025\/05\/i528676-1.jpeg","type":"image\/jpeg"}],"author":"Andre\u0301 Rangel\u00a0","twitter_card":"summary_large_image","twitter_misc":{"Escrito por":"Andre\u0301 Rangel\u00a0","Est. tempo de leitura":"4 minutos"},"schema":{"@context":"https:\/\/schema.org","@graph":[{"@type":"WebPage","@id":"https:\/\/www.em.com.br\/emfoco\/2025\/05\/31\/gac-investe-e-quer-liderar-o-mercado-de-carros-verdes-no-brasil\/","url":"https:\/\/www.em.com.br\/emfoco\/2025\/05\/31\/gac-investe-e-quer-liderar-o-mercado-de-carros-verdes-no-brasil\/","name":"GAC investe e quer liderar o mercado de carros verdes no Brasil - Estado de Minas - Em foco","isPartOf":{"@id":"https:\/\/www.em.com.br\/emfoco\/#website"},"primaryImageOfPage":{"@id":"https:\/\/www.em.com.br\/emfoco\/2025\/05\/31\/gac-investe-e-quer-liderar-o-mercado-de-carros-verdes-no-brasil\/#primaryimage"},"image":{"@id":"https:\/\/www.em.com.br\/emfoco\/2025\/05\/31\/gac-investe-e-quer-liderar-o-mercado-de-carros-verdes-no-brasil\/#primaryimage"},"thumbnailUrl":"https:\/\/www.em.com.br\/emfoco\/wp-content\/uploads\/2025\/05\/i528676-1.jpeg","datePublished":"2025-05-31T22:20:00+00:00","dateModified":"2025-05-31T05:14:15+00:00","author":{"@id":"https:\/\/www.em.com.br\/emfoco\/#\/schema\/person\/60eda09c1fedf0d6891f4cef4b60b8b8"},"description":"A GAC chega ao Brasil com SUVs el\u00e9tricos e h\u00edbridos e b\u00f4nus como carregador e manuten\u00e7\u00e3o gr\u00e1tis at\u00e9 junho","breadcrumb":{"@id":"https:\/\/www.em.com.br\/emfoco\/2025\/05\/31\/gac-investe-e-quer-liderar-o-mercado-de-carros-verdes-no-brasil\/#breadcrumb"},"inLanguage":"pt-BR","potentialAction":[{"@type":"ReadAction","target":["https:\/\/www.em.com.br\/emfoco\/2025\/05\/31\/gac-investe-e-quer-liderar-o-mercado-de-carros-verdes-no-brasil\/"]}]},{"@type":"ImageObject","inLanguage":"pt-BR","@id":"https:\/\/www.em.com.br\/emfoco\/2025\/05\/31\/gac-investe-e-quer-liderar-o-mercado-de-carros-verdes-no-brasil\/#primaryimage","url":"https:\/\/www.em.com.br\/emfoco\/wp-content\/uploads\/2025\/05\/i528676-1.jpeg","contentUrl":"https:\/\/www.em.com.br\/emfoco\/wp-content\/uploads\/2025\/05\/i528676-1.jpeg","width":1280,"height":720,"caption":"Aion - Cr\u00e9ditos: Divulga\u00e7\u00e3o\/GAC"},{"@type":"BreadcrumbList","@id":"https:\/\/www.em.com.br\/emfoco\/2025\/05\/31\/gac-investe-e-quer-liderar-o-mercado-de-carros-verdes-no-brasil\/#breadcrumb","itemListElement":[{"@type":"ListItem","position":1,"name":"In\u00edcio","item":"https:\/\/www.em.com.br\/emfoco\/"},{"@type":"ListItem","position":2,"name":"GAC investe e quer liderar o mercado de carros verdes no Brasil"}]},{"@type":"WebSite","@id":"https:\/\/www.em.com.br\/emfoco\/#website","url":"https:\/\/www.em.com.br\/emfoco\/","name":"Estado de Minas - Em foco","description":"Acompanhe as \u00faltimas not\u00edcias e fique bem informado sobre tudo o que acontece em Minas Gerais, Brasil e no mundo.","potentialAction":[{"@type":"SearchAction","target":{"@type":"EntryPoint","urlTemplate":"https:\/\/www.em.com.br\/emfoco\/?s={search_term_string}"},"query-input":{"@type":"PropertyValueSpecification","valueRequired":true,"valueName":"search_term_string"}}],"inLanguage":"pt-BR"},{"@type":"Person","@id":"https:\/\/www.em.com.br\/emfoco\/#\/schema\/person\/60eda09c1fedf0d6891f4cef4b60b8b8","name":"Andre\u0301 Rangel\u00a0","image":{"@type":"ImageObject","inLanguage":"pt-BR","@id":"https:\/\/www.em.com.br\/emfoco\/#\/schema\/person\/image\/","url":"https:\/\/secure.gravatar.com\/avatar\/6234dc814c77c8ef6d8bba622c787efc?s=96&d=mm&r=g","contentUrl":"https:\/\/secure.gravatar.com\/avatar\/6234dc814c77c8ef6d8bba622c787efc?s=96&d=mm&r=g","caption":"Andre\u0301 Rangel\u00a0"},"url":"https:\/\/www.em.com.br\/emfoco\/author\/luizmyth\/"}]}},"_links":{"self":[{"href":"https:\/\/www.em.com.br\/emfoco\/wp-json\/wp\/v2\/posts\/53234","targetHints":{"allow":["GET"]}}],"collection":[{"href":"https:\/\/www.em.com.br\/emfoco\/wp-json\/wp\/v2\/posts"}],"about":[{"href":"https:\/\/www.em.com.br\/emfoco\/wp-json\/wp\/v2\/types\/post"}],"author":[{"embeddable":true,"href":"https:\/\/www.em.com.br\/emfoco\/wp-json\/wp\/v2\/users\/11"}],"replies":[{"embeddable":true,"href":"https:\/\/www.em.com.br\/emfoco\/wp-json\/wp\/v2\/comments?post=53234"}],"version-history":[{"count":5,"href":"https:\/\/www.em.com.br\/emfoco\/wp-json\/wp\/v2\/posts\/53234\/revisions"}],"predecessor-version":[{"id":53777,"href":"https:\/\/www.em.com.br\/emfoco\/wp-json\/wp\/v2\/posts\/53234\/revisions\/53777"}],"wp:featuredmedia":[{"embeddable":true,"href":"https:\/\/www.em.com.br\/emfoco\/wp-json\/wp\/v2\/media\/51091"}],"wp:attachment":[{"href":"https:\/\/www.em.com.br\/emfoco\/wp-json\/wp\/v2\/media?parent=53234"}],"wp:term":[{"taxonomy":"category","embeddable":true,"href":"https:\/\/www.em.com.br\/emfoco\/wp-json\/wp\/v2\/categories?post=53234"},{"taxonomy":"post_tag","embeddable":true,"href":"https:\/\/www.em.com.br\/emfoco\/wp-json\/wp\/v2\/tags?post=53234"}],"curies":[{"name":"wp","href":"https:\/\/api.w.org\/{rel}","templated":true}]}}