{"id":53164,"date":"2025-06-03T12:30:27","date_gmt":"2025-06-03T15:30:27","guid":{"rendered":"https:\/\/www.em.com.br\/emfoco\/?p=53164"},"modified":"2025-06-02T18:12:52","modified_gmt":"2025-06-02T21:12:52","slug":"ser-amigo-dos-filhos-e-certo-a-psicologia-do-desenvolvimento-responde","status":"publish","type":"post","link":"https:\/\/www.em.com.br\/emfoco\/2025\/06\/03\/ser-amigo-dos-filhos-e-certo-a-psicologia-do-desenvolvimento-responde\/","title":{"rendered":"Ser amigo dos filhos \u00e9 certo? A psicologia do desenvolvimento responde"},"content":{"rendered":"\n<p>O conceito de amizade entre pais e filhos \u00e9 frequentemente debatido entre especialistas em psicologia do desenvolvimento. Ser amigo dos filhos pode ser interpretado de v\u00e1rias maneiras, dependendo do contexto familiar e das expectativas culturais. Em geral, essa amizade sugere uma rela\u00e7\u00e3o baseada em confian\u00e7a, comunica\u00e7\u00e3o aberta e apoio emocional.<\/p>\n\n\n\n<p>No entanto, \u00e9 crucial entender que ser amigo dos filhos n\u00e3o significa abdicar do papel de autoridade. Os pais ainda precisam estabelecer limites e guiar o comportamento dos filhos, <a href=\"https:\/\/www.em.com.br\/emfoco\/2025\/04\/16\/os-5-melhores-destinos-inesqueciveis-para-viajar-com-amigos-em-2025\/\" target=\"_blank\" rel=\"noreferrer noopener\">garantindo <\/a>que eles se desenvolvam de maneira saud\u00e1vel e segura. O equil\u00edbrio entre amizade e autoridade \u00e9 fundamental para o bem-estar emocional e psicol\u00f3gico das crian\u00e7as.<\/p>\n\n\n\n<h2 class=\"wp-block-heading\">Quais s\u00e3o os benef\u00edcios de ser amigo dos filhos?<\/h2>\n\n\n\n<p>Estabelecer uma rela\u00e7\u00e3o de amizade com os filhos pode trazer diversos benef\u00edcios para o desenvolvimento emocional e social das crian\u00e7as. Quando os pais s\u00e3o vistos como amigos, os filhos tendem a se sentir mais \u00e0 vontade para compartilhar suas preocupa\u00e7\u00f5es e experi\u00eancias, promovendo uma comunica\u00e7\u00e3o mais aberta e honesta.<\/p>\n\n\n\n<p>Al\u00e9m disso, essa proximidade pode fortalecer o v\u00ednculo emocional entre pais e filhos, criando um ambiente familiar mais harmonioso e acolhedor. Crian\u00e7as que se sentem apoiadas e compreendidas em casa geralmente apresentam maior autoestima e habilidades sociais mais desenvolvidas, o que pode influenciar positivamente suas intera\u00e7\u00f5es fora do ambiente familiar.<\/p>\n\n\n<div class=\"wp-block-image\">\n<figure class=\"aligncenter size-large\"><img loading=\"lazy\" decoding=\"async\" width=\"1024\" height=\"576\" src=\"https:\/\/www.em.com.br\/emfoco\/wp-content\/uploads\/2025\/06\/pai-e-filho_1748548725538-1024x576.jpg\" alt=\"Ser amigo dos filhos \u00e9 certo?\" class=\"wp-image-53168\" srcset=\"https:\/\/www.em.com.br\/emfoco\/wp-content\/uploads\/2025\/06\/pai-e-filho_1748548725538-1024x576.jpg 1024w, https:\/\/www.em.com.br\/emfoco\/wp-content\/uploads\/2025\/06\/pai-e-filho_1748548725538-300x169.jpg 300w, https:\/\/www.em.com.br\/emfoco\/wp-content\/uploads\/2025\/06\/pai-e-filho_1748548725538-768x432.jpg 768w, https:\/\/www.em.com.br\/emfoco\/wp-content\/uploads\/2025\/06\/pai-e-filho_1748548725538-750x422.jpg 750w, https:\/\/www.em.com.br\/emfoco\/wp-content\/uploads\/2025\/06\/pai-e-filho_1748548725538-1140x641.jpg 1140w, https:\/\/www.em.com.br\/emfoco\/wp-content\/uploads\/2025\/06\/pai-e-filho_1748548725538.jpg 1280w\" sizes=\"auto, (max-width: 1024px) 100vw, 1024px\" \/><figcaption class=\"wp-element-caption\">Ser amigo dos filhos \u00e9 certo? &#8211; Cr\u00e9ditos: depositphotos.com \/ halfpoint<\/figcaption><\/figure><\/div>\n\n\n<h2 class=\"wp-block-heading\">Quais s\u00e3o os riscos de ser amigo dos filhos?<\/h2>\n\n\n\n<p>Apesar dos benef\u00edcios, ser amigo dos filhos tamb\u00e9m pode apresentar riscos, especialmente se os limites entre amizade e autoridade n\u00e3o forem claramente definidos. Quando os pais tentam ser apenas amigos, podem acabar negligenciando seu papel de guias e educadores, o que pode levar a uma falta de disciplina e estrutura.<\/p>\n\n\n\n<p>Essa confus\u00e3o de pap\u00e9is pode resultar em dificuldades para a crian\u00e7a entender limites e regras, afetando seu comportamento e desenvolvimento emocional. Al\u00e9m disso, a aus\u00eancia de uma figura de <a href=\"https:\/\/veja.abril.com.br\/saude\/por-que-seu-filho-nao-deve-ser-seu-confidente\/\" target=\"_blank\" rel=\"noreferrer noopener\">autoridade <\/a>pode dificultar a capacidade dos filhos de lidar com frustra\u00e7\u00f5es e desafios, impactando negativamente sua resili\u00eancia e autonomia.<\/p>\n\n\n\n<h2 class=\"wp-block-heading\">Como equilibrar amizade e autoridade na parentalidade?<\/h2>\n\n\n\n<p>O equil\u00edbrio entre amizade e autoridade \u00e9 essencial para uma parentalidade eficaz. Os pais devem buscar ser acess\u00edveis e emp\u00e1ticos, ao mesmo tempo em que mant\u00eam regras claras e consistentes. \u00c9 importante que as crian\u00e7as saibam que podem contar com o apoio emocional dos pais, mas tamb\u00e9m entendam que existem limites e expectativas a serem cumpridas.<\/p>\n\n\n\n<p>Uma comunica\u00e7\u00e3o aberta e honesta \u00e9 fundamental para estabelecer esse equil\u00edbrio. Os pais devem estar dispostos a ouvir e dialogar com os filhos, mas tamb\u00e9m precisam ser firmes ao impor regras e consequ\u00eancias. Essa abordagem ajuda a criar um ambiente seguro e estruturado, onde as crian\u00e7as podem crescer e se desenvolver de maneira saud\u00e1vel.<\/p>\n\n\n\n<h2 class=\"wp-block-heading\">Como a psicologia do desenvolvimento v\u00ea a amizade entre pais e filhos?<\/h2>\n\n\n\n<p>A psicologia do desenvolvimento oferece insights valiosos sobre a amizade entre pais e filhos. Segundo especialistas, a qualidade do v\u00ednculo parental \u00e9 mais importante do que o r\u00f3tulo de amizade. O foco deve estar em construir uma rela\u00e7\u00e3o baseada em respeito m\u00fatuo, confian\u00e7a e apoio emocional.<\/p>\n\n\n\n<p>Os psic\u00f3logos enfatizam que os pais devem ser modelos de comportamento e guias para seus filhos, ajudando-os a desenvolver habilidades sociais e emocionais. A amizade pode ser uma parte dessa rela\u00e7\u00e3o, desde que n\u00e3o comprometa a autoridade e a capacidade dos pais de estabelecer limites e orientar o comportamento dos filhos.<\/p>\n\n\n\n<h2 class=\"wp-block-heading\">Ser amigo dos filhos \u00e9 sempre a melhor abordagem?<\/h2>\n\n\n\n<p>Embora a amizade entre pais e filhos possa ser ben\u00e9fica, n\u00e3o \u00e9 necessariamente a melhor abordagem para todas as fam\u00edlias. Cada din\u00e2mica familiar \u00e9 \u00fanica, e o que funciona para uma pode n\u00e3o ser adequado para outra. \u00c9 importante que os pais considerem suas pr\u00f3prias circunst\u00e2ncias e necessidades ao decidir como se relacionar com seus filhos.<\/p>\n\n\n\n<p>Algumas fam\u00edlias podem se beneficiar de uma abordagem mais tradicional, onde os pap\u00e9is de autoridade s\u00e3o mais claramente definidos. Outras podem encontrar sucesso em uma rela\u00e7\u00e3o mais amig\u00e1vel e colaborativa. O mais importante \u00e9 que os pais sejam sens\u00edveis \u00e0s necessidades emocionais e de desenvolvimento de seus filhos, adaptando sua abordagem conforme necess\u00e1rio.<\/p>\n","protected":false},"excerpt":{"rendered":"<p>O conceito de amizade entre pais e filhos \u00e9 frequentemente debatido entre especialistas em psicologia do desenvolvimento. Ser amigo dos filhos pode ser interpretado de v\u00e1rias maneiras, dependendo do contexto familiar e das expectativas culturais. Em geral, essa amizade sugere uma rela\u00e7\u00e3o baseada em confian\u00e7a, comunica\u00e7\u00e3o aberta e apoio emocional. No entanto, \u00e9 crucial entender [&hellip;]<\/p>\n","protected":false},"author":15,"featured_media":53167,"comment_status":"open","ping_status":"open","sticky":false,"template":"","format":"standard","meta":{"jnews-multi-image_gallery":[],"jnews_single_post":{"format":"standard"},"jnews_primary_category":[],"jnews_social_meta":[],"jnews_override_counter":[],"footnotes":""},"categories":[8819],"tags":[6746,9524,5155],"class_list":["post-53164","post","type-post","status-publish","format-standard","has-post-thumbnail","hentry","category-curiosidades","tag-desenvolvimento-infantil","tag-parentalidade","tag-psicologia"],"yoast_head":"<!-- This site is optimized with the Yoast SEO plugin v23.8 - https:\/\/yoast.com\/wordpress\/plugins\/seo\/ -->\n<title>Ser amigo dos filhos \u00e9 certo? A psicologia do desenvolvimento responde - Estado de Minas - Em foco<\/title>\n<meta name=\"description\" content=\"Pais devem ser amigos dos filhos? Veja o que dizem os psic\u00f3logos sobre limites e v\u00ednculos na inf\u00e2ncia.\" \/>\n<meta name=\"robots\" content=\"index, follow, max-snippet:-1, max-image-preview:large, max-video-preview:-1\" \/>\n<link rel=\"canonical\" href=\"https:\/\/www.em.com.br\/emfoco\/2025\/06\/03\/ser-amigo-dos-filhos-e-certo-a-psicologia-do-desenvolvimento-responde\/\" \/>\n<meta property=\"og:locale\" content=\"pt_BR\" \/>\n<meta property=\"og:type\" content=\"article\" \/>\n<meta property=\"og:title\" content=\"Ser amigo dos filhos \u00e9 certo? A psicologia do desenvolvimento responde - Estado de Minas - Em foco\" \/>\n<meta property=\"og:description\" content=\"Pais devem ser amigos dos filhos? Veja o que dizem os psic\u00f3logos sobre limites e v\u00ednculos na inf\u00e2ncia.\" \/>\n<meta property=\"og:url\" content=\"https:\/\/www.em.com.br\/emfoco\/2025\/06\/03\/ser-amigo-dos-filhos-e-certo-a-psicologia-do-desenvolvimento-responde\/\" \/>\n<meta property=\"og:site_name\" content=\"Estado de Minas - Em foco\" \/>\n<meta property=\"article:published_time\" content=\"2025-06-03T15:30:27+00:00\" \/>\n<meta property=\"article:modified_time\" content=\"2025-06-02T21:12:52+00:00\" \/>\n<meta property=\"og:image\" content=\"https:\/\/www.em.com.br\/emfoco\/wp-content\/uploads\/2025\/06\/pai-e-filho_1748548662394.jpg\" \/>\n\t<meta property=\"og:image:width\" content=\"1280\" \/>\n\t<meta property=\"og:image:height\" content=\"720\" \/>\n\t<meta property=\"og:image:type\" content=\"image\/jpeg\" \/>\n<meta name=\"author\" content=\"Douglas Myth\" \/>\n<meta name=\"twitter:card\" content=\"summary_large_image\" \/>\n<meta name=\"twitter:label1\" content=\"Escrito por\" \/>\n\t<meta name=\"twitter:data1\" content=\"Douglas Myth\" \/>\n\t<meta name=\"twitter:label2\" content=\"Est. tempo de leitura\" \/>\n\t<meta name=\"twitter:data2\" content=\"5 minutos\" \/>\n<!-- \/ Yoast SEO plugin. -->","yoast_head_json":{"title":"Ser amigo dos filhos \u00e9 certo? A psicologia do desenvolvimento responde - Estado de Minas - Em foco","description":"Pais devem ser amigos dos filhos? Veja o que dizem os psic\u00f3logos sobre limites e v\u00ednculos na inf\u00e2ncia.","robots":{"index":"index","follow":"follow","max-snippet":"max-snippet:-1","max-image-preview":"max-image-preview:large","max-video-preview":"max-video-preview:-1"},"canonical":"https:\/\/www.em.com.br\/emfoco\/2025\/06\/03\/ser-amigo-dos-filhos-e-certo-a-psicologia-do-desenvolvimento-responde\/","og_locale":"pt_BR","og_type":"article","og_title":"Ser amigo dos filhos \u00e9 certo? A psicologia do desenvolvimento responde - Estado de Minas - Em foco","og_description":"Pais devem ser amigos dos filhos? Veja o que dizem os psic\u00f3logos sobre limites e v\u00ednculos na inf\u00e2ncia.","og_url":"https:\/\/www.em.com.br\/emfoco\/2025\/06\/03\/ser-amigo-dos-filhos-e-certo-a-psicologia-do-desenvolvimento-responde\/","og_site_name":"Estado de Minas - Em foco","article_published_time":"2025-06-03T15:30:27+00:00","article_modified_time":"2025-06-02T21:12:52+00:00","og_image":[{"width":1280,"height":720,"url":"https:\/\/www.em.com.br\/emfoco\/wp-content\/uploads\/2025\/06\/pai-e-filho_1748548662394.jpg","type":"image\/jpeg"}],"author":"Douglas Myth","twitter_card":"summary_large_image","twitter_misc":{"Escrito por":"Douglas Myth","Est. tempo de leitura":"5 minutos"},"schema":{"@context":"https:\/\/schema.org","@graph":[{"@type":"WebPage","@id":"https:\/\/www.em.com.br\/emfoco\/2025\/06\/03\/ser-amigo-dos-filhos-e-certo-a-psicologia-do-desenvolvimento-responde\/","url":"https:\/\/www.em.com.br\/emfoco\/2025\/06\/03\/ser-amigo-dos-filhos-e-certo-a-psicologia-do-desenvolvimento-responde\/","name":"Ser amigo dos filhos \u00e9 certo? A psicologia do desenvolvimento responde - Estado de Minas - Em foco","isPartOf":{"@id":"https:\/\/www.em.com.br\/emfoco\/#website"},"primaryImageOfPage":{"@id":"https:\/\/www.em.com.br\/emfoco\/2025\/06\/03\/ser-amigo-dos-filhos-e-certo-a-psicologia-do-desenvolvimento-responde\/#primaryimage"},"image":{"@id":"https:\/\/www.em.com.br\/emfoco\/2025\/06\/03\/ser-amigo-dos-filhos-e-certo-a-psicologia-do-desenvolvimento-responde\/#primaryimage"},"thumbnailUrl":"https:\/\/www.em.com.br\/emfoco\/wp-content\/uploads\/2025\/06\/pai-e-filho_1748548662394.jpg","datePublished":"2025-06-03T15:30:27+00:00","dateModified":"2025-06-02T21:12:52+00:00","author":{"@id":"https:\/\/www.em.com.br\/emfoco\/#\/schema\/person\/bba594b7eebe9b9885fec3a5c7837089"},"description":"Pais devem ser amigos dos filhos? Veja o que dizem os psic\u00f3logos sobre limites e v\u00ednculos na inf\u00e2ncia.","breadcrumb":{"@id":"https:\/\/www.em.com.br\/emfoco\/2025\/06\/03\/ser-amigo-dos-filhos-e-certo-a-psicologia-do-desenvolvimento-responde\/#breadcrumb"},"inLanguage":"pt-BR","potentialAction":[{"@type":"ReadAction","target":["https:\/\/www.em.com.br\/emfoco\/2025\/06\/03\/ser-amigo-dos-filhos-e-certo-a-psicologia-do-desenvolvimento-responde\/"]}]},{"@type":"ImageObject","inLanguage":"pt-BR","@id":"https:\/\/www.em.com.br\/emfoco\/2025\/06\/03\/ser-amigo-dos-filhos-e-certo-a-psicologia-do-desenvolvimento-responde\/#primaryimage","url":"https:\/\/www.em.com.br\/emfoco\/wp-content\/uploads\/2025\/06\/pai-e-filho_1748548662394.jpg","contentUrl":"https:\/\/www.em.com.br\/emfoco\/wp-content\/uploads\/2025\/06\/pai-e-filho_1748548662394.jpg","width":1280,"height":720,"caption":"Ser amigo dos filhos \u00e9 certo? - Cr\u00e9ditos: depositphotos.com \/ AllaSerebrina"},{"@type":"BreadcrumbList","@id":"https:\/\/www.em.com.br\/emfoco\/2025\/06\/03\/ser-amigo-dos-filhos-e-certo-a-psicologia-do-desenvolvimento-responde\/#breadcrumb","itemListElement":[{"@type":"ListItem","position":1,"name":"In\u00edcio","item":"https:\/\/www.em.com.br\/emfoco\/"},{"@type":"ListItem","position":2,"name":"Ser amigo dos filhos \u00e9 certo? A psicologia do desenvolvimento responde"}]},{"@type":"WebSite","@id":"https:\/\/www.em.com.br\/emfoco\/#website","url":"https:\/\/www.em.com.br\/emfoco\/","name":"Estado de Minas - Em foco","description":"Acompanhe as \u00faltimas not\u00edcias e fique bem informado sobre tudo o que acontece em Minas Gerais, Brasil e no mundo.","potentialAction":[{"@type":"SearchAction","target":{"@type":"EntryPoint","urlTemplate":"https:\/\/www.em.com.br\/emfoco\/?s={search_term_string}"},"query-input":{"@type":"PropertyValueSpecification","valueRequired":true,"valueName":"search_term_string"}}],"inLanguage":"pt-BR"},{"@type":"Person","@id":"https:\/\/www.em.com.br\/emfoco\/#\/schema\/person\/bba594b7eebe9b9885fec3a5c7837089","name":"Douglas Myth","image":{"@type":"ImageObject","inLanguage":"pt-BR","@id":"https:\/\/www.em.com.br\/emfoco\/#\/schema\/person\/image\/","url":"https:\/\/secure.gravatar.com\/avatar\/1ac3cf50d0e68642c697dc0c960c802f?s=96&d=mm&r=g","contentUrl":"https:\/\/secure.gravatar.com\/avatar\/1ac3cf50d0e68642c697dc0c960c802f?s=96&d=mm&r=g","caption":"Douglas Myth"},"url":"https:\/\/www.em.com.br\/emfoco\/author\/douglasmyth\/"}]}},"_links":{"self":[{"href":"https:\/\/www.em.com.br\/emfoco\/wp-json\/wp\/v2\/posts\/53164","targetHints":{"allow":["GET"]}}],"collection":[{"href":"https:\/\/www.em.com.br\/emfoco\/wp-json\/wp\/v2\/posts"}],"about":[{"href":"https:\/\/www.em.com.br\/emfoco\/wp-json\/wp\/v2\/types\/post"}],"author":[{"embeddable":true,"href":"https:\/\/www.em.com.br\/emfoco\/wp-json\/wp\/v2\/users\/15"}],"replies":[{"embeddable":true,"href":"https:\/\/www.em.com.br\/emfoco\/wp-json\/wp\/v2\/comments?post=53164"}],"version-history":[{"count":2,"href":"https:\/\/www.em.com.br\/emfoco\/wp-json\/wp\/v2\/posts\/53164\/revisions"}],"predecessor-version":[{"id":53170,"href":"https:\/\/www.em.com.br\/emfoco\/wp-json\/wp\/v2\/posts\/53164\/revisions\/53170"}],"wp:featuredmedia":[{"embeddable":true,"href":"https:\/\/www.em.com.br\/emfoco\/wp-json\/wp\/v2\/media\/53167"}],"wp:attachment":[{"href":"https:\/\/www.em.com.br\/emfoco\/wp-json\/wp\/v2\/media?parent=53164"}],"wp:term":[{"taxonomy":"category","embeddable":true,"href":"https:\/\/www.em.com.br\/emfoco\/wp-json\/wp\/v2\/categories?post=53164"},{"taxonomy":"post_tag","embeddable":true,"href":"https:\/\/www.em.com.br\/emfoco\/wp-json\/wp\/v2\/tags?post=53164"}],"curies":[{"name":"wp","href":"https:\/\/api.w.org\/{rel}","templated":true}]}}