{"id":53145,"date":"2025-06-03T10:30:24","date_gmt":"2025-06-03T13:30:24","guid":{"rendered":"https:\/\/www.em.com.br\/emfoco\/?p=53145"},"modified":"2025-06-02T18:12:34","modified_gmt":"2025-06-02T21:12:34","slug":"frases-que-mostram-inteligencia-emocional-em-momentos-de-raiva","status":"publish","type":"post","link":"https:\/\/www.em.com.br\/emfoco\/2025\/06\/03\/frases-que-mostram-inteligencia-emocional-em-momentos-de-raiva\/","title":{"rendered":"Frases que mostram intelig\u00eancia emocional em momentos de raiva"},"content":{"rendered":"\n<p>A <strong>intelig\u00eancia emocional<\/strong> refere-se \u00e0 capacidade de reconhecer, entender e gerenciar as pr\u00f3prias emo\u00e7\u00f5es, bem como as emo\u00e7\u00f5es dos outros. Em momentos de raiva, essa habilidade \u00e9 crucial, pois permite que uma pessoa responda de maneira controlada e construtiva, em vez de reagir impulsivamente. Isso ajuda a evitar conflitos desnecess\u00e1rios e a manter relacionamentos saud\u00e1veis.<\/p>\n\n\n\n<p>Al\u00e9m disso, a intelig\u00eancia emocional envolve a empatia, que \u00e9 a capacidade de se colocar no lugar do outro. Em situa\u00e7\u00f5es de tens\u00e3o, essa habilidade pode facilitar a comunica\u00e7\u00e3o e <a href=\"https:\/\/www.em.com.br\/emfoco\/2025\/05\/22\/como-a-musica-afeta-nosso-estado-emocional\/\" target=\"_blank\" rel=\"noreferrer noopener\">promover <\/a>um ambiente de compreens\u00e3o m\u00fatua. Pessoas emocionalmente inteligentes s\u00e3o capazes de transformar momentos de raiva em oportunidades de crescimento e conex\u00e3o.<\/p>\n\n\n\n<h2 class=\"wp-block-heading\">Quais frases podem desarmar conflitos durante uma discuss\u00e3o?<\/h2>\n\n\n\n<p>Durante uma discuss\u00e3o, usar frases que demonstrem empatia e compreens\u00e3o pode ser extremamente eficaz. Por exemplo, dizer &#8220;Eu entendo como voc\u00ea se sente&#8221; pode ajudar a validar as emo\u00e7\u00f5es do outro, mostrando que voc\u00ea est\u00e1 disposto a ouvir e compreender. Outra frase \u00fatil \u00e9 &#8220;Vamos tentar encontrar uma solu\u00e7\u00e3o juntos&#8221;, que foca na resolu\u00e7\u00e3o do problema em vez de prolongar o conflito.<\/p>\n\n\n\n<p>Al\u00e9m disso, express\u00f5es como &#8220;Eu preciso de um momento para pensar&#8221; podem ser \u00fateis para ganhar tempo e evitar rea\u00e7\u00f5es impulsivas. Essas frases n\u00e3o apenas desarmam a tens\u00e3o, mas tamb\u00e9m mostram que voc\u00ea est\u00e1 comprometido em manter o di\u00e1logo aberto e respeitoso.<\/p>\n\n\n<div class=\"wp-block-image\">\n<figure class=\"aligncenter size-large\"><img loading=\"lazy\" decoding=\"async\" width=\"1024\" height=\"576\" src=\"https:\/\/www.em.com.br\/emfoco\/wp-content\/uploads\/2025\/06\/falar_1748547797220-1024x576.jpg\" alt=\"Falar em momentos de raiva\" class=\"wp-image-53149\" srcset=\"https:\/\/www.em.com.br\/emfoco\/wp-content\/uploads\/2025\/06\/falar_1748547797220-1024x576.jpg 1024w, https:\/\/www.em.com.br\/emfoco\/wp-content\/uploads\/2025\/06\/falar_1748547797220-300x169.jpg 300w, https:\/\/www.em.com.br\/emfoco\/wp-content\/uploads\/2025\/06\/falar_1748547797220-768x432.jpg 768w, https:\/\/www.em.com.br\/emfoco\/wp-content\/uploads\/2025\/06\/falar_1748547797220-750x422.jpg 750w, https:\/\/www.em.com.br\/emfoco\/wp-content\/uploads\/2025\/06\/falar_1748547797220-1140x641.jpg 1140w, https:\/\/www.em.com.br\/emfoco\/wp-content\/uploads\/2025\/06\/falar_1748547797220.jpg 1280w\" sizes=\"auto, (max-width: 1024px) 100vw, 1024px\" \/><figcaption class=\"wp-element-caption\">Falar em momentos de raiva &#8211; Cr\u00e9ditos: depositphotos.com \/ IgorVetushko<\/figcaption><\/figure><\/div>\n\n\n<h2 class=\"wp-block-heading\">Como a empatia pode ajudar a acalmar tens\u00f5es?<\/h2>\n\n\n\n<p>A empatia \u00e9 uma ferramenta poderosa para acalmar tens\u00f5es, pois permite que uma pessoa compreenda verdadeiramente a perspectiva do outro. Quando algu\u00e9m se sente ouvido e compreendido, \u00e9 mais prov\u00e1vel que se acalme e esteja disposto a dialogar. Frases como &#8220;Eu vejo que isso \u00e9 importante para voc\u00ea&#8221; podem demonstrar essa empatia.<\/p>\n\n\n\n<p>Al\u00e9m disso, a empatia ajuda a construir confian\u00e7a e respeito m\u00fatuo, elementos essenciais para resolver conflitos de maneira eficaz. Ao demonstrar empatia, uma pessoa n\u00e3o apenas desarma a raiva, mas tamb\u00e9m fortalece o v\u00ednculo emocional com o outro, criando um ambiente mais harmonioso.<\/p>\n\n\n\n<h2 class=\"wp-block-heading\">Por que \u00e9 importante focar na solu\u00e7\u00e3o e n\u00e3o na provoca\u00e7\u00e3o?<\/h2>\n\n\n\n<p>Focar na solu\u00e7\u00e3o em vez da provoca\u00e7\u00e3o \u00e9 <a href=\"https:\/\/www.uol.com.br\/vivabem\/noticias\/redacao\/2024\/07\/08\/falar-essas-12-frases-com-frequencia-indica-alta-inteligencia-emocional.htm\" target=\"_blank\" rel=\"noreferrer noopener\">fundamental <\/a>para resolver conflitos de maneira construtiva. Quando uma pessoa se concentra em encontrar uma solu\u00e7\u00e3o, ela est\u00e1 demonstrando maturidade emocional e um desejo genu\u00edno de resolver o problema. Frases como &#8220;Como podemos resolver isso juntos?&#8221; incentivam a colabora\u00e7\u00e3o e o entendimento m\u00fatuo.<\/p>\n\n\n\n<p>Por outro lado, a provoca\u00e7\u00e3o apenas intensifica a raiva e prolonga o conflito. Evitar provoca\u00e7\u00f5es e buscar solu\u00e7\u00f5es pr\u00e1ticas n\u00e3o s\u00f3 resolve o problema imediato, mas tamb\u00e9m fortalece o relacionamento a longo prazo, promovendo um ambiente de respeito e coopera\u00e7\u00e3o.<\/p>\n\n\n\n<h2 class=\"wp-block-heading\">Como evitar rea\u00e7\u00f5es impulsivas em momentos de raiva?<\/h2>\n\n\n\n<p>Evitar rea\u00e7\u00f5es impulsivas em momentos de raiva \u00e9 um dos principais desafios da intelig\u00eancia emocional. Uma estrat\u00e9gia eficaz \u00e9 praticar a autorreflex\u00e3o, que envolve parar e pensar antes de responder. Frases como &#8220;Preciso de um momento para processar isso&#8221; podem ser \u00fateis para ganhar tempo e evitar rea\u00e7\u00f5es impulsivas.<\/p>\n\n\n\n<p>Outra t\u00e9cnica \u00e9 a respira\u00e7\u00e3o profunda, que ajuda a acalmar o sistema nervoso e a reduzir a intensidade das emo\u00e7\u00f5es. Ao controlar a respira\u00e7\u00e3o, uma pessoa pode se centrar e responder de maneira mais racional e equilibrada, evitando assim conflitos desnecess\u00e1rios.<\/p>\n\n\n\n<h2 class=\"wp-block-heading\">Quais s\u00e3o os benef\u00edcios de usar frases que demonstram intelig\u00eancia emocional?<\/h2>\n\n\n\n<p>Usar frases que demonstram intelig\u00eancia emocional traz diversos benef\u00edcios, tanto para a pessoa que as utiliza quanto para o relacionamento como um todo. Essas frases ajudam a desarmar conflitos, promovem a compreens\u00e3o m\u00fatua e fortalecem os la\u00e7os emocionais. Al\u00e9m disso, elas incentivam um ambiente de respeito e coopera\u00e7\u00e3o.<\/p>\n\n\n\n<p>Outro benef\u00edcio \u00e9 o desenvolvimento pessoal. Ao praticar a intelig\u00eancia emocional, uma pessoa se torna mais consciente de suas pr\u00f3prias emo\u00e7\u00f5es e das emo\u00e7\u00f5es dos outros, o que pode levar a um maior autoconhecimento e crescimento pessoal. Em \u00faltima an\u00e1lise, essas frases contribuem para relacionamentos mais saud\u00e1veis e harmoniosos.<\/p>\n","protected":false},"excerpt":{"rendered":"<p>A intelig\u00eancia emocional refere-se \u00e0 capacidade de reconhecer, entender e gerenciar as pr\u00f3prias emo\u00e7\u00f5es, bem como as emo\u00e7\u00f5es dos outros. Em momentos de raiva, essa habilidade \u00e9 crucial, pois permite que uma pessoa responda de maneira controlada e construtiva, em vez de reagir impulsivamente. Isso ajuda a evitar conflitos desnecess\u00e1rios e a manter relacionamentos saud\u00e1veis. [&hellip;]<\/p>\n","protected":false},"author":15,"featured_media":53148,"comment_status":"open","ping_status":"open","sticky":false,"template":"","format":"standard","meta":{"jnews-multi-image_gallery":[],"jnews_single_post":{"format":"standard"},"jnews_primary_category":[],"jnews_social_meta":[],"jnews_override_counter":[],"footnotes":""},"categories":[8819],"tags":[9173,7583,1060,4799,7528],"class_list":["post-53145","post","type-post","status-publish","format-standard","has-post-thumbnail","hentry","category-curiosidades","tag-conflitos","tag-discussoes","tag-emocoes","tag-empatia","tag-inteligencia-emocional"],"yoast_head":"<!-- This site is optimized with the Yoast SEO plugin v23.8 - https:\/\/yoast.com\/wordpress\/plugins\/seo\/ -->\n<title>Frases que mostram intelig\u00eancia emocional em momentos de raiva - Estado de Minas - Em foco<\/title>\n<meta name=\"description\" content=\"Veja quais frases as pessoas mais inteligentes usam para acalmar tens\u00f5es nos relacionamentos.\" \/>\n<meta name=\"robots\" content=\"index, follow, max-snippet:-1, max-image-preview:large, max-video-preview:-1\" \/>\n<link rel=\"canonical\" href=\"https:\/\/www.em.com.br\/emfoco\/2025\/06\/03\/frases-que-mostram-inteligencia-emocional-em-momentos-de-raiva\/\" \/>\n<meta property=\"og:locale\" content=\"pt_BR\" \/>\n<meta property=\"og:type\" content=\"article\" \/>\n<meta property=\"og:title\" content=\"Frases que mostram intelig\u00eancia emocional em momentos de raiva - Estado de Minas - Em foco\" \/>\n<meta property=\"og:description\" content=\"Veja quais frases as pessoas mais inteligentes usam para acalmar tens\u00f5es nos relacionamentos.\" \/>\n<meta property=\"og:url\" content=\"https:\/\/www.em.com.br\/emfoco\/2025\/06\/03\/frases-que-mostram-inteligencia-emocional-em-momentos-de-raiva\/\" \/>\n<meta property=\"og:site_name\" content=\"Estado de Minas - Em foco\" \/>\n<meta property=\"article:published_time\" content=\"2025-06-03T13:30:24+00:00\" \/>\n<meta property=\"article:modified_time\" content=\"2025-06-02T21:12:34+00:00\" \/>\n<meta property=\"og:image\" content=\"https:\/\/www.em.com.br\/emfoco\/wp-content\/uploads\/2025\/06\/falar_1748547713882.jpg\" \/>\n\t<meta property=\"og:image:width\" content=\"1280\" \/>\n\t<meta property=\"og:image:height\" content=\"720\" \/>\n\t<meta property=\"og:image:type\" content=\"image\/jpeg\" \/>\n<meta name=\"author\" content=\"Douglas Myth\" \/>\n<meta name=\"twitter:card\" content=\"summary_large_image\" \/>\n<meta name=\"twitter:label1\" content=\"Escrito por\" \/>\n\t<meta name=\"twitter:data1\" content=\"Douglas Myth\" \/>\n\t<meta name=\"twitter:label2\" content=\"Est. tempo de leitura\" \/>\n\t<meta name=\"twitter:data2\" content=\"4 minutos\" \/>\n<!-- \/ Yoast SEO plugin. -->","yoast_head_json":{"title":"Frases que mostram intelig\u00eancia emocional em momentos de raiva - Estado de Minas - Em foco","description":"Veja quais frases as pessoas mais inteligentes usam para acalmar tens\u00f5es nos relacionamentos.","robots":{"index":"index","follow":"follow","max-snippet":"max-snippet:-1","max-image-preview":"max-image-preview:large","max-video-preview":"max-video-preview:-1"},"canonical":"https:\/\/www.em.com.br\/emfoco\/2025\/06\/03\/frases-que-mostram-inteligencia-emocional-em-momentos-de-raiva\/","og_locale":"pt_BR","og_type":"article","og_title":"Frases que mostram intelig\u00eancia emocional em momentos de raiva - Estado de Minas - Em foco","og_description":"Veja quais frases as pessoas mais inteligentes usam para acalmar tens\u00f5es nos relacionamentos.","og_url":"https:\/\/www.em.com.br\/emfoco\/2025\/06\/03\/frases-que-mostram-inteligencia-emocional-em-momentos-de-raiva\/","og_site_name":"Estado de Minas - Em foco","article_published_time":"2025-06-03T13:30:24+00:00","article_modified_time":"2025-06-02T21:12:34+00:00","og_image":[{"width":1280,"height":720,"url":"https:\/\/www.em.com.br\/emfoco\/wp-content\/uploads\/2025\/06\/falar_1748547713882.jpg","type":"image\/jpeg"}],"author":"Douglas Myth","twitter_card":"summary_large_image","twitter_misc":{"Escrito por":"Douglas Myth","Est. tempo de leitura":"4 minutos"},"schema":{"@context":"https:\/\/schema.org","@graph":[{"@type":"WebPage","@id":"https:\/\/www.em.com.br\/emfoco\/2025\/06\/03\/frases-que-mostram-inteligencia-emocional-em-momentos-de-raiva\/","url":"https:\/\/www.em.com.br\/emfoco\/2025\/06\/03\/frases-que-mostram-inteligencia-emocional-em-momentos-de-raiva\/","name":"Frases que mostram intelig\u00eancia emocional em momentos de raiva - Estado de Minas - Em foco","isPartOf":{"@id":"https:\/\/www.em.com.br\/emfoco\/#website"},"primaryImageOfPage":{"@id":"https:\/\/www.em.com.br\/emfoco\/2025\/06\/03\/frases-que-mostram-inteligencia-emocional-em-momentos-de-raiva\/#primaryimage"},"image":{"@id":"https:\/\/www.em.com.br\/emfoco\/2025\/06\/03\/frases-que-mostram-inteligencia-emocional-em-momentos-de-raiva\/#primaryimage"},"thumbnailUrl":"https:\/\/www.em.com.br\/emfoco\/wp-content\/uploads\/2025\/06\/falar_1748547713882.jpg","datePublished":"2025-06-03T13:30:24+00:00","dateModified":"2025-06-02T21:12:34+00:00","author":{"@id":"https:\/\/www.em.com.br\/emfoco\/#\/schema\/person\/bba594b7eebe9b9885fec3a5c7837089"},"description":"Veja quais frases as pessoas mais inteligentes usam para acalmar tens\u00f5es nos relacionamentos.","breadcrumb":{"@id":"https:\/\/www.em.com.br\/emfoco\/2025\/06\/03\/frases-que-mostram-inteligencia-emocional-em-momentos-de-raiva\/#breadcrumb"},"inLanguage":"pt-BR","potentialAction":[{"@type":"ReadAction","target":["https:\/\/www.em.com.br\/emfoco\/2025\/06\/03\/frases-que-mostram-inteligencia-emocional-em-momentos-de-raiva\/"]}]},{"@type":"ImageObject","inLanguage":"pt-BR","@id":"https:\/\/www.em.com.br\/emfoco\/2025\/06\/03\/frases-que-mostram-inteligencia-emocional-em-momentos-de-raiva\/#primaryimage","url":"https:\/\/www.em.com.br\/emfoco\/wp-content\/uploads\/2025\/06\/falar_1748547713882.jpg","contentUrl":"https:\/\/www.em.com.br\/emfoco\/wp-content\/uploads\/2025\/06\/falar_1748547713882.jpg","width":1280,"height":720,"caption":"falar - Cr\u00e9ditos: depositphotos.com \/ ruigsantos"},{"@type":"BreadcrumbList","@id":"https:\/\/www.em.com.br\/emfoco\/2025\/06\/03\/frases-que-mostram-inteligencia-emocional-em-momentos-de-raiva\/#breadcrumb","itemListElement":[{"@type":"ListItem","position":1,"name":"In\u00edcio","item":"https:\/\/www.em.com.br\/emfoco\/"},{"@type":"ListItem","position":2,"name":"Frases que mostram intelig\u00eancia emocional em momentos de raiva"}]},{"@type":"WebSite","@id":"https:\/\/www.em.com.br\/emfoco\/#website","url":"https:\/\/www.em.com.br\/emfoco\/","name":"Estado de Minas - Em foco","description":"Acompanhe as \u00faltimas not\u00edcias e fique bem informado sobre tudo o que acontece em Minas Gerais, Brasil e no mundo.","potentialAction":[{"@type":"SearchAction","target":{"@type":"EntryPoint","urlTemplate":"https:\/\/www.em.com.br\/emfoco\/?s={search_term_string}"},"query-input":{"@type":"PropertyValueSpecification","valueRequired":true,"valueName":"search_term_string"}}],"inLanguage":"pt-BR"},{"@type":"Person","@id":"https:\/\/www.em.com.br\/emfoco\/#\/schema\/person\/bba594b7eebe9b9885fec3a5c7837089","name":"Douglas Myth","image":{"@type":"ImageObject","inLanguage":"pt-BR","@id":"https:\/\/www.em.com.br\/emfoco\/#\/schema\/person\/image\/","url":"https:\/\/secure.gravatar.com\/avatar\/1ac3cf50d0e68642c697dc0c960c802f?s=96&d=mm&r=g","contentUrl":"https:\/\/secure.gravatar.com\/avatar\/1ac3cf50d0e68642c697dc0c960c802f?s=96&d=mm&r=g","caption":"Douglas Myth"},"url":"https:\/\/www.em.com.br\/emfoco\/author\/douglasmyth\/"}]}},"_links":{"self":[{"href":"https:\/\/www.em.com.br\/emfoco\/wp-json\/wp\/v2\/posts\/53145","targetHints":{"allow":["GET"]}}],"collection":[{"href":"https:\/\/www.em.com.br\/emfoco\/wp-json\/wp\/v2\/posts"}],"about":[{"href":"https:\/\/www.em.com.br\/emfoco\/wp-json\/wp\/v2\/types\/post"}],"author":[{"embeddable":true,"href":"https:\/\/www.em.com.br\/emfoco\/wp-json\/wp\/v2\/users\/15"}],"replies":[{"embeddable":true,"href":"https:\/\/www.em.com.br\/emfoco\/wp-json\/wp\/v2\/comments?post=53145"}],"version-history":[{"count":2,"href":"https:\/\/www.em.com.br\/emfoco\/wp-json\/wp\/v2\/posts\/53145\/revisions"}],"predecessor-version":[{"id":53153,"href":"https:\/\/www.em.com.br\/emfoco\/wp-json\/wp\/v2\/posts\/53145\/revisions\/53153"}],"wp:featuredmedia":[{"embeddable":true,"href":"https:\/\/www.em.com.br\/emfoco\/wp-json\/wp\/v2\/media\/53148"}],"wp:attachment":[{"href":"https:\/\/www.em.com.br\/emfoco\/wp-json\/wp\/v2\/media?parent=53145"}],"wp:term":[{"taxonomy":"category","embeddable":true,"href":"https:\/\/www.em.com.br\/emfoco\/wp-json\/wp\/v2\/categories?post=53145"},{"taxonomy":"post_tag","embeddable":true,"href":"https:\/\/www.em.com.br\/emfoco\/wp-json\/wp\/v2\/tags?post=53145"}],"curies":[{"name":"wp","href":"https:\/\/api.w.org\/{rel}","templated":true}]}}