{"id":53120,"date":"2025-05-31T06:20:00","date_gmt":"2025-05-31T09:20:00","guid":{"rendered":"https:\/\/www.em.com.br\/emfoco\/?p=53120"},"modified":"2025-05-30T20:23:01","modified_gmt":"2025-05-30T23:23:01","slug":"sudeste-tera-queda-de-temperatura-e-frente-fria-entre-31-05-e-01-06","status":"publish","type":"post","link":"https:\/\/www.em.com.br\/emfoco\/2025\/05\/31\/sudeste-tera-queda-de-temperatura-e-frente-fria-entre-31-05-e-01-06\/","title":{"rendered":"Sudeste ter\u00e1 queda de temperatura e frente fria entre 31\/05 e 01\/06"},"content":{"rendered":"\n<p>As\u00a0<a href=\"https:\/\/brasil.un.org\/pt-br\/175180-o-que-s%C3%A3o-mudan%C3%A7as-clim%C3%A1ticas\" target=\"_blank\" rel=\"noreferrer noopener\"><strong>mudan\u00e7as clim\u00e1ticas<\/strong>\u00a0<\/a>t\u00eam se tornado um tema cada vez mais relevante, especialmente na regi\u00e3o\u00a0<strong><a href=\"https:\/\/www.em.com.br\/emfoco\/2025\/05\/29\/sudeste-enfrenta-variacoes-bruscas-de-temperatura-no-fim-de-maio\/\" target=\"_blank\" rel=\"noreferrer noopener\">Sudeste <\/a>do Brasil<\/strong>. Essa \u00e1rea, que abriga importantes centros urbanos e econ\u00f4micos, enfrenta desafios significativos devido \u00e0s altera\u00e7\u00f5es no clima. As varia\u00e7\u00f5es de temperatura, aumento de eventos extremos e mudan\u00e7as nos padr\u00f5es de precipita\u00e7\u00e3o s\u00e3o alguns dos impactos observados.<\/p>\n\n\n\n<p>O aumento da temperatura m\u00e9dia global tem contribu\u00eddo para o surgimento de ondas de calor mais intensas e frequentes. Al\u00e9m disso, a irregularidade das chuvas afeta a disponibilidade de \u00e1gua, influenciando diretamente a agricultura e o abastecimento urbano. Esses fatores ressaltam a import\u00e2ncia de estrat\u00e9gias de adapta\u00e7\u00e3o e mitiga\u00e7\u00e3o para lidar com os efeitos das mudan\u00e7as clim\u00e1ticas na regi\u00e3o.<\/p>\n\n\n\n<h2 class=\"wp-block-heading\">Qual a previs\u00e3o de temperaturas para o Sudeste entre 31\/05 e 01\/06\/2025?<\/h2>\n\n\n\n<p>As previs\u00f5es meteorol\u00f3gicas para o per\u00edodo de&nbsp;<strong>31 de maio a 1 de junho de 2025<\/strong>&nbsp;indicam varia\u00e7\u00f5es significativas nas temperaturas m\u00e1ximas e m\u00ednimas em diferentes estados e cidades do Sudeste. A seguir, est\u00e3o listadas as previs\u00f5es para algumas localidades:<\/p>\n\n\n\n<ul class=\"wp-block-list\">\n<li><strong>S\u00e3o Paulo:<\/strong>\u00a0M\u00e1xima de 26\u00b0C e m\u00ednima de 15\u00b0C.<\/li>\n\n\n\n<li><strong>Rio de Janeiro:<\/strong>\u00a0M\u00e1xima de 28\u00b0C e m\u00ednima de 18\u00b0C.<\/li>\n\n\n\n<li><strong>Esp\u00edrito Santo:<\/strong>\u00a0M\u00e1xima de 30\u00b0C e m\u00ednima de 20\u00b0C.<\/li>\n\n\n\n<li><strong>Minas Gerais:<\/strong>\u00a0M\u00e1xima de 27\u00b0C e m\u00ednima de 14\u00b0C.<\/li>\n<\/ul>\n\n\n\n<h2 class=\"wp-block-heading\">O que esperar das temperaturas em Belo Horizonte entre 31\/05 e 01\/06\/2025?<\/h2>\n\n\n\n<p>Para a capital mineira,&nbsp;<strong>Belo Horizonte<\/strong>, as temperaturas previstas para o per\u00edodo s\u00e3o as seguintes:<\/p>\n\n\n\n<ul class=\"wp-block-list\">\n<li><strong>31\/05\/2025:<\/strong>\u00a0M\u00e1xima de 25\u00b0C e m\u00ednima de 16\u00b0C.<\/li>\n\n\n\n<li><strong>01\/06\/2025:<\/strong>\u00a0M\u00e1xima de 26\u00b0C e m\u00ednima de 15\u00b0C.<\/li>\n<\/ul>\n\n\n\n<figure class=\"wp-block-image\"><img decoding=\"async\" src=\"https:\/\/www.em.com.br\/emfoco\/wp-content\/uploads\/2025\/04\/clima-frio_1744910714650-1024x576.jpg\" alt=\"\"\/><figcaption class=\"wp-element-caption\">clima frio &#8211; Cr\u00e9ditos: depositphotos.com \/ ifeelstock<\/figcaption><\/figure>\n\n\n\n<h2 class=\"wp-block-heading\">Quais s\u00e3o as temperaturas previstas em outras cidades de Minas Gerais de 31\/05 a 01\/06\/2025?<\/h2>\n\n\n\n<p>Al\u00e9m de Belo Horizonte, outras cidades de&nbsp;<strong>Minas Gerais<\/strong>&nbsp;tamb\u00e9m apresentam previs\u00f5es espec\u00edficas:<\/p>\n\n\n\n<ul class=\"wp-block-list\">\n<li><strong>Uberl\u00e2ndia:<\/strong>\u00a0M\u00e1xima de 28\u00b0C e m\u00ednima de 17\u00b0C.<\/li>\n\n\n\n<li><strong>Juiz de Fora:<\/strong>\u00a0M\u00e1xima de 24\u00b0C e m\u00ednima de 13\u00b0C.<\/li>\n\n\n\n<li><strong>Montes Claros:<\/strong>\u00a0M\u00e1xima de 29\u00b0C e m\u00ednima de 18\u00b0C.<\/li>\n\n\n\n<li><strong>Divin\u00f3polis:<\/strong>\u00a0M\u00e1xima de 27\u00b0C e m\u00ednima de 16\u00b0C.<\/li>\n<\/ul>\n\n\n\n<h2 class=\"wp-block-heading\">A presen\u00e7a de uma frente fria afeta o clima na regi\u00e3o Sudeste?<\/h2>\n\n\n\n<p>A presen\u00e7a de uma frente fria na regi\u00e3o Sudeste pode influenciar o clima nos pr\u00f3ximos dias. As previs\u00f5es indicam:<\/p>\n\n\n\n<ul class=\"wp-block-list\">\n<li>S\u00e3o Paulo: Possibilidade de chuvas esparsas e per\u00edodos de sol.<\/li>\n\n\n\n<li>Rio de Janeiro: Sol entre nuvens com pancadas de chuva \u00e0 tarde.<\/li>\n\n\n\n<li>Esp\u00edrito Santo: Predom\u00ednio de sol com poucas nuvens.<\/li>\n\n\n\n<li>Minas Gerais: C\u00e9u parcialmente nublado com chance de chuvas isoladas.<\/li>\n<\/ul>\n\n\n\n<h2 class=\"wp-block-heading\">Qual \u00e9 o ranking das cidades com menor temperatura nos pr\u00f3ximos dias?<\/h2>\n\n\n\n<ol class=\"wp-block-list\">\n<li><strong>Campos do Jord\u00e3o, SP:<\/strong>\u00a010\u00b0C<\/li>\n\n\n\n<li><strong>Monte Verde, MG:<\/strong>\u00a011\u00b0C<\/li>\n\n\n\n<li><strong>S\u00e3o Joaquim, SC:<\/strong>\u00a012\u00b0C<\/li>\n\n\n\n<li><strong>Urubici, SC:<\/strong>\u00a013\u00b0C<\/li>\n\n\n\n<li><strong>Gramado, RS:<\/strong>\u00a014\u00b0C<\/li>\n\n\n\n<li><strong>Canela, RS:<\/strong> 14\u00b0C<\/li>\n\n\n\n<li><strong>Serra Negra, SP:<\/strong> 15\u00b0C<\/li>\n\n\n\n<li><strong>Campos Novos, SC:<\/strong> 15\u00b0C<\/li>\n<\/ol>\n\n\n\n<h2 class=\"wp-block-heading\">O que dizem o Inmet e Climatempo sobre o tempo nesses dias?<\/h2>\n\n\n\n<p>O&nbsp;<strong>Instituto Nacional de Meteorologia (Inmet)<\/strong>&nbsp;e o&nbsp;<strong>Climatempo<\/strong>&nbsp;apontam para um cen\u00e1rio de instabilidade clim\u00e1tica na regi\u00e3o Sudeste. A presen\u00e7a de uma frente fria pode trazer chuvas e queda nas temperaturas, especialmente nas \u00e1reas serranas. As previs\u00f5es destacam a import\u00e2ncia de estar atento \u00e0s atualiza\u00e7\u00f5es meteorol\u00f3gicas para melhor se preparar para as condi\u00e7\u00f5es clim\u00e1ticas.<\/p>\n\n\n\n<h2 class=\"wp-block-heading\">Como interpretar a previs\u00e3o do tempo de forma eficaz?<\/h2>\n\n\n\n<p>Compreender a previs\u00e3o do tempo pode ser desafiador, mas algumas dicas podem ajudar a evitar erros comuns:<\/p>\n\n\n\n<ul class=\"wp-block-list\">\n<li><strong>Verifique a fonte:<\/strong>\u00a0Utilize informa\u00e7\u00f5es de fontes confi\u00e1veis como o Inmet e o Climatempo.<\/li>\n\n\n\n<li><strong>Considere a localiza\u00e7\u00e3o:<\/strong>\u00a0As previs\u00f5es podem variar significativamente entre diferentes regi\u00f5es.<\/li>\n\n\n\n<li><strong>Observe as tend\u00eancias:<\/strong>\u00a0Analise as tend\u00eancias de temperatura e precipita\u00e7\u00e3o ao longo dos dias.<\/li>\n\n\n\n<li><strong>Esteja atento \u00e0s atualiza\u00e7\u00f5es:<\/strong>\u00a0As condi\u00e7\u00f5es clim\u00e1ticas podem mudar rapidamente, por isso, mantenha-se informado.<\/li>\n<\/ul>\n","protected":false},"excerpt":{"rendered":"<p>As\u00a0mudan\u00e7as clim\u00e1ticas\u00a0t\u00eam se tornado um tema cada vez mais relevante, especialmente na regi\u00e3o\u00a0Sudeste do Brasil. Essa \u00e1rea, que abriga importantes centros urbanos e econ\u00f4micos, enfrenta desafios significativos devido \u00e0s altera\u00e7\u00f5es no clima. As varia\u00e7\u00f5es de temperatura, aumento de eventos extremos e mudan\u00e7as nos padr\u00f5es de precipita\u00e7\u00e3o s\u00e3o alguns dos impactos observados. O aumento da temperatura [&hellip;]<\/p>\n","protected":false},"author":11,"featured_media":46886,"comment_status":"open","ping_status":"open","sticky":false,"template":"","format":"standard","meta":{"jnews-multi-image_gallery":[],"jnews_single_post":{"format":"standard"},"jnews_primary_category":[],"jnews_social_meta":[],"jnews_override_counter":[],"footnotes":""},"categories":[30,1],"tags":[152,9169,1192,249],"class_list":["post-53120","post","type-post","status-publish","format-standard","has-post-thumbnail","hentry","category-clima","category-noticias","tag-clima","tag-frente-fria","tag-sudeste","tag-temperatura"],"yoast_head":"<!-- This site is optimized with the Yoast SEO plugin v23.8 - https:\/\/yoast.com\/wordpress\/plugins\/seo\/ -->\n<title>Sudeste ter\u00e1 queda de temperatura e frente fria entre 31\/05 e 01\/06 - Estado de Minas - Em foco<\/title>\n<meta name=\"description\" content=\"Uma frente fria atinge o Sudeste com varia\u00e7\u00f5es de temperatura e chuva. Veja como fica o tempo entre 31 \/05 e 01\/06 nas principais cidades.\" \/>\n<meta name=\"robots\" content=\"index, follow, max-snippet:-1, max-image-preview:large, max-video-preview:-1\" \/>\n<link rel=\"canonical\" href=\"https:\/\/www.em.com.br\/emfoco\/2025\/05\/31\/sudeste-tera-queda-de-temperatura-e-frente-fria-entre-31-05-e-01-06\/\" \/>\n<meta property=\"og:locale\" content=\"pt_BR\" \/>\n<meta property=\"og:type\" content=\"article\" \/>\n<meta property=\"og:title\" content=\"Sudeste ter\u00e1 queda de temperatura e frente fria entre 31\/05 e 01\/06 - Estado de Minas - Em foco\" \/>\n<meta property=\"og:description\" content=\"Uma frente fria atinge o Sudeste com varia\u00e7\u00f5es de temperatura e chuva. Veja como fica o tempo entre 31 \/05 e 01\/06 nas principais cidades.\" \/>\n<meta property=\"og:url\" content=\"https:\/\/www.em.com.br\/emfoco\/2025\/05\/31\/sudeste-tera-queda-de-temperatura-e-frente-fria-entre-31-05-e-01-06\/\" \/>\n<meta property=\"og:site_name\" content=\"Estado de Minas - Em foco\" \/>\n<meta property=\"article:published_time\" content=\"2025-05-31T09:20:00+00:00\" \/>\n<meta property=\"article:modified_time\" content=\"2025-05-30T23:23:01+00:00\" \/>\n<meta property=\"og:image\" content=\"https:\/\/www.em.com.br\/emfoco\/wp-content\/uploads\/2025\/05\/previsao-do-tempo-no-celular_1747150406729.jpg\" \/>\n\t<meta property=\"og:image:width\" content=\"1280\" \/>\n\t<meta property=\"og:image:height\" content=\"720\" \/>\n\t<meta property=\"og:image:type\" content=\"image\/jpeg\" \/>\n<meta name=\"author\" content=\"Andre\u0301 Rangel\u00a0\" \/>\n<meta name=\"twitter:card\" content=\"summary_large_image\" \/>\n<meta name=\"twitter:label1\" content=\"Escrito por\" \/>\n\t<meta name=\"twitter:data1\" content=\"Andre\u0301 Rangel\u00a0\" \/>\n\t<meta name=\"twitter:label2\" content=\"Est. tempo de leitura\" \/>\n\t<meta name=\"twitter:data2\" content=\"4 minutos\" \/>\n<!-- \/ Yoast SEO plugin. -->","yoast_head_json":{"title":"Sudeste ter\u00e1 queda de temperatura e frente fria entre 31\/05 e 01\/06 - Estado de Minas - Em foco","description":"Uma frente fria atinge o Sudeste com varia\u00e7\u00f5es de temperatura e chuva. Veja como fica o tempo entre 31 \/05 e 01\/06 nas principais cidades.","robots":{"index":"index","follow":"follow","max-snippet":"max-snippet:-1","max-image-preview":"max-image-preview:large","max-video-preview":"max-video-preview:-1"},"canonical":"https:\/\/www.em.com.br\/emfoco\/2025\/05\/31\/sudeste-tera-queda-de-temperatura-e-frente-fria-entre-31-05-e-01-06\/","og_locale":"pt_BR","og_type":"article","og_title":"Sudeste ter\u00e1 queda de temperatura e frente fria entre 31\/05 e 01\/06 - Estado de Minas - Em foco","og_description":"Uma frente fria atinge o Sudeste com varia\u00e7\u00f5es de temperatura e chuva. Veja como fica o tempo entre 31 \/05 e 01\/06 nas principais cidades.","og_url":"https:\/\/www.em.com.br\/emfoco\/2025\/05\/31\/sudeste-tera-queda-de-temperatura-e-frente-fria-entre-31-05-e-01-06\/","og_site_name":"Estado de Minas - Em foco","article_published_time":"2025-05-31T09:20:00+00:00","article_modified_time":"2025-05-30T23:23:01+00:00","og_image":[{"width":1280,"height":720,"url":"https:\/\/www.em.com.br\/emfoco\/wp-content\/uploads\/2025\/05\/previsao-do-tempo-no-celular_1747150406729.jpg","type":"image\/jpeg"}],"author":"Andre\u0301 Rangel\u00a0","twitter_card":"summary_large_image","twitter_misc":{"Escrito por":"Andre\u0301 Rangel\u00a0","Est. tempo de leitura":"4 minutos"},"schema":{"@context":"https:\/\/schema.org","@graph":[{"@type":"WebPage","@id":"https:\/\/www.em.com.br\/emfoco\/2025\/05\/31\/sudeste-tera-queda-de-temperatura-e-frente-fria-entre-31-05-e-01-06\/","url":"https:\/\/www.em.com.br\/emfoco\/2025\/05\/31\/sudeste-tera-queda-de-temperatura-e-frente-fria-entre-31-05-e-01-06\/","name":"Sudeste ter\u00e1 queda de temperatura e frente fria entre 31\/05 e 01\/06 - Estado de Minas - Em foco","isPartOf":{"@id":"https:\/\/www.em.com.br\/emfoco\/#website"},"primaryImageOfPage":{"@id":"https:\/\/www.em.com.br\/emfoco\/2025\/05\/31\/sudeste-tera-queda-de-temperatura-e-frente-fria-entre-31-05-e-01-06\/#primaryimage"},"image":{"@id":"https:\/\/www.em.com.br\/emfoco\/2025\/05\/31\/sudeste-tera-queda-de-temperatura-e-frente-fria-entre-31-05-e-01-06\/#primaryimage"},"thumbnailUrl":"https:\/\/www.em.com.br\/emfoco\/wp-content\/uploads\/2025\/05\/previsao-do-tempo-no-celular_1747150406729.jpg","datePublished":"2025-05-31T09:20:00+00:00","dateModified":"2025-05-30T23:23:01+00:00","author":{"@id":"https:\/\/www.em.com.br\/emfoco\/#\/schema\/person\/60eda09c1fedf0d6891f4cef4b60b8b8"},"description":"Uma frente fria atinge o Sudeste com varia\u00e7\u00f5es de temperatura e chuva. Veja como fica o tempo entre 31 \/05 e 01\/06 nas principais cidades.","breadcrumb":{"@id":"https:\/\/www.em.com.br\/emfoco\/2025\/05\/31\/sudeste-tera-queda-de-temperatura-e-frente-fria-entre-31-05-e-01-06\/#breadcrumb"},"inLanguage":"pt-BR","potentialAction":[{"@type":"ReadAction","target":["https:\/\/www.em.com.br\/emfoco\/2025\/05\/31\/sudeste-tera-queda-de-temperatura-e-frente-fria-entre-31-05-e-01-06\/"]}]},{"@type":"ImageObject","inLanguage":"pt-BR","@id":"https:\/\/www.em.com.br\/emfoco\/2025\/05\/31\/sudeste-tera-queda-de-temperatura-e-frente-fria-entre-31-05-e-01-06\/#primaryimage","url":"https:\/\/www.em.com.br\/emfoco\/wp-content\/uploads\/2025\/05\/previsao-do-tempo-no-celular_1747150406729.jpg","contentUrl":"https:\/\/www.em.com.br\/emfoco\/wp-content\/uploads\/2025\/05\/previsao-do-tempo-no-celular_1747150406729.jpg","width":1280,"height":720,"caption":"previs\u00e3o do tempo no celular - Cr\u00e9ditos: depositphotos.com \/ eva058929@gmail.com"},{"@type":"BreadcrumbList","@id":"https:\/\/www.em.com.br\/emfoco\/2025\/05\/31\/sudeste-tera-queda-de-temperatura-e-frente-fria-entre-31-05-e-01-06\/#breadcrumb","itemListElement":[{"@type":"ListItem","position":1,"name":"In\u00edcio","item":"https:\/\/www.em.com.br\/emfoco\/"},{"@type":"ListItem","position":2,"name":"Sudeste ter\u00e1 queda de temperatura e frente fria entre 31\/05 e 01\/06"}]},{"@type":"WebSite","@id":"https:\/\/www.em.com.br\/emfoco\/#website","url":"https:\/\/www.em.com.br\/emfoco\/","name":"Estado de Minas - Em foco","description":"Acompanhe as \u00faltimas not\u00edcias e fique bem informado sobre tudo o que acontece em Minas Gerais, Brasil e no mundo.","potentialAction":[{"@type":"SearchAction","target":{"@type":"EntryPoint","urlTemplate":"https:\/\/www.em.com.br\/emfoco\/?s={search_term_string}"},"query-input":{"@type":"PropertyValueSpecification","valueRequired":true,"valueName":"search_term_string"}}],"inLanguage":"pt-BR"},{"@type":"Person","@id":"https:\/\/www.em.com.br\/emfoco\/#\/schema\/person\/60eda09c1fedf0d6891f4cef4b60b8b8","name":"Andre\u0301 Rangel\u00a0","image":{"@type":"ImageObject","inLanguage":"pt-BR","@id":"https:\/\/www.em.com.br\/emfoco\/#\/schema\/person\/image\/","url":"https:\/\/secure.gravatar.com\/avatar\/6234dc814c77c8ef6d8bba622c787efc?s=96&d=mm&r=g","contentUrl":"https:\/\/secure.gravatar.com\/avatar\/6234dc814c77c8ef6d8bba622c787efc?s=96&d=mm&r=g","caption":"Andre\u0301 Rangel\u00a0"},"url":"https:\/\/www.em.com.br\/emfoco\/author\/luizmyth\/"}]}},"_links":{"self":[{"href":"https:\/\/www.em.com.br\/emfoco\/wp-json\/wp\/v2\/posts\/53120","targetHints":{"allow":["GET"]}}],"collection":[{"href":"https:\/\/www.em.com.br\/emfoco\/wp-json\/wp\/v2\/posts"}],"about":[{"href":"https:\/\/www.em.com.br\/emfoco\/wp-json\/wp\/v2\/types\/post"}],"author":[{"embeddable":true,"href":"https:\/\/www.em.com.br\/emfoco\/wp-json\/wp\/v2\/users\/11"}],"replies":[{"embeddable":true,"href":"https:\/\/www.em.com.br\/emfoco\/wp-json\/wp\/v2\/comments?post=53120"}],"version-history":[{"count":4,"href":"https:\/\/www.em.com.br\/emfoco\/wp-json\/wp\/v2\/posts\/53120\/revisions"}],"predecessor-version":[{"id":53206,"href":"https:\/\/www.em.com.br\/emfoco\/wp-json\/wp\/v2\/posts\/53120\/revisions\/53206"}],"wp:featuredmedia":[{"embeddable":true,"href":"https:\/\/www.em.com.br\/emfoco\/wp-json\/wp\/v2\/media\/46886"}],"wp:attachment":[{"href":"https:\/\/www.em.com.br\/emfoco\/wp-json\/wp\/v2\/media?parent=53120"}],"wp:term":[{"taxonomy":"category","embeddable":true,"href":"https:\/\/www.em.com.br\/emfoco\/wp-json\/wp\/v2\/categories?post=53120"},{"taxonomy":"post_tag","embeddable":true,"href":"https:\/\/www.em.com.br\/emfoco\/wp-json\/wp\/v2\/tags?post=53120"}],"curies":[{"name":"wp","href":"https:\/\/api.w.org\/{rel}","templated":true}]}}