{"id":5298,"date":"2024-12-17T18:20:00","date_gmt":"2024-12-17T21:20:00","guid":{"rendered":"https:\/\/www.em.com.br\/emfoco\/?p=5298"},"modified":"2024-12-16T16:34:40","modified_gmt":"2024-12-16T19:34:40","slug":"como-maira-cardi-e-thiago-nigro-construiram-suas-fortunas-de-milhoes","status":"publish","type":"post","link":"https:\/\/www.em.com.br\/emfoco\/2024\/12\/17\/como-maira-cardi-e-thiago-nigro-construiram-suas-fortunas-de-milhoes\/","title":{"rendered":"Como Ma\u00edra Cardi e Thiago Nigro constru\u00edram suas fortunas de milh\u00f5es?"},"content":{"rendered":"\n<p>Ma\u00edra Cardi, conhecida pela participa\u00e7\u00e3o em reality shows e seu trabalho como empres\u00e1ria, <a href=\"https:\/\/www.em.com.br\/emfoco\/2024\/12\/06\/o-fim-de-bel-air\/\" target=\"_blank\" rel=\"noreferrer noopener\">anunciou <\/a>recentemente a compra de uma mans\u00e3o no exclusivo bairro de Alphaville, em S\u00e3o Paulo. A propriedade, anteriormente pertencente ao jogador Neymar, destaca-se por sua grandiosidade: s\u00e3o 1,5 mil metros quadrados de \u00e1rea, com impressionantes 40 quartos e 20 vagas de garagem.<\/p>\n\n\n\n<p>Em um v\u00eddeo divulgado nas redes sociais, Ma\u00edra compartilhou seus planos para o im\u00f3vel: pretende transformar o amplo espa\u00e7o, anteriormente um sal\u00e3o de festas, em um lugar mais funcional, com academia e brinquedoteca. A compra da mans\u00e3o por Ma\u00edra e seu parceiro, o influenciador financeiro Thiago Nigro, chamou a aten\u00e7\u00e3o pela magnitude do investimento, estimado em R$ 20 milh\u00f5es.<\/p>\n\n\n\n<h2 class=\"wp-block-heading\">Qual \u00e9 a origem dos recursos de Ma\u00edra Cardi e Thiago Nigro?<\/h2>\n\n\n\n<p>Ambos, Ma\u00edra Cardi e Thiago Nigro, t\u00eam trajet\u00f3rias distintas que os levaram ao patamar financeiro atual. Ma\u00edra, que se tornou nacionalmente conhecida ap\u00f3s participar do &#8220;Big Brother Brasil&#8221; em 2009, iniciou sua carreira como modelo. Ap\u00f3s sair do programa, mudou-se para os Estados Unidos e come\u00e7ou a empreender em programas de emagrecimento, consolidando sua fortuna com servi\u00e7os de consultoria e conte\u00fado de bem-estar.<\/p>\n\n\n\n<p>Por outro lado, Thiago Nigro, popularmente conhecido como &#8220;primo rico&#8221;, focou sua carreira no ensino de finan\u00e7as. Ele escreveu o livro best-seller &#8220;Do Mil ao Milh\u00e3o: sem cortar o cafezinho&#8221; e fundou o canal de YouTube e podcast PrimoCast, onde compartilha dicas e informa\u00e7\u00f5es sobre investimentos. Al\u00e9m dessas atividades, ele tamb\u00e9m oferece mentorias e cursos sobre como alcan\u00e7ar a independ\u00eancia financeira.<\/p>\n\n\n\n<blockquote class=\"instagram-media\" data-instgrm-captioned data-instgrm-permalink=\"https:\/\/www.instagram.com\/p\/DCUMPLBJoBX\/?utm_source=ig_embed&amp;utm_campaign=loading\" data-instgrm-version=\"14\" style=\" background:#FFF; border:0; border-radius:3px; box-shadow:0 0 1px 0 rgba(0,0,0,0.5),0 1px 10px 0 rgba(0,0,0,0.15); margin: 1px; max-width:540px; min-width:326px; padding:0; width:99.375%; width:-webkit-calc(100% - 2px); width:calc(100% - 2px);\"><div style=\"padding:16px;\"> <a href=\"https:\/\/www.instagram.com\/p\/DCUMPLBJoBX\/?utm_source=ig_embed&amp;utm_campaign=loading\" style=\" background:#FFFFFF; line-height:0; padding:0 0; text-align:center; text-decoration:none; width:100%;\" target=\"_blank\"> <div style=\" display: flex; flex-direction: row; align-items: center;\"> <div style=\"background-color: #F4F4F4; border-radius: 50%; flex-grow: 0; height: 40px; margin-right: 14px; width: 40px;\"><\/div> <div style=\"display: flex; flex-direction: column; flex-grow: 1; justify-content: center;\"> <div style=\" background-color: #F4F4F4; border-radius: 4px; flex-grow: 0; height: 14px; margin-bottom: 6px; width: 100px;\"><\/div> <div style=\" background-color: #F4F4F4; border-radius: 4px; flex-grow: 0; height: 14px; width: 60px;\"><\/div><\/div><\/div><div style=\"padding: 19% 0;\"><\/div> <div style=\"display:block; height:50px; margin:0 auto 12px; width:50px;\"><svg width=\"50px\" height=\"50px\" viewBox=\"0 0 60 60\" version=\"1.1\" xmlns=\"https:\/\/www.w3.org\/2000\/svg\" xmlns:xlink=\"https:\/\/www.w3.org\/1999\/xlink\"><g stroke=\"none\" stroke-width=\"1\" fill=\"none\" fill-rule=\"evenodd\"><g transform=\"translate(-511.000000, -20.000000)\" fill=\"#000000\"><g><path d=\"M556.869,30.41 C554.814,30.41 553.148,32.076 553.148,34.131 C553.148,36.186 554.814,37.852 556.869,37.852 C558.924,37.852 560.59,36.186 560.59,34.131 C560.59,32.076 558.924,30.41 556.869,30.41 M541,60.657 C535.114,60.657 530.342,55.887 530.342,50 C530.342,44.114 535.114,39.342 541,39.342 C546.887,39.342 551.658,44.114 551.658,50 C551.658,55.887 546.887,60.657 541,60.657 M541,33.886 C532.1,33.886 524.886,41.1 524.886,50 C524.886,58.899 532.1,66.113 541,66.113 C549.9,66.113 557.115,58.899 557.115,50 C557.115,41.1 549.9,33.886 541,33.886 M565.378,62.101 C565.244,65.022 564.756,66.606 564.346,67.663 C563.803,69.06 563.154,70.057 562.106,71.106 C561.058,72.155 560.06,72.803 558.662,73.347 C557.607,73.757 556.021,74.244 553.102,74.378 C549.944,74.521 548.997,74.552 541,74.552 C533.003,74.552 532.056,74.521 528.898,74.378 C525.979,74.244 524.393,73.757 523.338,73.347 C521.94,72.803 520.942,72.155 519.894,71.106 C518.846,70.057 518.197,69.06 517.654,67.663 C517.244,66.606 516.755,65.022 516.623,62.101 C516.479,58.943 516.448,57.996 516.448,50 C516.448,42.003 516.479,41.056 516.623,37.899 C516.755,34.978 517.244,33.391 517.654,32.338 C518.197,30.938 518.846,29.942 519.894,28.894 C520.942,27.846 521.94,27.196 523.338,26.654 C524.393,26.244 525.979,25.756 528.898,25.623 C532.057,25.479 533.004,25.448 541,25.448 C548.997,25.448 549.943,25.479 553.102,25.623 C556.021,25.756 557.607,26.244 558.662,26.654 C560.06,27.196 561.058,27.846 562.106,28.894 C563.154,29.942 563.803,30.938 564.346,32.338 C564.756,33.391 565.244,34.978 565.378,37.899 C565.522,41.056 565.552,42.003 565.552,50 C565.552,57.996 565.522,58.943 565.378,62.101 M570.82,37.631 C570.674,34.438 570.167,32.258 569.425,30.349 C568.659,28.377 567.633,26.702 565.965,25.035 C564.297,23.368 562.623,22.342 560.652,21.575 C558.743,20.834 556.562,20.326 553.369,20.18 C550.169,20.033 549.148,20 541,20 C532.853,20 531.831,20.033 528.631,20.18 C525.438,20.326 523.257,20.834 521.349,21.575 C519.376,22.342 517.703,23.368 516.035,25.035 C514.368,26.702 513.342,28.377 512.574,30.349 C511.834,32.258 511.326,34.438 511.181,37.631 C511.035,40.831 511,41.851 511,50 C511,58.147 511.035,59.17 511.181,62.369 C511.326,65.562 511.834,67.743 512.574,69.651 C513.342,71.625 514.368,73.296 516.035,74.965 C517.703,76.634 519.376,77.658 521.349,78.425 C523.257,79.167 525.438,79.673 528.631,79.82 C531.831,79.965 532.853,80.001 541,80.001 C549.148,80.001 550.169,79.965 553.369,79.82 C556.562,79.673 558.743,79.167 560.652,78.425 C562.623,77.658 564.297,76.634 565.965,74.965 C567.633,73.296 568.659,71.625 569.425,69.651 C570.167,67.743 570.674,65.562 570.82,62.369 C570.966,59.17 571,58.147 571,50 C571,41.851 570.966,40.831 570.82,37.631\"><\/path><\/g><\/g><\/g><\/svg><\/div><div style=\"padding-top: 8px;\"> <div style=\" color:#3897f0; font-family:Arial,sans-serif; font-size:14px; font-style:normal; font-weight:550; line-height:18px;\">Ver essa foto no Instagram<\/div><\/div><div style=\"padding: 12.5% 0;\"><\/div> <div style=\"display: flex; flex-direction: row; margin-bottom: 14px; align-items: center;\"><div> <div style=\"background-color: #F4F4F4; border-radius: 50%; height: 12.5px; width: 12.5px; transform: translateX(0px) translateY(7px);\"><\/div> <div style=\"background-color: #F4F4F4; height: 12.5px; transform: rotate(-45deg) translateX(3px) translateY(1px); width: 12.5px; flex-grow: 0; margin-right: 14px; margin-left: 2px;\"><\/div> <div style=\"background-color: #F4F4F4; border-radius: 50%; height: 12.5px; width: 12.5px; transform: translateX(9px) translateY(-18px);\"><\/div><\/div><div style=\"margin-left: 8px;\"> <div style=\" background-color: #F4F4F4; border-radius: 50%; flex-grow: 0; height: 20px; width: 20px;\"><\/div> <div style=\" width: 0; height: 0; border-top: 2px solid transparent; border-left: 6px solid #f4f4f4; border-bottom: 2px solid transparent; transform: translateX(16px) translateY(-4px) rotate(30deg)\"><\/div><\/div><div style=\"margin-left: auto;\"> <div style=\" width: 0px; border-top: 8px solid #F4F4F4; border-right: 8px solid transparent; transform: translateY(16px);\"><\/div> <div style=\" background-color: #F4F4F4; flex-grow: 0; height: 12px; width: 16px; transform: translateY(-4px);\"><\/div> <div style=\" width: 0; height: 0; border-top: 8px solid #F4F4F4; border-left: 8px solid transparent; transform: translateY(-4px) translateX(8px);\"><\/div><\/div><\/div> <div style=\"display: flex; flex-direction: column; flex-grow: 1; justify-content: center; margin-bottom: 24px;\"> <div style=\" background-color: #F4F4F4; border-radius: 4px; flex-grow: 0; height: 14px; margin-bottom: 6px; width: 224px;\"><\/div> <div style=\" background-color: #F4F4F4; border-radius: 4px; flex-grow: 0; height: 14px; width: 144px;\"><\/div><\/div><\/a><p style=\" color:#c9c8cd; font-family:Arial,sans-serif; font-size:14px; line-height:17px; margin-bottom:0; margin-top:8px; overflow:hidden; padding:8px 0 7px; text-align:center; text-overflow:ellipsis; white-space:nowrap;\"><a href=\"https:\/\/www.instagram.com\/p\/DCUMPLBJoBX\/?utm_source=ig_embed&amp;utm_campaign=loading\" style=\" color:#c9c8cd; font-family:Arial,sans-serif; font-size:14px; font-style:normal; font-weight:normal; line-height:17px; text-decoration:none;\" target=\"_blank\">Uma publica\u00e7\u00e3o compartilhada por Ma\u00edra Cardi (@mairacardi)<\/a><\/p><\/div><\/blockquote>\n<script async src=\"\/\/www.instagram.com\/embed.js\"><\/script>\n\n\n\n<h2 class=\"wp-block-heading\">Como Ma\u00edra Cardi e Thiago Nigro se conheceram?<\/h2>\n\n\n\n<p>Os caminhos de Ma\u00edra e Thiago se cruzaram no in\u00edcio de 2023. Naquele per\u00edodo, Ma\u00edra tinha passado por uma separa\u00e7\u00e3o recente e estava focada em sua carreira de coach de emagrecimento. O encontro com Thiago ocorreu quando ela foi contratada para auxili\u00e1-lo em uma jornada de perda de peso. A parceria profissional rapidamente evoluiu para um romance, levando-os a oficializar o noivado poucos meses depois.<\/p>\n\n\n\n<p>O casal, desde ent\u00e3o, compartilhou momentos de destaque nas redes sociais, incluindo uma viagem memor\u00e1vel a Israel, onde celebraram junto a amigos e familiares. Essa uni\u00e3o atraiu a aten\u00e7\u00e3o do p\u00fablico, tanto pelas personalidades envolvidas quanto pelo estilo de vida luxuoso que exibem.<\/p>\n\n\n\n<h2 class=\"wp-block-heading\">Quais os planos futuros de Ma\u00edra Cardi e Thiago Nigro?<\/h2>\n\n\n\n<p>Al\u00e9m de reformar a nova resid\u00eancia em Alphaville, o casal parece estar focado em expandir suas carreiras. Ma\u00edra continua a desenvolver sua marca pessoal nas redes sociais e a oferecer programas de sa\u00fade e bem-estar, enquanto Thiago lan\u00e7a novos cursos e conte\u00fados voltados para o p\u00fablico interessado em finan\u00e7as. Ambos parecem comprometidos em compartilhar suas jornadas de sucesso com seus seguidores, inspirando outros a buscar crescimento pessoal e profissional.<\/p>\n\n\n\n<p>Com uma base de f\u00e3s leal e presen\u00e7a relevante em diferentes plataformas, Ma\u00edra Cardi e Thiago Nigro continuam a ser figuras influentes no cen\u00e1rio brasileiro, tanto individualmente quanto como casal.<\/p>\n","protected":false},"excerpt":{"rendered":"<p>Ma\u00edra Cardi, conhecida pela participa\u00e7\u00e3o em reality shows e seu trabalho como empres\u00e1ria, anunciou recentemente a compra de uma mans\u00e3o no exclusivo bairro de Alphaville, em S\u00e3o Paulo. A propriedade, anteriormente pertencente ao jogador Neymar, destaca-se por sua grandiosidade: s\u00e3o 1,5 mil metros quadrados de \u00e1rea, com impressionantes 40 quartos e 20 vagas de garagem. [&hellip;]<\/p>\n","protected":false},"author":7,"featured_media":5301,"comment_status":"open","ping_status":"open","sticky":false,"template":"","format":"standard","meta":{"jnews-multi-image_gallery":[],"jnews_single_post":{"format":"standard"},"jnews_primary_category":[],"jnews_social_meta":[],"jnews_override_counter":[],"footnotes":""},"categories":[190],"tags":[2106,952,1642,2108,2107],"class_list":["post-5298","post","type-post","status-publish","format-standard","has-post-thumbnail","hentry","category-fortuna","tag-ganhar-dinheiro","tag-internet","tag-online","tag-renda-extra","tag-trabalho-online"],"yoast_head":"<!-- This site is optimized with the Yoast SEO plugin v23.8 - https:\/\/yoast.com\/wordpress\/plugins\/seo\/ -->\n<title>Como Ma\u00edra Cardi e Thiago Nigro constru\u00edram suas fortunas de milh\u00f5es? - Estado de Minas - Em foco<\/title>\n<meta name=\"description\" content=\"Como esses dois fen\u00f4menos da internet ficaram Famoso e Ricos. Confira!\" \/>\n<meta name=\"robots\" content=\"index, follow, max-snippet:-1, max-image-preview:large, max-video-preview:-1\" \/>\n<link rel=\"canonical\" href=\"https:\/\/www.em.com.br\/emfoco\/2024\/12\/17\/como-maira-cardi-e-thiago-nigro-construiram-suas-fortunas-de-milhoes\/\" \/>\n<meta property=\"og:locale\" content=\"pt_BR\" \/>\n<meta property=\"og:type\" content=\"article\" \/>\n<meta property=\"og:title\" content=\"Como Ma\u00edra Cardi e Thiago Nigro constru\u00edram suas fortunas de milh\u00f5es? - Estado de Minas - Em foco\" \/>\n<meta property=\"og:description\" content=\"Como esses dois fen\u00f4menos da internet ficaram Famoso e Ricos. Confira!\" \/>\n<meta property=\"og:url\" content=\"https:\/\/www.em.com.br\/emfoco\/2024\/12\/17\/como-maira-cardi-e-thiago-nigro-construiram-suas-fortunas-de-milhoes\/\" \/>\n<meta property=\"og:site_name\" content=\"Estado de Minas - Em foco\" \/>\n<meta property=\"article:published_time\" content=\"2024-12-17T21:20:00+00:00\" \/>\n<meta property=\"article:modified_time\" content=\"2024-12-16T19:34:40+00:00\" \/>\n<meta property=\"og:image\" content=\"https:\/\/www.em.com.br\/emfoco\/wp-content\/uploads\/2024\/12\/Thiago_Nigro_criador_do_canal_O_Primo_Rico.png\" \/>\n\t<meta property=\"og:image:width\" content=\"1200\" \/>\n\t<meta property=\"og:image:height\" content=\"800\" \/>\n\t<meta property=\"og:image:type\" content=\"image\/png\" \/>\n<meta name=\"author\" content=\"Kelvin\" \/>\n<meta name=\"twitter:card\" content=\"summary_large_image\" \/>\n<meta name=\"twitter:label1\" content=\"Escrito por\" \/>\n\t<meta name=\"twitter:data1\" content=\"Kelvin\" \/>\n\t<meta name=\"twitter:label2\" content=\"Est. tempo de leitura\" \/>\n\t<meta name=\"twitter:data2\" content=\"3 minutos\" \/>\n<!-- \/ Yoast SEO plugin. -->","yoast_head_json":{"title":"Como Ma\u00edra Cardi e Thiago Nigro constru\u00edram suas fortunas de milh\u00f5es? - Estado de Minas - Em foco","description":"Como esses dois fen\u00f4menos da internet ficaram Famoso e Ricos. Confira!","robots":{"index":"index","follow":"follow","max-snippet":"max-snippet:-1","max-image-preview":"max-image-preview:large","max-video-preview":"max-video-preview:-1"},"canonical":"https:\/\/www.em.com.br\/emfoco\/2024\/12\/17\/como-maira-cardi-e-thiago-nigro-construiram-suas-fortunas-de-milhoes\/","og_locale":"pt_BR","og_type":"article","og_title":"Como Ma\u00edra Cardi e Thiago Nigro constru\u00edram suas fortunas de milh\u00f5es? - Estado de Minas - Em foco","og_description":"Como esses dois fen\u00f4menos da internet ficaram Famoso e Ricos. Confira!","og_url":"https:\/\/www.em.com.br\/emfoco\/2024\/12\/17\/como-maira-cardi-e-thiago-nigro-construiram-suas-fortunas-de-milhoes\/","og_site_name":"Estado de Minas - Em foco","article_published_time":"2024-12-17T21:20:00+00:00","article_modified_time":"2024-12-16T19:34:40+00:00","og_image":[{"width":1200,"height":800,"url":"https:\/\/www.em.com.br\/emfoco\/wp-content\/uploads\/2024\/12\/Thiago_Nigro_criador_do_canal_O_Primo_Rico.png","type":"image\/png"}],"author":"Kelvin","twitter_card":"summary_large_image","twitter_misc":{"Escrito por":"Kelvin","Est. tempo de leitura":"3 minutos"},"schema":{"@context":"https:\/\/schema.org","@graph":[{"@type":"WebPage","@id":"https:\/\/www.em.com.br\/emfoco\/2024\/12\/17\/como-maira-cardi-e-thiago-nigro-construiram-suas-fortunas-de-milhoes\/","url":"https:\/\/www.em.com.br\/emfoco\/2024\/12\/17\/como-maira-cardi-e-thiago-nigro-construiram-suas-fortunas-de-milhoes\/","name":"Como Ma\u00edra Cardi e Thiago Nigro constru\u00edram suas fortunas de milh\u00f5es? - Estado de Minas - Em foco","isPartOf":{"@id":"https:\/\/www.em.com.br\/emfoco\/#website"},"primaryImageOfPage":{"@id":"https:\/\/www.em.com.br\/emfoco\/2024\/12\/17\/como-maira-cardi-e-thiago-nigro-construiram-suas-fortunas-de-milhoes\/#primaryimage"},"image":{"@id":"https:\/\/www.em.com.br\/emfoco\/2024\/12\/17\/como-maira-cardi-e-thiago-nigro-construiram-suas-fortunas-de-milhoes\/#primaryimage"},"thumbnailUrl":"https:\/\/www.em.com.br\/emfoco\/wp-content\/uploads\/2024\/12\/Thiago_Nigro_criador_do_canal_O_Primo_Rico.png","datePublished":"2024-12-17T21:20:00+00:00","dateModified":"2024-12-16T19:34:40+00:00","author":{"@id":"https:\/\/www.em.com.br\/emfoco\/#\/schema\/person\/fb0a7f48c6fbb94b83f413a80f61917d"},"description":"Como esses dois fen\u00f4menos da internet ficaram Famoso e Ricos. Confira!","breadcrumb":{"@id":"https:\/\/www.em.com.br\/emfoco\/2024\/12\/17\/como-maira-cardi-e-thiago-nigro-construiram-suas-fortunas-de-milhoes\/#breadcrumb"},"inLanguage":"pt-BR","potentialAction":[{"@type":"ReadAction","target":["https:\/\/www.em.com.br\/emfoco\/2024\/12\/17\/como-maira-cardi-e-thiago-nigro-construiram-suas-fortunas-de-milhoes\/"]}]},{"@type":"ImageObject","inLanguage":"pt-BR","@id":"https:\/\/www.em.com.br\/emfoco\/2024\/12\/17\/como-maira-cardi-e-thiago-nigro-construiram-suas-fortunas-de-milhoes\/#primaryimage","url":"https:\/\/www.em.com.br\/emfoco\/wp-content\/uploads\/2024\/12\/Thiago_Nigro_criador_do_canal_O_Primo_Rico.png","contentUrl":"https:\/\/www.em.com.br\/emfoco\/wp-content\/uploads\/2024\/12\/Thiago_Nigro_criador_do_canal_O_Primo_Rico.png","width":1200,"height":800,"caption":"Primo Rico Wikimidia Commons"},{"@type":"BreadcrumbList","@id":"https:\/\/www.em.com.br\/emfoco\/2024\/12\/17\/como-maira-cardi-e-thiago-nigro-construiram-suas-fortunas-de-milhoes\/#breadcrumb","itemListElement":[{"@type":"ListItem","position":1,"name":"In\u00edcio","item":"https:\/\/www.em.com.br\/emfoco\/"},{"@type":"ListItem","position":2,"name":"Como Ma\u00edra Cardi e Thiago Nigro constru\u00edram suas fortunas de milh\u00f5es?"}]},{"@type":"WebSite","@id":"https:\/\/www.em.com.br\/emfoco\/#website","url":"https:\/\/www.em.com.br\/emfoco\/","name":"Estado de Minas - Em foco","description":"Acompanhe as \u00faltimas not\u00edcias e fique bem informado sobre tudo o que acontece em Minas Gerais, Brasil e no mundo.","potentialAction":[{"@type":"SearchAction","target":{"@type":"EntryPoint","urlTemplate":"https:\/\/www.em.com.br\/emfoco\/?s={search_term_string}"},"query-input":{"@type":"PropertyValueSpecification","valueRequired":true,"valueName":"search_term_string"}}],"inLanguage":"pt-BR"},{"@type":"Person","@id":"https:\/\/www.em.com.br\/emfoco\/#\/schema\/person\/fb0a7f48c6fbb94b83f413a80f61917d","name":"Kelvin","image":{"@type":"ImageObject","inLanguage":"pt-BR","@id":"https:\/\/www.em.com.br\/emfoco\/#\/schema\/person\/image\/","url":"https:\/\/secure.gravatar.com\/avatar\/e74f84337e6bf6c4c5e88fbdffa05270?s=96&d=mm&r=g","contentUrl":"https:\/\/secure.gravatar.com\/avatar\/e74f84337e6bf6c4c5e88fbdffa05270?s=96&d=mm&r=g","caption":"Kelvin"},"sameAs":["https:\/\/www.em.com.br\/emfoco"],"url":"https:\/\/www.em.com.br\/emfoco\/author\/kelvinmyth\/"}]}},"_links":{"self":[{"href":"https:\/\/www.em.com.br\/emfoco\/wp-json\/wp\/v2\/posts\/5298","targetHints":{"allow":["GET"]}}],"collection":[{"href":"https:\/\/www.em.com.br\/emfoco\/wp-json\/wp\/v2\/posts"}],"about":[{"href":"https:\/\/www.em.com.br\/emfoco\/wp-json\/wp\/v2\/types\/post"}],"author":[{"embeddable":true,"href":"https:\/\/www.em.com.br\/emfoco\/wp-json\/wp\/v2\/users\/7"}],"replies":[{"embeddable":true,"href":"https:\/\/www.em.com.br\/emfoco\/wp-json\/wp\/v2\/comments?post=5298"}],"version-history":[{"count":2,"href":"https:\/\/www.em.com.br\/emfoco\/wp-json\/wp\/v2\/posts\/5298\/revisions"}],"predecessor-version":[{"id":5302,"href":"https:\/\/www.em.com.br\/emfoco\/wp-json\/wp\/v2\/posts\/5298\/revisions\/5302"}],"wp:featuredmedia":[{"embeddable":true,"href":"https:\/\/www.em.com.br\/emfoco\/wp-json\/wp\/v2\/media\/5301"}],"wp:attachment":[{"href":"https:\/\/www.em.com.br\/emfoco\/wp-json\/wp\/v2\/media?parent=5298"}],"wp:term":[{"taxonomy":"category","embeddable":true,"href":"https:\/\/www.em.com.br\/emfoco\/wp-json\/wp\/v2\/categories?post=5298"},{"taxonomy":"post_tag","embeddable":true,"href":"https:\/\/www.em.com.br\/emfoco\/wp-json\/wp\/v2\/tags?post=5298"}],"curies":[{"name":"wp","href":"https:\/\/api.w.org\/{rel}","templated":true}]}}