{"id":52862,"date":"2025-06-02T10:20:00","date_gmt":"2025-06-02T13:20:00","guid":{"rendered":"https:\/\/www.em.com.br\/emfoco\/?p=52862"},"modified":"2025-06-01T09:57:01","modified_gmt":"2025-06-01T12:57:01","slug":"conheca-as-consequencias-mortais-do-tabagismo-e-porque-e-tao-dificil-se-livrar-desse-vicio","status":"publish","type":"post","link":"https:\/\/www.em.com.br\/emfoco\/2025\/06\/02\/conheca-as-consequencias-mortais-do-tabagismo-e-porque-e-tao-dificil-se-livrar-desse-vicio\/","title":{"rendered":"Conhe\u00e7a as consequ\u00eancias mortais do tabagismo e porque \u00e9 t\u00e3o dif\u00edcil se livrar desse v\u00edcio"},"content":{"rendered":"\n<p>O tabagismo \u00e9 reconhecido como uma das principais causas evit\u00e1veis de morte em todo o mundo. Segundo a <strong><a href=\"https:\/\/www.who.int\/pt\/about\" target=\"_blank\" rel=\"noreferrer noopener\">Organiza\u00e7\u00e3o Mundial da Sa\u00fade<\/a><\/strong> (OMS), mais de 8 milh\u00f5es de pessoas perdem a vida anualmente devido ao uso do tabaco. Com cerca de 1,25 bilh\u00e3o de usu\u00e1rios ativos, o tabagismo representa um desafio global significativo, afetando aproximadamente um em cada cinco adultos.<\/p>\n\n\n\n<p>A principal preocupa\u00e7\u00e3o com o cigarro \u00e9 sua alta concentra\u00e7\u00e3o de nicotina. <strong>Quando o tabaco \u00e9 queimado, a nicotina \u00e9 rapidamente absorvida pelo pulm\u00e3o e chega ao c\u00e9rebro em segundos, criando uma sensa\u00e7\u00e3o de prazer e relaxamento<\/strong>. Essa experi\u00eancia pode ser vista como uma v\u00e1lvula de escape em momentos de estresse, levando a um ciclo de depend\u00eancia que afeta tanto a sa\u00fade mental quanto a f\u00edsica do usu\u00e1rio.<\/p>\n\n\n\n<h2 class=\"wp-block-heading\">Como o tabagismo afeta o corpo humano?<\/h2>\n\n\n\n<p>Embora os danos aos pulm\u00f5es sejam os mais conhecidos, o tabaco impacta diversos sistemas do corpo. <strong>A fuma\u00e7a do cigarro cont\u00e9m cerca de 4 mil subst\u00e2ncias t\u00f3xicas que afetam a boca, pele, est\u00f4mago, intestino, trato urin\u00e1rio e <a href=\"https:\/\/www.em.com.br\/emfoco\/2025\/05\/28\/saiba-como-a-chia-pode-ajudar-na-digestao-saciedade-e-saude-do-coracao\/\" target=\"_blank\" rel=\"noreferrer noopener\">cora\u00e7\u00e3o<\/a><\/strong>. Cada um desses \u00f3rg\u00e3os \u00e9 vulner\u00e1vel aos efeitos nocivos do tabagismo, aumentando o risco de doen\u00e7as graves.<\/p>\n\n\n\n<figure class=\"wp-block-image size-large\"><img loading=\"lazy\" decoding=\"async\" width=\"1024\" height=\"576\" src=\"https:\/\/www.em.com.br\/emfoco\/wp-content\/uploads\/2025\/05\/smoking_1748527375439-1024x576.jpg\" alt=\"Conhe\u00e7a as consequ\u00eancias mortais do tabagismo e porque \u00e9 t\u00e3o dif\u00edcil se livrar desse v\u00edcio\" class=\"wp-image-52891\" srcset=\"https:\/\/www.em.com.br\/emfoco\/wp-content\/uploads\/2025\/05\/smoking_1748527375439-1024x576.jpg 1024w, https:\/\/www.em.com.br\/emfoco\/wp-content\/uploads\/2025\/05\/smoking_1748527375439-300x169.jpg 300w, https:\/\/www.em.com.br\/emfoco\/wp-content\/uploads\/2025\/05\/smoking_1748527375439-768x432.jpg 768w, https:\/\/www.em.com.br\/emfoco\/wp-content\/uploads\/2025\/05\/smoking_1748527375439-750x422.jpg 750w, https:\/\/www.em.com.br\/emfoco\/wp-content\/uploads\/2025\/05\/smoking_1748527375439-1140x641.jpg 1140w, https:\/\/www.em.com.br\/emfoco\/wp-content\/uploads\/2025\/05\/smoking_1748527375439.jpg 1280w\" sizes=\"auto, (max-width: 1024px) 100vw, 1024px\" \/><figcaption class=\"wp-element-caption\">Imagem ilustrativa de tabagismo &#8211; Cr\u00e9ditos: depositphotos.com \/ VadimVasenin<\/figcaption><\/figure>\n\n\n\n<h2 class=\"wp-block-heading\">\u00c9 poss\u00edvel parar de fumar?<\/h2>\n\n\n\n<p>Parar de fumar \u00e9 um processo desafiador, mas poss\u00edvel. Estudos indicam que o abandono do cigarro envolve seis fases distintas, que n\u00e3o s\u00e3o necessariamente lineares. A maioria das pessoas passa por essas etapas de forma c\u00edclica, podendo levar anos ou at\u00e9 d\u00e9cadas para completar o processo.<\/p>\n\n\n\n<h2 class=\"wp-block-heading\">Quais s\u00e3o as fases do abandono do tabagismo?<\/h2>\n\n\n\n<ol class=\"wp-block-list\">\n<li><strong>Pr\u00e9-contemplativa:<\/strong> nesta fase, o<strong> indiv\u00edduo resiste \u00e0 ideia de parar<\/strong> de fumar, justificando o h\u00e1bito e reagindo negativamente a interven\u00e7\u00f5es externas.<\/li>\n\n\n\n<li><strong>Contemplativa:<\/strong> a pessoa come\u00e7a a <strong>considerar a possibilidade de parar<\/strong>, mas ainda v\u00ea o processo como mais doloroso do que ben\u00e9fico, sentindo-se ambivalente e insegura.<\/li>\n\n\n\n<li><strong>Prepara\u00e7\u00e3o:<\/strong> aqui, o indiv\u00edduo<strong> est\u00e1 convencido a tentar parar<\/strong> e pode j\u00e1 ter feito tentativas de reduzir o consumo de cigarro.<\/li>\n\n\n\n<li><strong>A\u00e7\u00e3o:<\/strong> esta fase envolve <strong>o corte oficial do h\u00e1bito de fumar<\/strong>, exigindo dedica\u00e7\u00e3o para evitar reca\u00eddas.<\/li>\n\n\n\n<li><strong>Manuten\u00e7\u00e3o:<\/strong> o foco \u00e9 <strong>adaptar-se a uma vida sem cigarro<\/strong>, com poss\u00edveis reca\u00eddas que n\u00e3o devem desmotivar o processo.<\/li>\n\n\n\n<li><strong>Finaliza\u00e7\u00e3o:<\/strong> a \u00faltima fase \u00e9 marcada pelo <strong>sucesso no tratamento<\/strong>, com o indiv\u00edduo n\u00e3o manifestando mais desejo de fumar.<\/li>\n<\/ol>\n\n\n\n<h2 class=\"wp-block-heading\">Quais s\u00e3o as estrat\u00e9gias para manter-se livre do cigarro?<\/h2>\n\n\n\n<ul class=\"wp-block-list\">\n<li>Fortalecer la\u00e7os com amigos e familiares para apoio emocional.<\/li>\n\n\n\n<li>Considerar terapias medicamentosas sob orienta\u00e7\u00e3o m\u00e9dica.<\/li>\n\n\n\n<li>Praticar atividades f\u00edsicas que promovam a libera\u00e7\u00e3o de endorfina.<\/li>\n\n\n\n<li>Manter a terapia psicol\u00f3gica para lidar com as mudan\u00e7as de estilo de vida.<\/li>\n\n\n\n<li>Utilizar produtos de reposi\u00e7\u00e3o de nicotina conforme recomendado.<\/li>\n<\/ul>\n\n\n\n<p>O processo de parar de fumar \u00e9 complexo e requer um compromisso cont\u00ednuo. Com apoio adequado e estrat\u00e9gias eficazes, \u00e9 poss\u00edvel superar o v\u00edcio e alcan\u00e7ar uma vida mais saud\u00e1vel e livre do tabaco.<\/p>\n","protected":false},"excerpt":{"rendered":"<p>O tabagismo \u00e9 reconhecido como uma das principais causas evit\u00e1veis de morte em todo o mundo. Segundo a Organiza\u00e7\u00e3o Mundial da Sa\u00fade (OMS), mais de 8 milh\u00f5es de pessoas perdem a vida anualmente devido ao uso do tabaco. Com cerca de 1,25 bilh\u00e3o de usu\u00e1rios ativos, o tabagismo representa um desafio global significativo, afetando aproximadamente [&hellip;]<\/p>\n","protected":false},"author":13,"featured_media":52889,"comment_status":"open","ping_status":"open","sticky":false,"template":"","format":"standard","meta":{"jnews-multi-image_gallery":[],"jnews_single_post":{"format":"standard"},"jnews_primary_category":[],"jnews_social_meta":[],"jnews_override_counter":[],"footnotes":""},"categories":[8691],"tags":[9470,415,9468,9469],"class_list":["post-52862","post","type-post","status-publish","format-standard","has-post-thumbnail","hentry","category-bem-estar","tag-cigarro","tag-saude","tag-tabagismo","tag-vicio"],"yoast_head":"<!-- This site is optimized with the Yoast SEO plugin v23.8 - https:\/\/yoast.com\/wordpress\/plugins\/seo\/ -->\n<title>Conhe\u00e7a as consequ\u00eancias mortais do tabagismo e porque \u00e9 t\u00e3o dif\u00edcil se livrar desse v\u00edcio - Estado de Minas - Em foco<\/title>\n<meta name=\"description\" content=\"O tabagismo \u00e9 mais do que um h\u00e1bito! \u00c9 uma depend\u00eancia que envolve corpo e mente. Saiba como combat\u00ea-lo com estrat\u00e9gias eficazes.\" \/>\n<meta name=\"robots\" content=\"index, follow, max-snippet:-1, max-image-preview:large, max-video-preview:-1\" \/>\n<link rel=\"canonical\" href=\"https:\/\/www.em.com.br\/emfoco\/2025\/06\/02\/conheca-as-consequencias-mortais-do-tabagismo-e-porque-e-tao-dificil-se-livrar-desse-vicio\/\" \/>\n<meta property=\"og:locale\" content=\"pt_BR\" \/>\n<meta property=\"og:type\" content=\"article\" \/>\n<meta property=\"og:title\" content=\"Conhe\u00e7a as consequ\u00eancias mortais do tabagismo e porque \u00e9 t\u00e3o dif\u00edcil se livrar desse v\u00edcio - Estado de Minas - Em foco\" \/>\n<meta property=\"og:description\" content=\"O tabagismo \u00e9 mais do que um h\u00e1bito! \u00c9 uma depend\u00eancia que envolve corpo e mente. Saiba como combat\u00ea-lo com estrat\u00e9gias eficazes.\" \/>\n<meta property=\"og:url\" content=\"https:\/\/www.em.com.br\/emfoco\/2025\/06\/02\/conheca-as-consequencias-mortais-do-tabagismo-e-porque-e-tao-dificil-se-livrar-desse-vicio\/\" \/>\n<meta property=\"og:site_name\" content=\"Estado de Minas - Em foco\" \/>\n<meta property=\"article:published_time\" content=\"2025-06-02T13:20:00+00:00\" \/>\n<meta property=\"article:modified_time\" content=\"2025-06-01T12:57:01+00:00\" \/>\n<meta property=\"og:image\" content=\"https:\/\/www.em.com.br\/emfoco\/wp-content\/uploads\/2025\/05\/smoking_1748527342435.jpg\" \/>\n\t<meta property=\"og:image:width\" content=\"1280\" \/>\n\t<meta property=\"og:image:height\" content=\"720\" \/>\n\t<meta property=\"og:image:type\" content=\"image\/jpeg\" \/>\n<meta name=\"author\" content=\"Gabriel Martins\" \/>\n<meta name=\"twitter:card\" content=\"summary_large_image\" \/>\n<meta name=\"twitter:label1\" content=\"Escrito por\" \/>\n\t<meta name=\"twitter:data1\" content=\"Gabriel Martins\" \/>\n\t<meta name=\"twitter:label2\" content=\"Est. tempo de leitura\" \/>\n\t<meta name=\"twitter:data2\" content=\"3 minutos\" \/>\n<!-- \/ Yoast SEO plugin. -->","yoast_head_json":{"title":"Conhe\u00e7a as consequ\u00eancias mortais do tabagismo e porque \u00e9 t\u00e3o dif\u00edcil se livrar desse v\u00edcio - Estado de Minas - Em foco","description":"O tabagismo \u00e9 mais do que um h\u00e1bito! \u00c9 uma depend\u00eancia que envolve corpo e mente. Saiba como combat\u00ea-lo com estrat\u00e9gias eficazes.","robots":{"index":"index","follow":"follow","max-snippet":"max-snippet:-1","max-image-preview":"max-image-preview:large","max-video-preview":"max-video-preview:-1"},"canonical":"https:\/\/www.em.com.br\/emfoco\/2025\/06\/02\/conheca-as-consequencias-mortais-do-tabagismo-e-porque-e-tao-dificil-se-livrar-desse-vicio\/","og_locale":"pt_BR","og_type":"article","og_title":"Conhe\u00e7a as consequ\u00eancias mortais do tabagismo e porque \u00e9 t\u00e3o dif\u00edcil se livrar desse v\u00edcio - Estado de Minas - Em foco","og_description":"O tabagismo \u00e9 mais do que um h\u00e1bito! \u00c9 uma depend\u00eancia que envolve corpo e mente. Saiba como combat\u00ea-lo com estrat\u00e9gias eficazes.","og_url":"https:\/\/www.em.com.br\/emfoco\/2025\/06\/02\/conheca-as-consequencias-mortais-do-tabagismo-e-porque-e-tao-dificil-se-livrar-desse-vicio\/","og_site_name":"Estado de Minas - Em foco","article_published_time":"2025-06-02T13:20:00+00:00","article_modified_time":"2025-06-01T12:57:01+00:00","og_image":[{"width":1280,"height":720,"url":"https:\/\/www.em.com.br\/emfoco\/wp-content\/uploads\/2025\/05\/smoking_1748527342435.jpg","type":"image\/jpeg"}],"author":"Gabriel Martins","twitter_card":"summary_large_image","twitter_misc":{"Escrito por":"Gabriel Martins","Est. tempo de leitura":"3 minutos"},"schema":{"@context":"https:\/\/schema.org","@graph":[{"@type":"WebPage","@id":"https:\/\/www.em.com.br\/emfoco\/2025\/06\/02\/conheca-as-consequencias-mortais-do-tabagismo-e-porque-e-tao-dificil-se-livrar-desse-vicio\/","url":"https:\/\/www.em.com.br\/emfoco\/2025\/06\/02\/conheca-as-consequencias-mortais-do-tabagismo-e-porque-e-tao-dificil-se-livrar-desse-vicio\/","name":"Conhe\u00e7a as consequ\u00eancias mortais do tabagismo e porque \u00e9 t\u00e3o dif\u00edcil se livrar desse v\u00edcio - Estado de Minas - Em foco","isPartOf":{"@id":"https:\/\/www.em.com.br\/emfoco\/#website"},"primaryImageOfPage":{"@id":"https:\/\/www.em.com.br\/emfoco\/2025\/06\/02\/conheca-as-consequencias-mortais-do-tabagismo-e-porque-e-tao-dificil-se-livrar-desse-vicio\/#primaryimage"},"image":{"@id":"https:\/\/www.em.com.br\/emfoco\/2025\/06\/02\/conheca-as-consequencias-mortais-do-tabagismo-e-porque-e-tao-dificil-se-livrar-desse-vicio\/#primaryimage"},"thumbnailUrl":"https:\/\/www.em.com.br\/emfoco\/wp-content\/uploads\/2025\/05\/smoking_1748527342435.jpg","datePublished":"2025-06-02T13:20:00+00:00","dateModified":"2025-06-01T12:57:01+00:00","author":{"@id":"https:\/\/www.em.com.br\/emfoco\/#\/schema\/person\/1c9ddeab18b98abeffef834667bcf08a"},"description":"O tabagismo \u00e9 mais do que um h\u00e1bito! \u00c9 uma depend\u00eancia que envolve corpo e mente. Saiba como combat\u00ea-lo com estrat\u00e9gias eficazes.","breadcrumb":{"@id":"https:\/\/www.em.com.br\/emfoco\/2025\/06\/02\/conheca-as-consequencias-mortais-do-tabagismo-e-porque-e-tao-dificil-se-livrar-desse-vicio\/#breadcrumb"},"inLanguage":"pt-BR","potentialAction":[{"@type":"ReadAction","target":["https:\/\/www.em.com.br\/emfoco\/2025\/06\/02\/conheca-as-consequencias-mortais-do-tabagismo-e-porque-e-tao-dificil-se-livrar-desse-vicio\/"]}]},{"@type":"ImageObject","inLanguage":"pt-BR","@id":"https:\/\/www.em.com.br\/emfoco\/2025\/06\/02\/conheca-as-consequencias-mortais-do-tabagismo-e-porque-e-tao-dificil-se-livrar-desse-vicio\/#primaryimage","url":"https:\/\/www.em.com.br\/emfoco\/wp-content\/uploads\/2025\/05\/smoking_1748527342435.jpg","contentUrl":"https:\/\/www.em.com.br\/emfoco\/wp-content\/uploads\/2025\/05\/smoking_1748527342435.jpg","width":1280,"height":720,"caption":"Imagem ilustrativa de tabagismo - Cr\u00e9ditos: depositphotos.com \/ EdZbarzhyvetsky"},{"@type":"BreadcrumbList","@id":"https:\/\/www.em.com.br\/emfoco\/2025\/06\/02\/conheca-as-consequencias-mortais-do-tabagismo-e-porque-e-tao-dificil-se-livrar-desse-vicio\/#breadcrumb","itemListElement":[{"@type":"ListItem","position":1,"name":"In\u00edcio","item":"https:\/\/www.em.com.br\/emfoco\/"},{"@type":"ListItem","position":2,"name":"Conhe\u00e7a as consequ\u00eancias mortais do tabagismo e porque \u00e9 t\u00e3o dif\u00edcil se livrar desse v\u00edcio"}]},{"@type":"WebSite","@id":"https:\/\/www.em.com.br\/emfoco\/#website","url":"https:\/\/www.em.com.br\/emfoco\/","name":"Estado de Minas - Em foco","description":"Acompanhe as \u00faltimas not\u00edcias e fique bem informado sobre tudo o que acontece em Minas Gerais, Brasil e no mundo.","potentialAction":[{"@type":"SearchAction","target":{"@type":"EntryPoint","urlTemplate":"https:\/\/www.em.com.br\/emfoco\/?s={search_term_string}"},"query-input":{"@type":"PropertyValueSpecification","valueRequired":true,"valueName":"search_term_string"}}],"inLanguage":"pt-BR"},{"@type":"Person","@id":"https:\/\/www.em.com.br\/emfoco\/#\/schema\/person\/1c9ddeab18b98abeffef834667bcf08a","name":"Gabriel Martins","image":{"@type":"ImageObject","inLanguage":"pt-BR","@id":"https:\/\/www.em.com.br\/emfoco\/#\/schema\/person\/image\/","url":"https:\/\/secure.gravatar.com\/avatar\/f0f1e2efdfd88f1ad2cb08c5c2731e50?s=96&d=mm&r=g","contentUrl":"https:\/\/secure.gravatar.com\/avatar\/f0f1e2efdfd88f1ad2cb08c5c2731e50?s=96&d=mm&r=g","caption":"Gabriel Martins"},"sameAs":["https:\/\/www.em.com.br\/emfoco\/"],"url":"https:\/\/www.em.com.br\/emfoco\/author\/gabrielmartinsmyth\/"}]}},"_links":{"self":[{"href":"https:\/\/www.em.com.br\/emfoco\/wp-json\/wp\/v2\/posts\/52862","targetHints":{"allow":["GET"]}}],"collection":[{"href":"https:\/\/www.em.com.br\/emfoco\/wp-json\/wp\/v2\/posts"}],"about":[{"href":"https:\/\/www.em.com.br\/emfoco\/wp-json\/wp\/v2\/types\/post"}],"author":[{"embeddable":true,"href":"https:\/\/www.em.com.br\/emfoco\/wp-json\/wp\/v2\/users\/13"}],"replies":[{"embeddable":true,"href":"https:\/\/www.em.com.br\/emfoco\/wp-json\/wp\/v2\/comments?post=52862"}],"version-history":[{"count":3,"href":"https:\/\/www.em.com.br\/emfoco\/wp-json\/wp\/v2\/posts\/52862\/revisions"}],"predecessor-version":[{"id":53948,"href":"https:\/\/www.em.com.br\/emfoco\/wp-json\/wp\/v2\/posts\/52862\/revisions\/53948"}],"wp:featuredmedia":[{"embeddable":true,"href":"https:\/\/www.em.com.br\/emfoco\/wp-json\/wp\/v2\/media\/52889"}],"wp:attachment":[{"href":"https:\/\/www.em.com.br\/emfoco\/wp-json\/wp\/v2\/media?parent=52862"}],"wp:term":[{"taxonomy":"category","embeddable":true,"href":"https:\/\/www.em.com.br\/emfoco\/wp-json\/wp\/v2\/categories?post=52862"},{"taxonomy":"post_tag","embeddable":true,"href":"https:\/\/www.em.com.br\/emfoco\/wp-json\/wp\/v2\/tags?post=52862"}],"curies":[{"name":"wp","href":"https:\/\/api.w.org\/{rel}","templated":true}]}}