{"id":52828,"date":"2025-05-30T10:40:19","date_gmt":"2025-05-30T13:40:19","guid":{"rendered":"https:\/\/www.em.com.br\/emfoco\/?p=52828"},"modified":"2025-05-29T19:44:28","modified_gmt":"2025-05-29T22:44:28","slug":"este-simples-habito-pode-clarear-suas-axilas-escuras-em-poucos-dias","status":"publish","type":"post","link":"https:\/\/www.em.com.br\/emfoco\/2025\/05\/30\/este-simples-habito-pode-clarear-suas-axilas-escuras-em-poucos-dias\/","title":{"rendered":"Este simples h\u00e1bito pode clarear suas axilas escuras em poucos dias"},"content":{"rendered":"\n<p>O escurecimento das axilas \u00e9 uma quest\u00e3o que afeta muitas pessoas e pode ser motivo de desconforto. Essa condi\u00e7\u00e3o pode ser causada por uma variedade de fatores, incluindo o atrito da pele, o uso de produtos inadequados e m\u00e9todos de depila\u00e7\u00e3o. Al\u00e9m disso, algumas condi\u00e7\u00f5es de sa\u00fade podem influenciar na pigmenta\u00e7\u00e3o da pele nessa \u00e1rea.<\/p>\n\n\n\n<p>O atrito constante entre a pele e o tecido das roupas pode resultar em irrita\u00e7\u00e3o, levando ao escurecimento. Produtos de higiene pessoal que cont\u00eam \u00e1lcool ou fragr\u00e2ncias podem causar rea\u00e7\u00f5es adversas, resultando em <a href=\"https:\/\/www.sbd.org.br\/tratamentos\/hiperpigmentacao\/#:~:text=Hiperpigmenta%C3%A7%C3%A3o%20%C3%A9%20o%20escurecimento%20da,variar%20em%20tamanho%20e%20forma.\" target=\"_blank\" rel=\"noopener\">hiperpigmenta\u00e7\u00e3o<\/a>. A depila\u00e7\u00e3o, especialmente com l\u00e2minas, pode criar pequenas les\u00f5es que escurecem a pele ao cicatrizar. Compreender a causa espec\u00edfica \u00e9 essencial para escolher o tratamento correto.<\/p>\n\n\n\n<h2 class=\"wp-block-heading\">Quais s\u00e3o as op\u00e7\u00f5es para clarear axilas?<\/h2>\n\n\n\n<p>Existem diversas abordagens para clarear axilas escuras, que variam de solu\u00e7\u00f5es caseiras a tratamentos <a href=\"https:\/\/www.em.com.br\/emfoco\/2025\/05\/01\/mais-medicos-avanca-em-minas-gerais-com-reforco-em-cidades-e-aldeias\/\" target=\"_blank\" rel=\"noopener\">m\u00e9dicos.<\/a> A escolha do m\u00e9todo depende das necessidades individuais e da gravidade do escurecimento. Algumas op\u00e7\u00f5es incluem:<\/p>\n\n\n\n<ul class=\"wp-block-list\">\n<li><strong>Esfolia\u00e7\u00e3o:<\/strong> A remo\u00e7\u00e3o de c\u00e9lulas mortas da pele pode ajudar a clarear a \u00e1rea. Produtos esfoliantes suaves, como aqueles com \u00e1cidos naturais, s\u00e3o eficazes.<\/li>\n\n\n\n<li><strong>Hidrata\u00e7\u00e3o:<\/strong> Manter a pele bem hidratada pode reduzir o atrito e prevenir o escurecimento. Cremes com ingredientes calmantes, como a camomila, s\u00e3o recomendados.<\/li>\n\n\n\n<li><strong>Desodorantes Naturais:<\/strong> Escolher desodorantes sem \u00e1lcool e fragr\u00e2ncias pode ajudar a evitar irrita\u00e7\u00f5es.<\/li>\n\n\n\n<li><strong>Tratamentos Dermatol\u00f3gicos:<\/strong> Para casos mais dif\u00edceis, peelings qu\u00edmicos ou tratamentos a laser podem ser indicados por um dermatologista.<\/li>\n<\/ul>\n\n\n<div class=\"wp-block-image\">\n<figure class=\"aligncenter size-large\"><img loading=\"lazy\" decoding=\"async\" width=\"1024\" height=\"576\" src=\"https:\/\/www.em.com.br\/emfoco\/wp-content\/uploads\/2025\/05\/axila-escura_1748008516628-1024x576.jpg\" alt=\"Como clarear axilas escuras de forma segura com m\u00e9todos caseiros\" class=\"wp-image-50539\" srcset=\"https:\/\/www.em.com.br\/emfoco\/wp-content\/uploads\/2025\/05\/axila-escura_1748008516628-1024x576.jpg 1024w, https:\/\/www.em.com.br\/emfoco\/wp-content\/uploads\/2025\/05\/axila-escura_1748008516628-300x169.jpg 300w, https:\/\/www.em.com.br\/emfoco\/wp-content\/uploads\/2025\/05\/axila-escura_1748008516628-768x432.jpg 768w, https:\/\/www.em.com.br\/emfoco\/wp-content\/uploads\/2025\/05\/axila-escura_1748008516628-750x422.jpg 750w, https:\/\/www.em.com.br\/emfoco\/wp-content\/uploads\/2025\/05\/axila-escura_1748008516628-1140x642.jpg 1140w, https:\/\/www.em.com.br\/emfoco\/wp-content\/uploads\/2025\/05\/axila-escura_1748008516628.jpg 1279w\" sizes=\"auto, (max-width: 1024px) 100vw, 1024px\" \/><figcaption class=\"wp-element-caption\">Axila escura &#8211; Cr\u00e9ditos: depositphotos.com \/ mraoraor<\/figcaption><\/figure><\/div>\n\n\n<h2 class=\"wp-block-heading\">Quais rem\u00e9dios caseiros podem ajudar?<\/h2>\n\n\n\n<p>Rem\u00e9dios caseiros s\u00e3o frequentemente utilizados para clarear axilas devido \u00e0 sua simplicidade e acessibilidade. No entanto, os resultados podem variar. Algumas op\u00e7\u00f5es incluem:<\/p>\n\n\n\n<ul class=\"wp-block-list\">\n<li><strong>Lim\u00e3o:<\/strong> Conhecido por suas propriedades clareadoras, o lim\u00e3o pode ser aplicado nas axilas, mas \u00e9 importante evitar a exposi\u00e7\u00e3o ao sol ap\u00f3s o uso.<\/li>\n\n\n\n<li><strong>\u00d3leo de Coco:<\/strong> Rico em nutrientes, o \u00f3leo de coco pode ajudar a hidratar e clarear a pele com o uso regular.<\/li>\n\n\n\n<li><strong>Vinagre de Ma\u00e7\u00e3:<\/strong> Com propriedades antibacterianas, o vinagre de ma\u00e7\u00e3 pode equilibrar o pH da pele e ajudar a clarear as axilas.<\/li>\n<\/ul>\n\n\n\n<h2 class=\"wp-block-heading\">Quando procurar um dermatologista?<\/h2>\n\n\n\n<p>Embora muitos casos de axilas escuras possam ser tratados em casa, \u00e9 importante saber quando buscar ajuda profissional. Se o escurecimento vier acompanhado de sintomas como coceira intensa, dor ou altera\u00e7\u00f5es na textura da pele, \u00e9 aconselh\u00e1vel consultar um dermatologista. Al\u00e9m disso, se n\u00e3o houver melhora com tratamentos caseiros, um especialista pode oferecer solu\u00e7\u00f5es mais adequadas.<\/p>\n\n\n\n<p>O dermatologista pode realizar uma avalia\u00e7\u00e3o detalhada para identificar a causa do escurecimento e recomendar tratamentos personalizados, como cremes clareadores prescritos ou procedimentos mais avan\u00e7ados, dependendo da necessidade.<\/p>\n","protected":false},"excerpt":{"rendered":"<p>O escurecimento das axilas \u00e9 uma quest\u00e3o que afeta muitas pessoas e pode ser motivo de desconforto. Essa condi\u00e7\u00e3o pode ser causada por uma variedade de fatores, incluindo o atrito da pele, o uso de produtos inadequados e m\u00e9todos de depila\u00e7\u00e3o. Al\u00e9m disso, algumas condi\u00e7\u00f5es de sa\u00fade podem influenciar na pigmenta\u00e7\u00e3o da pele nessa \u00e1rea. [&hellip;]<\/p>\n","protected":false},"author":9,"featured_media":50543,"comment_status":"open","ping_status":"open","sticky":false,"template":"","format":"standard","meta":{"jnews-multi-image_gallery":[],"jnews_single_post":{"format":"standard"},"jnews_primary_category":[],"jnews_social_meta":[],"jnews_override_counter":[],"footnotes":""},"categories":[29,1],"tags":[9463,9102,4939,8068],"class_list":["post-52828","post","type-post","status-publish","format-standard","has-post-thumbnail","hentry","category-entretenimento","category-noticias","tag-axilas-escuras","tag-clarear-axilas","tag-cuidados-com-a-pele","tag-tratamentos-de-beleza"],"yoast_head":"<!-- This site is optimized with the Yoast SEO plugin v23.8 - https:\/\/yoast.com\/wordpress\/plugins\/seo\/ -->\n<title>Este simples h\u00e1bito pode clarear suas axilas escuras em poucos dias<\/title>\n<meta name=\"description\" content=\"Veja como clarear axilas de forma r\u00e1pida f\u00e1cil e natural com dicas que realmente funcionam e devolvem sua autoestima.\" \/>\n<meta name=\"robots\" content=\"index, follow, max-snippet:-1, max-image-preview:large, max-video-preview:-1\" \/>\n<link rel=\"canonical\" href=\"https:\/\/www.em.com.br\/emfoco\/2025\/05\/30\/este-simples-habito-pode-clarear-suas-axilas-escuras-em-poucos-dias\/\" \/>\n<meta property=\"og:locale\" content=\"pt_BR\" \/>\n<meta property=\"og:type\" content=\"article\" \/>\n<meta property=\"og:title\" content=\"Este simples h\u00e1bito pode clarear suas axilas escuras em poucos dias\" \/>\n<meta property=\"og:description\" content=\"Veja como clarear axilas de forma r\u00e1pida f\u00e1cil e natural com dicas que realmente funcionam e devolvem sua autoestima.\" \/>\n<meta property=\"og:url\" content=\"https:\/\/www.em.com.br\/emfoco\/2025\/05\/30\/este-simples-habito-pode-clarear-suas-axilas-escuras-em-poucos-dias\/\" \/>\n<meta property=\"og:site_name\" content=\"Estado de Minas - Em foco\" \/>\n<meta property=\"article:published_time\" content=\"2025-05-30T13:40:19+00:00\" \/>\n<meta property=\"article:modified_time\" content=\"2025-05-29T22:44:28+00:00\" \/>\n<meta property=\"og:image\" content=\"https:\/\/www.em.com.br\/emfoco\/wp-content\/uploads\/2025\/05\/axila-escura_1748008595073.jpg\" \/>\n\t<meta property=\"og:image:width\" content=\"1280\" \/>\n\t<meta property=\"og:image:height\" content=\"720\" \/>\n\t<meta property=\"og:image:type\" content=\"image\/jpeg\" \/>\n<meta name=\"author\" content=\"Daniely Cardoso\" \/>\n<meta name=\"twitter:card\" content=\"summary_large_image\" \/>\n<meta name=\"twitter:label1\" content=\"Escrito por\" \/>\n\t<meta name=\"twitter:data1\" content=\"Daniely Cardoso\" \/>\n\t<meta name=\"twitter:label2\" content=\"Est. tempo de leitura\" \/>\n\t<meta name=\"twitter:data2\" content=\"3 minutos\" \/>\n<!-- \/ Yoast SEO plugin. -->","yoast_head_json":{"title":"Este simples h\u00e1bito pode clarear suas axilas escuras em poucos dias","description":"Veja como clarear axilas de forma r\u00e1pida f\u00e1cil e natural com dicas que realmente funcionam e devolvem sua autoestima.","robots":{"index":"index","follow":"follow","max-snippet":"max-snippet:-1","max-image-preview":"max-image-preview:large","max-video-preview":"max-video-preview:-1"},"canonical":"https:\/\/www.em.com.br\/emfoco\/2025\/05\/30\/este-simples-habito-pode-clarear-suas-axilas-escuras-em-poucos-dias\/","og_locale":"pt_BR","og_type":"article","og_title":"Este simples h\u00e1bito pode clarear suas axilas escuras em poucos dias","og_description":"Veja como clarear axilas de forma r\u00e1pida f\u00e1cil e natural com dicas que realmente funcionam e devolvem sua autoestima.","og_url":"https:\/\/www.em.com.br\/emfoco\/2025\/05\/30\/este-simples-habito-pode-clarear-suas-axilas-escuras-em-poucos-dias\/","og_site_name":"Estado de Minas - Em foco","article_published_time":"2025-05-30T13:40:19+00:00","article_modified_time":"2025-05-29T22:44:28+00:00","og_image":[{"width":1280,"height":720,"url":"https:\/\/www.em.com.br\/emfoco\/wp-content\/uploads\/2025\/05\/axila-escura_1748008595073.jpg","type":"image\/jpeg"}],"author":"Daniely Cardoso","twitter_card":"summary_large_image","twitter_misc":{"Escrito por":"Daniely Cardoso","Est. tempo de leitura":"3 minutos"},"schema":{"@context":"https:\/\/schema.org","@graph":[{"@type":"WebPage","@id":"https:\/\/www.em.com.br\/emfoco\/2025\/05\/30\/este-simples-habito-pode-clarear-suas-axilas-escuras-em-poucos-dias\/","url":"https:\/\/www.em.com.br\/emfoco\/2025\/05\/30\/este-simples-habito-pode-clarear-suas-axilas-escuras-em-poucos-dias\/","name":"Este simples h\u00e1bito pode clarear suas axilas escuras em poucos dias","isPartOf":{"@id":"https:\/\/www.em.com.br\/emfoco\/#website"},"primaryImageOfPage":{"@id":"https:\/\/www.em.com.br\/emfoco\/2025\/05\/30\/este-simples-habito-pode-clarear-suas-axilas-escuras-em-poucos-dias\/#primaryimage"},"image":{"@id":"https:\/\/www.em.com.br\/emfoco\/2025\/05\/30\/este-simples-habito-pode-clarear-suas-axilas-escuras-em-poucos-dias\/#primaryimage"},"thumbnailUrl":"https:\/\/www.em.com.br\/emfoco\/wp-content\/uploads\/2025\/05\/axila-escura_1748008595073.jpg","datePublished":"2025-05-30T13:40:19+00:00","dateModified":"2025-05-29T22:44:28+00:00","author":{"@id":"https:\/\/www.em.com.br\/emfoco\/#\/schema\/person\/0a8186d72f2c3a5c6276d90b41f271a0"},"description":"Veja como clarear axilas de forma r\u00e1pida f\u00e1cil e natural com dicas que realmente funcionam e devolvem sua autoestima.","breadcrumb":{"@id":"https:\/\/www.em.com.br\/emfoco\/2025\/05\/30\/este-simples-habito-pode-clarear-suas-axilas-escuras-em-poucos-dias\/#breadcrumb"},"inLanguage":"pt-BR","potentialAction":[{"@type":"ReadAction","target":["https:\/\/www.em.com.br\/emfoco\/2025\/05\/30\/este-simples-habito-pode-clarear-suas-axilas-escuras-em-poucos-dias\/"]}]},{"@type":"ImageObject","inLanguage":"pt-BR","@id":"https:\/\/www.em.com.br\/emfoco\/2025\/05\/30\/este-simples-habito-pode-clarear-suas-axilas-escuras-em-poucos-dias\/#primaryimage","url":"https:\/\/www.em.com.br\/emfoco\/wp-content\/uploads\/2025\/05\/axila-escura_1748008595073.jpg","contentUrl":"https:\/\/www.em.com.br\/emfoco\/wp-content\/uploads\/2025\/05\/axila-escura_1748008595073.jpg","width":1280,"height":720,"caption":"O escurecimento das axilas \u00e9 causado por fatores variados- Cr\u00e9ditos: depositphotos.com \/ mraoraor - Cr\u00e9ditos: depositphotos.com \/ mraoraor"},{"@type":"BreadcrumbList","@id":"https:\/\/www.em.com.br\/emfoco\/2025\/05\/30\/este-simples-habito-pode-clarear-suas-axilas-escuras-em-poucos-dias\/#breadcrumb","itemListElement":[{"@type":"ListItem","position":1,"name":"In\u00edcio","item":"https:\/\/www.em.com.br\/emfoco\/"},{"@type":"ListItem","position":2,"name":"Este simples h\u00e1bito pode clarear suas axilas escuras em poucos dias"}]},{"@type":"WebSite","@id":"https:\/\/www.em.com.br\/emfoco\/#website","url":"https:\/\/www.em.com.br\/emfoco\/","name":"Estado de Minas - Em foco","description":"Acompanhe as \u00faltimas not\u00edcias e fique bem informado sobre tudo o que acontece em Minas Gerais, Brasil e no mundo.","potentialAction":[{"@type":"SearchAction","target":{"@type":"EntryPoint","urlTemplate":"https:\/\/www.em.com.br\/emfoco\/?s={search_term_string}"},"query-input":{"@type":"PropertyValueSpecification","valueRequired":true,"valueName":"search_term_string"}}],"inLanguage":"pt-BR"},{"@type":"Person","@id":"https:\/\/www.em.com.br\/emfoco\/#\/schema\/person\/0a8186d72f2c3a5c6276d90b41f271a0","name":"Daniely Cardoso","image":{"@type":"ImageObject","inLanguage":"pt-BR","@id":"https:\/\/www.em.com.br\/emfoco\/#\/schema\/person\/image\/","url":"https:\/\/secure.gravatar.com\/avatar\/4b80ddbd124d1f071b626d52d62e5dff?s=96&d=mm&r=g","contentUrl":"https:\/\/secure.gravatar.com\/avatar\/4b80ddbd124d1f071b626d52d62e5dff?s=96&d=mm&r=g","caption":"Daniely Cardoso"},"url":"https:\/\/www.em.com.br\/emfoco\/author\/danielymyth\/"}]}},"_links":{"self":[{"href":"https:\/\/www.em.com.br\/emfoco\/wp-json\/wp\/v2\/posts\/52828","targetHints":{"allow":["GET"]}}],"collection":[{"href":"https:\/\/www.em.com.br\/emfoco\/wp-json\/wp\/v2\/posts"}],"about":[{"href":"https:\/\/www.em.com.br\/emfoco\/wp-json\/wp\/v2\/types\/post"}],"author":[{"embeddable":true,"href":"https:\/\/www.em.com.br\/emfoco\/wp-json\/wp\/v2\/users\/9"}],"replies":[{"embeddable":true,"href":"https:\/\/www.em.com.br\/emfoco\/wp-json\/wp\/v2\/comments?post=52828"}],"version-history":[{"count":2,"href":"https:\/\/www.em.com.br\/emfoco\/wp-json\/wp\/v2\/posts\/52828\/revisions"}],"predecessor-version":[{"id":52850,"href":"https:\/\/www.em.com.br\/emfoco\/wp-json\/wp\/v2\/posts\/52828\/revisions\/52850"}],"wp:featuredmedia":[{"embeddable":true,"href":"https:\/\/www.em.com.br\/emfoco\/wp-json\/wp\/v2\/media\/50543"}],"wp:attachment":[{"href":"https:\/\/www.em.com.br\/emfoco\/wp-json\/wp\/v2\/media?parent=52828"}],"wp:term":[{"taxonomy":"category","embeddable":true,"href":"https:\/\/www.em.com.br\/emfoco\/wp-json\/wp\/v2\/categories?post=52828"},{"taxonomy":"post_tag","embeddable":true,"href":"https:\/\/www.em.com.br\/emfoco\/wp-json\/wp\/v2\/tags?post=52828"}],"curies":[{"name":"wp","href":"https:\/\/api.w.org\/{rel}","templated":true}]}}