{"id":52428,"date":"2025-06-01T07:40:00","date_gmt":"2025-06-01T10:40:00","guid":{"rendered":"https:\/\/www.em.com.br\/emfoco\/?p=52428"},"modified":"2025-05-28T12:05:40","modified_gmt":"2025-05-28T15:05:40","slug":"voce-sabia-que-a-terra-nao-e-o-lugar-com-mais-agua-no-sistema-solar","status":"publish","type":"post","link":"https:\/\/www.em.com.br\/emfoco\/2025\/06\/01\/voce-sabia-que-a-terra-nao-e-o-lugar-com-mais-agua-no-sistema-solar\/","title":{"rendered":"Voc\u00ea sabia que a Terra n\u00e3o \u00e9 o lugar com mais \u00e1gua no Sistema Solar?"},"content":{"rendered":"\n<p>A \u00e1gua \u00e9 frequentemente considerada a subst\u00e2ncia mais essencial para a vida na <strong><a href=\"https:\/\/www.em.com.br\/emfoco\/2025\/05\/27\/a-terra-pode-ser-atingida-por-uma-tempestade-solar-extrema-e-ficar-sem-internet\/\" target=\"_blank\" rel=\"noreferrer noopener\">Terra<\/a><\/strong>. Ela n\u00e3o apenas comp\u00f5e a maior parte do corpo humano, mas tamb\u00e9m \u00e9 vital para a sobreviv\u00eancia de todas as formas de vida conhecidas. Apesar de sua aparente abund\u00e2ncia, a \u00e1gua pot\u00e1vel \u00e9 um recurso escasso, especialmente quando se considera a vastid\u00e3o do espa\u00e7o al\u00e9m da Terra.<\/p>\n\n\n\n<p>Embora mais de 70% da superf\u00edcie terrestre seja coberta por \u00e1gua, a realidade \u00e9 que a maior parte dessa \u00e1gua n\u00e3o \u00e9 pot\u00e1vel. A compreens\u00e3o desse recurso precioso e suas peculiaridades pode nos ajudar a valorizar ainda mais sua presen\u00e7a em nosso planeta.<\/p>\n\n\n\n<h2 class=\"wp-block-heading\">Quanta \u00e1gua realmente existe na Terra?<\/h2>\n\n\n\n<p>\u00c9 comum pensar que a Terra possui uma quantidade ilimitada de \u00e1gua, mas a realidade \u00e9 um pouco diferente. <strong>Se toda a \u00e1gua do planeta fosse reunida em uma esfera, seu di\u00e2metro seria de apenas 1.384 km<\/strong>. Isso inclui <strong>oceanos<\/strong>, <strong>rios<\/strong>, <strong>lagos<\/strong>, <strong>len\u00e7\u00f3is fre\u00e1ticos<\/strong> e <strong>calotas de gelo<\/strong>. A quantidade de \u00e1gua doce, que \u00e9 essencial para a vida humana, \u00e9 ainda menor, com uma esfera de apenas 272,8 km de di\u00e2metro.<\/p>\n\n\n\n<p>Essa perspectiva nos faz perceber que, apesar da imensid\u00e3o dos oceanos, a \u00e1gua doce \u00e9 um recurso finito e precioso. A conscientiza\u00e7\u00e3o sobre a distribui\u00e7\u00e3o e o uso sustent\u00e1vel da \u00e1gua \u00e9 crucial para garantir sua disponibilidade para as futuras gera\u00e7\u00f5es.<\/p>\n\n\n\n<figure class=\"wp-block-image size-large\"><img loading=\"lazy\" decoding=\"async\" width=\"1024\" height=\"576\" src=\"https:\/\/www.em.com.br\/emfoco\/wp-content\/uploads\/2025\/05\/water_1747854998703-1024x576.jpg\" alt=\"Voc\u00ea sabe por que a \u00e1gua do copo \u00e9 transparente e a do mar \u00e9 azul?\" class=\"wp-image-49796\" srcset=\"https:\/\/www.em.com.br\/emfoco\/wp-content\/uploads\/2025\/05\/water_1747854998703-1024x576.jpg 1024w, https:\/\/www.em.com.br\/emfoco\/wp-content\/uploads\/2025\/05\/water_1747854998703-300x169.jpg 300w, https:\/\/www.em.com.br\/emfoco\/wp-content\/uploads\/2025\/05\/water_1747854998703-768x432.jpg 768w, https:\/\/www.em.com.br\/emfoco\/wp-content\/uploads\/2025\/05\/water_1747854998703-750x422.jpg 750w, https:\/\/www.em.com.br\/emfoco\/wp-content\/uploads\/2025\/05\/water_1747854998703-1140x641.jpg 1140w, https:\/\/www.em.com.br\/emfoco\/wp-content\/uploads\/2025\/05\/water_1747854998703.jpg 1280w\" sizes=\"auto, (max-width: 1024px) 100vw, 1024px\" \/><figcaption class=\"wp-element-caption\">Oceano &#8211; Cr\u00e9ditos: depositphotos.com \/ prokhorenko9@gmail.com<\/figcaption><\/figure>\n\n\n\n<h2 class=\"wp-block-heading\">Europa: a lua de J\u00fapiter tem mais \u00e1gua que a Terra?<\/h2>\n\n\n\n<p>Surpreendentemente, a Terra n\u00e3o \u00e9 o corpo celeste com a maior quantidade de \u00e1gua no sistema solar. <strong>A <a href=\"https:\/\/pt.wikipedia.org\/wiki\/Europa_(sat%C3%A9lite)\" target=\"_blank\" rel=\"noreferrer noopener\">lua Europa<\/a>, de J\u00fapiter, possui uma massa de \u00e1gua maior do que a da Terra<\/strong>. Sob sua crosta de gelo, acredita-se que exista um vasto oceano de \u00e1gua l\u00edquida, tornando-a um foco de interesse para a busca de vida extraterrestre.<\/p>\n\n\n\n<p>Essa descoberta desafia a no\u00e7\u00e3o de que a Terra \u00e9 \u00fanica em sua abund\u00e2ncia de \u00e1gua e sugere que outros corpos celestes podem abrigar condi\u00e7\u00f5es favor\u00e1veis \u00e0 vida, mesmo em ambientes aparentemente in\u00f3spitos.<\/p>\n\n\n\n<h2 class=\"wp-block-heading\">De onde veio a \u00e1gua da Terra?<\/h2>\n\n\n\n<p>A origem da \u00e1gua na Terra \u00e9 um tema de debate entre os cientistas. <strong>A teoria mais aceita sugere que a \u00e1gua foi trazida por cometas e asteroides durante o per\u00edodo de forma\u00e7\u00e3o do sistema solar<\/strong>. Esses corpos celestes, ricos em gelo, teriam colidido com a Terra, depositando grandes quantidades de \u00e1gua em sua superf\u00edcie.<\/p>\n\n\n\n<p>Esse processo de bombardeio c\u00f3smico n\u00e3o apenas trouxe \u00e1gua, mas tamb\u00e9m materiais org\u00e2nicos que podem ter sido cruciais para o surgimento da vida. A compreens\u00e3o desse processo ajuda a elucidar a hist\u00f3ria da Terra e a evolu\u00e7\u00e3o da vida em nosso planeta.<\/p>\n\n\n\n<h2 class=\"wp-block-heading\">Quais os impactos das barragens na rota\u00e7\u00e3o da Terra?<\/h2>\n\n\n\n<p>As barragens hidrel\u00e9tricas s\u00e3o uma fonte importante de energia renov\u00e1vel, mas tamb\u00e9m t\u00eam impactos significativos no planeta. A constru\u00e7\u00e3o de grandes barragens, como a <strong>Three Gorges Dam<\/strong> na <strong>China<\/strong>, altera a distribui\u00e7\u00e3o de massa na Terra, afetando sua rota\u00e7\u00e3o. Embora o impacto seja pequeno, com um aumento de<strong> 0,06 microsegundos<\/strong> no tempo de um dia, o efeito cumulativo de v\u00e1rias barragens pode ter consequ\u00eancias a longo prazo.<\/p>\n\n\n\n<p>Essas mudan\u00e7as ressaltam a necessidade de considerar os impactos ambientais das tecnologias modernas e buscar solu\u00e7\u00f5es sustent\u00e1veis que minimizem os efeitos adversos no planeta.<\/p>\n\n\n\n<h2 class=\"wp-block-heading\">Como a vida sobrevive em ambientes in\u00f3spitos no fundo do mar?<\/h2>\n\n\n\n<p>As profundezas dos oceanos abrigam formas de vida que desafiam nossa compreens\u00e3o das condi\u00e7\u00f5es necess\u00e1rias para a sobreviv\u00eancia. Em locais onde a luz solar n\u00e3o penetra e a press\u00e3o \u00e9 extrema, organismos como vermes-tubo e bact\u00e9rias prosperam. Esses seres utilizam processos como a s\u00edntese qu\u00edmica para extrair energia de compostos qu\u00edmicos, demonstrando a incr\u00edvel adaptabilidade da vida.<\/p>\n\n\n\n<p>Essas descobertas ampliam nosso entendimento sobre a resili\u00eancia da vida e alimentam a esperan\u00e7a de encontrar formas de vida em ambientes extremos fora da Terra, como nas luas geladas de J\u00fapiter e <strong>Saturno<\/strong>.<\/p>\n","protected":false},"excerpt":{"rendered":"<p>A \u00e1gua \u00e9 frequentemente considerada a subst\u00e2ncia mais essencial para a vida na Terra. Ela n\u00e3o apenas comp\u00f5e a maior parte do corpo humano, mas tamb\u00e9m \u00e9 vital para a sobreviv\u00eancia de todas as formas de vida conhecidas. Apesar de sua aparente abund\u00e2ncia, a \u00e1gua pot\u00e1vel \u00e9 um recurso escasso, especialmente quando se considera a [&hellip;]<\/p>\n","protected":false},"author":13,"featured_media":52508,"comment_status":"open","ping_status":"open","sticky":false,"template":"","format":"standard","meta":{"jnews-multi-image_gallery":[],"jnews_single_post":{"format":"standard"},"jnews_primary_category":[],"jnews_social_meta":[],"jnews_override_counter":[],"footnotes":""},"categories":[8819],"tags":[1384,9411,9410],"class_list":["post-52428","post","type-post","status-publish","format-standard","has-post-thumbnail","hentry","category-curiosidades","tag-agua","tag-origem-da-agua","tag-vida-na-terra"],"yoast_head":"<!-- This site is optimized with the Yoast SEO plugin v23.8 - https:\/\/yoast.com\/wordpress\/plugins\/seo\/ -->\n<title>Voc\u00ea sabia que a Terra n\u00e3o \u00e9 o lugar com mais \u00e1gua no Sistema Solar? - Estado de Minas - Em foco<\/title>\n<meta name=\"description\" content=\"A maior parte da \u00e1gua da Terra n\u00e3o \u00e9 pot\u00e1vel. Entenda por que a \u00e1gua doce \u00e9 t\u00e3o rara e como ela surgiu no planeta.\" \/>\n<meta name=\"robots\" content=\"index, follow, max-snippet:-1, max-image-preview:large, max-video-preview:-1\" \/>\n<link rel=\"canonical\" href=\"https:\/\/www.em.com.br\/emfoco\/2025\/06\/01\/voce-sabia-que-a-terra-nao-e-o-lugar-com-mais-agua-no-sistema-solar\/\" \/>\n<meta property=\"og:locale\" content=\"pt_BR\" \/>\n<meta property=\"og:type\" content=\"article\" \/>\n<meta property=\"og:title\" content=\"Voc\u00ea sabia que a Terra n\u00e3o \u00e9 o lugar com mais \u00e1gua no Sistema Solar? - Estado de Minas - Em foco\" \/>\n<meta property=\"og:description\" content=\"A maior parte da \u00e1gua da Terra n\u00e3o \u00e9 pot\u00e1vel. Entenda por que a \u00e1gua doce \u00e9 t\u00e3o rara e como ela surgiu no planeta.\" \/>\n<meta property=\"og:url\" content=\"https:\/\/www.em.com.br\/emfoco\/2025\/06\/01\/voce-sabia-que-a-terra-nao-e-o-lugar-com-mais-agua-no-sistema-solar\/\" \/>\n<meta property=\"og:site_name\" content=\"Estado de Minas - Em foco\" \/>\n<meta property=\"article:published_time\" content=\"2025-06-01T10:40:00+00:00\" \/>\n<meta property=\"article:modified_time\" content=\"2025-05-28T15:05:40+00:00\" \/>\n<meta property=\"og:image\" content=\"https:\/\/www.em.com.br\/emfoco\/wp-content\/uploads\/2025\/05\/water-Earth_1748444586047.jpg\" \/>\n\t<meta property=\"og:image:width\" content=\"1280\" \/>\n\t<meta property=\"og:image:height\" content=\"720\" \/>\n\t<meta property=\"og:image:type\" content=\"image\/jpeg\" \/>\n<meta name=\"author\" content=\"Gabriel Martins\" \/>\n<meta name=\"twitter:card\" content=\"summary_large_image\" \/>\n<meta name=\"twitter:label1\" content=\"Escrito por\" \/>\n\t<meta name=\"twitter:data1\" content=\"Gabriel Martins\" \/>\n\t<meta name=\"twitter:label2\" content=\"Est. tempo de leitura\" \/>\n\t<meta name=\"twitter:data2\" content=\"4 minutos\" \/>\n<!-- \/ Yoast SEO plugin. -->","yoast_head_json":{"title":"Voc\u00ea sabia que a Terra n\u00e3o \u00e9 o lugar com mais \u00e1gua no Sistema Solar? - Estado de Minas - Em foco","description":"A maior parte da \u00e1gua da Terra n\u00e3o \u00e9 pot\u00e1vel. Entenda por que a \u00e1gua doce \u00e9 t\u00e3o rara e como ela surgiu no planeta.","robots":{"index":"index","follow":"follow","max-snippet":"max-snippet:-1","max-image-preview":"max-image-preview:large","max-video-preview":"max-video-preview:-1"},"canonical":"https:\/\/www.em.com.br\/emfoco\/2025\/06\/01\/voce-sabia-que-a-terra-nao-e-o-lugar-com-mais-agua-no-sistema-solar\/","og_locale":"pt_BR","og_type":"article","og_title":"Voc\u00ea sabia que a Terra n\u00e3o \u00e9 o lugar com mais \u00e1gua no Sistema Solar? - Estado de Minas - Em foco","og_description":"A maior parte da \u00e1gua da Terra n\u00e3o \u00e9 pot\u00e1vel. Entenda por que a \u00e1gua doce \u00e9 t\u00e3o rara e como ela surgiu no planeta.","og_url":"https:\/\/www.em.com.br\/emfoco\/2025\/06\/01\/voce-sabia-que-a-terra-nao-e-o-lugar-com-mais-agua-no-sistema-solar\/","og_site_name":"Estado de Minas - Em foco","article_published_time":"2025-06-01T10:40:00+00:00","article_modified_time":"2025-05-28T15:05:40+00:00","og_image":[{"width":1280,"height":720,"url":"https:\/\/www.em.com.br\/emfoco\/wp-content\/uploads\/2025\/05\/water-Earth_1748444586047.jpg","type":"image\/jpeg"}],"author":"Gabriel Martins","twitter_card":"summary_large_image","twitter_misc":{"Escrito por":"Gabriel Martins","Est. tempo de leitura":"4 minutos"},"schema":{"@context":"https:\/\/schema.org","@graph":[{"@type":"WebPage","@id":"https:\/\/www.em.com.br\/emfoco\/2025\/06\/01\/voce-sabia-que-a-terra-nao-e-o-lugar-com-mais-agua-no-sistema-solar\/","url":"https:\/\/www.em.com.br\/emfoco\/2025\/06\/01\/voce-sabia-que-a-terra-nao-e-o-lugar-com-mais-agua-no-sistema-solar\/","name":"Voc\u00ea sabia que a Terra n\u00e3o \u00e9 o lugar com mais \u00e1gua no Sistema Solar? - Estado de Minas - Em foco","isPartOf":{"@id":"https:\/\/www.em.com.br\/emfoco\/#website"},"primaryImageOfPage":{"@id":"https:\/\/www.em.com.br\/emfoco\/2025\/06\/01\/voce-sabia-que-a-terra-nao-e-o-lugar-com-mais-agua-no-sistema-solar\/#primaryimage"},"image":{"@id":"https:\/\/www.em.com.br\/emfoco\/2025\/06\/01\/voce-sabia-que-a-terra-nao-e-o-lugar-com-mais-agua-no-sistema-solar\/#primaryimage"},"thumbnailUrl":"https:\/\/www.em.com.br\/emfoco\/wp-content\/uploads\/2025\/05\/water-Earth_1748444586047.jpg","datePublished":"2025-06-01T10:40:00+00:00","dateModified":"2025-05-28T15:05:40+00:00","author":{"@id":"https:\/\/www.em.com.br\/emfoco\/#\/schema\/person\/1c9ddeab18b98abeffef834667bcf08a"},"description":"A maior parte da \u00e1gua da Terra n\u00e3o \u00e9 pot\u00e1vel. Entenda por que a \u00e1gua doce \u00e9 t\u00e3o rara e como ela surgiu no planeta.","breadcrumb":{"@id":"https:\/\/www.em.com.br\/emfoco\/2025\/06\/01\/voce-sabia-que-a-terra-nao-e-o-lugar-com-mais-agua-no-sistema-solar\/#breadcrumb"},"inLanguage":"pt-BR","potentialAction":[{"@type":"ReadAction","target":["https:\/\/www.em.com.br\/emfoco\/2025\/06\/01\/voce-sabia-que-a-terra-nao-e-o-lugar-com-mais-agua-no-sistema-solar\/"]}]},{"@type":"ImageObject","inLanguage":"pt-BR","@id":"https:\/\/www.em.com.br\/emfoco\/2025\/06\/01\/voce-sabia-que-a-terra-nao-e-o-lugar-com-mais-agua-no-sistema-solar\/#primaryimage","url":"https:\/\/www.em.com.br\/emfoco\/wp-content\/uploads\/2025\/05\/water-Earth_1748444586047.jpg","contentUrl":"https:\/\/www.em.com.br\/emfoco\/wp-content\/uploads\/2025\/05\/water-Earth_1748444586047.jpg","width":1280,"height":720,"caption":"\u00c1gua na Terra - Cr\u00e9ditos: depositphotos.com \/ drizzuti"},{"@type":"BreadcrumbList","@id":"https:\/\/www.em.com.br\/emfoco\/2025\/06\/01\/voce-sabia-que-a-terra-nao-e-o-lugar-com-mais-agua-no-sistema-solar\/#breadcrumb","itemListElement":[{"@type":"ListItem","position":1,"name":"In\u00edcio","item":"https:\/\/www.em.com.br\/emfoco\/"},{"@type":"ListItem","position":2,"name":"Voc\u00ea sabia que a Terra n\u00e3o \u00e9 o lugar com mais \u00e1gua no Sistema Solar?"}]},{"@type":"WebSite","@id":"https:\/\/www.em.com.br\/emfoco\/#website","url":"https:\/\/www.em.com.br\/emfoco\/","name":"Estado de Minas - Em foco","description":"Acompanhe as \u00faltimas not\u00edcias e fique bem informado sobre tudo o que acontece em Minas Gerais, Brasil e no mundo.","potentialAction":[{"@type":"SearchAction","target":{"@type":"EntryPoint","urlTemplate":"https:\/\/www.em.com.br\/emfoco\/?s={search_term_string}"},"query-input":{"@type":"PropertyValueSpecification","valueRequired":true,"valueName":"search_term_string"}}],"inLanguage":"pt-BR"},{"@type":"Person","@id":"https:\/\/www.em.com.br\/emfoco\/#\/schema\/person\/1c9ddeab18b98abeffef834667bcf08a","name":"Gabriel Martins","image":{"@type":"ImageObject","inLanguage":"pt-BR","@id":"https:\/\/www.em.com.br\/emfoco\/#\/schema\/person\/image\/","url":"https:\/\/secure.gravatar.com\/avatar\/f0f1e2efdfd88f1ad2cb08c5c2731e50?s=96&d=mm&r=g","contentUrl":"https:\/\/secure.gravatar.com\/avatar\/f0f1e2efdfd88f1ad2cb08c5c2731e50?s=96&d=mm&r=g","caption":"Gabriel Martins"},"sameAs":["https:\/\/www.em.com.br\/emfoco\/"],"url":"https:\/\/www.em.com.br\/emfoco\/author\/gabrielmartinsmyth\/"}]}},"_links":{"self":[{"href":"https:\/\/www.em.com.br\/emfoco\/wp-json\/wp\/v2\/posts\/52428","targetHints":{"allow":["GET"]}}],"collection":[{"href":"https:\/\/www.em.com.br\/emfoco\/wp-json\/wp\/v2\/posts"}],"about":[{"href":"https:\/\/www.em.com.br\/emfoco\/wp-json\/wp\/v2\/types\/post"}],"author":[{"embeddable":true,"href":"https:\/\/www.em.com.br\/emfoco\/wp-json\/wp\/v2\/users\/13"}],"replies":[{"embeddable":true,"href":"https:\/\/www.em.com.br\/emfoco\/wp-json\/wp\/v2\/comments?post=52428"}],"version-history":[{"count":3,"href":"https:\/\/www.em.com.br\/emfoco\/wp-json\/wp\/v2\/posts\/52428\/revisions"}],"predecessor-version":[{"id":52511,"href":"https:\/\/www.em.com.br\/emfoco\/wp-json\/wp\/v2\/posts\/52428\/revisions\/52511"}],"wp:featuredmedia":[{"embeddable":true,"href":"https:\/\/www.em.com.br\/emfoco\/wp-json\/wp\/v2\/media\/52508"}],"wp:attachment":[{"href":"https:\/\/www.em.com.br\/emfoco\/wp-json\/wp\/v2\/media?parent=52428"}],"wp:term":[{"taxonomy":"category","embeddable":true,"href":"https:\/\/www.em.com.br\/emfoco\/wp-json\/wp\/v2\/categories?post=52428"},{"taxonomy":"post_tag","embeddable":true,"href":"https:\/\/www.em.com.br\/emfoco\/wp-json\/wp\/v2\/tags?post=52428"}],"curies":[{"name":"wp","href":"https:\/\/api.w.org\/{rel}","templated":true}]}}