{"id":52426,"date":"2025-06-01T06:00:00","date_gmt":"2025-06-01T09:00:00","guid":{"rendered":"https:\/\/www.em.com.br\/emfoco\/?p=52426"},"modified":"2025-06-18T15:01:42","modified_gmt":"2025-06-18T18:01:42","slug":"ford-apresenta-nova-linha-da-maverick-2026-e-promete-mudar-o-mercado-de-picapes-no-brasil","status":"publish","type":"post","link":"https:\/\/www.em.com.br\/emfoco\/2025\/06\/01\/ford-apresenta-nova-linha-da-maverick-2026-e-promete-mudar-o-mercado-de-picapes-no-brasil\/","title":{"rendered":"Ford apresenta nova linha da Maverick 2026 e promete mudar o mercado de picapes no Brasil"},"content":{"rendered":"\n<p>A <a href=\"https:\/\/www.ford.com.br\/\" target=\"_blank\" rel=\"noreferrer noopener\"><strong>Ford<\/strong> <\/a>acaba de fazer uma jogada interessante no mercado de picapes. A <strong>Maverick 2026<\/strong> chegou com uma cara nova e uma estrat\u00e9gia bem diferente. Se antes ela mirava na <strong>Fiat Toro<\/strong>, agora o alvo \u00e9 outro: a <strong>Ram Rampage<\/strong>. E para isso, a marca americana mudou at\u00e9 o pre\u00e7o.<\/p>\n\n\n\n<p>O visual da <strong>Maverick<\/strong> ficou mais moderno. Os far\u00f3is ganharam um formato de v\u00edrgula bem estiloso e a grade frontal foi completamente redesenhada. Por dentro, a grande novidade \u00e9 a tela de 13,2 polegadas no lugar daquela telinha de 8 polegadas. Agora vem com <strong>Apple CarPlay<\/strong> e <strong>Android Auto<\/strong> sem fio, internet 5G e c\u00e2mera 360 graus. \u00c9 tecnologia de sobra para competir de igual para igual.<\/p>\n\n\n\n<h2 class=\"wp-block-heading\">Quais s\u00e3o as vers\u00f5es da nova Maverick?<\/h2>\n\n\n\n<p>A <strong>Ford<\/strong> reorganizou completamente a linha. Agora s\u00e3o tr\u00eas vers\u00f5es: <strong>Lariat Black<\/strong>, <strong>Tremor<\/strong> e <strong>Hybrid<\/strong>. A <strong>Lariat Black<\/strong> \u00e9 a substituta da antiga FX4, mas com detalhes escurecidos e um pre\u00e7o bem mais atrativo. Ela vem com sete airbags, c\u00e2meras 360 graus e uma lista grande de equipamentos de seguran\u00e7a.<\/p>\n\n\n\n<p>A grande novidade \u00e9 a vers\u00e3o <strong>Tremor<\/strong>, que tem pegada aventureira igual \u00e0 <strong>F-150 Tremor<\/strong>. Ela vem com detalhes em laranja, suspens\u00e3o elevada, ganchos de reboque e diferencial traseiro blocante. \u00c9 a vers\u00e3o para quem quer mesmo sair do asfalto e enfrentar terrenos dif\u00edceis. Ambas t\u00eam v\u00e1rios modos de condu\u00e7\u00e3o: Normal, Eco, Esportivo, Escorregadio e at\u00e9 modo para rebocar.<\/p>\n\n\n\n<h2 class=\"wp-block-heading\">O que esperar da vers\u00e3o h\u00edbrida?<\/h2>\n\n\n\n<p>A vers\u00e3o <strong>Hybrid<\/strong> ainda est\u00e1 envolvida em mist\u00e9rio. A <strong>Ford<\/strong> confirmou que ela chega s\u00f3 no segundo semestre de 2026, mas n\u00e3o revelou detalhes t\u00e9cnicos nem pre\u00e7os. A expectativa \u00e9 que ela mantenha o sistema j\u00e1 conhecido: motor 2.5 aspirado combinado com el\u00e9trico, entregando 194 cv no total.<\/p>\n\n\n\n<p>Essa vers\u00e3o deve ser a resposta da <strong>Ford<\/strong> para quem quer economia de combust\u00edvel sem abrir m\u00e3o do espa\u00e7o de uma picape. Com a crescente demanda por <a href=\"https:\/\/www.em.com.br\/emfoco\/2024\/11\/22\/onix-2025-chega-chutando-a-porta-com-motor-turbinado-e-preco-top\/\" target=\"_blank\" rel=\"noreferrer noopener\">carros <\/a>mais sustent\u00e1veis, a <strong>Hybrid<\/strong> pode ser o diferencial que faltava para a <strong>Maverick<\/strong> se destacar ainda mais no mercado brasileiro.<\/p>\n\n\n\n<h2 class=\"wp-block-heading\">Como est\u00e1 o desempenho da Maverick 2026?<\/h2>\n\n\n\n<p>O motor das vers\u00f5es <strong>Lariat Black<\/strong> e <strong>Tremor<\/strong> continua o mesmo: 2.0 turbo com 253 cv e 38,7 kgfm de torque. O c\u00e2mbio autom\u00e1tico de oito marchas e a tra\u00e7\u00e3o integral completam o conjunto. O consumo fica em 8,4 km\/l na cidade e 10,7 km\/l na estrada, n\u00fameros que est\u00e3o dentro do esperado para uma picape desse porte.<\/p>\n\n\n\n<p>A vers\u00e3o <strong>Tremor<\/strong> tem algumas diferen\u00e7as por causa do foco off-road. Ela consegue passar por 450 mil\u00edmetros de \u00e1gua e tem altura maior em rela\u00e7\u00e3o ao solo. A <strong>Ford<\/strong> tamb\u00e9m deu uma incrementada no ronco do motor, deixando o som mais encorpado. \u00c9 picape que se anuncia quando passa.<\/p>\n\n\n\n<h2 class=\"wp-block-heading\">Como ficaram os pre\u00e7os da nova linha?<\/h2>\n\n\n<div class=\"wp-block-image\">\n<figure class=\"aligncenter size-large\"><img loading=\"lazy\" decoding=\"async\" width=\"1024\" height=\"576\" src=\"https:\/\/www.em.com.br\/emfoco\/wp-content\/uploads\/2025\/05\/ad-1-4-1024x576.jpg\" alt=\"Ford apresenta nova linha da Maverick 2026 e promete mudar o mercado de picapes no Brasil\" class=\"wp-image-52459\" srcset=\"https:\/\/www.em.com.br\/emfoco\/wp-content\/uploads\/2025\/05\/ad-1-4-1024x576.jpg 1024w, https:\/\/www.em.com.br\/emfoco\/wp-content\/uploads\/2025\/05\/ad-1-4-300x169.jpg 300w, https:\/\/www.em.com.br\/emfoco\/wp-content\/uploads\/2025\/05\/ad-1-4-768x432.jpg 768w, https:\/\/www.em.com.br\/emfoco\/wp-content\/uploads\/2025\/05\/ad-1-4-750x422.jpg 750w, https:\/\/www.em.com.br\/emfoco\/wp-content\/uploads\/2025\/05\/ad-1-4-1140x641.jpg 1140w, https:\/\/www.em.com.br\/emfoco\/wp-content\/uploads\/2025\/05\/ad-1-4.jpg 1280w\" sizes=\"auto, (max-width: 1024px) 100vw, 1024px\" \/><figcaption class=\"wp-element-caption\">Ford Maverick 2026 &#8211; Cr\u00e9ditos: Ford\/Divulga\u00e7\u00e3o<\/figcaption><\/figure><\/div>\n\n\n<p>Aqui est\u00e1 a grande mudan\u00e7a de estrat\u00e9gia da <strong>Ford<\/strong>. A <strong>Lariat Black<\/strong> custa R$ 219.900, uma redu\u00e7\u00e3o de R$ 10 mil em rela\u00e7\u00e3o \u00e0 antiga FX4. A <strong>Tremor<\/strong> sai por R$ 239.900. \u00c9 uma jogada para ficar mais competitiva contra a <strong>Ram Rampage<\/strong>, que custa R$ 242.990 na vers\u00e3o b\u00e1sica.<\/p>\n\n\n\n<p>A vers\u00e3o <strong>Hybrid<\/strong> ainda n\u00e3o teve pre\u00e7o revelado, mas atualmente a vers\u00e3o h\u00edbrida custa R$ 239.500. Com essas atualiza\u00e7\u00f5es, a <strong>Maverick<\/strong> quer mostrar que tem condi\u00e7\u00f5es de brigar de igual para igual no disputado mercado de picapes m\u00e9dias. \u00c9 a <strong>Ford<\/strong> apostando todas as fichas para n\u00e3o perder espa\u00e7o.<\/p>\n\n\n\n<h2 class=\"wp-block-heading\">Por que a Ford mudou de estrat\u00e9gia?<\/h2>\n\n\n\n<p>A mudan\u00e7a de foco da <strong>Toro<\/strong> para a <strong>Rampage<\/strong> faz sentido quando voc\u00ea olha os n\u00fameros. A <strong>Ram<\/strong> est\u00e1 crescendo no mercado e se posicionando como uma alternativa mais acess\u00edvel \u00e0s picapes grandes. A <strong>Ford<\/strong> percebeu isso e decidiu ajustar a mira.<\/p>\n\n\n\n<p>Com pre\u00e7os mais baixos, mais tecnologia e uma vers\u00e3o aventureira in\u00e9dita, a <strong>Maverick 2026<\/strong> quer conquistar quem busca uma picape completa sem gastar uma fortuna. A vers\u00e3o h\u00edbrida que chega no segundo semestre pode ser a cereja do bolo, oferecendo economia para quem usa a picape no dia a dia da cidade. \u00c9 a <strong>Ford<\/strong> mostrando que entendeu o recado do mercado brasileiro.<\/p>\n\n\n\n<p>A <strong>Maverick 2026<\/strong> representa uma evolu\u00e7\u00e3o inteligente. A marca n\u00e3o mexeu no que funcionava, mas ajustou o que precisava ser melhorado. Com visual renovado, mais tecnologia e pre\u00e7os competitivos, ela chega pronta para uma nova batalha no mercado de picapes.<\/p>\n","protected":false},"excerpt":{"rendered":"<p>A Ford acaba de fazer uma jogada interessante no mercado de picapes. A Maverick 2026 chegou com uma cara nova e uma estrat\u00e9gia bem diferente. Se antes ela mirava na Fiat Toro, agora o alvo \u00e9 outro: a Ram Rampage. E para isso, a marca americana mudou at\u00e9 o pre\u00e7o. O visual da Maverick ficou [&hellip;]<\/p>\n","protected":false},"author":13,"featured_media":52461,"comment_status":"open","ping_status":"open","sticky":false,"template":"","format":"standard","meta":{"jnews-multi-image_gallery":[],"jnews_single_post":{"format":"standard"},"jnews_primary_category":[],"jnews_social_meta":[],"jnews_override_counter":[],"footnotes":""},"categories":[27],"tags":[1715,1906,8126,2861],"class_list":["post-52426","post","type-post","status-publish","format-standard","has-post-thumbnail","hentry","category-carros","tag-automotivo","tag-ford","tag-maverick","tag-picapes"],"yoast_head":"<!-- This site is optimized with the Yoast SEO plugin v23.8 - https:\/\/yoast.com\/wordpress\/plugins\/seo\/ -->\n<title>Ford apresenta nova linha da Maverick 2026 e promete mudar o mercado de picapes no Brasil - Estado de Minas - Em foco<\/title>\n<meta name=\"description\" content=\"A Maverick 2026 chegou com visual ousado, tecnologia de ponta e uma vers\u00e3o in\u00e9dita que promete surpreender quem busca desempenho.\" \/>\n<meta name=\"robots\" content=\"index, follow, max-snippet:-1, max-image-preview:large, max-video-preview:-1\" \/>\n<link rel=\"canonical\" href=\"https:\/\/www.em.com.br\/emfoco\/2025\/06\/01\/ford-apresenta-nova-linha-da-maverick-2026-e-promete-mudar-o-mercado-de-picapes-no-brasil\/\" \/>\n<meta property=\"og:locale\" content=\"pt_BR\" \/>\n<meta property=\"og:type\" content=\"article\" \/>\n<meta property=\"og:title\" content=\"Ford apresenta nova linha da Maverick 2026 e promete mudar o mercado de picapes no Brasil - Estado de Minas - Em foco\" \/>\n<meta property=\"og:description\" content=\"A Maverick 2026 chegou com visual ousado, tecnologia de ponta e uma vers\u00e3o in\u00e9dita que promete surpreender quem busca desempenho.\" \/>\n<meta property=\"og:url\" content=\"https:\/\/www.em.com.br\/emfoco\/2025\/06\/01\/ford-apresenta-nova-linha-da-maverick-2026-e-promete-mudar-o-mercado-de-picapes-no-brasil\/\" \/>\n<meta property=\"og:site_name\" content=\"Estado de Minas - Em foco\" \/>\n<meta property=\"article:published_time\" content=\"2025-06-01T09:00:00+00:00\" \/>\n<meta property=\"article:modified_time\" content=\"2025-06-18T18:01:42+00:00\" \/>\n<meta property=\"og:image\" content=\"https:\/\/www.em.com.br\/emfoco\/wp-content\/uploads\/2025\/05\/ad-10.jpg\" \/>\n\t<meta property=\"og:image:width\" content=\"1280\" \/>\n\t<meta property=\"og:image:height\" content=\"720\" \/>\n\t<meta property=\"og:image:type\" content=\"image\/jpeg\" \/>\n<meta name=\"author\" content=\"Gabriel Martins\" \/>\n<meta name=\"twitter:card\" content=\"summary_large_image\" \/>\n<meta name=\"twitter:label1\" content=\"Escrito por\" \/>\n\t<meta name=\"twitter:data1\" content=\"Gabriel Martins\" \/>\n\t<meta name=\"twitter:label2\" content=\"Est. tempo de leitura\" \/>\n\t<meta name=\"twitter:data2\" content=\"5 minutos\" \/>\n<!-- \/ Yoast SEO plugin. -->","yoast_head_json":{"title":"Ford apresenta nova linha da Maverick 2026 e promete mudar o mercado de picapes no Brasil - Estado de Minas - Em foco","description":"A Maverick 2026 chegou com visual ousado, tecnologia de ponta e uma vers\u00e3o in\u00e9dita que promete surpreender quem busca desempenho.","robots":{"index":"index","follow":"follow","max-snippet":"max-snippet:-1","max-image-preview":"max-image-preview:large","max-video-preview":"max-video-preview:-1"},"canonical":"https:\/\/www.em.com.br\/emfoco\/2025\/06\/01\/ford-apresenta-nova-linha-da-maverick-2026-e-promete-mudar-o-mercado-de-picapes-no-brasil\/","og_locale":"pt_BR","og_type":"article","og_title":"Ford apresenta nova linha da Maverick 2026 e promete mudar o mercado de picapes no Brasil - Estado de Minas - Em foco","og_description":"A Maverick 2026 chegou com visual ousado, tecnologia de ponta e uma vers\u00e3o in\u00e9dita que promete surpreender quem busca desempenho.","og_url":"https:\/\/www.em.com.br\/emfoco\/2025\/06\/01\/ford-apresenta-nova-linha-da-maverick-2026-e-promete-mudar-o-mercado-de-picapes-no-brasil\/","og_site_name":"Estado de Minas - Em foco","article_published_time":"2025-06-01T09:00:00+00:00","article_modified_time":"2025-06-18T18:01:42+00:00","og_image":[{"width":1280,"height":720,"url":"https:\/\/www.em.com.br\/emfoco\/wp-content\/uploads\/2025\/05\/ad-10.jpg","type":"image\/jpeg"}],"author":"Gabriel Martins","twitter_card":"summary_large_image","twitter_misc":{"Escrito por":"Gabriel Martins","Est. tempo de leitura":"5 minutos"},"schema":{"@context":"https:\/\/schema.org","@graph":[{"@type":"WebPage","@id":"https:\/\/www.em.com.br\/emfoco\/2025\/06\/01\/ford-apresenta-nova-linha-da-maverick-2026-e-promete-mudar-o-mercado-de-picapes-no-brasil\/","url":"https:\/\/www.em.com.br\/emfoco\/2025\/06\/01\/ford-apresenta-nova-linha-da-maverick-2026-e-promete-mudar-o-mercado-de-picapes-no-brasil\/","name":"Ford apresenta nova linha da Maverick 2026 e promete mudar o mercado de picapes no Brasil - Estado de Minas - Em foco","isPartOf":{"@id":"https:\/\/www.em.com.br\/emfoco\/#website"},"primaryImageOfPage":{"@id":"https:\/\/www.em.com.br\/emfoco\/2025\/06\/01\/ford-apresenta-nova-linha-da-maverick-2026-e-promete-mudar-o-mercado-de-picapes-no-brasil\/#primaryimage"},"image":{"@id":"https:\/\/www.em.com.br\/emfoco\/2025\/06\/01\/ford-apresenta-nova-linha-da-maverick-2026-e-promete-mudar-o-mercado-de-picapes-no-brasil\/#primaryimage"},"thumbnailUrl":"https:\/\/www.em.com.br\/emfoco\/wp-content\/uploads\/2025\/05\/ad-10.jpg","datePublished":"2025-06-01T09:00:00+00:00","dateModified":"2025-06-18T18:01:42+00:00","author":{"@id":"https:\/\/www.em.com.br\/emfoco\/#\/schema\/person\/1c9ddeab18b98abeffef834667bcf08a"},"description":"A Maverick 2026 chegou com visual ousado, tecnologia de ponta e uma vers\u00e3o in\u00e9dita que promete surpreender quem busca desempenho.","breadcrumb":{"@id":"https:\/\/www.em.com.br\/emfoco\/2025\/06\/01\/ford-apresenta-nova-linha-da-maverick-2026-e-promete-mudar-o-mercado-de-picapes-no-brasil\/#breadcrumb"},"inLanguage":"pt-BR","potentialAction":[{"@type":"ReadAction","target":["https:\/\/www.em.com.br\/emfoco\/2025\/06\/01\/ford-apresenta-nova-linha-da-maverick-2026-e-promete-mudar-o-mercado-de-picapes-no-brasil\/"]}]},{"@type":"ImageObject","inLanguage":"pt-BR","@id":"https:\/\/www.em.com.br\/emfoco\/2025\/06\/01\/ford-apresenta-nova-linha-da-maverick-2026-e-promete-mudar-o-mercado-de-picapes-no-brasil\/#primaryimage","url":"https:\/\/www.em.com.br\/emfoco\/wp-content\/uploads\/2025\/05\/ad-10.jpg","contentUrl":"https:\/\/www.em.com.br\/emfoco\/wp-content\/uploads\/2025\/05\/ad-10.jpg","width":1280,"height":720,"caption":"Ford Maverick 2026 - Cr\u00e9ditos: Ford\/Divulga\u00e7\u00e3o"},{"@type":"BreadcrumbList","@id":"https:\/\/www.em.com.br\/emfoco\/2025\/06\/01\/ford-apresenta-nova-linha-da-maverick-2026-e-promete-mudar-o-mercado-de-picapes-no-brasil\/#breadcrumb","itemListElement":[{"@type":"ListItem","position":1,"name":"In\u00edcio","item":"https:\/\/www.em.com.br\/emfoco\/"},{"@type":"ListItem","position":2,"name":"Ford apresenta nova linha da Maverick 2026 e promete mudar o mercado de picapes no Brasil"}]},{"@type":"WebSite","@id":"https:\/\/www.em.com.br\/emfoco\/#website","url":"https:\/\/www.em.com.br\/emfoco\/","name":"Estado de Minas - Em foco","description":"Acompanhe as \u00faltimas not\u00edcias e fique bem informado sobre tudo o que acontece em Minas Gerais, Brasil e no mundo.","potentialAction":[{"@type":"SearchAction","target":{"@type":"EntryPoint","urlTemplate":"https:\/\/www.em.com.br\/emfoco\/?s={search_term_string}"},"query-input":{"@type":"PropertyValueSpecification","valueRequired":true,"valueName":"search_term_string"}}],"inLanguage":"pt-BR"},{"@type":"Person","@id":"https:\/\/www.em.com.br\/emfoco\/#\/schema\/person\/1c9ddeab18b98abeffef834667bcf08a","name":"Gabriel Martins","image":{"@type":"ImageObject","inLanguage":"pt-BR","@id":"https:\/\/www.em.com.br\/emfoco\/#\/schema\/person\/image\/","url":"https:\/\/secure.gravatar.com\/avatar\/f0f1e2efdfd88f1ad2cb08c5c2731e50?s=96&d=mm&r=g","contentUrl":"https:\/\/secure.gravatar.com\/avatar\/f0f1e2efdfd88f1ad2cb08c5c2731e50?s=96&d=mm&r=g","caption":"Gabriel Martins"},"sameAs":["https:\/\/www.em.com.br\/emfoco\/"],"url":"https:\/\/www.em.com.br\/emfoco\/author\/gabrielmartinsmyth\/"}]}},"_links":{"self":[{"href":"https:\/\/www.em.com.br\/emfoco\/wp-json\/wp\/v2\/posts\/52426","targetHints":{"allow":["GET"]}}],"collection":[{"href":"https:\/\/www.em.com.br\/emfoco\/wp-json\/wp\/v2\/posts"}],"about":[{"href":"https:\/\/www.em.com.br\/emfoco\/wp-json\/wp\/v2\/types\/post"}],"author":[{"embeddable":true,"href":"https:\/\/www.em.com.br\/emfoco\/wp-json\/wp\/v2\/users\/13"}],"replies":[{"embeddable":true,"href":"https:\/\/www.em.com.br\/emfoco\/wp-json\/wp\/v2\/comments?post=52426"}],"version-history":[{"count":4,"href":"https:\/\/www.em.com.br\/emfoco\/wp-json\/wp\/v2\/posts\/52426\/revisions"}],"predecessor-version":[{"id":63257,"href":"https:\/\/www.em.com.br\/emfoco\/wp-json\/wp\/v2\/posts\/52426\/revisions\/63257"}],"wp:featuredmedia":[{"embeddable":true,"href":"https:\/\/www.em.com.br\/emfoco\/wp-json\/wp\/v2\/media\/52461"}],"wp:attachment":[{"href":"https:\/\/www.em.com.br\/emfoco\/wp-json\/wp\/v2\/media?parent=52426"}],"wp:term":[{"taxonomy":"category","embeddable":true,"href":"https:\/\/www.em.com.br\/emfoco\/wp-json\/wp\/v2\/categories?post=52426"},{"taxonomy":"post_tag","embeddable":true,"href":"https:\/\/www.em.com.br\/emfoco\/wp-json\/wp\/v2\/tags?post=52426"}],"curies":[{"name":"wp","href":"https:\/\/api.w.org\/{rel}","templated":true}]}}