{"id":5238,"date":"2024-12-17T07:00:00","date_gmt":"2024-12-17T10:00:00","guid":{"rendered":"https:\/\/www.em.com.br\/emfoco\/?p=5238"},"modified":"2024-12-16T14:51:48","modified_gmt":"2024-12-16T17:51:48","slug":"qual-carro-virou-alvo-facil-dos-ladroes-em-sao-paulo-em-2024","status":"publish","type":"post","link":"https:\/\/www.em.com.br\/emfoco\/2024\/12\/17\/qual-carro-virou-alvo-facil-dos-ladroes-em-sao-paulo-em-2024\/","title":{"rendered":"Qual carro virou alvo f\u00e1cil dos ladr\u00f5es em S\u00e3o Paulo em 2024?"},"content":{"rendered":"\n<p>No estado de <a href=\"https:\/\/pt.wikipedia.org\/wiki\/S%C3%A3o_Paulo\" target=\"_blank\" rel=\"noreferrer noopener\">S\u00e3o Paulo<\/a>, a escolha do autom\u00f3vel muitas vezes \u00e9 influenciada n\u00e3o apenas pelo design ou conforto, mas tamb\u00e9m pelo \u00edndice de roubos e furtos. Segundo levantamento recente da Ituran, um decl\u00ednio de 24% nos crimes de roubo e furto de ve\u00edculos foi registrado entre janeiro e setembro de 2024, quando comparado ao mesmo per\u00edodo do ano anterior. Apesar da queda, o n\u00famero de sinistros ainda \u00e9 preocupante, com mais de 47 mil ocorr\u00eancias relatadas.<\/p>\n\n\n\n<p>Entre os <a href=\"https:\/\/www.em.com.br\/emfoco\/2024\/12\/09\/as-cidades-brasileiras-que-lideram-em-carros-eletricos\/\" target=\"_blank\" rel=\"noreferrer noopener\">carros <\/a>mais visados pelos criminosos, o hatch compacto Gol mant\u00e9m sua posi\u00e7\u00e3o de destaque. De janeiro a setembro, foram registrados 3.692 sinistros, representando quase 8% de todos esses tipos de crime no estado. Mesmo com uma redu\u00e7\u00e3o de 30% comparado a 2023, continua a liderar a lista dos modelos mais roubados e furtados.<\/p>\n\n\n\n<h2 class=\"wp-block-heading\">Quais s\u00e3o os Carros mais Roubados em S\u00e3o Paulo?<\/h2>\n\n\n\n<p>O Hyundai HB20, conhecido pelo seu seguro geralmente caro, aparece como o segundo mais roubado, com 2.587 ocorr\u00eancias. Notavelmente, o modelo subiu no ranking em rela\u00e7\u00e3o ao ano anterior, quando ocupava a quarta posi\u00e7\u00e3o. A seguir, o Fiat Uno soma 2.570 ocorr\u00eancias, mantendo sua relev\u00e2ncia no indesejado ranking.<\/p>\n\n\n\n<p>Embora fora de linha, o Chevrolet Corsa continua atraente para criminosos, com 2.385 sinistros. O modelo inclui tanto o Corsa Sedan quanto o Classic nas estat\u00edsticas. A Chevrolet ainda aparece com o Onix, que, apesar de menos procurado do que no ano passado, ainda registrou 2.312 ocorr\u00eancias.<\/p>\n\n\n<div class=\"wp-block-image\">\n<figure class=\"aligncenter size-large\"><img loading=\"lazy\" decoding=\"async\" width=\"1024\" height=\"684\" src=\"https:\/\/www.em.com.br\/emfoco\/wp-content\/uploads\/2024\/12\/hyundai-hb20-premium-1024x684.jpg\" alt=\"\" class=\"wp-image-3871\" srcset=\"https:\/\/www.em.com.br\/emfoco\/wp-content\/uploads\/2024\/12\/hyundai-hb20-premium-1024x684.jpg 1024w, https:\/\/www.em.com.br\/emfoco\/wp-content\/uploads\/2024\/12\/hyundai-hb20-premium-300x200.jpg 300w, https:\/\/www.em.com.br\/emfoco\/wp-content\/uploads\/2024\/12\/hyundai-hb20-premium-768x513.jpg 768w, https:\/\/www.em.com.br\/emfoco\/wp-content\/uploads\/2024\/12\/hyundai-hb20-premium-750x501.jpg 750w, https:\/\/www.em.com.br\/emfoco\/wp-content\/uploads\/2024\/12\/hyundai-hb20-premium-1140x761.jpg 1140w, https:\/\/www.em.com.br\/emfoco\/wp-content\/uploads\/2024\/12\/hyundai-hb20-premium.jpg 1200w\" sizes=\"auto, (max-width: 1024px) 100vw, 1024px\" \/><figcaption class=\"wp-element-caption\">Credito Hyundai\/Divulgacao &#8211; Hyundai HB20 For You<\/figcaption><\/figure><\/div>\n\n\n<h2 class=\"wp-block-heading\">Ve\u00edculos Ainda em Produ\u00e7\u00e3o Tamb\u00e9m S\u00e3o Alvos<\/h2>\n\n\n\n<p>A Ford, que cessou suas opera\u00e7\u00f5es industriais no Brasil, ainda v\u00ea o Ford Ka entre os dez modelos mais roubados, mesmo com a produ\u00e7\u00e3o descontinuada. Em 2024, foram registrados 1.837 crimes envolvendo este ve\u00edculo, um decl\u00ednio de 29% em rela\u00e7\u00e3o ao ano anterior. A Fiat Argo segue na mesma linha, com 1.468 sinistros, mostrando uma diminui\u00e7\u00e3o de 30% em rela\u00e7\u00e3o a 2023.<\/p>\n\n\n\n<p>Os criminosos tamb\u00e9m continuam interessados no VW Fox, que teve 1.293 ocorr\u00eancias, mesmo com uma queda de 36% em rela\u00e7\u00e3o ao ano anterior. Notavelmente, o Fiat Palio, igualmente descontinuado, foi alvo em 1.161 casos, tamb\u00e9m mantendo a tend\u00eancia decrescente.<\/p>\n\n\n\n<h2 class=\"wp-block-heading\">O Crescimento do Mobi nas Estat\u00edsticas de Roubo<\/h2>\n\n\n\n<p>Um destaque inesperado na lista \u00e9 o Fiat Mobi, que fecha o ranking dos dez mais roubados com 1.143 incidentes registrados. Este n\u00famero substitui a posi\u00e7\u00e3o anteriormente ocupada pelo Renault Sandero, refletindo uma mudan\u00e7a nos padr\u00f5es de escolha dos criminosos.<\/p>\n\n\n\n<p>Este levantamento da Ituran evidencia n\u00e3o apenas um retrato da criminalidade, mas tamb\u00e9m ressalta a necessidade de estrat\u00e9gias eficazes de preven\u00e7\u00e3o e seguran\u00e7a para os propriet\u00e1rios de ve\u00edculos em S\u00e3o Paulo. A escolha de um carro deve considerar n\u00e3o apenas o design e o custo, mas tamb\u00e9m a seguran\u00e7a, tanto realizada pelo pr\u00f3prio sistema antifurto quanto pela sele\u00e7\u00e3o de um modelo menos atraente ao crime.<\/p>\n","protected":false},"excerpt":{"rendered":"<p>No estado de S\u00e3o Paulo, a escolha do autom\u00f3vel muitas vezes \u00e9 influenciada n\u00e3o apenas pelo design ou conforto, mas tamb\u00e9m pelo \u00edndice de roubos e furtos. Segundo levantamento recente da Ituran, um decl\u00ednio de 24% nos crimes de roubo e furto de ve\u00edculos foi registrado entre janeiro e setembro de 2024, quando comparado ao [&hellip;]<\/p>\n","protected":false},"author":7,"featured_media":5241,"comment_status":"open","ping_status":"open","sticky":false,"template":"","format":"standard","meta":{"jnews-multi-image_gallery":[],"jnews_single_post":{"format":"standard"},"jnews_primary_category":[],"jnews_social_meta":[],"jnews_override_counter":[],"footnotes":""},"categories":[27],"tags":[2096,2097,2095,2093,553,2094],"class_list":["post-5238","post","type-post","status-publish","format-standard","has-post-thumbnail","hentry","category-carros","tag-gol","tag-hb20","tag-prevencao-de-roubo","tag-roubo-de-carros","tag-sao-paulo","tag-seguranca-veicular"],"yoast_head":"<!-- This site is optimized with the Yoast SEO plugin v23.8 - https:\/\/yoast.com\/wordpress\/plugins\/seo\/ -->\n<title>Qual carro virou alvo f\u00e1cil dos ladr\u00f5es em S\u00e3o Paulo em 2024? - Estado de Minas - Em foco<\/title>\n<meta name=\"description\" content=\"Levantamento sobre os carros mais visados por criminosos em S\u00e3o Paulo em 2024. Descubra se o seu ve\u00edculo est\u00e1 na lista e previna-se.\" \/>\n<meta name=\"robots\" content=\"index, follow, max-snippet:-1, max-image-preview:large, max-video-preview:-1\" \/>\n<link rel=\"canonical\" href=\"https:\/\/www.em.com.br\/emfoco\/2024\/12\/17\/qual-carro-virou-alvo-facil-dos-ladroes-em-sao-paulo-em-2024\/\" \/>\n<meta property=\"og:locale\" content=\"pt_BR\" \/>\n<meta property=\"og:type\" content=\"article\" \/>\n<meta property=\"og:title\" content=\"Qual carro virou alvo f\u00e1cil dos ladr\u00f5es em S\u00e3o Paulo em 2024? - Estado de Minas - Em foco\" \/>\n<meta property=\"og:description\" content=\"Levantamento sobre os carros mais visados por criminosos em S\u00e3o Paulo em 2024. Descubra se o seu ve\u00edculo est\u00e1 na lista e previna-se.\" \/>\n<meta property=\"og:url\" content=\"https:\/\/www.em.com.br\/emfoco\/2024\/12\/17\/qual-carro-virou-alvo-facil-dos-ladroes-em-sao-paulo-em-2024\/\" \/>\n<meta property=\"og:site_name\" content=\"Estado de Minas - Em foco\" \/>\n<meta property=\"article:published_time\" content=\"2024-12-17T10:00:00+00:00\" \/>\n<meta property=\"article:modified_time\" content=\"2024-12-16T17:51:48+00:00\" \/>\n<meta property=\"og:image\" content=\"https:\/\/www.em.com.br\/emfoco\/wp-content\/uploads\/2024\/12\/Car-Thief_1734371563132.jpg\" \/>\n\t<meta property=\"og:image:width\" content=\"1280\" \/>\n\t<meta property=\"og:image:height\" content=\"720\" \/>\n\t<meta property=\"og:image:type\" content=\"image\/jpeg\" \/>\n<meta name=\"author\" content=\"Kelvin\" \/>\n<meta name=\"twitter:card\" content=\"summary_large_image\" \/>\n<meta name=\"twitter:label1\" content=\"Escrito por\" \/>\n\t<meta name=\"twitter:data1\" content=\"Kelvin\" \/>\n\t<meta name=\"twitter:label2\" content=\"Est. tempo de leitura\" \/>\n\t<meta name=\"twitter:data2\" content=\"3 minutos\" \/>\n<!-- \/ Yoast SEO plugin. -->","yoast_head_json":{"title":"Qual carro virou alvo f\u00e1cil dos ladr\u00f5es em S\u00e3o Paulo em 2024? - Estado de Minas - Em foco","description":"Levantamento sobre os carros mais visados por criminosos em S\u00e3o Paulo em 2024. Descubra se o seu ve\u00edculo est\u00e1 na lista e previna-se.","robots":{"index":"index","follow":"follow","max-snippet":"max-snippet:-1","max-image-preview":"max-image-preview:large","max-video-preview":"max-video-preview:-1"},"canonical":"https:\/\/www.em.com.br\/emfoco\/2024\/12\/17\/qual-carro-virou-alvo-facil-dos-ladroes-em-sao-paulo-em-2024\/","og_locale":"pt_BR","og_type":"article","og_title":"Qual carro virou alvo f\u00e1cil dos ladr\u00f5es em S\u00e3o Paulo em 2024? - Estado de Minas - Em foco","og_description":"Levantamento sobre os carros mais visados por criminosos em S\u00e3o Paulo em 2024. Descubra se o seu ve\u00edculo est\u00e1 na lista e previna-se.","og_url":"https:\/\/www.em.com.br\/emfoco\/2024\/12\/17\/qual-carro-virou-alvo-facil-dos-ladroes-em-sao-paulo-em-2024\/","og_site_name":"Estado de Minas - Em foco","article_published_time":"2024-12-17T10:00:00+00:00","article_modified_time":"2024-12-16T17:51:48+00:00","og_image":[{"width":1280,"height":720,"url":"https:\/\/www.em.com.br\/emfoco\/wp-content\/uploads\/2024\/12\/Car-Thief_1734371563132.jpg","type":"image\/jpeg"}],"author":"Kelvin","twitter_card":"summary_large_image","twitter_misc":{"Escrito por":"Kelvin","Est. tempo de leitura":"3 minutos"},"schema":{"@context":"https:\/\/schema.org","@graph":[{"@type":"WebPage","@id":"https:\/\/www.em.com.br\/emfoco\/2024\/12\/17\/qual-carro-virou-alvo-facil-dos-ladroes-em-sao-paulo-em-2024\/","url":"https:\/\/www.em.com.br\/emfoco\/2024\/12\/17\/qual-carro-virou-alvo-facil-dos-ladroes-em-sao-paulo-em-2024\/","name":"Qual carro virou alvo f\u00e1cil dos ladr\u00f5es em S\u00e3o Paulo em 2024? - Estado de Minas - Em foco","isPartOf":{"@id":"https:\/\/www.em.com.br\/emfoco\/#website"},"primaryImageOfPage":{"@id":"https:\/\/www.em.com.br\/emfoco\/2024\/12\/17\/qual-carro-virou-alvo-facil-dos-ladroes-em-sao-paulo-em-2024\/#primaryimage"},"image":{"@id":"https:\/\/www.em.com.br\/emfoco\/2024\/12\/17\/qual-carro-virou-alvo-facil-dos-ladroes-em-sao-paulo-em-2024\/#primaryimage"},"thumbnailUrl":"https:\/\/www.em.com.br\/emfoco\/wp-content\/uploads\/2024\/12\/Car-Thief_1734371563132.jpg","datePublished":"2024-12-17T10:00:00+00:00","dateModified":"2024-12-16T17:51:48+00:00","author":{"@id":"https:\/\/www.em.com.br\/emfoco\/#\/schema\/person\/fb0a7f48c6fbb94b83f413a80f61917d"},"description":"Levantamento sobre os carros mais visados por criminosos em S\u00e3o Paulo em 2024. Descubra se o seu ve\u00edculo est\u00e1 na lista e previna-se.","breadcrumb":{"@id":"https:\/\/www.em.com.br\/emfoco\/2024\/12\/17\/qual-carro-virou-alvo-facil-dos-ladroes-em-sao-paulo-em-2024\/#breadcrumb"},"inLanguage":"pt-BR","potentialAction":[{"@type":"ReadAction","target":["https:\/\/www.em.com.br\/emfoco\/2024\/12\/17\/qual-carro-virou-alvo-facil-dos-ladroes-em-sao-paulo-em-2024\/"]}]},{"@type":"ImageObject","inLanguage":"pt-BR","@id":"https:\/\/www.em.com.br\/emfoco\/2024\/12\/17\/qual-carro-virou-alvo-facil-dos-ladroes-em-sao-paulo-em-2024\/#primaryimage","url":"https:\/\/www.em.com.br\/emfoco\/wp-content\/uploads\/2024\/12\/Car-Thief_1734371563132.jpg","contentUrl":"https:\/\/www.em.com.br\/emfoco\/wp-content\/uploads\/2024\/12\/Car-Thief_1734371563132.jpg","width":1280,"height":720,"caption":"Roubo de Carro - Cr\u00e9ditos: depositphotos.com \/ toa55"},{"@type":"BreadcrumbList","@id":"https:\/\/www.em.com.br\/emfoco\/2024\/12\/17\/qual-carro-virou-alvo-facil-dos-ladroes-em-sao-paulo-em-2024\/#breadcrumb","itemListElement":[{"@type":"ListItem","position":1,"name":"In\u00edcio","item":"https:\/\/www.em.com.br\/emfoco\/"},{"@type":"ListItem","position":2,"name":"Qual carro virou alvo f\u00e1cil dos ladr\u00f5es em S\u00e3o Paulo em 2024?"}]},{"@type":"WebSite","@id":"https:\/\/www.em.com.br\/emfoco\/#website","url":"https:\/\/www.em.com.br\/emfoco\/","name":"Estado de Minas - Em foco","description":"Acompanhe as \u00faltimas not\u00edcias e fique bem informado sobre tudo o que acontece em Minas Gerais, Brasil e no mundo.","potentialAction":[{"@type":"SearchAction","target":{"@type":"EntryPoint","urlTemplate":"https:\/\/www.em.com.br\/emfoco\/?s={search_term_string}"},"query-input":{"@type":"PropertyValueSpecification","valueRequired":true,"valueName":"search_term_string"}}],"inLanguage":"pt-BR"},{"@type":"Person","@id":"https:\/\/www.em.com.br\/emfoco\/#\/schema\/person\/fb0a7f48c6fbb94b83f413a80f61917d","name":"Kelvin","image":{"@type":"ImageObject","inLanguage":"pt-BR","@id":"https:\/\/www.em.com.br\/emfoco\/#\/schema\/person\/image\/","url":"https:\/\/secure.gravatar.com\/avatar\/e74f84337e6bf6c4c5e88fbdffa05270?s=96&d=mm&r=g","contentUrl":"https:\/\/secure.gravatar.com\/avatar\/e74f84337e6bf6c4c5e88fbdffa05270?s=96&d=mm&r=g","caption":"Kelvin"},"sameAs":["https:\/\/www.em.com.br\/emfoco"],"url":"https:\/\/www.em.com.br\/emfoco\/author\/kelvinmyth\/"}]}},"_links":{"self":[{"href":"https:\/\/www.em.com.br\/emfoco\/wp-json\/wp\/v2\/posts\/5238","targetHints":{"allow":["GET"]}}],"collection":[{"href":"https:\/\/www.em.com.br\/emfoco\/wp-json\/wp\/v2\/posts"}],"about":[{"href":"https:\/\/www.em.com.br\/emfoco\/wp-json\/wp\/v2\/types\/post"}],"author":[{"embeddable":true,"href":"https:\/\/www.em.com.br\/emfoco\/wp-json\/wp\/v2\/users\/7"}],"replies":[{"embeddable":true,"href":"https:\/\/www.em.com.br\/emfoco\/wp-json\/wp\/v2\/comments?post=5238"}],"version-history":[{"count":2,"href":"https:\/\/www.em.com.br\/emfoco\/wp-json\/wp\/v2\/posts\/5238\/revisions"}],"predecessor-version":[{"id":5242,"href":"https:\/\/www.em.com.br\/emfoco\/wp-json\/wp\/v2\/posts\/5238\/revisions\/5242"}],"wp:featuredmedia":[{"embeddable":true,"href":"https:\/\/www.em.com.br\/emfoco\/wp-json\/wp\/v2\/media\/5241"}],"wp:attachment":[{"href":"https:\/\/www.em.com.br\/emfoco\/wp-json\/wp\/v2\/media?parent=5238"}],"wp:term":[{"taxonomy":"category","embeddable":true,"href":"https:\/\/www.em.com.br\/emfoco\/wp-json\/wp\/v2\/categories?post=5238"},{"taxonomy":"post_tag","embeddable":true,"href":"https:\/\/www.em.com.br\/emfoco\/wp-json\/wp\/v2\/tags?post=5238"}],"curies":[{"name":"wp","href":"https:\/\/api.w.org\/{rel}","templated":true}]}}