{"id":52326,"date":"2025-05-30T07:00:00","date_gmt":"2025-05-30T10:00:00","guid":{"rendered":"https:\/\/www.em.com.br\/emfoco\/?p=52326"},"modified":"2025-05-29T17:51:42","modified_gmt":"2025-05-29T20:51:42","slug":"apple-aumenta-valores-do-icloud-e-apple-one-e-gera-polemica","status":"publish","type":"post","link":"https:\/\/www.em.com.br\/emfoco\/2025\/05\/30\/apple-aumenta-valores-do-icloud-e-apple-one-e-gera-polemica\/","title":{"rendered":"Apple aumenta valores do iCloud+ e Apple One e gera pol\u00eamica"},"content":{"rendered":"\n<p>O que era acess\u00edvel agora exige reflex\u00e3o. A <a href=\"https:\/\/www.em.com.br\/emfoco\/2025\/05\/25\/dispositivo-secreto-da-apple-pode-aposentar-o-iphone\/\" target=\"_blank\" rel=\"noreferrer noopener\"><strong>Apple<\/strong> <\/a>promoveu um reajuste no valor do<a href=\"https:\/\/tecnoblog.net\/noticias\/icloud-e-apple-one-ficam-ate-33-mais-caros-no-brasil-veja-novos-precos\/\" target=\"_blank\" rel=\"noreferrer noopener\"> <strong>iCloud+<\/strong><\/a> em <strong>maio de 2025<\/strong>, e os novos pre\u00e7os acenderam um alerta entre usu\u00e1rios fi\u00e9is da marca. O servi\u00e7o de armazenamento em nuvem, que antes era considerado uma solu\u00e7\u00e3o pr\u00e1tica e relativamente barata, agora custa entre <strong>R$ 5,90 e R$ 399,90 por m\u00eas<\/strong>, dependendo do plano. A mudan\u00e7a fez com que muitos se perguntassem: ainda vale a pena?<\/p>\n\n\n\n<h2 class=\"wp-block-heading\">Apple One tamb\u00e9m ficou mais caro ap\u00f3s a mudan\u00e7a<\/h2>\n\n\n\n<p>N\u00e3o foi s\u00f3 o iCloud+ que subiu. O <strong>Apple One<\/strong>, pacote que re\u00fane diversos servi\u00e7os da empresa \u2014 incluindo o armazenamento adicional \u2014 tamb\u00e9m teve seus valores reajustados. Agora, os pre\u00e7os variam entre <strong>R$ 42,90 e R$ 99,90 mensais<\/strong>, com aumento de at\u00e9 11%. Apesar de mais discreto que o do iCloud+, o novo valor refor\u00e7a a tend\u00eancia de alta nos servi\u00e7os digitais da gigante de Cupertino.<\/p>\n\n\n\n<h2 class=\"wp-block-heading\">Recursos exclusivos tentam justificar os novos valores<\/h2>\n\n\n\n<p>Mas o que exatamente o usu\u00e1rio recebe ao assinar o iCloud+? A vers\u00e3o gratuita do iCloud oferece apenas <strong>5 GB<\/strong> de espa\u00e7o, o que rapidamente se torna insuficiente para quem usa <strong>iPhones<\/strong>, <strong>iPads<\/strong> e <strong>Macs<\/strong> com frequ\u00eancia. J\u00e1 os planos pagos do iCloud+ trazem benef\u00edcios como:<\/p>\n\n\n\n<ul class=\"wp-block-list\">\n<li><strong>Armazenamento de 50 GB a 12 TB<\/strong><\/li>\n\n\n\n<li><strong>Sincroniza\u00e7\u00e3o autom\u00e1tica de dados<\/strong><\/li>\n\n\n\n<li><strong>Retransmiss\u00e3o privada de navega\u00e7\u00e3o<\/strong> (sem rastreamento)<\/li>\n\n\n\n<li><strong>Fun\u00e7\u00e3o Ocultar e-mail<\/strong><\/li>\n\n\n\n<li><strong>Dom\u00ednio de e-mail personalizado<\/strong><\/li>\n\n\n\n<li><strong>Suporte para HomeKit com an\u00e1lise e grava\u00e7\u00e3o de c\u00e2meras de seguran\u00e7a<\/strong><\/li>\n\n\n\n<li><strong>Compartilhamento familiar<\/strong><\/li>\n\n\n\n<li><strong>Convites personalizados para eventos e compromissos<\/strong><\/li>\n<\/ul>\n\n\n\n<p>O pacote mais completo transforma o ecossistema da Apple em algo ainda mais robusto e privado \u2014 mas ser\u00e1 que todos precisam disso?<\/p>\n\n\n\n<figure class=\"wp-block-image\"><img decoding=\"async\" src=\"https:\/\/www.em.com.br\/emfoco\/wp-content\/uploads\/2025\/05\/icloud_1746485977139-1024x576.jpg\" alt=\"\"\/><figcaption class=\"wp-element-caption\">iCloud &#8211; Cr\u00e9ditos: depositphotos.com \/ CDPIC<\/figcaption><\/figure>\n\n\n\n<h2 class=\"wp-block-heading\">Confira os valores atualizados do iCloud+ no Brasil<\/h2>\n\n\n\n<p>Com aumentos de at\u00e9 <strong>33%<\/strong>, os novos pre\u00e7os do iCloud+ podem pesar no bolso, principalmente em planos mais avan\u00e7ados. Veja como ficaram:<\/p>\n\n\n\n<ul class=\"wp-block-list\">\n<li><strong>50 GB<\/strong> \u2013 R$ 5,90<\/li>\n\n\n\n<li><strong>200 GB<\/strong> \u2013 R$ 19,90<\/li>\n\n\n\n<li><strong>2 TB<\/strong> \u2013 R$ 66,60<\/li>\n\n\n\n<li><strong>6 TB<\/strong> \u2013 R$ 199,90<\/li>\n\n\n\n<li><strong>12 TB<\/strong> \u2013 R$ 399,90<\/li>\n<\/ul>\n\n\n\n<p>J\u00e1 o Apple One apresenta os seguintes valores mensais:<\/p>\n\n\n\n<ul class=\"wp-block-list\">\n<li><strong>Individual (50 GB)<\/strong> \u2013 R$ 42,90<\/li>\n\n\n\n<li><strong>Familiar (200 GB)<\/strong> \u2013 R$ 59,90<\/li>\n\n\n\n<li><strong>Premium (2 TB)<\/strong> \u2013 R$ 99,90<\/li>\n<\/ul>\n\n\n\n<h2 class=\"wp-block-heading\">Compara\u00e7\u00e3o com concorrentes levanta d\u00favidas sobre custo-benef\u00edcio<\/h2>\n\n\n\n<p>Com os reajustes, \u00e9 natural que muitos usu\u00e1rios considerem alternativas. O <strong>Google One<\/strong>, por exemplo, oferece planos competitivos e mais espa\u00e7o por menos, especialmente em pacotes familiares. No entanto, quem \u00e9 totalmente integrado ao ecossistema da Apple ainda pode encontrar valor na assinatura do iCloud+, considerando a integra\u00e7\u00e3o nativa com todos os dispositivos e os recursos de privacidade oferecidos.<\/p>\n\n\n\n<h2 class=\"wp-block-heading\">Ainda vale a pena pagar pelo iCloud+?<\/h2>\n\n\n\n<p>Tudo depende do uso. Quem armazena muitos arquivos, fotos, v\u00eddeos e utiliza servi\u00e7os como o <strong>HomeKit <\/strong>certamente ver\u00e1 vantagens no iCloud+, mesmo ap\u00f3s o reajuste. Mas para usu\u00e1rios mais b\u00e1sicos, o plano gratuito pode ser suficiente \u2014 ou o custo dos planos pagos pode n\u00e3o compensar frente \u00e0 concorr\u00eancia.<\/p>\n\n\n\n<p>Apesar dos aumentos, o iCloud+ continua sendo uma das solu\u00e7\u00f5es mais completas e seguras de armazenamento em nuvem para quem est\u00e1 imerso no mundo da Apple. A decis\u00e3o, por\u00e9m, deve levar em conta o quanto voc\u00ea realmente explora os recursos que est\u00e1 pagando.<\/p>\n","protected":false},"excerpt":{"rendered":"<p>O que era acess\u00edvel agora exige reflex\u00e3o. A Apple promoveu um reajuste no valor do iCloud+ em maio de 2025, e os novos pre\u00e7os acenderam um alerta entre usu\u00e1rios fi\u00e9is da marca. O servi\u00e7o de armazenamento em nuvem, que antes era considerado uma solu\u00e7\u00e3o pr\u00e1tica e relativamente barata, agora custa entre R$ 5,90 e R$ [&hellip;]<\/p>\n","protected":false},"author":11,"featured_media":44758,"comment_status":"open","ping_status":"open","sticky":false,"template":"","format":"standard","meta":{"jnews-multi-image_gallery":[],"jnews_single_post":{"format":"standard"},"jnews_primary_category":[],"jnews_social_meta":[],"jnews_override_counter":[],"footnotes":""},"categories":[8819,1],"tags":[3662,4748,1894],"class_list":["post-52326","post","type-post","status-publish","format-standard","has-post-thumbnail","hentry","category-curiosidades","category-noticias","tag-apple","tag-icloud","tag-polemica"],"yoast_head":"<!-- This site is optimized with the Yoast SEO plugin v23.8 - https:\/\/yoast.com\/wordpress\/plugins\/seo\/ -->\n<title>Apple aumenta valores do iCloud+ e Apple One e gera pol\u00eamica - Estado de Minas - Em foco<\/title>\n<meta name=\"description\" content=\"O aumento dos valores do iCloud+ e Apple One traz d\u00favidas sobre custo-benef\u00edcio. Veja os detalhes e entenda se vale a pena.\" \/>\n<meta name=\"robots\" content=\"index, follow, max-snippet:-1, max-image-preview:large, max-video-preview:-1\" \/>\n<link rel=\"canonical\" href=\"https:\/\/www.em.com.br\/emfoco\/2025\/05\/30\/apple-aumenta-valores-do-icloud-e-apple-one-e-gera-polemica\/\" \/>\n<meta property=\"og:locale\" content=\"pt_BR\" \/>\n<meta property=\"og:type\" content=\"article\" \/>\n<meta property=\"og:title\" content=\"Apple aumenta valores do iCloud+ e Apple One e gera pol\u00eamica - Estado de Minas - Em foco\" \/>\n<meta property=\"og:description\" content=\"O aumento dos valores do iCloud+ e Apple One traz d\u00favidas sobre custo-benef\u00edcio. Veja os detalhes e entenda se vale a pena.\" \/>\n<meta property=\"og:url\" content=\"https:\/\/www.em.com.br\/emfoco\/2025\/05\/30\/apple-aumenta-valores-do-icloud-e-apple-one-e-gera-polemica\/\" \/>\n<meta property=\"og:site_name\" content=\"Estado de Minas - Em foco\" \/>\n<meta property=\"article:published_time\" content=\"2025-05-30T10:00:00+00:00\" \/>\n<meta property=\"article:modified_time\" content=\"2025-05-29T20:51:42+00:00\" \/>\n<meta property=\"og:image\" content=\"https:\/\/www.em.com.br\/emfoco\/wp-content\/uploads\/2025\/05\/icloud_1746486180147-1.jpg\" \/>\n\t<meta property=\"og:image:width\" content=\"1280\" \/>\n\t<meta property=\"og:image:height\" content=\"720\" \/>\n\t<meta property=\"og:image:type\" content=\"image\/jpeg\" \/>\n<meta name=\"author\" content=\"Andre\u0301 Rangel\u00a0\" \/>\n<meta name=\"twitter:card\" content=\"summary_large_image\" \/>\n<meta name=\"twitter:label1\" content=\"Escrito por\" \/>\n\t<meta name=\"twitter:data1\" content=\"Andre\u0301 Rangel\u00a0\" \/>\n\t<meta name=\"twitter:label2\" content=\"Est. tempo de leitura\" \/>\n\t<meta name=\"twitter:data2\" content=\"4 minutos\" \/>\n<!-- \/ Yoast SEO plugin. -->","yoast_head_json":{"title":"Apple aumenta valores do iCloud+ e Apple One e gera pol\u00eamica - Estado de Minas - Em foco","description":"O aumento dos valores do iCloud+ e Apple One traz d\u00favidas sobre custo-benef\u00edcio. Veja os detalhes e entenda se vale a pena.","robots":{"index":"index","follow":"follow","max-snippet":"max-snippet:-1","max-image-preview":"max-image-preview:large","max-video-preview":"max-video-preview:-1"},"canonical":"https:\/\/www.em.com.br\/emfoco\/2025\/05\/30\/apple-aumenta-valores-do-icloud-e-apple-one-e-gera-polemica\/","og_locale":"pt_BR","og_type":"article","og_title":"Apple aumenta valores do iCloud+ e Apple One e gera pol\u00eamica - Estado de Minas - Em foco","og_description":"O aumento dos valores do iCloud+ e Apple One traz d\u00favidas sobre custo-benef\u00edcio. Veja os detalhes e entenda se vale a pena.","og_url":"https:\/\/www.em.com.br\/emfoco\/2025\/05\/30\/apple-aumenta-valores-do-icloud-e-apple-one-e-gera-polemica\/","og_site_name":"Estado de Minas - Em foco","article_published_time":"2025-05-30T10:00:00+00:00","article_modified_time":"2025-05-29T20:51:42+00:00","og_image":[{"width":1280,"height":720,"url":"https:\/\/www.em.com.br\/emfoco\/wp-content\/uploads\/2025\/05\/icloud_1746486180147-1.jpg","type":"image\/jpeg"}],"author":"Andre\u0301 Rangel\u00a0","twitter_card":"summary_large_image","twitter_misc":{"Escrito por":"Andre\u0301 Rangel\u00a0","Est. tempo de leitura":"4 minutos"},"schema":{"@context":"https:\/\/schema.org","@graph":[{"@type":"WebPage","@id":"https:\/\/www.em.com.br\/emfoco\/2025\/05\/30\/apple-aumenta-valores-do-icloud-e-apple-one-e-gera-polemica\/","url":"https:\/\/www.em.com.br\/emfoco\/2025\/05\/30\/apple-aumenta-valores-do-icloud-e-apple-one-e-gera-polemica\/","name":"Apple aumenta valores do iCloud+ e Apple One e gera pol\u00eamica - Estado de Minas - Em foco","isPartOf":{"@id":"https:\/\/www.em.com.br\/emfoco\/#website"},"primaryImageOfPage":{"@id":"https:\/\/www.em.com.br\/emfoco\/2025\/05\/30\/apple-aumenta-valores-do-icloud-e-apple-one-e-gera-polemica\/#primaryimage"},"image":{"@id":"https:\/\/www.em.com.br\/emfoco\/2025\/05\/30\/apple-aumenta-valores-do-icloud-e-apple-one-e-gera-polemica\/#primaryimage"},"thumbnailUrl":"https:\/\/www.em.com.br\/emfoco\/wp-content\/uploads\/2025\/05\/icloud_1746486180147-1.jpg","datePublished":"2025-05-30T10:00:00+00:00","dateModified":"2025-05-29T20:51:42+00:00","author":{"@id":"https:\/\/www.em.com.br\/emfoco\/#\/schema\/person\/60eda09c1fedf0d6891f4cef4b60b8b8"},"description":"O aumento dos valores do iCloud+ e Apple One traz d\u00favidas sobre custo-benef\u00edcio. Veja os detalhes e entenda se vale a pena.","breadcrumb":{"@id":"https:\/\/www.em.com.br\/emfoco\/2025\/05\/30\/apple-aumenta-valores-do-icloud-e-apple-one-e-gera-polemica\/#breadcrumb"},"inLanguage":"pt-BR","potentialAction":[{"@type":"ReadAction","target":["https:\/\/www.em.com.br\/emfoco\/2025\/05\/30\/apple-aumenta-valores-do-icloud-e-apple-one-e-gera-polemica\/"]}]},{"@type":"ImageObject","inLanguage":"pt-BR","@id":"https:\/\/www.em.com.br\/emfoco\/2025\/05\/30\/apple-aumenta-valores-do-icloud-e-apple-one-e-gera-polemica\/#primaryimage","url":"https:\/\/www.em.com.br\/emfoco\/wp-content\/uploads\/2025\/05\/icloud_1746486180147-1.jpg","contentUrl":"https:\/\/www.em.com.br\/emfoco\/wp-content\/uploads\/2025\/05\/icloud_1746486180147-1.jpg","width":1280,"height":720,"caption":"iCloud - Cr\u00e9ditos: depositphotos.com \/ rafapress"},{"@type":"BreadcrumbList","@id":"https:\/\/www.em.com.br\/emfoco\/2025\/05\/30\/apple-aumenta-valores-do-icloud-e-apple-one-e-gera-polemica\/#breadcrumb","itemListElement":[{"@type":"ListItem","position":1,"name":"In\u00edcio","item":"https:\/\/www.em.com.br\/emfoco\/"},{"@type":"ListItem","position":2,"name":"Apple aumenta valores do iCloud+ e Apple One e gera pol\u00eamica"}]},{"@type":"WebSite","@id":"https:\/\/www.em.com.br\/emfoco\/#website","url":"https:\/\/www.em.com.br\/emfoco\/","name":"Estado de Minas - Em foco","description":"Acompanhe as \u00faltimas not\u00edcias e fique bem informado sobre tudo o que acontece em Minas Gerais, Brasil e no mundo.","potentialAction":[{"@type":"SearchAction","target":{"@type":"EntryPoint","urlTemplate":"https:\/\/www.em.com.br\/emfoco\/?s={search_term_string}"},"query-input":{"@type":"PropertyValueSpecification","valueRequired":true,"valueName":"search_term_string"}}],"inLanguage":"pt-BR"},{"@type":"Person","@id":"https:\/\/www.em.com.br\/emfoco\/#\/schema\/person\/60eda09c1fedf0d6891f4cef4b60b8b8","name":"Andre\u0301 Rangel\u00a0","image":{"@type":"ImageObject","inLanguage":"pt-BR","@id":"https:\/\/www.em.com.br\/emfoco\/#\/schema\/person\/image\/","url":"https:\/\/secure.gravatar.com\/avatar\/6234dc814c77c8ef6d8bba622c787efc?s=96&d=mm&r=g","contentUrl":"https:\/\/secure.gravatar.com\/avatar\/6234dc814c77c8ef6d8bba622c787efc?s=96&d=mm&r=g","caption":"Andre\u0301 Rangel\u00a0"},"url":"https:\/\/www.em.com.br\/emfoco\/author\/luizmyth\/"}]}},"_links":{"self":[{"href":"https:\/\/www.em.com.br\/emfoco\/wp-json\/wp\/v2\/posts\/52326","targetHints":{"allow":["GET"]}}],"collection":[{"href":"https:\/\/www.em.com.br\/emfoco\/wp-json\/wp\/v2\/posts"}],"about":[{"href":"https:\/\/www.em.com.br\/emfoco\/wp-json\/wp\/v2\/types\/post"}],"author":[{"embeddable":true,"href":"https:\/\/www.em.com.br\/emfoco\/wp-json\/wp\/v2\/users\/11"}],"replies":[{"embeddable":true,"href":"https:\/\/www.em.com.br\/emfoco\/wp-json\/wp\/v2\/comments?post=52326"}],"version-history":[{"count":4,"href":"https:\/\/www.em.com.br\/emfoco\/wp-json\/wp\/v2\/posts\/52326\/revisions"}],"predecessor-version":[{"id":52553,"href":"https:\/\/www.em.com.br\/emfoco\/wp-json\/wp\/v2\/posts\/52326\/revisions\/52553"}],"wp:featuredmedia":[{"embeddable":true,"href":"https:\/\/www.em.com.br\/emfoco\/wp-json\/wp\/v2\/media\/44758"}],"wp:attachment":[{"href":"https:\/\/www.em.com.br\/emfoco\/wp-json\/wp\/v2\/media?parent=52326"}],"wp:term":[{"taxonomy":"category","embeddable":true,"href":"https:\/\/www.em.com.br\/emfoco\/wp-json\/wp\/v2\/categories?post=52326"},{"taxonomy":"post_tag","embeddable":true,"href":"https:\/\/www.em.com.br\/emfoco\/wp-json\/wp\/v2\/tags?post=52326"}],"curies":[{"name":"wp","href":"https:\/\/api.w.org\/{rel}","templated":true}]}}