{"id":52168,"date":"2025-05-28T21:10:48","date_gmt":"2025-05-29T00:10:48","guid":{"rendered":"https:\/\/www.em.com.br\/emfoco\/?p=52168"},"modified":"2025-05-28T06:26:09","modified_gmt":"2025-05-28T09:26:09","slug":"voce-pode-estar-usando-o-produto-errado-no-seu-vaso-favorito","status":"publish","type":"post","link":"https:\/\/www.em.com.br\/emfoco\/2025\/05\/28\/voce-pode-estar-usando-o-produto-errado-no-seu-vaso-favorito\/","title":{"rendered":"Voc\u00ea pode estar usando o produto errado no seu vaso favorito"},"content":{"rendered":"\n<p>A <strong>borra de caf\u00e9<\/strong> \u00e9 amplamente reconhecida como um fertilizante natural e ecol\u00f3gico, frequentemente utilizada para melhorar a sa\u00fade das plantas. No entanto, nem todas as esp\u00e9cies de plantas respondem bem a este material org\u00e2nico. Algumas podem at\u00e9 sofrer danos irrevers\u00edveis se expostas de maneira inadequada. Este artigo explora as raz\u00f5es pelas quais algumas plantas n\u00e3o se beneficiam da <a href=\"https:\/\/pmc.ncbi.nlm.nih.gov\/articles\/PMC9963703\/\" target=\"_blank\" rel=\"noreferrer noopener\">borra de caf\u00e9<\/a> e oferece orienta\u00e7\u00f5es sobre como utiliz\u00e1-la de forma segura.<\/p>\n\n\n\n<p>Embora a borra de <a href=\"https:\/\/www.em.com.br\/emfoco\/2025\/05\/24\/super-cafe-ou-cafe-comum-qual-a-melhor-escolha-para-voce\/\" target=\"_blank\" rel=\"noreferrer noopener\">caf\u00e9<\/a> seja valorizada por sua capacidade de enriquecer o solo com nitrog\u00eanio e estimular a flora\u00e7\u00e3o, sua acidez e umidade podem ser prejudiciais para certas plantas. O uso excessivo pode levar \u00e0 podrid\u00e3o das ra\u00edzes ou alterar a composi\u00e7\u00e3o do solo, afetando negativamente o crescimento das plantas.<\/p>\n\n\n\n<h2 class=\"wp-block-heading\">Quais plantas devem evitar a borra de caf\u00e9?<\/h2>\n\n\n\n<p>Determinadas plantas s\u00e3o particularmente sens\u00edveis \u00e0 <strong>borra de caf\u00e9<\/strong> devido \u00e0s suas necessidades espec\u00edficas de solo e umidade. A seguir, s\u00e3o listadas algumas esp\u00e9cies que devem evitar o uso deste fertilizante natural.<\/p>\n\n\n\n<h2 class=\"wp-block-heading\">Por que orqu\u00eddeas n\u00e3o devem usar borra de caf\u00e9?<\/h2>\n\n\n\n<p>As orqu\u00eddeas s\u00e3o conhecidas por suas ra\u00edzes delicadas, que podem facilmente apodrecer se expostas \u00e0 umidade excessiva. A <strong>borra de caf\u00e9<\/strong>, ao reter umidade, pode ser prejudicial a essas plantas ornamentais, resultando em um decl\u00ednio r\u00e1pido.<\/p>\n\n\n\n<figure class=\"wp-block-image size-large\"><img loading=\"lazy\" decoding=\"async\" width=\"1024\" height=\"576\" src=\"https:\/\/www.em.com.br\/emfoco\/wp-content\/uploads\/2025\/05\/plantando-flores_1748391625470-1024x576.jpg\" alt=\"Voc\u00ea pode estar usando o produto errado no seu vaso favorito\" class=\"wp-image-52166\" srcset=\"https:\/\/www.em.com.br\/emfoco\/wp-content\/uploads\/2025\/05\/plantando-flores_1748391625470-1024x576.jpg 1024w, https:\/\/www.em.com.br\/emfoco\/wp-content\/uploads\/2025\/05\/plantando-flores_1748391625470-300x169.jpg 300w, https:\/\/www.em.com.br\/emfoco\/wp-content\/uploads\/2025\/05\/plantando-flores_1748391625470-768x432.jpg 768w, https:\/\/www.em.com.br\/emfoco\/wp-content\/uploads\/2025\/05\/plantando-flores_1748391625470-750x422.jpg 750w, https:\/\/www.em.com.br\/emfoco\/wp-content\/uploads\/2025\/05\/plantando-flores_1748391625470-1140x641.jpg 1140w, https:\/\/www.em.com.br\/emfoco\/wp-content\/uploads\/2025\/05\/plantando-flores_1748391625470.jpg 1280w\" sizes=\"auto, (max-width: 1024px) 100vw, 1024px\" \/><figcaption class=\"wp-element-caption\">Plantando flor &#8211; Cr\u00e9ditos: depositphotos.com \/ simply<\/figcaption><\/figure>\n\n\n\n<h2 class=\"wp-block-heading\">Como a lavanda e a rom\u00e3 reagem \u00e0 borra de caf\u00e9?<\/h2>\n\n\n\n<p>A <strong>lavanda<\/strong>, origin\u00e1ria de regi\u00f5es mediterr\u00e2neas, prospera em solos secos e calc\u00e1rios. A acidez da <strong>borra de caf\u00e9<\/strong> pode perturbar essas condi\u00e7\u00f5es, prejudicando seu crescimento. Da mesma forma, o rom\u00e3 pode tolerar alguns nutrientes da borra, mas reage mal a solos excessivamente \u00e1cidos.<\/p>\n\n\n\n<h2 class=\"wp-block-heading\">Suculentas e cactos s\u00e3o afetados pela borra de caf\u00e9?<\/h2>\n\n\n\n<p>Essas plantas s\u00e3o adaptadas a ambientes \u00e1ridos e preferem solos pobres em mat\u00e9ria org\u00e2nica e umidade. A <strong>borra de caf\u00e9<\/strong>, por reter umidade, contraria suas necessidades, podendo enfraquecer ou at\u00e9 destruir essas esp\u00e9cies.<\/p>\n\n\n\n<h2 class=\"wp-block-heading\">O que \u00e9 necess\u00e1rio para cuidar de anthurium e pothos?<\/h2>\n\n\n\n<p>O <strong>anthurium<\/strong>, frequentemente usado em decora\u00e7\u00e3o, prefere solos com pH neutro. A <strong>borra de caf\u00e9<\/strong> pode acidificar o substrato, tornando seu uso inadequado. J\u00e1 o pothos, apesar de f\u00e1cil de cuidar, pode ter seu crescimento prejudicado pelo desequil\u00edbrio do solo causado pela borra.<\/p>\n\n\n\n<figure class=\"wp-block-image size-large\"><img loading=\"lazy\" decoding=\"async\" width=\"1024\" height=\"576\" src=\"https:\/\/www.em.com.br\/emfoco\/wp-content\/uploads\/2025\/05\/anturio_1748392222327-1024x576.jpg\" alt=\"Voc\u00ea pode estar usando o produto errado no seu vaso favorito\" class=\"wp-image-52170\" srcset=\"https:\/\/www.em.com.br\/emfoco\/wp-content\/uploads\/2025\/05\/anturio_1748392222327-1024x576.jpg 1024w, https:\/\/www.em.com.br\/emfoco\/wp-content\/uploads\/2025\/05\/anturio_1748392222327-300x169.jpg 300w, https:\/\/www.em.com.br\/emfoco\/wp-content\/uploads\/2025\/05\/anturio_1748392222327-768x432.jpg 768w, https:\/\/www.em.com.br\/emfoco\/wp-content\/uploads\/2025\/05\/anturio_1748392222327-750x422.jpg 750w, https:\/\/www.em.com.br\/emfoco\/wp-content\/uploads\/2025\/05\/anturio_1748392222327-1140x641.jpg 1140w, https:\/\/www.em.com.br\/emfoco\/wp-content\/uploads\/2025\/05\/anturio_1748392222327.jpg 1280w\" sizes=\"auto, (max-width: 1024px) 100vw, 1024px\" \/><figcaption class=\"wp-element-caption\">Anthurium &#8211; Cr\u00e9ditos: depositphotos.com \/ Uliana_Oliinyk<\/figcaption><\/figure>\n\n\n\n<h2 class=\"wp-block-heading\">Como utilizar a borra de caf\u00e9 de forma segura?<\/h2>\n\n\n\n<p>A <strong>borra de caf\u00e9<\/strong> pode ser um aliado valioso para plantas como roseiras e tomates, mas requer cautela. Recomenda-se testar seu efeito em uma pequena por\u00e7\u00e3o de solo, dilu\u00ed-lo ou compost\u00e1-lo antes da aplica\u00e7\u00e3o. Ao dominar seu uso, \u00e9 poss\u00edvel evitar riscos \u00e0s plantas e aproveitar seus benef\u00edcios.<\/p>\n\n\n\n<p>Em suma, compreender as necessidades espec\u00edficas de cada planta \u00e9 essencial para transformar o jardim em um espa\u00e7o saud\u00e1vel e vibrante. Analisar o ambiente e adaptar os cuidados s\u00e3o passos fundamentais para garantir o bem-estar das plantas.<\/p>\n\n\n\n<h2 class=\"wp-block-heading\">Perguntas e respostas: quais s\u00e3o as informa\u00e7\u00f5es interessantes?<\/h2>\n\n\n\n<h3 class=\"wp-block-heading\">A borra de caf\u00e9 pode repelir pragas?<\/h3>\n\n\n\n<p>Sim, a <strong>borra de caf\u00e9<\/strong> pode ajudar a repelir algumas pragas, como lesmas e carac\u00f3is, devido ao seu odor forte e textura abrasiva. Esse efeito pode proteger plantas sens\u00edveis sem as prejudicar com produtos qu\u00edmicos.<\/p>\n\n\n\n<h3 class=\"wp-block-heading\">Existe algum uso da borra de caf\u00e9 al\u00e9m de fertilizar?<\/h3>\n\n\n\n<p>Al\u00e9m de ser um fertilizante, a <strong>borra de caf\u00e9<\/strong> pode ser usada como um composto para compostagem, melhorando a qualidade do solo. Tamb\u00e9m pode ser um bom desodorizante natural para ambientes fechados.<\/p>\n\n\n\n<h3 class=\"wp-block-heading\">A borra de caf\u00e9 tem algum impacto na drenagem do solo?<\/h3>\n\n\n\n<p>Sim, a <strong>borra de caf\u00e9<\/strong> pode afetar a drenagem do solo. Ela pode aumentar a reten\u00e7\u00e3o de umidade, o que pode ser ben\u00e9fico para algumas plantas, mas prejudicial para aquelas que necessitam de solos bem drenados.<\/p>\n\n\n\n<h3 class=\"wp-block-heading\">Como saber se estou usando borra de caf\u00e9 em excesso?<\/h3>\n\n\n\n<p>Sinais de uso excessivo de <strong>borra de caf\u00e9<\/strong> incluem o aparecimento de fungos no solo, altera\u00e7\u00e3o na cor das folhas das plantas, ou um aumento de umidade ao redor das ra\u00edzes, o que pode levar \u00e0 podrid\u00e3o radicular.<\/p>\n\n\n\n<p><\/p>\n","protected":false},"excerpt":{"rendered":"<p>A borra de caf\u00e9 \u00e9 amplamente reconhecida como um fertilizante natural e ecol\u00f3gico, frequentemente utilizada para melhorar a sa\u00fade das plantas. No entanto, nem todas as esp\u00e9cies de plantas respondem bem a este material org\u00e2nico. Algumas podem at\u00e9 sofrer danos irrevers\u00edveis se expostas de maneira inadequada. Este artigo explora as raz\u00f5es pelas quais algumas plantas [&hellip;]<\/p>\n","protected":false},"author":18,"featured_media":52167,"comment_status":"open","ping_status":"open","sticky":false,"template":"","format":"standard","meta":{"jnews-multi-image_gallery":[],"jnews_single_post":{"format":"standard"},"jnews_primary_category":[],"jnews_social_meta":[],"jnews_override_counter":[],"footnotes":""},"categories":[8819],"tags":[8173,1579,3325,3324],"class_list":["post-52168","post","type-post","status-publish","format-standard","has-post-thumbnail","hentry","category-curiosidades","tag-borra-de-cafe","tag-cafe","tag-jardim","tag-plantas"],"yoast_head":"<!-- This site is optimized with the Yoast SEO plugin v23.8 - https:\/\/yoast.com\/wordpress\/plugins\/seo\/ -->\n<title>Voc\u00ea pode estar usando o produto errado no seu vaso favorito - Estado de Minas - Em foco<\/title>\n<meta name=\"description\" content=\"Algumas pr\u00e1ticas comuns na jardinagem escondem riscos inesperados. Veja o que pode estar afetando negativamente suas plantas sem voc\u00ea saber.\" \/>\n<meta name=\"robots\" content=\"index, follow, max-snippet:-1, max-image-preview:large, max-video-preview:-1\" \/>\n<link rel=\"canonical\" href=\"https:\/\/www.em.com.br\/emfoco\/2025\/05\/28\/voce-pode-estar-usando-o-produto-errado-no-seu-vaso-favorito\/\" \/>\n<meta property=\"og:locale\" content=\"pt_BR\" \/>\n<meta property=\"og:type\" content=\"article\" \/>\n<meta property=\"og:title\" content=\"Voc\u00ea pode estar usando o produto errado no seu vaso favorito - Estado de Minas - Em foco\" \/>\n<meta property=\"og:description\" content=\"Algumas pr\u00e1ticas comuns na jardinagem escondem riscos inesperados. Veja o que pode estar afetando negativamente suas plantas sem voc\u00ea saber.\" \/>\n<meta property=\"og:url\" content=\"https:\/\/www.em.com.br\/emfoco\/2025\/05\/28\/voce-pode-estar-usando-o-produto-errado-no-seu-vaso-favorito\/\" \/>\n<meta property=\"og:site_name\" content=\"Estado de Minas - Em foco\" \/>\n<meta property=\"article:published_time\" content=\"2025-05-29T00:10:48+00:00\" \/>\n<meta property=\"article:modified_time\" content=\"2025-05-28T09:26:09+00:00\" \/>\n<meta property=\"og:image\" content=\"https:\/\/www.em.com.br\/emfoco\/wp-content\/uploads\/2025\/05\/plantando-flores_1748391733473.jpg\" \/>\n\t<meta property=\"og:image:width\" content=\"1280\" \/>\n\t<meta property=\"og:image:height\" content=\"720\" \/>\n\t<meta property=\"og:image:type\" content=\"image\/jpeg\" \/>\n<meta name=\"author\" content=\"Julio Cesar\" \/>\n<meta name=\"twitter:card\" content=\"summary_large_image\" \/>\n<meta name=\"twitter:label1\" content=\"Escrito por\" \/>\n\t<meta name=\"twitter:data1\" content=\"Julio Cesar\" \/>\n\t<meta name=\"twitter:label2\" content=\"Est. tempo de leitura\" \/>\n\t<meta name=\"twitter:data2\" content=\"5 minutos\" \/>\n<!-- \/ Yoast SEO plugin. -->","yoast_head_json":{"title":"Voc\u00ea pode estar usando o produto errado no seu vaso favorito - Estado de Minas - Em foco","description":"Algumas pr\u00e1ticas comuns na jardinagem escondem riscos inesperados. Veja o que pode estar afetando negativamente suas plantas sem voc\u00ea saber.","robots":{"index":"index","follow":"follow","max-snippet":"max-snippet:-1","max-image-preview":"max-image-preview:large","max-video-preview":"max-video-preview:-1"},"canonical":"https:\/\/www.em.com.br\/emfoco\/2025\/05\/28\/voce-pode-estar-usando-o-produto-errado-no-seu-vaso-favorito\/","og_locale":"pt_BR","og_type":"article","og_title":"Voc\u00ea pode estar usando o produto errado no seu vaso favorito - Estado de Minas - Em foco","og_description":"Algumas pr\u00e1ticas comuns na jardinagem escondem riscos inesperados. Veja o que pode estar afetando negativamente suas plantas sem voc\u00ea saber.","og_url":"https:\/\/www.em.com.br\/emfoco\/2025\/05\/28\/voce-pode-estar-usando-o-produto-errado-no-seu-vaso-favorito\/","og_site_name":"Estado de Minas - Em foco","article_published_time":"2025-05-29T00:10:48+00:00","article_modified_time":"2025-05-28T09:26:09+00:00","og_image":[{"width":1280,"height":720,"url":"https:\/\/www.em.com.br\/emfoco\/wp-content\/uploads\/2025\/05\/plantando-flores_1748391733473.jpg","type":"image\/jpeg"}],"author":"Julio Cesar","twitter_card":"summary_large_image","twitter_misc":{"Escrito por":"Julio Cesar","Est. tempo de leitura":"5 minutos"},"schema":{"@context":"https:\/\/schema.org","@graph":[{"@type":"WebPage","@id":"https:\/\/www.em.com.br\/emfoco\/2025\/05\/28\/voce-pode-estar-usando-o-produto-errado-no-seu-vaso-favorito\/","url":"https:\/\/www.em.com.br\/emfoco\/2025\/05\/28\/voce-pode-estar-usando-o-produto-errado-no-seu-vaso-favorito\/","name":"Voc\u00ea pode estar usando o produto errado no seu vaso favorito - Estado de Minas - Em foco","isPartOf":{"@id":"https:\/\/www.em.com.br\/emfoco\/#website"},"primaryImageOfPage":{"@id":"https:\/\/www.em.com.br\/emfoco\/2025\/05\/28\/voce-pode-estar-usando-o-produto-errado-no-seu-vaso-favorito\/#primaryimage"},"image":{"@id":"https:\/\/www.em.com.br\/emfoco\/2025\/05\/28\/voce-pode-estar-usando-o-produto-errado-no-seu-vaso-favorito\/#primaryimage"},"thumbnailUrl":"https:\/\/www.em.com.br\/emfoco\/wp-content\/uploads\/2025\/05\/plantando-flores_1748391733473.jpg","datePublished":"2025-05-29T00:10:48+00:00","dateModified":"2025-05-28T09:26:09+00:00","author":{"@id":"https:\/\/www.em.com.br\/emfoco\/#\/schema\/person\/08c4a03e38018bbab9038d5f788321fc"},"description":"Algumas pr\u00e1ticas comuns na jardinagem escondem riscos inesperados. Veja o que pode estar afetando negativamente suas plantas sem voc\u00ea saber.","breadcrumb":{"@id":"https:\/\/www.em.com.br\/emfoco\/2025\/05\/28\/voce-pode-estar-usando-o-produto-errado-no-seu-vaso-favorito\/#breadcrumb"},"inLanguage":"pt-BR","potentialAction":[{"@type":"ReadAction","target":["https:\/\/www.em.com.br\/emfoco\/2025\/05\/28\/voce-pode-estar-usando-o-produto-errado-no-seu-vaso-favorito\/"]}]},{"@type":"ImageObject","inLanguage":"pt-BR","@id":"https:\/\/www.em.com.br\/emfoco\/2025\/05\/28\/voce-pode-estar-usando-o-produto-errado-no-seu-vaso-favorito\/#primaryimage","url":"https:\/\/www.em.com.br\/emfoco\/wp-content\/uploads\/2025\/05\/plantando-flores_1748391733473.jpg","contentUrl":"https:\/\/www.em.com.br\/emfoco\/wp-content\/uploads\/2025\/05\/plantando-flores_1748391733473.jpg","width":1280,"height":720,"caption":"Plantando flor - Cr\u00e9ditos: depositphotos.com \/ AllaSerebrina"},{"@type":"BreadcrumbList","@id":"https:\/\/www.em.com.br\/emfoco\/2025\/05\/28\/voce-pode-estar-usando-o-produto-errado-no-seu-vaso-favorito\/#breadcrumb","itemListElement":[{"@type":"ListItem","position":1,"name":"In\u00edcio","item":"https:\/\/www.em.com.br\/emfoco\/"},{"@type":"ListItem","position":2,"name":"Voc\u00ea pode estar usando o produto errado no seu vaso favorito"}]},{"@type":"WebSite","@id":"https:\/\/www.em.com.br\/emfoco\/#website","url":"https:\/\/www.em.com.br\/emfoco\/","name":"Estado de Minas - Em foco","description":"Acompanhe as \u00faltimas not\u00edcias e fique bem informado sobre tudo o que acontece em Minas Gerais, Brasil e no mundo.","potentialAction":[{"@type":"SearchAction","target":{"@type":"EntryPoint","urlTemplate":"https:\/\/www.em.com.br\/emfoco\/?s={search_term_string}"},"query-input":{"@type":"PropertyValueSpecification","valueRequired":true,"valueName":"search_term_string"}}],"inLanguage":"pt-BR"},{"@type":"Person","@id":"https:\/\/www.em.com.br\/emfoco\/#\/schema\/person\/08c4a03e38018bbab9038d5f788321fc","name":"Julio Cesar","image":{"@type":"ImageObject","inLanguage":"pt-BR","@id":"https:\/\/www.em.com.br\/emfoco\/#\/schema\/person\/image\/","url":"https:\/\/secure.gravatar.com\/avatar\/ab1ea64f0d4f4c1385f8ef10d5a6e758?s=96&d=mm&r=g","contentUrl":"https:\/\/secure.gravatar.com\/avatar\/ab1ea64f0d4f4c1385f8ef10d5a6e758?s=96&d=mm&r=g","caption":"Julio Cesar"},"url":"https:\/\/www.em.com.br\/emfoco\/author\/juliomyth\/"}]}},"_links":{"self":[{"href":"https:\/\/www.em.com.br\/emfoco\/wp-json\/wp\/v2\/posts\/52168","targetHints":{"allow":["GET"]}}],"collection":[{"href":"https:\/\/www.em.com.br\/emfoco\/wp-json\/wp\/v2\/posts"}],"about":[{"href":"https:\/\/www.em.com.br\/emfoco\/wp-json\/wp\/v2\/types\/post"}],"author":[{"embeddable":true,"href":"https:\/\/www.em.com.br\/emfoco\/wp-json\/wp\/v2\/users\/18"}],"replies":[{"embeddable":true,"href":"https:\/\/www.em.com.br\/emfoco\/wp-json\/wp\/v2\/comments?post=52168"}],"version-history":[{"count":3,"href":"https:\/\/www.em.com.br\/emfoco\/wp-json\/wp\/v2\/posts\/52168\/revisions"}],"predecessor-version":[{"id":52227,"href":"https:\/\/www.em.com.br\/emfoco\/wp-json\/wp\/v2\/posts\/52168\/revisions\/52227"}],"wp:featuredmedia":[{"embeddable":true,"href":"https:\/\/www.em.com.br\/emfoco\/wp-json\/wp\/v2\/media\/52167"}],"wp:attachment":[{"href":"https:\/\/www.em.com.br\/emfoco\/wp-json\/wp\/v2\/media?parent=52168"}],"wp:term":[{"taxonomy":"category","embeddable":true,"href":"https:\/\/www.em.com.br\/emfoco\/wp-json\/wp\/v2\/categories?post=52168"},{"taxonomy":"post_tag","embeddable":true,"href":"https:\/\/www.em.com.br\/emfoco\/wp-json\/wp\/v2\/tags?post=52168"}],"curies":[{"name":"wp","href":"https:\/\/api.w.org\/{rel}","templated":true}]}}