{"id":51945,"date":"2025-05-30T13:20:00","date_gmt":"2025-05-30T16:20:00","guid":{"rendered":"https:\/\/www.em.com.br\/emfoco\/?p=51945"},"modified":"2025-06-18T14:38:32","modified_gmt":"2025-06-18T17:38:32","slug":"renault-boreal-e-o-nome-do-novo-suv-medio-que-chegara-ao-brasil-em-junho","status":"publish","type":"post","link":"https:\/\/www.em.com.br\/emfoco\/2025\/05\/30\/renault-boreal-e-o-nome-do-novo-suv-medio-que-chegara-ao-brasil-em-junho\/","title":{"rendered":"Renault Boreal \u00e9 o nome do novo SUV m\u00e9dio que chegar\u00e1 ao Brasil em Junho!"},"content":{"rendered":"\n<p>A <a href=\"https:\/\/www.renault.com.br\/\" target=\"_blank\" rel=\"noreferrer noopener\"><strong>Renault<\/strong> <\/a>est\u00e1 pronta para dar uma cartada importante no mercado brasileiro. O <strong>Boreal<\/strong>, seu novo SUV m\u00e9dio, ser\u00e1 apresentado oficialmente em <strong>S\u00e3o Paulo<\/strong> no dia 10 de julho de 2025. Essa n\u00e3o \u00e9 s\u00f3 mais uma novidade da marca francesa, \u00e9 uma aposta para competir de igual para igual com gigantes como <strong>Jeep Compass<\/strong> e <strong>Toyota Corolla Cross<\/strong>.<\/p>\n\n\n\n<p>O <strong>Boreal<\/strong> vai sair direto da f\u00e1brica de <strong>S\u00e3o Jos\u00e9 dos Pinhais<\/strong>, no <strong>Paran\u00e1<\/strong>, usando a mesma plataforma <strong>RGMP<\/strong> do <strong>Kardian<\/strong>. O interessante \u00e9 que o Brasil vai ser o primeiro pa\u00eds do mundo a conhecer esse modelo, o que mostra como nosso mercado \u00e9 importante para a <strong>Renault<\/strong>. Depois de ser lan\u00e7ado aqui, o SUV vai rodar em mais de 70 pa\u00edses ao redor do mundo.<\/p>\n\n\n\n<h2 class=\"wp-block-heading\">Como vai ser o visual do Renault Boreal?<\/h2>\n\n\n\n<p>O design do <strong>Boreal<\/strong> promete chamar aten\u00e7\u00e3o nas ruas. O SUV vai vir com far\u00f3is full <strong>LED<\/strong> e lanternas traseiras bem modernas, com aquele formato horizontal que est\u00e1 em alta nos <a href=\"https:\/\/www.em.com.br\/emfoco\/2024\/11\/22\/onix-2025-chega-chutando-a-porta-com-motor-turbinado-e-preco-top\/\" target=\"_blank\" rel=\"noreferrer noopener\">carros <\/a>atuais. A grade frontal segue o padr\u00e3o tradicional da <strong>Renault<\/strong>, mas ganha detalhes mais refinados para competir no segmento premium.<\/p>\n\n\n\n<p>Entre os destaques visuais est\u00e3o o teto solar panor\u00e2mico e as barras no teto, que d\u00e3o aquele ar de aventura que todo mundo gosta em um SUV. As rodas de liga leve t\u00eam design exclusivo e prometem dar uma presen\u00e7a marcante ao <strong>Boreal<\/strong>. O conjunto todo foi pensado para atrair quem quer um carro bonito e moderno.<\/p>\n\n\n\n<h2 class=\"wp-block-heading\">Qual motor vai equipar o Renault Boreal?<\/h2>\n\n\n\n<p>Debaixo do cap\u00f4, o <strong>Boreal<\/strong> vai trazer o motor HR13 1.3 Turbo da <strong>Horse<\/strong>, que j\u00e1 \u00e9 produzido aqui no Brasil. Esse propulsor entrega 156 cavalos com gasolina e 163 cavalos com etanol, al\u00e9m de um torque respeit\u00e1vel de 25,5 kgfm. A transmiss\u00e3o vai ser um c\u00e2mbio autom\u00e1tico de dupla embreagem <strong>EDC<\/strong> com seis marchas.<\/p>\n\n\n\n<p>O que deixa tudo mais interessante \u00e9 que a <strong>Renault<\/strong> planeja lan\u00e7ar uma vers\u00e3o <strong>E-Tech Full Hybrid<\/strong> depois. Essa vers\u00e3o vai combinar o motor a combust\u00e3o com um sistema el\u00e9trico <strong>HEV<\/strong> e tecnologia <strong>MHEV<\/strong> de 48 volts. \u00c9 a resposta da marca para quem quer economia de combust\u00edvel e menos impacto ambiental.<\/p>\n\n\n\n<h2 class=\"wp-block-heading\">Onde o Renault Boreal vai ser fabricado?<\/h2>\n\n\n\n<p>A estrat\u00e9gia da <strong>Renault<\/strong> \u00e9 bem esperta. Al\u00e9m do <strong>Brasil<\/strong>, o <strong>Boreal<\/strong> vai ser produzido no <strong>Marrocos<\/strong> e na <strong>Turquia<\/strong>. Isso vai permitir que o SUV chegue em mercados da <strong>Europa<\/strong>, <strong>Oriente M\u00e9dio<\/strong> e <strong>\u00c1frica<\/strong> sem ficar muito caro por causa do frete. S\u00f3 que uma coisa \u00e9 certa: n\u00e3o vai pro mercado sul-coreano.<\/p>\n\n\n\n<p>Essa produ\u00e7\u00e3o global mostra que a <strong>Renault<\/strong> est\u00e1 levando o <strong>Boreal<\/strong> muito a s\u00e9rio. O modelo foi pensado para ser um produto mundial, n\u00e3o s\u00f3 mais um carro para o mercado local. \u00c9 uma aposta grande da marca para fortalecer sua posi\u00e7\u00e3o no segmento de SUVs m\u00e9dios.<\/p>\n\n\n\n<h2 class=\"wp-block-heading\">Como o Renault Boreal vai brigar no mercado?<\/h2>\n\n\n<div class=\"wp-block-image\">\n<figure class=\"aligncenter size-large\"><img loading=\"lazy\" decoding=\"async\" width=\"1024\" height=\"576\" src=\"https:\/\/www.em.com.br\/emfoco\/wp-content\/uploads\/2025\/05\/Renault_1748357300086-1024x576.jpg\" alt=\"Novo modelo do carro mais econ\u00f4mico do Brasil chega as ruas com consumo surpreendente de at\u00e9 15km\/L\" class=\"wp-image-51917\" srcset=\"https:\/\/www.em.com.br\/emfoco\/wp-content\/uploads\/2025\/05\/Renault_1748357300086-1024x576.jpg 1024w, https:\/\/www.em.com.br\/emfoco\/wp-content\/uploads\/2025\/05\/Renault_1748357300086-300x169.jpg 300w, https:\/\/www.em.com.br\/emfoco\/wp-content\/uploads\/2025\/05\/Renault_1748357300086-768x432.jpg 768w, https:\/\/www.em.com.br\/emfoco\/wp-content\/uploads\/2025\/05\/Renault_1748357300086-750x422.jpg 750w, https:\/\/www.em.com.br\/emfoco\/wp-content\/uploads\/2025\/05\/Renault_1748357300086-1140x641.jpg 1140w, https:\/\/www.em.com.br\/emfoco\/wp-content\/uploads\/2025\/05\/Renault_1748357300086.jpg 1280w\" sizes=\"auto, (max-width: 1024px) 100vw, 1024px\" \/><figcaption class=\"wp-element-caption\">Renault &#8211; Cr\u00e9ditos: depositphotos.com \/ ricochet69<\/figcaption><\/figure><\/div>\n\n\n<p>O <strong>Boreal<\/strong> chega em um momento perfeito. O mercado de SUVs m\u00e9dios est\u00e1 super aquecido no Brasil, com modelos como <strong>Compass<\/strong>, <strong>Corolla Cross<\/strong> e <strong>Taos<\/strong> vendendo muito bem. A expectativa \u00e9 que o SUV custe entre R$ 180 mil e R$ 200 mil, se posicionando diretamente contra esses rivais.<\/p>\n\n\n\n<p>A <strong>Renault<\/strong> quer mostrar que consegue fazer um SUV com design inovador, tecnologia de ponta e motoriza\u00e7\u00e3o eficiente. A apresenta\u00e7\u00e3o mundial em S\u00e3o Paulo, marcada para 10 de julho, vai ser crucial para mostrar os diferenciais do modelo. Com recursos de conectividade avan\u00e7ada e foco na sustentabilidade, o <strong>Boreal<\/strong> promete atender quem busca um carro moderno e antenado com os tempos atuais.<\/p>\n\n\n\n<h2 class=\"wp-block-heading\">Qual impacto das tecnologias h\u00edbridas no Boreal?<\/h2>\n\n\n\n<p>A grande novidade que pode fazer a diferen\u00e7a \u00e9 a tecnologia h\u00edbrida. Enquanto a maioria dos SUVs m\u00e9dios no Brasil ainda roda s\u00f3 com motor a combust\u00e3o, o Boreal vai trazer op\u00e7\u00f5es eletrificadas que podem incluir at\u00e9 sistema de tra\u00e7\u00e3o 4&#215;4. Isso \u00e9 um diferencial importante em um mercado que est\u00e1 come\u00e7ando a se interessar mais por carros sustent\u00e1veis.<\/p>\n\n\n\n<p>A estrat\u00e9gia da Renault com o Boreal faz parte do plano &#8220;Renaulution&#8221;, que busca posicionar a marca em segmentos mais sofisticados. Em vez de focar s\u00f3 em carros baratos, a marca quer mostrar que consegue fazer produtos premium. Se der certo, o <strong>Boreal<\/strong> pode ser o in\u00edcio de uma nova fase da <strong>Renault<\/strong> no Brasil, mais moderna e tecnol\u00f3gica.<\/p>\n\n\n\n<p>O <strong>Renault Boreal<\/strong> representa uma virada de p\u00e1gina para a marca francesa no Brasil. Com produ\u00e7\u00e3o local, tecnologia avan\u00e7ada e foco no mercado de SUVs m\u00e9dios, ele pode realmente mexer com as estruturas do setor automotivo nacional.<\/p>\n","protected":false},"excerpt":{"rendered":"<p>A Renault est\u00e1 pronta para dar uma cartada importante no mercado brasileiro. O Boreal, seu novo SUV m\u00e9dio, ser\u00e1 apresentado oficialmente em S\u00e3o Paulo no dia 10 de julho de 2025. Essa n\u00e3o \u00e9 s\u00f3 mais uma novidade da marca francesa, \u00e9 uma aposta para competir de igual para igual com gigantes como Jeep Compass [&hellip;]<\/p>\n","protected":false},"author":13,"featured_media":51959,"comment_status":"open","ping_status":"open","sticky":false,"template":"","format":"standard","meta":{"jnews-multi-image_gallery":[],"jnews_single_post":{"format":"standard"},"jnews_primary_category":[],"jnews_social_meta":[],"jnews_override_counter":[],"footnotes":""},"categories":[27],"tags":[8303,9328,1776,1118],"class_list":["post-51945","post","type-post","status-publish","format-standard","has-post-thumbnail","hentry","category-carros","tag-boreal","tag-lancamento-automotivo","tag-renault","tag-suv"],"yoast_head":"<!-- This site is optimized with the Yoast SEO plugin v23.8 - https:\/\/yoast.com\/wordpress\/plugins\/seo\/ -->\n<title>Renault Boreal \u00e9 o nome do novo SUV m\u00e9dio que chegar\u00e1 ao Brasil em Junho! - Estado de Minas - Em foco<\/title>\n<meta name=\"description\" content=\"Com motor 1.3 turbo e vers\u00e3o h\u00edbrida, o Renault Boreal estreia em julho com visual refinado, tecnologia e espa\u00e7o de sobra.\" \/>\n<meta name=\"robots\" content=\"index, follow, max-snippet:-1, max-image-preview:large, max-video-preview:-1\" \/>\n<link rel=\"canonical\" href=\"https:\/\/www.em.com.br\/emfoco\/2025\/05\/30\/renault-boreal-e-o-nome-do-novo-suv-medio-que-chegara-ao-brasil-em-junho\/\" \/>\n<meta property=\"og:locale\" content=\"pt_BR\" \/>\n<meta property=\"og:type\" content=\"article\" \/>\n<meta property=\"og:title\" content=\"Renault Boreal \u00e9 o nome do novo SUV m\u00e9dio que chegar\u00e1 ao Brasil em Junho! - Estado de Minas - Em foco\" \/>\n<meta property=\"og:description\" content=\"Com motor 1.3 turbo e vers\u00e3o h\u00edbrida, o Renault Boreal estreia em julho com visual refinado, tecnologia e espa\u00e7o de sobra.\" \/>\n<meta property=\"og:url\" content=\"https:\/\/www.em.com.br\/emfoco\/2025\/05\/30\/renault-boreal-e-o-nome-do-novo-suv-medio-que-chegara-ao-brasil-em-junho\/\" \/>\n<meta property=\"og:site_name\" content=\"Estado de Minas - Em foco\" \/>\n<meta property=\"article:published_time\" content=\"2025-05-30T16:20:00+00:00\" \/>\n<meta property=\"article:modified_time\" content=\"2025-06-18T17:38:32+00:00\" \/>\n<meta property=\"og:image\" content=\"https:\/\/www.em.com.br\/emfoco\/wp-content\/uploads\/2025\/05\/ad-6.jpg\" \/>\n\t<meta property=\"og:image:width\" content=\"1280\" \/>\n\t<meta property=\"og:image:height\" content=\"720\" \/>\n\t<meta property=\"og:image:type\" content=\"image\/jpeg\" \/>\n<meta name=\"author\" content=\"Gabriel Martins\" \/>\n<meta name=\"twitter:card\" content=\"summary_large_image\" \/>\n<meta name=\"twitter:label1\" content=\"Escrito por\" \/>\n\t<meta name=\"twitter:data1\" content=\"Gabriel Martins\" \/>\n\t<meta name=\"twitter:label2\" content=\"Est. tempo de leitura\" \/>\n\t<meta name=\"twitter:data2\" content=\"5 minutos\" \/>\n<!-- \/ Yoast SEO plugin. -->","yoast_head_json":{"title":"Renault Boreal \u00e9 o nome do novo SUV m\u00e9dio que chegar\u00e1 ao Brasil em Junho! - Estado de Minas - Em foco","description":"Com motor 1.3 turbo e vers\u00e3o h\u00edbrida, o Renault Boreal estreia em julho com visual refinado, tecnologia e espa\u00e7o de sobra.","robots":{"index":"index","follow":"follow","max-snippet":"max-snippet:-1","max-image-preview":"max-image-preview:large","max-video-preview":"max-video-preview:-1"},"canonical":"https:\/\/www.em.com.br\/emfoco\/2025\/05\/30\/renault-boreal-e-o-nome-do-novo-suv-medio-que-chegara-ao-brasil-em-junho\/","og_locale":"pt_BR","og_type":"article","og_title":"Renault Boreal \u00e9 o nome do novo SUV m\u00e9dio que chegar\u00e1 ao Brasil em Junho! - Estado de Minas - Em foco","og_description":"Com motor 1.3 turbo e vers\u00e3o h\u00edbrida, o Renault Boreal estreia em julho com visual refinado, tecnologia e espa\u00e7o de sobra.","og_url":"https:\/\/www.em.com.br\/emfoco\/2025\/05\/30\/renault-boreal-e-o-nome-do-novo-suv-medio-que-chegara-ao-brasil-em-junho\/","og_site_name":"Estado de Minas - Em foco","article_published_time":"2025-05-30T16:20:00+00:00","article_modified_time":"2025-06-18T17:38:32+00:00","og_image":[{"width":1280,"height":720,"url":"https:\/\/www.em.com.br\/emfoco\/wp-content\/uploads\/2025\/05\/ad-6.jpg","type":"image\/jpeg"}],"author":"Gabriel Martins","twitter_card":"summary_large_image","twitter_misc":{"Escrito por":"Gabriel Martins","Est. tempo de leitura":"5 minutos"},"schema":{"@context":"https:\/\/schema.org","@graph":[{"@type":"WebPage","@id":"https:\/\/www.em.com.br\/emfoco\/2025\/05\/30\/renault-boreal-e-o-nome-do-novo-suv-medio-que-chegara-ao-brasil-em-junho\/","url":"https:\/\/www.em.com.br\/emfoco\/2025\/05\/30\/renault-boreal-e-o-nome-do-novo-suv-medio-que-chegara-ao-brasil-em-junho\/","name":"Renault Boreal \u00e9 o nome do novo SUV m\u00e9dio que chegar\u00e1 ao Brasil em Junho! - Estado de Minas - Em foco","isPartOf":{"@id":"https:\/\/www.em.com.br\/emfoco\/#website"},"primaryImageOfPage":{"@id":"https:\/\/www.em.com.br\/emfoco\/2025\/05\/30\/renault-boreal-e-o-nome-do-novo-suv-medio-que-chegara-ao-brasil-em-junho\/#primaryimage"},"image":{"@id":"https:\/\/www.em.com.br\/emfoco\/2025\/05\/30\/renault-boreal-e-o-nome-do-novo-suv-medio-que-chegara-ao-brasil-em-junho\/#primaryimage"},"thumbnailUrl":"https:\/\/www.em.com.br\/emfoco\/wp-content\/uploads\/2025\/05\/ad-6.jpg","datePublished":"2025-05-30T16:20:00+00:00","dateModified":"2025-06-18T17:38:32+00:00","author":{"@id":"https:\/\/www.em.com.br\/emfoco\/#\/schema\/person\/1c9ddeab18b98abeffef834667bcf08a"},"description":"Com motor 1.3 turbo e vers\u00e3o h\u00edbrida, o Renault Boreal estreia em julho com visual refinado, tecnologia e espa\u00e7o de sobra.","breadcrumb":{"@id":"https:\/\/www.em.com.br\/emfoco\/2025\/05\/30\/renault-boreal-e-o-nome-do-novo-suv-medio-que-chegara-ao-brasil-em-junho\/#breadcrumb"},"inLanguage":"pt-BR","potentialAction":[{"@type":"ReadAction","target":["https:\/\/www.em.com.br\/emfoco\/2025\/05\/30\/renault-boreal-e-o-nome-do-novo-suv-medio-que-chegara-ao-brasil-em-junho\/"]}]},{"@type":"ImageObject","inLanguage":"pt-BR","@id":"https:\/\/www.em.com.br\/emfoco\/2025\/05\/30\/renault-boreal-e-o-nome-do-novo-suv-medio-que-chegara-ao-brasil-em-junho\/#primaryimage","url":"https:\/\/www.em.com.br\/emfoco\/wp-content\/uploads\/2025\/05\/ad-6.jpg","contentUrl":"https:\/\/www.em.com.br\/emfoco\/wp-content\/uploads\/2025\/05\/ad-6.jpg","width":1280,"height":720,"caption":"Renault Boreal - Cr\u00e9ditos: Renault\/Divulga\u00e7\u00e3o"},{"@type":"BreadcrumbList","@id":"https:\/\/www.em.com.br\/emfoco\/2025\/05\/30\/renault-boreal-e-o-nome-do-novo-suv-medio-que-chegara-ao-brasil-em-junho\/#breadcrumb","itemListElement":[{"@type":"ListItem","position":1,"name":"In\u00edcio","item":"https:\/\/www.em.com.br\/emfoco\/"},{"@type":"ListItem","position":2,"name":"Renault Boreal \u00e9 o nome do novo SUV m\u00e9dio que chegar\u00e1 ao Brasil em Junho!"}]},{"@type":"WebSite","@id":"https:\/\/www.em.com.br\/emfoco\/#website","url":"https:\/\/www.em.com.br\/emfoco\/","name":"Estado de Minas - Em foco","description":"Acompanhe as \u00faltimas not\u00edcias e fique bem informado sobre tudo o que acontece em Minas Gerais, Brasil e no mundo.","potentialAction":[{"@type":"SearchAction","target":{"@type":"EntryPoint","urlTemplate":"https:\/\/www.em.com.br\/emfoco\/?s={search_term_string}"},"query-input":{"@type":"PropertyValueSpecification","valueRequired":true,"valueName":"search_term_string"}}],"inLanguage":"pt-BR"},{"@type":"Person","@id":"https:\/\/www.em.com.br\/emfoco\/#\/schema\/person\/1c9ddeab18b98abeffef834667bcf08a","name":"Gabriel Martins","image":{"@type":"ImageObject","inLanguage":"pt-BR","@id":"https:\/\/www.em.com.br\/emfoco\/#\/schema\/person\/image\/","url":"https:\/\/secure.gravatar.com\/avatar\/f0f1e2efdfd88f1ad2cb08c5c2731e50?s=96&d=mm&r=g","contentUrl":"https:\/\/secure.gravatar.com\/avatar\/f0f1e2efdfd88f1ad2cb08c5c2731e50?s=96&d=mm&r=g","caption":"Gabriel Martins"},"sameAs":["https:\/\/www.em.com.br\/emfoco\/"],"url":"https:\/\/www.em.com.br\/emfoco\/author\/gabrielmartinsmyth\/"}]}},"_links":{"self":[{"href":"https:\/\/www.em.com.br\/emfoco\/wp-json\/wp\/v2\/posts\/51945","targetHints":{"allow":["GET"]}}],"collection":[{"href":"https:\/\/www.em.com.br\/emfoco\/wp-json\/wp\/v2\/posts"}],"about":[{"href":"https:\/\/www.em.com.br\/emfoco\/wp-json\/wp\/v2\/types\/post"}],"author":[{"embeddable":true,"href":"https:\/\/www.em.com.br\/emfoco\/wp-json\/wp\/v2\/users\/13"}],"replies":[{"embeddable":true,"href":"https:\/\/www.em.com.br\/emfoco\/wp-json\/wp\/v2\/comments?post=51945"}],"version-history":[{"count":3,"href":"https:\/\/www.em.com.br\/emfoco\/wp-json\/wp\/v2\/posts\/51945\/revisions"}],"predecessor-version":[{"id":63235,"href":"https:\/\/www.em.com.br\/emfoco\/wp-json\/wp\/v2\/posts\/51945\/revisions\/63235"}],"wp:featuredmedia":[{"embeddable":true,"href":"https:\/\/www.em.com.br\/emfoco\/wp-json\/wp\/v2\/media\/51959"}],"wp:attachment":[{"href":"https:\/\/www.em.com.br\/emfoco\/wp-json\/wp\/v2\/media?parent=51945"}],"wp:term":[{"taxonomy":"category","embeddable":true,"href":"https:\/\/www.em.com.br\/emfoco\/wp-json\/wp\/v2\/categories?post=51945"},{"taxonomy":"post_tag","embeddable":true,"href":"https:\/\/www.em.com.br\/emfoco\/wp-json\/wp\/v2\/tags?post=51945"}],"curies":[{"name":"wp","href":"https:\/\/api.w.org\/{rel}","templated":true}]}}