{"id":51926,"date":"2025-05-29T20:20:00","date_gmt":"2025-05-29T23:20:00","guid":{"rendered":"https:\/\/www.em.com.br\/emfoco\/?p=51926"},"modified":"2025-05-27T13:17:06","modified_gmt":"2025-05-27T16:17:06","slug":"ferramentas-que-vao-mudar-sua-forma-de-trabalhar-em-equipe","status":"publish","type":"post","link":"https:\/\/www.em.com.br\/emfoco\/2025\/05\/29\/ferramentas-que-vao-mudar-sua-forma-de-trabalhar-em-equipe\/","title":{"rendered":"Ferramentas que v\u00e3o mudar sua forma de trabalhar em equipe"},"content":{"rendered":"\n<p>No mundo atual, onde a efici\u00eancia e a colabora\u00e7\u00e3o s\u00e3o fundamentais, aplicativos como\u00a0<strong>Trello<\/strong>\u00a0e\u00a0<strong>Notion<\/strong>\u00a0se destacam como solu\u00e7\u00f5es para aumentar a <a href=\"https:\/\/www.em.com.br\/emfoco\/2025\/05\/17\/aprenda-a-dormir-melhor-e-transformar-sua-energia-e-produtividade\/\" target=\"_blank\" rel=\"noreferrer noopener\">produtividade<\/a>. Essas ferramentas permitem a organiza\u00e7\u00e3o de tarefas di\u00e1rias e oferecem um espa\u00e7o para comunica\u00e7\u00e3o com a equipe, sem a necessidade de depender de aplicativos de mensagens convencionais. A seguir, ser\u00e1 apresentada uma sele\u00e7\u00e3o de aplicativos que podem transformar a maneira como se trabalha em equipe.<\/p>\n\n\n\n<p>Os <a href=\"https:\/\/forbes.com.br\/carreira\/2024\/11\/10-apps-de-produtividade-para-facilitar-sua-rotina-de-vida-e-trabalho\/\" target=\"_blank\" rel=\"noreferrer noopener\">aplicativos de produtividade <\/a>s\u00e3o essenciais para manter o fluxo de trabalho organizado e eficiente. Eles oferecem funcionalidades que v\u00e3o desde a gest\u00e3o de projetos at\u00e9 a comunica\u00e7\u00e3o em tempo real, facilitando a colabora\u00e7\u00e3o entre equipes, mesmo \u00e0 dist\u00e2ncia. A seguir, conhe\u00e7a algumas das melhores op\u00e7\u00f5es dispon\u00edveis no mercado.<\/p>\n\n\n\n<h2 class=\"wp-block-heading\">Como o Trello pode melhorar a gest\u00e3o de projetos?<\/h2>\n\n\n\n<p><strong>Trello<\/strong>&nbsp;\u00e9 uma plataforma de gerenciamento de projetos que utiliza um sistema de cart\u00f5es, listas e quadros para organizar tarefas. Cada quadro pode representar um projeto ou equipe, e as listas s\u00e3o adapt\u00e1veis ao fluxo e status do trabalho. Essa estrutura facilita a distribui\u00e7\u00e3o de tarefas e o acompanhamento do progresso coletivo, promovendo o alinhamento do time.<\/p>\n\n\n\n<p>Al\u00e9m disso, o Trello permite a personaliza\u00e7\u00e3o dos quadros, o que significa que cada equipe pode adaptar a ferramenta \u00e0s suas necessidades espec\u00edficas. A capacidade de visualizar o progresso em tempo real ajuda a identificar gargalos e a tomar decis\u00f5es informadas rapidamente.<\/p>\n\n\n\n<h2 class=\"wp-block-heading\">Quais s\u00e3o as vantagens do Notion para a organiza\u00e7\u00e3o pessoal e de equipes?<\/h2>\n\n\n\n<p><strong>Notion<\/strong>&nbsp;\u00e9 um aplicativo vers\u00e1til que oferece uma solu\u00e7\u00e3o completa para a organiza\u00e7\u00e3o de ideias, tarefas e projetos. Sua estrutura em blocos personaliz\u00e1veis permite a cria\u00e7\u00e3o de p\u00e1ginas com textos, listas, tabelas e bancos de dados relacionais. Isso torna o Notion ideal tanto para a organiza\u00e7\u00e3o pessoal quanto para o trabalho em equipe.<\/p>\n\n\n\n<figure class=\"wp-block-image size-large\"><img loading=\"lazy\" decoding=\"async\" width=\"1024\" height=\"576\" src=\"https:\/\/www.em.com.br\/emfoco\/wp-content\/uploads\/2025\/05\/aplicativo_1748364693696-1024x576.jpg\" alt=\"\" class=\"wp-image-51978\" srcset=\"https:\/\/www.em.com.br\/emfoco\/wp-content\/uploads\/2025\/05\/aplicativo_1748364693696-1024x576.jpg 1024w, https:\/\/www.em.com.br\/emfoco\/wp-content\/uploads\/2025\/05\/aplicativo_1748364693696-300x169.jpg 300w, https:\/\/www.em.com.br\/emfoco\/wp-content\/uploads\/2025\/05\/aplicativo_1748364693696-768x432.jpg 768w, https:\/\/www.em.com.br\/emfoco\/wp-content\/uploads\/2025\/05\/aplicativo_1748364693696-750x422.jpg 750w, https:\/\/www.em.com.br\/emfoco\/wp-content\/uploads\/2025\/05\/aplicativo_1748364693696-1140x641.jpg 1140w, https:\/\/www.em.com.br\/emfoco\/wp-content\/uploads\/2025\/05\/aplicativo_1748364693696.jpg 1280w\" sizes=\"auto, (max-width: 1024px) 100vw, 1024px\" \/><figcaption class=\"wp-element-caption\">aplicativo &#8211; Cr\u00e9ditos: depositphotos.com \/ odua<\/figcaption><\/figure>\n\n\n\n<p>Uma das principais vantagens do Notion \u00e9 a sua capacidade de estimular a clareza na gest\u00e3o de informa\u00e7\u00f5es. A plataforma permite a colabora\u00e7\u00e3o em tempo real, o que significa que v\u00e1rias pessoas podem trabalhar juntas em um mesmo projeto simultaneamente, aumentando a efici\u00eancia e a produtividade.<\/p>\n\n\n\n<h2 class=\"wp-block-heading\">Como o Slack facilita a comunica\u00e7\u00e3o corporativa?<\/h2>\n\n\n\n<p>Para aqueles que buscam uma plataforma de comunica\u00e7\u00e3o corporativa eficaz, o&nbsp;<strong>Slack<\/strong>&nbsp;\u00e9 uma excelente op\u00e7\u00e3o. Ele organiza conversas por canais, otimizando a troca de informa\u00e7\u00f5es entre equipes. Com mensagens diretas e em grupo, o Slack integra-se com diversas ferramentas e organiza canais por tema, projeto ou equipe.<\/p>\n\n\n\n<p>Essa estrutura mant\u00e9m os times conectados e facilita a comunica\u00e7\u00e3o \u00e1gil, essencial para o sucesso de projetos colaborativos. A capacidade de integrar o Slack com outras ferramentas de produtividade tamb\u00e9m melhora a efici\u00eancia, permitindo que as equipes acessem todas as informa\u00e7\u00f5es necess\u00e1rias em um \u00fanico lugar.<\/p>\n\n\n\n<h2 class=\"wp-block-heading\">Quais outras ferramentas podem aumentar a produtividade?<\/h2>\n\n\n\n<ul class=\"wp-block-list\">\n<li><strong>Figma:<\/strong>\u00a0Ideal para designers, o Figma permite a colabora\u00e7\u00e3o em tempo real no desenvolvimento de artes, apresenta\u00e7\u00f5es e diagramas.<\/li>\n\n\n\n<li><strong>Microsoft Teams:<\/strong>\u00a0Oferece chat, videoconfer\u00eancias, chamadas de voz e envio de arquivos, sendo uma solu\u00e7\u00e3o completa para comunica\u00e7\u00e3o em equipe.<\/li>\n\n\n\n<li><strong>Google Classroom:<\/strong>\u00a0Utilizado em ambientes escolares, auxilia no ensino e otimiza a comunica\u00e7\u00e3o entre alunos e professores.<\/li>\n\n\n\n<li><strong>Miro:<\/strong>\u00a0Destaca-se por estimular o desenvolvimento visual de ideias, ideal para brainstormings, fluxogramas e mapas mentais.<\/li>\n<\/ul>\n\n\n\n<p>Essas ferramentas s\u00e3o apenas algumas das muitas op\u00e7\u00f5es dispon\u00edveis para aumentar a produtividade e facilitar a colabora\u00e7\u00e3o entre equipes. Ao escolher a ferramenta certa, \u00e9 poss\u00edvel transformar a maneira como se trabalha, tornando os processos mais eficientes e eficazes.<\/p>\n","protected":false},"excerpt":{"rendered":"<p>No mundo atual, onde a efici\u00eancia e a colabora\u00e7\u00e3o s\u00e3o fundamentais, aplicativos como\u00a0Trello\u00a0e\u00a0Notion\u00a0se destacam como solu\u00e7\u00f5es para aumentar a produtividade. Essas ferramentas permitem a organiza\u00e7\u00e3o de tarefas di\u00e1rias e oferecem um espa\u00e7o para comunica\u00e7\u00e3o com a equipe, sem a necessidade de depender de aplicativos de mensagens convencionais. A seguir, ser\u00e1 apresentada uma sele\u00e7\u00e3o de aplicativos [&hellip;]<\/p>\n","protected":false},"author":11,"featured_media":51977,"comment_status":"open","ping_status":"open","sticky":false,"template":"","format":"standard","meta":{"jnews-multi-image_gallery":[],"jnews_single_post":{"format":"standard"},"jnews_primary_category":[],"jnews_social_meta":[],"jnews_override_counter":[],"footnotes":""},"categories":[8819,1],"tags":[7445,9343,508],"class_list":["post-51926","post","type-post","status-publish","format-standard","has-post-thumbnail","hentry","category-curiosidades","category-noticias","tag-ferramentas-de-produtividade","tag-trabalhar-em-equipe","tag-trabalho"],"yoast_head":"<!-- This site is optimized with the Yoast SEO plugin v23.8 - https:\/\/yoast.com\/wordpress\/plugins\/seo\/ -->\n<title>Ferramentas que v\u00e3o mudar sua forma de trabalhar em equipe - Estado de Minas - Em foco<\/title>\n<meta name=\"description\" content=\"Quer mais produtividade e colabora\u00e7\u00e3o? Veja os aplicativos que est\u00e3o otimizando o trabalho de equipes no mundo todo.\" \/>\n<meta name=\"robots\" content=\"index, follow, max-snippet:-1, max-image-preview:large, max-video-preview:-1\" \/>\n<link rel=\"canonical\" href=\"https:\/\/www.em.com.br\/emfoco\/2025\/05\/29\/ferramentas-que-vao-mudar-sua-forma-de-trabalhar-em-equipe\/\" \/>\n<meta property=\"og:locale\" content=\"pt_BR\" \/>\n<meta property=\"og:type\" content=\"article\" \/>\n<meta property=\"og:title\" content=\"Ferramentas que v\u00e3o mudar sua forma de trabalhar em equipe - Estado de Minas - Em foco\" \/>\n<meta property=\"og:description\" content=\"Quer mais produtividade e colabora\u00e7\u00e3o? Veja os aplicativos que est\u00e3o otimizando o trabalho de equipes no mundo todo.\" \/>\n<meta property=\"og:url\" content=\"https:\/\/www.em.com.br\/emfoco\/2025\/05\/29\/ferramentas-que-vao-mudar-sua-forma-de-trabalhar-em-equipe\/\" \/>\n<meta property=\"og:site_name\" content=\"Estado de Minas - Em foco\" \/>\n<meta property=\"article:published_time\" content=\"2025-05-29T23:20:00+00:00\" \/>\n<meta property=\"article:modified_time\" content=\"2025-05-27T16:17:06+00:00\" \/>\n<meta property=\"og:image\" content=\"https:\/\/www.em.com.br\/emfoco\/wp-content\/uploads\/2025\/05\/aplicativo_1748364625137.jpg\" \/>\n\t<meta property=\"og:image:width\" content=\"1280\" \/>\n\t<meta property=\"og:image:height\" content=\"720\" \/>\n\t<meta property=\"og:image:type\" content=\"image\/jpeg\" \/>\n<meta name=\"author\" content=\"Andre\u0301 Rangel\u00a0\" \/>\n<meta name=\"twitter:card\" content=\"summary_large_image\" \/>\n<meta name=\"twitter:label1\" content=\"Escrito por\" \/>\n\t<meta name=\"twitter:data1\" content=\"Andre\u0301 Rangel\u00a0\" \/>\n\t<meta name=\"twitter:label2\" content=\"Est. tempo de leitura\" \/>\n\t<meta name=\"twitter:data2\" content=\"4 minutos\" \/>\n<!-- \/ Yoast SEO plugin. -->","yoast_head_json":{"title":"Ferramentas que v\u00e3o mudar sua forma de trabalhar em equipe - Estado de Minas - Em foco","description":"Quer mais produtividade e colabora\u00e7\u00e3o? Veja os aplicativos que est\u00e3o otimizando o trabalho de equipes no mundo todo.","robots":{"index":"index","follow":"follow","max-snippet":"max-snippet:-1","max-image-preview":"max-image-preview:large","max-video-preview":"max-video-preview:-1"},"canonical":"https:\/\/www.em.com.br\/emfoco\/2025\/05\/29\/ferramentas-que-vao-mudar-sua-forma-de-trabalhar-em-equipe\/","og_locale":"pt_BR","og_type":"article","og_title":"Ferramentas que v\u00e3o mudar sua forma de trabalhar em equipe - Estado de Minas - Em foco","og_description":"Quer mais produtividade e colabora\u00e7\u00e3o? Veja os aplicativos que est\u00e3o otimizando o trabalho de equipes no mundo todo.","og_url":"https:\/\/www.em.com.br\/emfoco\/2025\/05\/29\/ferramentas-que-vao-mudar-sua-forma-de-trabalhar-em-equipe\/","og_site_name":"Estado de Minas - Em foco","article_published_time":"2025-05-29T23:20:00+00:00","article_modified_time":"2025-05-27T16:17:06+00:00","og_image":[{"width":1280,"height":720,"url":"https:\/\/www.em.com.br\/emfoco\/wp-content\/uploads\/2025\/05\/aplicativo_1748364625137.jpg","type":"image\/jpeg"}],"author":"Andre\u0301 Rangel\u00a0","twitter_card":"summary_large_image","twitter_misc":{"Escrito por":"Andre\u0301 Rangel\u00a0","Est. tempo de leitura":"4 minutos"},"schema":{"@context":"https:\/\/schema.org","@graph":[{"@type":"WebPage","@id":"https:\/\/www.em.com.br\/emfoco\/2025\/05\/29\/ferramentas-que-vao-mudar-sua-forma-de-trabalhar-em-equipe\/","url":"https:\/\/www.em.com.br\/emfoco\/2025\/05\/29\/ferramentas-que-vao-mudar-sua-forma-de-trabalhar-em-equipe\/","name":"Ferramentas que v\u00e3o mudar sua forma de trabalhar em equipe - Estado de Minas - Em foco","isPartOf":{"@id":"https:\/\/www.em.com.br\/emfoco\/#website"},"primaryImageOfPage":{"@id":"https:\/\/www.em.com.br\/emfoco\/2025\/05\/29\/ferramentas-que-vao-mudar-sua-forma-de-trabalhar-em-equipe\/#primaryimage"},"image":{"@id":"https:\/\/www.em.com.br\/emfoco\/2025\/05\/29\/ferramentas-que-vao-mudar-sua-forma-de-trabalhar-em-equipe\/#primaryimage"},"thumbnailUrl":"https:\/\/www.em.com.br\/emfoco\/wp-content\/uploads\/2025\/05\/aplicativo_1748364625137.jpg","datePublished":"2025-05-29T23:20:00+00:00","dateModified":"2025-05-27T16:17:06+00:00","author":{"@id":"https:\/\/www.em.com.br\/emfoco\/#\/schema\/person\/60eda09c1fedf0d6891f4cef4b60b8b8"},"description":"Quer mais produtividade e colabora\u00e7\u00e3o? Veja os aplicativos que est\u00e3o otimizando o trabalho de equipes no mundo todo.","breadcrumb":{"@id":"https:\/\/www.em.com.br\/emfoco\/2025\/05\/29\/ferramentas-que-vao-mudar-sua-forma-de-trabalhar-em-equipe\/#breadcrumb"},"inLanguage":"pt-BR","potentialAction":[{"@type":"ReadAction","target":["https:\/\/www.em.com.br\/emfoco\/2025\/05\/29\/ferramentas-que-vao-mudar-sua-forma-de-trabalhar-em-equipe\/"]}]},{"@type":"ImageObject","inLanguage":"pt-BR","@id":"https:\/\/www.em.com.br\/emfoco\/2025\/05\/29\/ferramentas-que-vao-mudar-sua-forma-de-trabalhar-em-equipe\/#primaryimage","url":"https:\/\/www.em.com.br\/emfoco\/wp-content\/uploads\/2025\/05\/aplicativo_1748364625137.jpg","contentUrl":"https:\/\/www.em.com.br\/emfoco\/wp-content\/uploads\/2025\/05\/aplicativo_1748364625137.jpg","width":1280,"height":720,"caption":"Mulher com celular - Cr\u00e9ditos: depositphotos.com \/ VitalikRadko"},{"@type":"BreadcrumbList","@id":"https:\/\/www.em.com.br\/emfoco\/2025\/05\/29\/ferramentas-que-vao-mudar-sua-forma-de-trabalhar-em-equipe\/#breadcrumb","itemListElement":[{"@type":"ListItem","position":1,"name":"In\u00edcio","item":"https:\/\/www.em.com.br\/emfoco\/"},{"@type":"ListItem","position":2,"name":"Ferramentas que v\u00e3o mudar sua forma de trabalhar em equipe"}]},{"@type":"WebSite","@id":"https:\/\/www.em.com.br\/emfoco\/#website","url":"https:\/\/www.em.com.br\/emfoco\/","name":"Estado de Minas - Em foco","description":"Acompanhe as \u00faltimas not\u00edcias e fique bem informado sobre tudo o que acontece em Minas Gerais, Brasil e no mundo.","potentialAction":[{"@type":"SearchAction","target":{"@type":"EntryPoint","urlTemplate":"https:\/\/www.em.com.br\/emfoco\/?s={search_term_string}"},"query-input":{"@type":"PropertyValueSpecification","valueRequired":true,"valueName":"search_term_string"}}],"inLanguage":"pt-BR"},{"@type":"Person","@id":"https:\/\/www.em.com.br\/emfoco\/#\/schema\/person\/60eda09c1fedf0d6891f4cef4b60b8b8","name":"Andre\u0301 Rangel\u00a0","image":{"@type":"ImageObject","inLanguage":"pt-BR","@id":"https:\/\/www.em.com.br\/emfoco\/#\/schema\/person\/image\/","url":"https:\/\/secure.gravatar.com\/avatar\/6234dc814c77c8ef6d8bba622c787efc?s=96&d=mm&r=g","contentUrl":"https:\/\/secure.gravatar.com\/avatar\/6234dc814c77c8ef6d8bba622c787efc?s=96&d=mm&r=g","caption":"Andre\u0301 Rangel\u00a0"},"url":"https:\/\/www.em.com.br\/emfoco\/author\/luizmyth\/"}]}},"_links":{"self":[{"href":"https:\/\/www.em.com.br\/emfoco\/wp-json\/wp\/v2\/posts\/51926","targetHints":{"allow":["GET"]}}],"collection":[{"href":"https:\/\/www.em.com.br\/emfoco\/wp-json\/wp\/v2\/posts"}],"about":[{"href":"https:\/\/www.em.com.br\/emfoco\/wp-json\/wp\/v2\/types\/post"}],"author":[{"embeddable":true,"href":"https:\/\/www.em.com.br\/emfoco\/wp-json\/wp\/v2\/users\/11"}],"replies":[{"embeddable":true,"href":"https:\/\/www.em.com.br\/emfoco\/wp-json\/wp\/v2\/comments?post=51926"}],"version-history":[{"count":4,"href":"https:\/\/www.em.com.br\/emfoco\/wp-json\/wp\/v2\/posts\/51926\/revisions"}],"predecessor-version":[{"id":51979,"href":"https:\/\/www.em.com.br\/emfoco\/wp-json\/wp\/v2\/posts\/51926\/revisions\/51979"}],"wp:featuredmedia":[{"embeddable":true,"href":"https:\/\/www.em.com.br\/emfoco\/wp-json\/wp\/v2\/media\/51977"}],"wp:attachment":[{"href":"https:\/\/www.em.com.br\/emfoco\/wp-json\/wp\/v2\/media?parent=51926"}],"wp:term":[{"taxonomy":"category","embeddable":true,"href":"https:\/\/www.em.com.br\/emfoco\/wp-json\/wp\/v2\/categories?post=51926"},{"taxonomy":"post_tag","embeddable":true,"href":"https:\/\/www.em.com.br\/emfoco\/wp-json\/wp\/v2\/tags?post=51926"}],"curies":[{"name":"wp","href":"https:\/\/api.w.org\/{rel}","templated":true}]}}