{"id":51890,"date":"2025-05-30T21:20:00","date_gmt":"2025-05-31T00:20:00","guid":{"rendered":"https:\/\/www.em.com.br\/emfoco\/?p=51890"},"modified":"2025-05-30T12:25:58","modified_gmt":"2025-05-30T15:25:58","slug":"entenda-o-que-acontece-por-tras-de-um-dos-paises-mais-isolados-e-enigmaticos-do-mundo","status":"publish","type":"post","link":"https:\/\/www.em.com.br\/emfoco\/2025\/05\/30\/entenda-o-que-acontece-por-tras-de-um-dos-paises-mais-isolados-e-enigmaticos-do-mundo\/","title":{"rendered":"Entenda o que acontece por tr\u00e1s de um dos pa\u00edses mais isolados e enigm\u00e1ticos do mundo"},"content":{"rendered":"\n<p>A <strong>Coreia do Norte<\/strong>, oficialmente conhecida como <strong>Rep\u00fablica Popular Democr\u00e1tica da Coreia<\/strong>, continua a ser um dos pa\u00edses mais isolados do mundo. Sob o regime de<strong> Kim Jong-un<\/strong>, o pa\u00eds mant\u00e9m uma pol\u00edtica de autossufici\u00eancia econ\u00f4mica e militar, conhecida como <strong>Juche<\/strong>. A na\u00e7\u00e3o \u00e9 frequentemente objeto de discuss\u00f5es internacionais devido a suas pol\u00edticas internas e rela\u00e7\u00f5es exteriores.<\/p>\n\n\n\n<p>Com uma popula\u00e7\u00e3o de aproximadamente 26 milh\u00f5es de habitantes, a Coreia do Norte enfrenta desafios significativos em v\u00e1rias \u00e1reas, incluindo economia, direitos humanos e rela\u00e7\u00f5es diplom\u00e1ticas. No entanto, o pa\u00eds tamb\u00e9m possui aspectos culturais e hist\u00f3ricos que despertam interesse global.<\/p>\n\n\n\n<h2 class=\"wp-block-heading\">Como \u00e9 a qualidade de vida na Coreia do Norte?<\/h2>\n\n\n\n<p>A qualidade de vida na Coreia do Norte \u00e9 um tema complexo e frequentemente debatido. O pa\u00eds enfrenta dificuldades econ\u00f4micas significativas, com san\u00e7\u00f5es internacionais impactando a economia. A infraestrutura b\u00e1sica, como sa\u00fade e habita\u00e7\u00e3o, \u00e9 limitada, especialmente fora da capital, <strong><a href=\"https:\/\/pt.wikipedia.org\/wiki\/Pyongyang\" target=\"_blank\" rel=\"noreferrer noopener\">Pyongyang<\/a><\/strong>. A distribui\u00e7\u00e3o de recursos \u00e9 desigual, com a elite pol\u00edtica desfrutando de melhores condi\u00e7\u00f5es de vida.<\/p>\n\n\n\n<p>Apesar das dificuldades, o governo norte-coreano investe em programas sociais para garantir o acesso b\u00e1sico \u00e0 sa\u00fade e educa\u00e7\u00e3o. No entanto, a efic\u00e1cia desses programas \u00e9 questionada por observadores internacionais devido \u00e0 falta de transpar\u00eancia e dados confi\u00e1veis.<\/p>\n\n\n\n<figure class=\"wp-block-image size-large\"><img loading=\"lazy\" decoding=\"async\" width=\"1024\" height=\"576\" src=\"https:\/\/www.em.com.br\/emfoco\/wp-content\/uploads\/2025\/05\/North-korea_1748356075303-1024x576.jpg\" alt=\"Entenda o que acontece por tr\u00e1s de um dos pa\u00edses mais isolados e enigm\u00e1ticos do mundo\" class=\"wp-image-51902\" srcset=\"https:\/\/www.em.com.br\/emfoco\/wp-content\/uploads\/2025\/05\/North-korea_1748356075303-1024x576.jpg 1024w, https:\/\/www.em.com.br\/emfoco\/wp-content\/uploads\/2025\/05\/North-korea_1748356075303-300x169.jpg 300w, https:\/\/www.em.com.br\/emfoco\/wp-content\/uploads\/2025\/05\/North-korea_1748356075303-768x432.jpg 768w, https:\/\/www.em.com.br\/emfoco\/wp-content\/uploads\/2025\/05\/North-korea_1748356075303-750x422.jpg 750w, https:\/\/www.em.com.br\/emfoco\/wp-content\/uploads\/2025\/05\/North-korea_1748356075303-1140x641.jpg 1140w, https:\/\/www.em.com.br\/emfoco\/wp-content\/uploads\/2025\/05\/North-korea_1748356075303.jpg 1280w\" sizes=\"auto, (max-width: 1024px) 100vw, 1024px\" \/><figcaption class=\"wp-element-caption\">Museu na Coreia do Norte &#8211; Cr\u00e9ditos: depositphotos.com \/ richie0703<\/figcaption><\/figure>\n\n\n\n<h2 class=\"wp-block-heading\">Como funciona o sistema educacional na Coreia do Norte?<\/h2>\n\n\n\n<p>A educa\u00e7\u00e3o na Coreia do Norte \u00e9 obrigat\u00f3ria e gratuita at\u00e9 o ensino m\u00e9dio. O sistema educacional \u00e9 fortemente influenciado pela ideologia Juche, com \u00eanfase na lealdade ao regime e na hist\u00f3ria do pa\u00eds. As escolas oferecem um curr\u00edculo que inclui disciplinas tradicionais, como matem\u00e1tica e ci\u00eancias, al\u00e9m de educa\u00e7\u00e3o pol\u00edtica.<\/p>\n\n\n\n<p>O governo investe em programas de alfabetiza\u00e7\u00e3o e forma\u00e7\u00e3o t\u00e9cnica, buscando melhorar as habilidades da for\u00e7a de trabalho. No entanto, o acesso a informa\u00e7\u00f5es externas \u00e9 restrito, limitando a exposi\u00e7\u00e3o dos estudantes a perspectivas internacionais.<\/p>\n\n\n\n<h2 class=\"wp-block-heading\">\u00c9 poss\u00edvel fazer turismo na Coreia do Norte?<\/h2>\n\n\n\n<p>O turismo na Coreia do Norte \u00e9 poss\u00edvel, mas altamente controlado. Os visitantes devem participar de tours organizados por ag\u00eancias aprovadas pelo governo e s\u00e3o acompanhados por guias locais durante toda a estadia. As \u00e1reas acess\u00edveis aos turistas s\u00e3o cuidadosamente selecionadas, destacando monumentos e locais de import\u00e2ncia hist\u00f3rica e cultural.<\/p>\n\n\n\n<p>Apesar das restri\u00e7\u00f5es, o turismo na Coreia do Norte oferece uma oportunidade \u00fanica de explorar um dos pa\u00edses mais fechados do mundo. Os visitantes podem conhecer a capital, Pyongyang, e locais como o<strong> Arco do Triunfo<\/strong> e o <strong>Pal\u00e1cio do Sol de Kumsusan<\/strong>.<\/p>\n\n\n\n<h2 class=\"wp-block-heading\">Quais s\u00e3o os desafios econ\u00f4micos enfrentados pela Coreia do Norte?<\/h2>\n\n\n\n<p>A economia norte-coreana enfrenta desafios significativos, exacerbados por san\u00e7\u00f5es internacionais e pol\u00edticas de isolamento. A agricultura e a ind\u00fastria s\u00e3o setores chave, mas a produtividade \u00e9 limitada por falta de recursos e tecnologia. O com\u00e9rcio internacional \u00e9 restrito, com a China sendo o principal parceiro comercial.<\/p>\n\n\n\n<p>O governo busca aumentar a autossufici\u00eancia econ\u00f4mica atrav\u00e9s de pol\u00edticas de substitui\u00e7\u00e3o de importa\u00e7\u00f5es e desenvolvimento de recursos naturais. No entanto, a falta de investimento estrangeiro e infraestrutura moderna continua a ser um obst\u00e1culo ao crescimento econ\u00f4mico.<\/p>\n\n\n\n<h2 class=\"wp-block-heading\">Como s\u00e3o as rela\u00e7\u00f5es internacionais da Coreia do Norte?<\/h2>\n\n\n\n<p>A Coreia do Norte mant\u00e9m rela\u00e7\u00f5es diplom\u00e1ticas com um n\u00famero limitado de pa\u00edses, com a <strong>China<\/strong> e a <strong>R\u00fassia <\/strong>sendo seus principais aliados. As tens\u00f5es com os<a href=\"https:\/\/www.em.com.br\/emfoco\/2025\/04\/28\/a-cidade-que-define-o-futuro-dos-estados-unidos-de-uma-forma-que-voce-nunca-viu\/\" target=\"_blank\" rel=\"noreferrer noopener\"> <strong>Estados Unidos<\/strong><\/a> e a <strong>Coreia do Sul<\/strong> s\u00e3o frequentes, especialmente em rela\u00e7\u00e3o ao programa nuclear norte-coreano.<\/p>\n\n\n\n<p>Nos \u00faltimos anos, houve tentativas de di\u00e1logo e negocia\u00e7\u00f5es para a desnucleariza\u00e7\u00e3o da pen\u00ednsula coreana, mas os progressos t\u00eam sido limitados. A pol\u00edtica externa norte-coreana continua a ser marcada por uma postura de resist\u00eancia e autodefesa.<\/p>\n\n\n\n<h2 class=\"wp-block-heading\">O que esperar do futuro da Coreia do Norte?<\/h2>\n\n\n\n<p>O futuro da Coreia do Norte \u00e9 incerto, com muitos fatores internos e externos influenciando seu desenvolvimento. As quest\u00f5es econ\u00f4micas, os direitos humanos e as rela\u00e7\u00f5es internacionais s\u00e3o \u00e1reas que exigem aten\u00e7\u00e3o cont\u00ednua. O governo de Kim Jong-un enfrenta o desafio de equilibrar a manuten\u00e7\u00e3o do poder com a necessidade de reformas para melhorar as condi\u00e7\u00f5es de vida da popula\u00e7\u00e3o.<\/p>\n\n\n\n<p>Observadores internacionais continuam a monitorar a situa\u00e7\u00e3o na Coreia do Norte, buscando entender as din\u00e2micas internas e prever poss\u00edveis mudan\u00e7as no cen\u00e1rio pol\u00edtico e econ\u00f4mico do pa\u00eds.<\/p>\n","protected":false},"excerpt":{"rendered":"<p>A Coreia do Norte, oficialmente conhecida como Rep\u00fablica Popular Democr\u00e1tica da Coreia, continua a ser um dos pa\u00edses mais isolados do mundo. Sob o regime de Kim Jong-un, o pa\u00eds mant\u00e9m uma pol\u00edtica de autossufici\u00eancia econ\u00f4mica e militar, conhecida como Juche. A na\u00e7\u00e3o \u00e9 frequentemente objeto de discuss\u00f5es internacionais devido a suas pol\u00edticas internas e [&hellip;]<\/p>\n","protected":false},"author":13,"featured_media":51900,"comment_status":"open","ping_status":"open","sticky":false,"template":"","format":"standard","meta":{"jnews-multi-image_gallery":[],"jnews_single_post":{"format":"standard"},"jnews_primary_category":[],"jnews_social_meta":[],"jnews_override_counter":[],"footnotes":""},"categories":[26],"tags":[9323,5534,160,9324],"class_list":["post-51890","post","type-post","status-publish","format-standard","has-post-thumbnail","hentry","category-cidades","tag-coreia-do-norte","tag-direitos-humanos","tag-economia","tag-politica-norte-coreana"],"yoast_head":"<!-- This site is optimized with the Yoast SEO plugin v23.8 - https:\/\/yoast.com\/wordpress\/plugins\/seo\/ -->\n<title>Entenda o que acontece por tr\u00e1s de um dos pa\u00edses mais isolados e enigm\u00e1ticos do mundo - Estado de Minas - Em foco<\/title>\n<meta name=\"description\" content=\"Entenda como \u00e9 o cotidiano em um dos pa\u00edses mais fechados do mundo e o que surpreende quem se arrisca a visitar.\" \/>\n<meta name=\"robots\" content=\"index, follow, max-snippet:-1, max-image-preview:large, max-video-preview:-1\" \/>\n<link rel=\"canonical\" href=\"https:\/\/www.em.com.br\/emfoco\/2025\/05\/30\/entenda-o-que-acontece-por-tras-de-um-dos-paises-mais-isolados-e-enigmaticos-do-mundo\/\" \/>\n<meta property=\"og:locale\" content=\"pt_BR\" \/>\n<meta property=\"og:type\" content=\"article\" \/>\n<meta property=\"og:title\" content=\"Entenda o que acontece por tr\u00e1s de um dos pa\u00edses mais isolados e enigm\u00e1ticos do mundo - Estado de Minas - Em foco\" \/>\n<meta property=\"og:description\" content=\"Entenda como \u00e9 o cotidiano em um dos pa\u00edses mais fechados do mundo e o que surpreende quem se arrisca a visitar.\" \/>\n<meta property=\"og:url\" content=\"https:\/\/www.em.com.br\/emfoco\/2025\/05\/30\/entenda-o-que-acontece-por-tras-de-um-dos-paises-mais-isolados-e-enigmaticos-do-mundo\/\" \/>\n<meta property=\"og:site_name\" content=\"Estado de Minas - Em foco\" \/>\n<meta property=\"article:published_time\" content=\"2025-05-31T00:20:00+00:00\" \/>\n<meta property=\"article:modified_time\" content=\"2025-05-30T15:25:58+00:00\" \/>\n<meta property=\"og:image\" content=\"https:\/\/www.em.com.br\/emfoco\/wp-content\/uploads\/2025\/05\/North-korea_1748356031467.jpg\" \/>\n\t<meta property=\"og:image:width\" content=\"1280\" \/>\n\t<meta property=\"og:image:height\" content=\"720\" \/>\n\t<meta property=\"og:image:type\" content=\"image\/jpeg\" \/>\n<meta name=\"author\" content=\"Gabriel Martins\" \/>\n<meta name=\"twitter:card\" content=\"summary_large_image\" \/>\n<meta name=\"twitter:label1\" content=\"Escrito por\" \/>\n\t<meta name=\"twitter:data1\" content=\"Gabriel Martins\" \/>\n\t<meta name=\"twitter:label2\" content=\"Est. tempo de leitura\" \/>\n\t<meta name=\"twitter:data2\" content=\"5 minutos\" \/>\n<!-- \/ Yoast SEO plugin. -->","yoast_head_json":{"title":"Entenda o que acontece por tr\u00e1s de um dos pa\u00edses mais isolados e enigm\u00e1ticos do mundo - Estado de Minas - Em foco","description":"Entenda como \u00e9 o cotidiano em um dos pa\u00edses mais fechados do mundo e o que surpreende quem se arrisca a visitar.","robots":{"index":"index","follow":"follow","max-snippet":"max-snippet:-1","max-image-preview":"max-image-preview:large","max-video-preview":"max-video-preview:-1"},"canonical":"https:\/\/www.em.com.br\/emfoco\/2025\/05\/30\/entenda-o-que-acontece-por-tras-de-um-dos-paises-mais-isolados-e-enigmaticos-do-mundo\/","og_locale":"pt_BR","og_type":"article","og_title":"Entenda o que acontece por tr\u00e1s de um dos pa\u00edses mais isolados e enigm\u00e1ticos do mundo - Estado de Minas - Em foco","og_description":"Entenda como \u00e9 o cotidiano em um dos pa\u00edses mais fechados do mundo e o que surpreende quem se arrisca a visitar.","og_url":"https:\/\/www.em.com.br\/emfoco\/2025\/05\/30\/entenda-o-que-acontece-por-tras-de-um-dos-paises-mais-isolados-e-enigmaticos-do-mundo\/","og_site_name":"Estado de Minas - Em foco","article_published_time":"2025-05-31T00:20:00+00:00","article_modified_time":"2025-05-30T15:25:58+00:00","og_image":[{"width":1280,"height":720,"url":"https:\/\/www.em.com.br\/emfoco\/wp-content\/uploads\/2025\/05\/North-korea_1748356031467.jpg","type":"image\/jpeg"}],"author":"Gabriel Martins","twitter_card":"summary_large_image","twitter_misc":{"Escrito por":"Gabriel Martins","Est. tempo de leitura":"5 minutos"},"schema":{"@context":"https:\/\/schema.org","@graph":[{"@type":"WebPage","@id":"https:\/\/www.em.com.br\/emfoco\/2025\/05\/30\/entenda-o-que-acontece-por-tras-de-um-dos-paises-mais-isolados-e-enigmaticos-do-mundo\/","url":"https:\/\/www.em.com.br\/emfoco\/2025\/05\/30\/entenda-o-que-acontece-por-tras-de-um-dos-paises-mais-isolados-e-enigmaticos-do-mundo\/","name":"Entenda o que acontece por tr\u00e1s de um dos pa\u00edses mais isolados e enigm\u00e1ticos do mundo - Estado de Minas - Em foco","isPartOf":{"@id":"https:\/\/www.em.com.br\/emfoco\/#website"},"primaryImageOfPage":{"@id":"https:\/\/www.em.com.br\/emfoco\/2025\/05\/30\/entenda-o-que-acontece-por-tras-de-um-dos-paises-mais-isolados-e-enigmaticos-do-mundo\/#primaryimage"},"image":{"@id":"https:\/\/www.em.com.br\/emfoco\/2025\/05\/30\/entenda-o-que-acontece-por-tras-de-um-dos-paises-mais-isolados-e-enigmaticos-do-mundo\/#primaryimage"},"thumbnailUrl":"https:\/\/www.em.com.br\/emfoco\/wp-content\/uploads\/2025\/05\/North-korea_1748356031467.jpg","datePublished":"2025-05-31T00:20:00+00:00","dateModified":"2025-05-30T15:25:58+00:00","author":{"@id":"https:\/\/www.em.com.br\/emfoco\/#\/schema\/person\/1c9ddeab18b98abeffef834667bcf08a"},"description":"Entenda como \u00e9 o cotidiano em um dos pa\u00edses mais fechados do mundo e o que surpreende quem se arrisca a visitar.","breadcrumb":{"@id":"https:\/\/www.em.com.br\/emfoco\/2025\/05\/30\/entenda-o-que-acontece-por-tras-de-um-dos-paises-mais-isolados-e-enigmaticos-do-mundo\/#breadcrumb"},"inLanguage":"pt-BR","potentialAction":[{"@type":"ReadAction","target":["https:\/\/www.em.com.br\/emfoco\/2025\/05\/30\/entenda-o-que-acontece-por-tras-de-um-dos-paises-mais-isolados-e-enigmaticos-do-mundo\/"]}]},{"@type":"ImageObject","inLanguage":"pt-BR","@id":"https:\/\/www.em.com.br\/emfoco\/2025\/05\/30\/entenda-o-que-acontece-por-tras-de-um-dos-paises-mais-isolados-e-enigmaticos-do-mundo\/#primaryimage","url":"https:\/\/www.em.com.br\/emfoco\/wp-content\/uploads\/2025\/05\/North-korea_1748356031467.jpg","contentUrl":"https:\/\/www.em.com.br\/emfoco\/wp-content\/uploads\/2025\/05\/North-korea_1748356031467.jpg","width":1280,"height":720,"caption":"Pyongyang, Coreia do Norte - Cr\u00e9ditos: depositphotos.com \/ kuzmire"},{"@type":"BreadcrumbList","@id":"https:\/\/www.em.com.br\/emfoco\/2025\/05\/30\/entenda-o-que-acontece-por-tras-de-um-dos-paises-mais-isolados-e-enigmaticos-do-mundo\/#breadcrumb","itemListElement":[{"@type":"ListItem","position":1,"name":"In\u00edcio","item":"https:\/\/www.em.com.br\/emfoco\/"},{"@type":"ListItem","position":2,"name":"Entenda o que acontece por tr\u00e1s de um dos pa\u00edses mais isolados e enigm\u00e1ticos do mundo"}]},{"@type":"WebSite","@id":"https:\/\/www.em.com.br\/emfoco\/#website","url":"https:\/\/www.em.com.br\/emfoco\/","name":"Estado de Minas - Em foco","description":"Acompanhe as \u00faltimas not\u00edcias e fique bem informado sobre tudo o que acontece em Minas Gerais, Brasil e no mundo.","potentialAction":[{"@type":"SearchAction","target":{"@type":"EntryPoint","urlTemplate":"https:\/\/www.em.com.br\/emfoco\/?s={search_term_string}"},"query-input":{"@type":"PropertyValueSpecification","valueRequired":true,"valueName":"search_term_string"}}],"inLanguage":"pt-BR"},{"@type":"Person","@id":"https:\/\/www.em.com.br\/emfoco\/#\/schema\/person\/1c9ddeab18b98abeffef834667bcf08a","name":"Gabriel Martins","image":{"@type":"ImageObject","inLanguage":"pt-BR","@id":"https:\/\/www.em.com.br\/emfoco\/#\/schema\/person\/image\/","url":"https:\/\/secure.gravatar.com\/avatar\/f0f1e2efdfd88f1ad2cb08c5c2731e50?s=96&d=mm&r=g","contentUrl":"https:\/\/secure.gravatar.com\/avatar\/f0f1e2efdfd88f1ad2cb08c5c2731e50?s=96&d=mm&r=g","caption":"Gabriel Martins"},"sameAs":["https:\/\/www.em.com.br\/emfoco\/"],"url":"https:\/\/www.em.com.br\/emfoco\/author\/gabrielmartinsmyth\/"}]}},"_links":{"self":[{"href":"https:\/\/www.em.com.br\/emfoco\/wp-json\/wp\/v2\/posts\/51890","targetHints":{"allow":["GET"]}}],"collection":[{"href":"https:\/\/www.em.com.br\/emfoco\/wp-json\/wp\/v2\/posts"}],"about":[{"href":"https:\/\/www.em.com.br\/emfoco\/wp-json\/wp\/v2\/types\/post"}],"author":[{"embeddable":true,"href":"https:\/\/www.em.com.br\/emfoco\/wp-json\/wp\/v2\/users\/13"}],"replies":[{"embeddable":true,"href":"https:\/\/www.em.com.br\/emfoco\/wp-json\/wp\/v2\/comments?post=51890"}],"version-history":[{"count":2,"href":"https:\/\/www.em.com.br\/emfoco\/wp-json\/wp\/v2\/posts\/51890\/revisions"}],"predecessor-version":[{"id":51904,"href":"https:\/\/www.em.com.br\/emfoco\/wp-json\/wp\/v2\/posts\/51890\/revisions\/51904"}],"wp:featuredmedia":[{"embeddable":true,"href":"https:\/\/www.em.com.br\/emfoco\/wp-json\/wp\/v2\/media\/51900"}],"wp:attachment":[{"href":"https:\/\/www.em.com.br\/emfoco\/wp-json\/wp\/v2\/media?parent=51890"}],"wp:term":[{"taxonomy":"category","embeddable":true,"href":"https:\/\/www.em.com.br\/emfoco\/wp-json\/wp\/v2\/categories?post=51890"},{"taxonomy":"post_tag","embeddable":true,"href":"https:\/\/www.em.com.br\/emfoco\/wp-json\/wp\/v2\/tags?post=51890"}],"curies":[{"name":"wp","href":"https:\/\/api.w.org\/{rel}","templated":true}]}}