{"id":51850,"date":"2025-05-29T14:20:00","date_gmt":"2025-05-29T17:20:00","guid":{"rendered":"https:\/\/www.em.com.br\/emfoco\/?p=51850"},"modified":"2025-05-28T14:24:17","modified_gmt":"2025-05-28T17:24:17","slug":"por-que-tanta-gente-esta-trocando-grandes-metropoles-por-esse-lugar-quase-perfeito","status":"publish","type":"post","link":"https:\/\/www.em.com.br\/emfoco\/2025\/05\/29\/por-que-tanta-gente-esta-trocando-grandes-metropoles-por-esse-lugar-quase-perfeito\/","title":{"rendered":"Por que tanta gente est\u00e1 trocando grandes metr\u00f3poles por esse lugar quase perfeito?"},"content":{"rendered":"\n<p><strong>Copenhague<\/strong>, a capital da <strong><a href=\"https:\/\/pt.wikipedia.org\/wiki\/Dinamarca\" target=\"_blank\" rel=\"noreferrer noopener\">Dinamarca<\/a><\/strong>, \u00e9 uma cidade que combina hist\u00f3ria rica com modernidade vibrante. Conhecida por seus canais pitorescos, arquitetura impressionante e cultura acolhedora, Copenhague \u00e9 um destino que encanta visitantes de todo o mundo. A cidade se destaca por sua abordagem inovadora em sustentabilidade e design urbano, tornando-se um exemplo a ser seguido por outras metr\u00f3poles.<\/p>\n\n\n\n<h2 class=\"wp-block-heading\">Como \u00e9 a qualidade de vida em Copenhague?<\/h2>\n\n\n\n<p>A qualidade de vida em Copenhague \u00e9 frequentemente classificada entre as melhores do mundo. A cidade oferece um sistema de sa\u00fade eficiente, transporte p\u00fablico de alta qualidade e um ambiente seguro. Al\u00e9m disso, a \u00eanfase em espa\u00e7os verdes e a promo\u00e7\u00e3o de um estilo de vida ativo contribuem para o bem-estar dos seus habitantes. A infraestrutura para ciclistas \u00e9 exemplar, incentivando o uso de bicicletas como meio de transporte principal.<\/p>\n\n\n\n<figure class=\"wp-block-image size-large\"><img loading=\"lazy\" decoding=\"async\" width=\"1024\" height=\"576\" src=\"https:\/\/www.em.com.br\/emfoco\/wp-content\/uploads\/2025\/05\/Copenhague-dinamarca_1748354064124-1024x576.jpg\" alt=\"Por que tanta gente est\u00e1 trocando grandes metr\u00f3poles por esse lugar quase perfeito?\" class=\"wp-image-51871\" srcset=\"https:\/\/www.em.com.br\/emfoco\/wp-content\/uploads\/2025\/05\/Copenhague-dinamarca_1748354064124-1024x576.jpg 1024w, https:\/\/www.em.com.br\/emfoco\/wp-content\/uploads\/2025\/05\/Copenhague-dinamarca_1748354064124-300x169.jpg 300w, https:\/\/www.em.com.br\/emfoco\/wp-content\/uploads\/2025\/05\/Copenhague-dinamarca_1748354064124-768x432.jpg 768w, https:\/\/www.em.com.br\/emfoco\/wp-content\/uploads\/2025\/05\/Copenhague-dinamarca_1748354064124-750x422.jpg 750w, https:\/\/www.em.com.br\/emfoco\/wp-content\/uploads\/2025\/05\/Copenhague-dinamarca_1748354064124-1140x641.jpg 1140w, https:\/\/www.em.com.br\/emfoco\/wp-content\/uploads\/2025\/05\/Copenhague-dinamarca_1748354064124.jpg 1280w\" sizes=\"auto, (max-width: 1024px) 100vw, 1024px\" \/><figcaption class=\"wp-element-caption\">Copenhague, Dinamarca &#8211; Cr\u00e9ditos: depositphotos.com \/ AlexShadyuk<\/figcaption><\/figure>\n\n\n\n<h2 class=\"wp-block-heading\">Quais s\u00e3o os destaques do sistema educacional em Copenhague?<\/h2>\n\n\n\n<p>O sistema educacional em Copenhague \u00e9 reconhecido por sua excel\u00eancia e inova\u00e7\u00e3o. As escolas e universidades oferecem uma educa\u00e7\u00e3o de alta qualidade, com foco em pensamento cr\u00edtico e criatividade. A cidade abriga algumas das institui\u00e7\u00f5es de ensino superior mais prestigiadas da <strong><a href=\"https:\/\/www.em.com.br\/emfoco\/2025\/05\/24\/o-que-faz-essa-cidade-da-europa-ser-uma-referencia-em-tudo-que-importa\/\" target=\"_blank\" rel=\"noreferrer noopener\">Europa<\/a><\/strong>, atraindo estudantes internacionais em busca de uma educa\u00e7\u00e3o de classe mundial. A abordagem educacional dinamarquesa enfatiza a igualdade e a inclus\u00e3o, preparando os alunos para um futuro globalizado.<\/p>\n\n\n\n<h2 class=\"wp-block-heading\">Por que Copenhague \u00e9 um destino tur\u00edstico imperd\u00edvel?<\/h2>\n\n\n\n<p>Copenhague \u00e9 um destino tur\u00edstico que oferece uma variedade de atra\u00e7\u00f5es para todos os gostos. Desde o ic\u00f4nico parque de divers\u00f5es <strong>Tivoli Gardens<\/strong> at\u00e9 o hist\u00f3rico <strong>Castelo de Rosenborg<\/strong>, a cidade est\u00e1 repleta de locais fascinantes para explorar. Os visitantes podem desfrutar de uma cena gastron\u00f4mica vibrante, com restaurantes que v\u00e3o desde op\u00e7\u00f5es tradicionais dinamarquesas at\u00e9 experi\u00eancias culin\u00e1rias inovadoras. A cidade tamb\u00e9m \u00e9 famosa por suas feiras de rua e mercados, onde \u00e9 poss\u00edvel encontrar produtos locais e artesanato.<\/p>\n\n\n\n<h2 class=\"wp-block-heading\">Como Copenhague se destaca em sustentabilidade?<\/h2>\n\n\n\n<p>Copenhague \u00e9 l\u00edder mundial em sustentabilidade urbana. A cidade tem metas ambiciosas para se tornar neutra em carbono at\u00e9 2025, e j\u00e1 implementou v\u00e1rias iniciativas para reduzir as emiss\u00f5es de CO2. O uso de energia renov\u00e1vel \u00e9 amplamente promovido, e a cidade investe em infraestrutura verde, como telhados verdes e sistemas de gest\u00e3o de \u00e1guas pluviais. A mentalidade sustent\u00e1vel \u00e9 evidente em todos os aspectos da vida urbana, desde o planejamento urbano at\u00e9 o comportamento dos cidad\u00e3os.<\/p>\n\n\n\n<h2 class=\"wp-block-heading\">Quais s\u00e3o as tradi\u00e7\u00f5es culturais de Copenhague?<\/h2>\n\n\n\n<p>A cultura de Copenhague \u00e9 rica e diversificada, refletindo a hist\u00f3ria e as tradi\u00e7\u00f5es da Dinamarca. A cidade \u00e9 um centro de arte e design, com museus e galerias que exibem tanto obras cl\u00e1ssicas quanto contempor\u00e2neas. O hygge, um conceito dinamarqu\u00eas que valoriza o conforto e a conviv\u00eancia, \u00e9 uma parte essencial da vida em Copenhague. Festivais e eventos culturais ocorrem ao longo do ano, celebrando tudo, desde m\u00fasica e cinema at\u00e9 gastronomia e literatura.<\/p>\n\n\n\n<h2 class=\"wp-block-heading\">O que esperar do futuro de Copenhague?<\/h2>\n\n\n\n<p>O futuro de Copenhague parece promissor, com planos cont\u00ednuos para inova\u00e7\u00e3o e desenvolvimento sustent\u00e1vel. A cidade continua a atrair investimentos em tecnologia e design, posicionando-se como um hub para startups e empreendedores. A \u00eanfase em qualidade de vida, educa\u00e7\u00e3o e sustentabilidade garante que Copenhague permane\u00e7a como um exemplo de cidade moderna e progressista. Com uma vis\u00e3o clara para o futuro, Copenhague est\u00e1 preparada para enfrentar os desafios do s\u00e9culo XXI enquanto preserva seu charme \u00fanico e acolhedor.<\/p>\n","protected":false},"excerpt":{"rendered":"<p>Copenhague, a capital da Dinamarca, \u00e9 uma cidade que combina hist\u00f3ria rica com modernidade vibrante. Conhecida por seus canais pitorescos, arquitetura impressionante e cultura acolhedora, Copenhague \u00e9 um destino que encanta visitantes de todo o mundo. A cidade se destaca por sua abordagem inovadora em sustentabilidade e design urbano, tornando-se um exemplo a ser seguido [&hellip;]<\/p>\n","protected":false},"author":13,"featured_media":40389,"comment_status":"open","ping_status":"open","sticky":false,"template":"","format":"standard","meta":{"jnews-multi-image_gallery":[],"jnews_single_post":{"format":"standard"},"jnews_primary_category":[],"jnews_social_meta":[],"jnews_override_counter":[],"footnotes":""},"categories":[26],"tags":[3288,2244,325,157],"class_list":["post-51850","post","type-post","status-publish","format-standard","has-post-thumbnail","hentry","category-cidades","tag-copenhague","tag-dinamarca","tag-sustentabilidade","tag-turismo"],"yoast_head":"<!-- This site is optimized with the Yoast SEO plugin v23.8 - https:\/\/yoast.com\/wordpress\/plugins\/seo\/ -->\n<title>Por que tanta gente est\u00e1 trocando grandes metr\u00f3poles por esse lugar quase perfeito? - Estado de Minas - Em foco<\/title>\n<meta name=\"description\" content=\"Um destino que prova que bem-estar e modernidade podem andar com arte, verde e seguran\u00e7a por todos os lados.\" \/>\n<meta name=\"robots\" content=\"index, follow, max-snippet:-1, max-image-preview:large, max-video-preview:-1\" \/>\n<link rel=\"canonical\" href=\"https:\/\/www.em.com.br\/emfoco\/2025\/05\/29\/por-que-tanta-gente-esta-trocando-grandes-metropoles-por-esse-lugar-quase-perfeito\/\" \/>\n<meta property=\"og:locale\" content=\"pt_BR\" \/>\n<meta property=\"og:type\" content=\"article\" \/>\n<meta property=\"og:title\" content=\"Por que tanta gente est\u00e1 trocando grandes metr\u00f3poles por esse lugar quase perfeito? - Estado de Minas - Em foco\" \/>\n<meta property=\"og:description\" content=\"Um destino que prova que bem-estar e modernidade podem andar com arte, verde e seguran\u00e7a por todos os lados.\" \/>\n<meta property=\"og:url\" content=\"https:\/\/www.em.com.br\/emfoco\/2025\/05\/29\/por-que-tanta-gente-esta-trocando-grandes-metropoles-por-esse-lugar-quase-perfeito\/\" \/>\n<meta property=\"og:site_name\" content=\"Estado de Minas - Em foco\" \/>\n<meta property=\"article:published_time\" content=\"2025-05-29T17:20:00+00:00\" \/>\n<meta property=\"article:modified_time\" content=\"2025-05-28T17:24:17+00:00\" \/>\n<meta property=\"og:image\" content=\"https:\/\/www.em.com.br\/emfoco\/wp-content\/uploads\/2025\/04\/Copenhagen-Denmark_1745328058655.jpg\" \/>\n\t<meta property=\"og:image:width\" content=\"1280\" \/>\n\t<meta property=\"og:image:height\" content=\"720\" \/>\n\t<meta property=\"og:image:type\" content=\"image\/jpeg\" \/>\n<meta name=\"author\" content=\"Gabriel Martins\" \/>\n<meta name=\"twitter:card\" content=\"summary_large_image\" \/>\n<meta name=\"twitter:label1\" content=\"Escrito por\" \/>\n\t<meta name=\"twitter:data1\" content=\"Gabriel Martins\" \/>\n\t<meta name=\"twitter:label2\" content=\"Est. tempo de leitura\" \/>\n\t<meta name=\"twitter:data2\" content=\"4 minutos\" \/>\n<!-- \/ Yoast SEO plugin. -->","yoast_head_json":{"title":"Por que tanta gente est\u00e1 trocando grandes metr\u00f3poles por esse lugar quase perfeito? - Estado de Minas - Em foco","description":"Um destino que prova que bem-estar e modernidade podem andar com arte, verde e seguran\u00e7a por todos os lados.","robots":{"index":"index","follow":"follow","max-snippet":"max-snippet:-1","max-image-preview":"max-image-preview:large","max-video-preview":"max-video-preview:-1"},"canonical":"https:\/\/www.em.com.br\/emfoco\/2025\/05\/29\/por-que-tanta-gente-esta-trocando-grandes-metropoles-por-esse-lugar-quase-perfeito\/","og_locale":"pt_BR","og_type":"article","og_title":"Por que tanta gente est\u00e1 trocando grandes metr\u00f3poles por esse lugar quase perfeito? - Estado de Minas - Em foco","og_description":"Um destino que prova que bem-estar e modernidade podem andar com arte, verde e seguran\u00e7a por todos os lados.","og_url":"https:\/\/www.em.com.br\/emfoco\/2025\/05\/29\/por-que-tanta-gente-esta-trocando-grandes-metropoles-por-esse-lugar-quase-perfeito\/","og_site_name":"Estado de Minas - Em foco","article_published_time":"2025-05-29T17:20:00+00:00","article_modified_time":"2025-05-28T17:24:17+00:00","og_image":[{"width":1280,"height":720,"url":"https:\/\/www.em.com.br\/emfoco\/wp-content\/uploads\/2025\/04\/Copenhagen-Denmark_1745328058655.jpg","type":"image\/jpeg"}],"author":"Gabriel Martins","twitter_card":"summary_large_image","twitter_misc":{"Escrito por":"Gabriel Martins","Est. tempo de leitura":"4 minutos"},"schema":{"@context":"https:\/\/schema.org","@graph":[{"@type":"WebPage","@id":"https:\/\/www.em.com.br\/emfoco\/2025\/05\/29\/por-que-tanta-gente-esta-trocando-grandes-metropoles-por-esse-lugar-quase-perfeito\/","url":"https:\/\/www.em.com.br\/emfoco\/2025\/05\/29\/por-que-tanta-gente-esta-trocando-grandes-metropoles-por-esse-lugar-quase-perfeito\/","name":"Por que tanta gente est\u00e1 trocando grandes metr\u00f3poles por esse lugar quase perfeito? - Estado de Minas - Em foco","isPartOf":{"@id":"https:\/\/www.em.com.br\/emfoco\/#website"},"primaryImageOfPage":{"@id":"https:\/\/www.em.com.br\/emfoco\/2025\/05\/29\/por-que-tanta-gente-esta-trocando-grandes-metropoles-por-esse-lugar-quase-perfeito\/#primaryimage"},"image":{"@id":"https:\/\/www.em.com.br\/emfoco\/2025\/05\/29\/por-que-tanta-gente-esta-trocando-grandes-metropoles-por-esse-lugar-quase-perfeito\/#primaryimage"},"thumbnailUrl":"https:\/\/www.em.com.br\/emfoco\/wp-content\/uploads\/2025\/04\/Copenhagen-Denmark_1745328058655.jpg","datePublished":"2025-05-29T17:20:00+00:00","dateModified":"2025-05-28T17:24:17+00:00","author":{"@id":"https:\/\/www.em.com.br\/emfoco\/#\/schema\/person\/1c9ddeab18b98abeffef834667bcf08a"},"description":"Um destino que prova que bem-estar e modernidade podem andar com arte, verde e seguran\u00e7a por todos os lados.","breadcrumb":{"@id":"https:\/\/www.em.com.br\/emfoco\/2025\/05\/29\/por-que-tanta-gente-esta-trocando-grandes-metropoles-por-esse-lugar-quase-perfeito\/#breadcrumb"},"inLanguage":"pt-BR","potentialAction":[{"@type":"ReadAction","target":["https:\/\/www.em.com.br\/emfoco\/2025\/05\/29\/por-que-tanta-gente-esta-trocando-grandes-metropoles-por-esse-lugar-quase-perfeito\/"]}]},{"@type":"ImageObject","inLanguage":"pt-BR","@id":"https:\/\/www.em.com.br\/emfoco\/2025\/05\/29\/por-que-tanta-gente-esta-trocando-grandes-metropoles-por-esse-lugar-quase-perfeito\/#primaryimage","url":"https:\/\/www.em.com.br\/emfoco\/wp-content\/uploads\/2025\/04\/Copenhagen-Denmark_1745328058655.jpg","contentUrl":"https:\/\/www.em.com.br\/emfoco\/wp-content\/uploads\/2025\/04\/Copenhagen-Denmark_1745328058655.jpg","width":1280,"height":720,"caption":"Copenhague, Dinamarca - Cr\u00e9ditos: depositphotos.com \/ MarusiaBO"},{"@type":"BreadcrumbList","@id":"https:\/\/www.em.com.br\/emfoco\/2025\/05\/29\/por-que-tanta-gente-esta-trocando-grandes-metropoles-por-esse-lugar-quase-perfeito\/#breadcrumb","itemListElement":[{"@type":"ListItem","position":1,"name":"In\u00edcio","item":"https:\/\/www.em.com.br\/emfoco\/"},{"@type":"ListItem","position":2,"name":"Por que tanta gente est\u00e1 trocando grandes metr\u00f3poles por esse lugar quase perfeito?"}]},{"@type":"WebSite","@id":"https:\/\/www.em.com.br\/emfoco\/#website","url":"https:\/\/www.em.com.br\/emfoco\/","name":"Estado de Minas - Em foco","description":"Acompanhe as \u00faltimas not\u00edcias e fique bem informado sobre tudo o que acontece em Minas Gerais, Brasil e no mundo.","potentialAction":[{"@type":"SearchAction","target":{"@type":"EntryPoint","urlTemplate":"https:\/\/www.em.com.br\/emfoco\/?s={search_term_string}"},"query-input":{"@type":"PropertyValueSpecification","valueRequired":true,"valueName":"search_term_string"}}],"inLanguage":"pt-BR"},{"@type":"Person","@id":"https:\/\/www.em.com.br\/emfoco\/#\/schema\/person\/1c9ddeab18b98abeffef834667bcf08a","name":"Gabriel Martins","image":{"@type":"ImageObject","inLanguage":"pt-BR","@id":"https:\/\/www.em.com.br\/emfoco\/#\/schema\/person\/image\/","url":"https:\/\/secure.gravatar.com\/avatar\/f0f1e2efdfd88f1ad2cb08c5c2731e50?s=96&d=mm&r=g","contentUrl":"https:\/\/secure.gravatar.com\/avatar\/f0f1e2efdfd88f1ad2cb08c5c2731e50?s=96&d=mm&r=g","caption":"Gabriel Martins"},"sameAs":["https:\/\/www.em.com.br\/emfoco\/"],"url":"https:\/\/www.em.com.br\/emfoco\/author\/gabrielmartinsmyth\/"}]}},"_links":{"self":[{"href":"https:\/\/www.em.com.br\/emfoco\/wp-json\/wp\/v2\/posts\/51850","targetHints":{"allow":["GET"]}}],"collection":[{"href":"https:\/\/www.em.com.br\/emfoco\/wp-json\/wp\/v2\/posts"}],"about":[{"href":"https:\/\/www.em.com.br\/emfoco\/wp-json\/wp\/v2\/types\/post"}],"author":[{"embeddable":true,"href":"https:\/\/www.em.com.br\/emfoco\/wp-json\/wp\/v2\/users\/13"}],"replies":[{"embeddable":true,"href":"https:\/\/www.em.com.br\/emfoco\/wp-json\/wp\/v2\/comments?post=51850"}],"version-history":[{"count":2,"href":"https:\/\/www.em.com.br\/emfoco\/wp-json\/wp\/v2\/posts\/51850\/revisions"}],"predecessor-version":[{"id":51873,"href":"https:\/\/www.em.com.br\/emfoco\/wp-json\/wp\/v2\/posts\/51850\/revisions\/51873"}],"wp:featuredmedia":[{"embeddable":true,"href":"https:\/\/www.em.com.br\/emfoco\/wp-json\/wp\/v2\/media\/40389"}],"wp:attachment":[{"href":"https:\/\/www.em.com.br\/emfoco\/wp-json\/wp\/v2\/media?parent=51850"}],"wp:term":[{"taxonomy":"category","embeddable":true,"href":"https:\/\/www.em.com.br\/emfoco\/wp-json\/wp\/v2\/categories?post=51850"},{"taxonomy":"post_tag","embeddable":true,"href":"https:\/\/www.em.com.br\/emfoco\/wp-json\/wp\/v2\/tags?post=51850"}],"curies":[{"name":"wp","href":"https:\/\/api.w.org\/{rel}","templated":true}]}}