{"id":51844,"date":"2025-05-29T21:30:22","date_gmt":"2025-05-30T00:30:22","guid":{"rendered":"https:\/\/www.em.com.br\/emfoco\/?p=51844"},"modified":"2025-05-28T14:39:19","modified_gmt":"2025-05-28T17:39:19","slug":"por-que-sentimos-necessidade-de-controle-em-certas-situacoes","status":"publish","type":"post","link":"https:\/\/www.em.com.br\/emfoco\/2025\/05\/29\/por-que-sentimos-necessidade-de-controle-em-certas-situacoes\/","title":{"rendered":"Por que sentimos necessidade de controle em certas situa\u00e7\u00f5es?"},"content":{"rendered":"\n<p>A busca por controle em certas situa\u00e7\u00f5es \u00e9 um comportamento comum que pode ser explicado por diversos fatores psicol\u00f3gicos e emocionais. Muitas vezes, essa necessidade est\u00e1 relacionada a experi\u00eancias passadas, onde a falta de controle resultou em sentimentos de inseguran\u00e7a ou ansiedade. Assim, ao tentar controlar o ambiente ou as pessoas ao redor, o indiv\u00edduo busca evitar a repeti\u00e7\u00e3o dessas experi\u00eancias negativas.<\/p>\n\n\n\n<p>Al\u00e9m disso, o desejo de controle pode ser uma forma de lidar com o medo do desconhecido. Quando uma situa\u00e7\u00e3o \u00e9 incerta, ter controle pode oferecer uma sensa\u00e7\u00e3o de seguran\u00e7a e previsibilidade. Isso \u00e9 <a href=\"https:\/\/www.em.com.br\/emfoco\/2025\/01\/09\/mais-controle-ou-menos-liberdade\/\" target=\"_blank\" rel=\"noreferrer noopener\">especialmente<\/a> verdadeiro em contextos onde as consequ\u00eancias de n\u00e3o ter controle s\u00e3o percebidas como amea\u00e7adoras ou potencialmente prejudiciais.<\/p>\n\n\n\n<h2 class=\"wp-block-heading\">Como a hist\u00f3ria emocional influencia a necessidade de controle?<\/h2>\n\n\n\n<p>A hist\u00f3ria emocional de uma pessoa desempenha um papel crucial na forma\u00e7\u00e3o de suas necessidades de controle. Indiv\u00edduos que cresceram em ambientes inst\u00e1veis ou imprevis\u00edveis podem desenvolver um forte desejo de controle como mecanismo de defesa. Essa necessidade pode ser uma tentativa de criar um ambiente mais seguro e previs\u00edvel, compensando a falta de estabilidade vivida anteriormente.<\/p>\n\n\n\n<p>Al\u00e9m disso, experi\u00eancias traum\u00e1ticas podem intensificar essa necessidade. Eventos que causaram grande sofrimento emocional podem levar a um comportamento de controle como forma de evitar a repeti\u00e7\u00e3o do trauma. A busca por controle, nesse caso, pode ser vista como uma tentativa de proteger-se de futuras amea\u00e7as emocionais.<\/p>\n\n\n<div class=\"wp-block-image\">\n<figure class=\"aligncenter size-large\"><img loading=\"lazy\" decoding=\"async\" width=\"1024\" height=\"576\" src=\"https:\/\/www.em.com.br\/emfoco\/wp-content\/uploads\/2025\/05\/controle_1748353512644-1024x576.jpg\" alt=\"Necessidade de controle\" class=\"wp-image-51856\" srcset=\"https:\/\/www.em.com.br\/emfoco\/wp-content\/uploads\/2025\/05\/controle_1748353512644-1024x576.jpg 1024w, https:\/\/www.em.com.br\/emfoco\/wp-content\/uploads\/2025\/05\/controle_1748353512644-300x169.jpg 300w, https:\/\/www.em.com.br\/emfoco\/wp-content\/uploads\/2025\/05\/controle_1748353512644-768x432.jpg 768w, https:\/\/www.em.com.br\/emfoco\/wp-content\/uploads\/2025\/05\/controle_1748353512644-750x422.jpg 750w, https:\/\/www.em.com.br\/emfoco\/wp-content\/uploads\/2025\/05\/controle_1748353512644-1140x641.jpg 1140w, https:\/\/www.em.com.br\/emfoco\/wp-content\/uploads\/2025\/05\/controle_1748353512644.jpg 1280w\" sizes=\"auto, (max-width: 1024px) 100vw, 1024px\" \/><figcaption class=\"wp-element-caption\">Necessidade de controle &#8211; Cr\u00e9ditos: depositphotos.com \/ AndrewLozovyi<\/figcaption><\/figure><\/div>\n\n\n<h2 class=\"wp-block-heading\">Quais s\u00e3o os fatores psicol\u00f3gicos que contribuem para esse comportamento?<\/h2>\n\n\n\n<p>Os fatores psicol\u00f3gicos que contribuem para a necessidade de controle incluem tra\u00e7os de personalidade, como o perfeccionismo e a ansiedade. Pessoas perfeccionistas tendem a buscar controle para garantir que tudo saia conforme o planejado, minimizando a possibilidade de erros ou falhas. J\u00e1 indiv\u00edduos ansiosos podem usar o controle como uma forma de gerenciar sua ansiedade, tentando eliminar incertezas e surpresas.<\/p>\n\n\n\n<p>Outro fator psicol\u00f3gico relevante \u00e9 a autoestima. Pessoas com baixa autoestima podem sentir que precisam controlar as situa\u00e7\u00f5es para provar seu valor ou compet\u00eancia. O controle, nesse contexto, serve como uma forma de valida\u00e7\u00e3o pessoal, ajudando a refor\u00e7ar uma imagem positiva de si mesmo.<\/p>\n\n\n\n<h2 class=\"wp-block-heading\">O controle total \u00e9 realmente poss\u00edvel ou apenas uma ilus\u00e3o?<\/h2>\n\n\n\n<p>Embora a busca por controle possa oferecer uma sensa\u00e7\u00e3o tempor\u00e1ria de seguran\u00e7a, o controle total \u00e9, na maioria das vezes, uma ilus\u00e3o. A vida \u00e9 inerentemente imprevis\u00edvel, e muitos fatores est\u00e3o al\u00e9m do nosso controle. Tentar controlar tudo pode levar a frustra\u00e7\u00e3o e estresse, especialmente quando as coisas n\u00e3o saem conforme o esperado.<\/p>\n\n\n\n<p>Al\u00e9m disso, o desejo de controle pode prejudicar <a href=\"https:\/\/www.uol.com.br\/vivabem\/noticias\/redacao\/2021\/01\/19\/necessidade-de-controlar-tudo-gera-angustia-veja-como-se-livrar-do-habito.htm\" target=\"_blank\" rel=\"noreferrer noopener\">relacionamentos <\/a>e causar conflitos. Pessoas que tentam controlar os outros podem ser vistas como autorit\u00e1rias ou manipuladoras, o que pode levar a tens\u00f5es e desentendimentos. Reconhecer os limites do controle e aprender a lidar com a incerteza pode ser mais ben\u00e9fico a longo prazo.<\/p>\n\n\n\n<h2 class=\"wp-block-heading\">Como lidar com a necessidade de controle de forma saud\u00e1vel?<\/h2>\n\n\n\n<p>Para lidar com a necessidade de controle de forma saud\u00e1vel, \u00e9 importante desenvolver a capacidade de aceitar a incerteza e confiar no processo. Pr\u00e1ticas como a medita\u00e7\u00e3o e a aten\u00e7\u00e3o plena podem ajudar a reduzir a ansiedade e a necessidade de controle, promovendo uma maior aceita\u00e7\u00e3o do momento presente.<\/p>\n\n\n\n<p>Al\u00e9m disso, buscar apoio emocional atrav\u00e9s de terapia ou grupos de apoio pode ser \u00fatil. Um profissional pode ajudar a identificar as ra\u00edzes da necessidade de controle e desenvolver estrat\u00e9gias para lidar com ela de maneira mais eficaz. Aprender a delegar e confiar nos outros tamb\u00e9m pode aliviar a press\u00e3o de tentar controlar tudo sozinho.<\/p>\n\n\n\n<h2 class=\"wp-block-heading\">Quais s\u00e3o os benef\u00edcios de abrir m\u00e3o do controle?<\/h2>\n\n\n\n<p>Abrir m\u00e3o do controle pode trazer diversos benef\u00edcios, incluindo uma redu\u00e7\u00e3o significativa do estresse e da ansiedade. Quando se aceita que nem tudo pode ser controlado, \u00e9 poss\u00edvel experimentar uma sensa\u00e7\u00e3o de liberdade e al\u00edvio. Isso pode levar a uma maior satisfa\u00e7\u00e3o pessoal e a uma vida mais equilibrada.<\/p>\n\n\n\n<p>Al\u00e9m disso, ao permitir que outras pessoas assumam responsabilidades, \u00e9 poss\u00edvel fortalecer relacionamentos e promover um ambiente de confian\u00e7a e colabora\u00e7\u00e3o. Isso pode resultar em uma maior harmonia nas intera\u00e7\u00f5es pessoais e profissionais, al\u00e9m de fomentar um senso de comunidade e apoio m\u00fatuo.<\/p>\n\n\n\n<h2 class=\"wp-block-heading\">Perguntas Frequentes<\/h2>\n\n\n\n<ul class=\"wp-block-list\">\n<li><strong>Por que algumas pessoas t\u00eam mais necessidade de controle do que outras?<\/strong> A necessidade de controle pode variar devido a fatores como experi\u00eancias passadas, tra\u00e7os de personalidade e n\u00edveis de ansiedade.<\/li>\n\n\n\n<li><strong>\u00c9 poss\u00edvel viver sem querer controlar nada?<\/strong> Embora seja dif\u00edcil eliminar completamente o desejo de controle, \u00e9 poss\u00edvel aprender a aceitar a incerteza e viver de forma mais equilibrada.<\/li>\n\n\n\n<li><strong>Como a terapia pode ajudar com a necessidade de controle?<\/strong> A terapia pode ajudar a identificar as causas subjacentes da necessidade de controle e desenvolver estrat\u00e9gias para lidar com ela de maneira saud\u00e1vel.<\/li>\n\n\n\n<li><strong>Quais s\u00e3o os sinais de que a necessidade de controle est\u00e1 afetando negativamente a vida de algu\u00e9m?<\/strong> Sinais incluem estresse constante, conflitos em relacionamentos e uma sensa\u00e7\u00e3o de insatisfa\u00e7\u00e3o ou frustra\u00e7\u00e3o quando as coisas n\u00e3o saem conforme o planejado.<\/li>\n<\/ul>\n","protected":false},"excerpt":{"rendered":"<p>A busca por controle em certas situa\u00e7\u00f5es \u00e9 um comportamento comum que pode ser explicado por diversos fatores psicol\u00f3gicos e emocionais. Muitas vezes, essa necessidade est\u00e1 relacionada a experi\u00eancias passadas, onde a falta de controle resultou em sentimentos de inseguran\u00e7a ou ansiedade. Assim, ao tentar controlar o ambiente ou as pessoas ao redor, o indiv\u00edduo [&hellip;]<\/p>\n","protected":false},"author":15,"featured_media":51848,"comment_status":"open","ping_status":"open","sticky":false,"template":"","format":"standard","meta":{"jnews-multi-image_gallery":[],"jnews_single_post":{"format":"standard"},"jnews_primary_category":[],"jnews_social_meta":[],"jnews_override_counter":[],"footnotes":""},"categories":[8819],"tags":[4947,8944,9319,9024,5155],"class_list":["post-51844","post","type-post","status-publish","format-standard","has-post-thumbnail","hentry","category-curiosidades","tag-ansiedade","tag-comportamento-humano","tag-controle-emocional","tag-perfeccionismo","tag-psicologia"],"yoast_head":"<!-- This site is optimized with the Yoast SEO plugin v23.8 - https:\/\/yoast.com\/wordpress\/plugins\/seo\/ -->\n<title>Por que sentimos necessidade de controle em certas situa\u00e7\u00f5es? - Estado de Minas - Em foco<\/title>\n<meta name=\"description\" content=\"Quando tudo precisa estar sob controle, algo dentro pode estar em colapso. Entenda o que esse comportamento esconde.\" \/>\n<meta name=\"robots\" content=\"index, follow, max-snippet:-1, max-image-preview:large, max-video-preview:-1\" \/>\n<link rel=\"canonical\" href=\"https:\/\/www.em.com.br\/emfoco\/2025\/05\/29\/por-que-sentimos-necessidade-de-controle-em-certas-situacoes\/\" \/>\n<meta property=\"og:locale\" content=\"pt_BR\" \/>\n<meta property=\"og:type\" content=\"article\" \/>\n<meta property=\"og:title\" content=\"Por que sentimos necessidade de controle em certas situa\u00e7\u00f5es? - Estado de Minas - Em foco\" \/>\n<meta property=\"og:description\" content=\"Quando tudo precisa estar sob controle, algo dentro pode estar em colapso. Entenda o que esse comportamento esconde.\" \/>\n<meta property=\"og:url\" content=\"https:\/\/www.em.com.br\/emfoco\/2025\/05\/29\/por-que-sentimos-necessidade-de-controle-em-certas-situacoes\/\" \/>\n<meta property=\"og:site_name\" content=\"Estado de Minas - Em foco\" \/>\n<meta property=\"article:published_time\" content=\"2025-05-30T00:30:22+00:00\" \/>\n<meta property=\"article:modified_time\" content=\"2025-05-28T17:39:19+00:00\" \/>\n<meta property=\"og:image\" content=\"https:\/\/www.em.com.br\/emfoco\/wp-content\/uploads\/2025\/05\/controle_1748353441638.jpg\" \/>\n\t<meta property=\"og:image:width\" content=\"1280\" \/>\n\t<meta property=\"og:image:height\" content=\"720\" \/>\n\t<meta property=\"og:image:type\" content=\"image\/jpeg\" \/>\n<meta name=\"author\" content=\"Douglas Myth\" \/>\n<meta name=\"twitter:card\" content=\"summary_large_image\" \/>\n<meta name=\"twitter:label1\" content=\"Escrito por\" \/>\n\t<meta name=\"twitter:data1\" content=\"Douglas Myth\" \/>\n\t<meta name=\"twitter:label2\" content=\"Est. tempo de leitura\" \/>\n\t<meta name=\"twitter:data2\" content=\"5 minutos\" \/>\n<!-- \/ Yoast SEO plugin. -->","yoast_head_json":{"title":"Por que sentimos necessidade de controle em certas situa\u00e7\u00f5es? - Estado de Minas - Em foco","description":"Quando tudo precisa estar sob controle, algo dentro pode estar em colapso. Entenda o que esse comportamento esconde.","robots":{"index":"index","follow":"follow","max-snippet":"max-snippet:-1","max-image-preview":"max-image-preview:large","max-video-preview":"max-video-preview:-1"},"canonical":"https:\/\/www.em.com.br\/emfoco\/2025\/05\/29\/por-que-sentimos-necessidade-de-controle-em-certas-situacoes\/","og_locale":"pt_BR","og_type":"article","og_title":"Por que sentimos necessidade de controle em certas situa\u00e7\u00f5es? - Estado de Minas - Em foco","og_description":"Quando tudo precisa estar sob controle, algo dentro pode estar em colapso. Entenda o que esse comportamento esconde.","og_url":"https:\/\/www.em.com.br\/emfoco\/2025\/05\/29\/por-que-sentimos-necessidade-de-controle-em-certas-situacoes\/","og_site_name":"Estado de Minas - Em foco","article_published_time":"2025-05-30T00:30:22+00:00","article_modified_time":"2025-05-28T17:39:19+00:00","og_image":[{"width":1280,"height":720,"url":"https:\/\/www.em.com.br\/emfoco\/wp-content\/uploads\/2025\/05\/controle_1748353441638.jpg","type":"image\/jpeg"}],"author":"Douglas Myth","twitter_card":"summary_large_image","twitter_misc":{"Escrito por":"Douglas Myth","Est. tempo de leitura":"5 minutos"},"schema":{"@context":"https:\/\/schema.org","@graph":[{"@type":"WebPage","@id":"https:\/\/www.em.com.br\/emfoco\/2025\/05\/29\/por-que-sentimos-necessidade-de-controle-em-certas-situacoes\/","url":"https:\/\/www.em.com.br\/emfoco\/2025\/05\/29\/por-que-sentimos-necessidade-de-controle-em-certas-situacoes\/","name":"Por que sentimos necessidade de controle em certas situa\u00e7\u00f5es? - Estado de Minas - Em foco","isPartOf":{"@id":"https:\/\/www.em.com.br\/emfoco\/#website"},"primaryImageOfPage":{"@id":"https:\/\/www.em.com.br\/emfoco\/2025\/05\/29\/por-que-sentimos-necessidade-de-controle-em-certas-situacoes\/#primaryimage"},"image":{"@id":"https:\/\/www.em.com.br\/emfoco\/2025\/05\/29\/por-que-sentimos-necessidade-de-controle-em-certas-situacoes\/#primaryimage"},"thumbnailUrl":"https:\/\/www.em.com.br\/emfoco\/wp-content\/uploads\/2025\/05\/controle_1748353441638.jpg","datePublished":"2025-05-30T00:30:22+00:00","dateModified":"2025-05-28T17:39:19+00:00","author":{"@id":"https:\/\/www.em.com.br\/emfoco\/#\/schema\/person\/bba594b7eebe9b9885fec3a5c7837089"},"description":"Quando tudo precisa estar sob controle, algo dentro pode estar em colapso. Entenda o que esse comportamento esconde.","breadcrumb":{"@id":"https:\/\/www.em.com.br\/emfoco\/2025\/05\/29\/por-que-sentimos-necessidade-de-controle-em-certas-situacoes\/#breadcrumb"},"inLanguage":"pt-BR","potentialAction":[{"@type":"ReadAction","target":["https:\/\/www.em.com.br\/emfoco\/2025\/05\/29\/por-que-sentimos-necessidade-de-controle-em-certas-situacoes\/"]}]},{"@type":"ImageObject","inLanguage":"pt-BR","@id":"https:\/\/www.em.com.br\/emfoco\/2025\/05\/29\/por-que-sentimos-necessidade-de-controle-em-certas-situacoes\/#primaryimage","url":"https:\/\/www.em.com.br\/emfoco\/wp-content\/uploads\/2025\/05\/controle_1748353441638.jpg","contentUrl":"https:\/\/www.em.com.br\/emfoco\/wp-content\/uploads\/2025\/05\/controle_1748353441638.jpg","width":1280,"height":720,"caption":"Necessidade de controle - Cr\u00e9ditos: depositphotos.com \/ HayDmitriy"},{"@type":"BreadcrumbList","@id":"https:\/\/www.em.com.br\/emfoco\/2025\/05\/29\/por-que-sentimos-necessidade-de-controle-em-certas-situacoes\/#breadcrumb","itemListElement":[{"@type":"ListItem","position":1,"name":"In\u00edcio","item":"https:\/\/www.em.com.br\/emfoco\/"},{"@type":"ListItem","position":2,"name":"Por que sentimos necessidade de controle em certas situa\u00e7\u00f5es?"}]},{"@type":"WebSite","@id":"https:\/\/www.em.com.br\/emfoco\/#website","url":"https:\/\/www.em.com.br\/emfoco\/","name":"Estado de Minas - Em foco","description":"Acompanhe as \u00faltimas not\u00edcias e fique bem informado sobre tudo o que acontece em Minas Gerais, Brasil e no mundo.","potentialAction":[{"@type":"SearchAction","target":{"@type":"EntryPoint","urlTemplate":"https:\/\/www.em.com.br\/emfoco\/?s={search_term_string}"},"query-input":{"@type":"PropertyValueSpecification","valueRequired":true,"valueName":"search_term_string"}}],"inLanguage":"pt-BR"},{"@type":"Person","@id":"https:\/\/www.em.com.br\/emfoco\/#\/schema\/person\/bba594b7eebe9b9885fec3a5c7837089","name":"Douglas Myth","image":{"@type":"ImageObject","inLanguage":"pt-BR","@id":"https:\/\/www.em.com.br\/emfoco\/#\/schema\/person\/image\/","url":"https:\/\/secure.gravatar.com\/avatar\/1ac3cf50d0e68642c697dc0c960c802f?s=96&d=mm&r=g","contentUrl":"https:\/\/secure.gravatar.com\/avatar\/1ac3cf50d0e68642c697dc0c960c802f?s=96&d=mm&r=g","caption":"Douglas Myth"},"url":"https:\/\/www.em.com.br\/emfoco\/author\/douglasmyth\/"}]}},"_links":{"self":[{"href":"https:\/\/www.em.com.br\/emfoco\/wp-json\/wp\/v2\/posts\/51844","targetHints":{"allow":["GET"]}}],"collection":[{"href":"https:\/\/www.em.com.br\/emfoco\/wp-json\/wp\/v2\/posts"}],"about":[{"href":"https:\/\/www.em.com.br\/emfoco\/wp-json\/wp\/v2\/types\/post"}],"author":[{"embeddable":true,"href":"https:\/\/www.em.com.br\/emfoco\/wp-json\/wp\/v2\/users\/15"}],"replies":[{"embeddable":true,"href":"https:\/\/www.em.com.br\/emfoco\/wp-json\/wp\/v2\/comments?post=51844"}],"version-history":[{"count":2,"href":"https:\/\/www.em.com.br\/emfoco\/wp-json\/wp\/v2\/posts\/51844\/revisions"}],"predecessor-version":[{"id":51864,"href":"https:\/\/www.em.com.br\/emfoco\/wp-json\/wp\/v2\/posts\/51844\/revisions\/51864"}],"wp:featuredmedia":[{"embeddable":true,"href":"https:\/\/www.em.com.br\/emfoco\/wp-json\/wp\/v2\/media\/51848"}],"wp:attachment":[{"href":"https:\/\/www.em.com.br\/emfoco\/wp-json\/wp\/v2\/media?parent=51844"}],"wp:term":[{"taxonomy":"category","embeddable":true,"href":"https:\/\/www.em.com.br\/emfoco\/wp-json\/wp\/v2\/categories?post=51844"},{"taxonomy":"post_tag","embeddable":true,"href":"https:\/\/www.em.com.br\/emfoco\/wp-json\/wp\/v2\/tags?post=51844"}],"curies":[{"name":"wp","href":"https:\/\/api.w.org\/{rel}","templated":true}]}}