{"id":51807,"date":"2025-05-29T15:30:04","date_gmt":"2025-05-29T18:30:04","guid":{"rendered":"https:\/\/www.em.com.br\/emfoco\/?p=51807"},"modified":"2025-05-28T14:38:59","modified_gmt":"2025-05-28T17:38:59","slug":"como-a-gratidao-afeta-nosso-bem-estar","status":"publish","type":"post","link":"https:\/\/www.em.com.br\/emfoco\/2025\/05\/29\/como-a-gratidao-afeta-nosso-bem-estar\/","title":{"rendered":"Como a gratid\u00e3o afeta nosso bem-estar?"},"content":{"rendered":"\n<p>A gratid\u00e3o \u00e9 um sentimento de reconhecimento e aprecia\u00e7\u00e3o por algo que se recebeu, seja um presente, um gesto de bondade ou uma experi\u00eancia positiva. Ela se manifesta de diversas formas, como express\u00f5es verbais de agradecimento, gestos de carinho ou at\u00e9 mesmo um simples sorriso. Este sentimento pode ser direcionado a pessoas, situa\u00e7\u00f5es ou at\u00e9 mesmo a uma for\u00e7a maior, dependendo das cren\u00e7as individuais.<\/p>\n\n\n\n<p>Quando algu\u00e9m pratica a gratid\u00e3o, ocorre uma mudan\u00e7a na perspectiva, onde o foco se desloca das car\u00eancias para as abund\u00e2ncias. Isso n\u00e3o significa ignorar os desafios, mas sim reconhecer e valorizar os aspectos <a href=\"https:\/\/www.em.com.br\/emfoco\/2025\/05\/23\/como-a-meditacao-afeta-nosso-cerebro\/\" target=\"_blank\" rel=\"noreferrer noopener\">positivos<\/a> da vida. A pr\u00e1tica regular da gratid\u00e3o pode se tornar um h\u00e1bito que transforma a maneira como se encara o mundo, promovendo uma vis\u00e3o mais otimista e positiva.<\/p>\n\n\n\n<h2 class=\"wp-block-heading\">Como a gratid\u00e3o afeta o c\u00e9rebro?<\/h2>\n\n\n\n<p>A gratid\u00e3o tem um impacto direto no c\u00e9rebro, desencadeando uma s\u00e9rie de rea\u00e7\u00f5es qu\u00edmicas que promovem o bem-estar. Quando uma pessoa expressa ou sente gratid\u00e3o, o c\u00e9rebro libera neurotransmissores como a dopamina e a serotonina, que s\u00e3o respons\u00e1veis por sensa\u00e7\u00f5es de prazer e felicidade. Esses neurotransmissores tamb\u00e9m ajudam a regular o humor e a combater a depress\u00e3o.<\/p>\n\n\n\n<p>Al\u00e9m disso, estudos mostram que a pr\u00e1tica regular da gratid\u00e3o pode aumentar a atividade no c\u00f3rtex pr\u00e9-frontal, a \u00e1rea do c\u00e9rebro associada ao planejamento e \u00e0 tomada de decis\u00f5es. Isso sugere que a gratid\u00e3o n\u00e3o apenas melhora o humor, mas tamb\u00e9m pode influenciar positivamente a capacidade de pensar e agir de forma mais racional e equilibrada.<\/p>\n\n\n<div class=\"wp-block-image\">\n<figure class=\"aligncenter size-large\"><img loading=\"lazy\" decoding=\"async\" width=\"1024\" height=\"576\" src=\"https:\/\/www.em.com.br\/emfoco\/wp-content\/uploads\/2025\/05\/gratidao_1748351761664-1024x576.jpg\" alt=\"Gratid\u00e3o\" class=\"wp-image-51810\" srcset=\"https:\/\/www.em.com.br\/emfoco\/wp-content\/uploads\/2025\/05\/gratidao_1748351761664-1024x576.jpg 1024w, https:\/\/www.em.com.br\/emfoco\/wp-content\/uploads\/2025\/05\/gratidao_1748351761664-300x169.jpg 300w, https:\/\/www.em.com.br\/emfoco\/wp-content\/uploads\/2025\/05\/gratidao_1748351761664-768x432.jpg 768w, https:\/\/www.em.com.br\/emfoco\/wp-content\/uploads\/2025\/05\/gratidao_1748351761664-750x422.jpg 750w, https:\/\/www.em.com.br\/emfoco\/wp-content\/uploads\/2025\/05\/gratidao_1748351761664-1140x641.jpg 1140w, https:\/\/www.em.com.br\/emfoco\/wp-content\/uploads\/2025\/05\/gratidao_1748351761664.jpg 1280w\" sizes=\"auto, (max-width: 1024px) 100vw, 1024px\" \/><figcaption class=\"wp-element-caption\">Gratid\u00e3o &#8211; Cr\u00e9ditos: depositphotos.com \/ DimaBaranow<\/figcaption><\/figure><\/div>\n\n\n<h2 class=\"wp-block-heading\">Quais s\u00e3o os benef\u00edcios emocionais da gratid\u00e3o?<\/h2>\n\n\n\n<p>Os benef\u00edcios emocionais da gratid\u00e3o s\u00e3o vastos e incluem a redu\u00e7\u00e3o do estresse, aumento da resili\u00eancia e melhora na sa\u00fade mental. Pessoas que praticam a gratid\u00e3o regularmente tendem a experimentar menos sintomas de ansiedade e depress\u00e3o, pois a gratid\u00e3o ajuda a focar nas coisas boas da vida, diminuindo a aten\u00e7\u00e3o dada aos problemas e dificuldades.<\/p>\n\n\n\n<p>Al\u00e9m disso, a gratid\u00e3o fortalece as rela\u00e7\u00f5es interpessoais, pois expressar agradecimento pode aumentar a empatia e a conex\u00e3o com os outros. Isso resulta em uma rede de apoio mais s\u00f3lida, o que \u00e9 crucial para o bem-estar emocional. A gratid\u00e3o tamb\u00e9m promove uma maior satisfa\u00e7\u00e3o com a vida, pois ensina a valorizar o presente e as experi\u00eancias vividas.<\/p>\n\n\n\n<h2 class=\"wp-block-heading\">Como a gratid\u00e3o pode influenciar as escolhas di\u00e1rias?<\/h2>\n\n\n\n<p>Praticar a gratid\u00e3o pode influenciar significativamente as escolhas di\u00e1rias, pois altera a forma como se percebe e reage \u00e0s situa\u00e7\u00f5es. Quando se est\u00e1 grato, \u00e9 mais prov\u00e1vel que se fa\u00e7a escolhas que <a href=\"https:\/\/g1.globo.com\/sp\/presidente-prudente-regiao\/blog\/psicoblog\/post\/2023\/08\/08\/o-poder-da-gratidao.ghtml\" target=\"_blank\" rel=\"noreferrer noopener\">promovam<\/a> o bem-estar pr\u00f3prio e dos outros, como optar por uma alimenta\u00e7\u00e3o saud\u00e1vel, praticar exerc\u00edcios f\u00edsicos ou dedicar tempo a atividades que tragam alegria.<\/p>\n\n\n\n<p>Al\u00e9m disso, a gratid\u00e3o pode ajudar a tomar decis\u00f5es mais ponderadas e menos impulsivas. Ao focar nos aspectos positivos e no que realmente importa, as pessoas tendem a priorizar o que traz satisfa\u00e7\u00e3o duradoura em vez de gratifica\u00e7\u00f5es imediatas. Isso pode levar a uma vida mais equilibrada e satisfat\u00f3ria.<\/p>\n\n\n\n<h2 class=\"wp-block-heading\">Quais s\u00e3o os efeitos pr\u00e1ticos da gratid\u00e3o no cotidiano?<\/h2>\n\n\n\n<p>No cotidiano, a gratid\u00e3o pode se manifestar de v\u00e1rias maneiras pr\u00e1ticas, como melhorar a qualidade do sono, aumentar a produtividade e fortalecer os relacionamentos. Pessoas gratas tendem a dormir melhor, pois a pr\u00e1tica de agradecer antes de dormir pode acalmar a mente e reduzir preocupa\u00e7\u00f5es, promovendo um sono mais reparador.<\/p>\n\n\n\n<p>Al\u00e9m disso, a gratid\u00e3o pode aumentar a motiva\u00e7\u00e3o e a efici\u00eancia no trabalho, pois um estado mental positivo \u00e9 prop\u00edcio para a criatividade e resolu\u00e7\u00e3o de problemas. Nos relacionamentos, expressar gratid\u00e3o fortalece os la\u00e7os e promove uma comunica\u00e7\u00e3o mais aberta e honesta, criando um ambiente de confian\u00e7a e apoio m\u00fatuo.<\/p>\n\n\n\n<h2 class=\"wp-block-heading\">Como come\u00e7ar a praticar a gratid\u00e3o?<\/h2>\n\n\n\n<p>Iniciar a pr\u00e1tica da gratid\u00e3o pode ser simples e n\u00e3o requer muito tempo. Uma maneira eficaz \u00e9 manter um di\u00e1rio de gratid\u00e3o, onde se escreve diariamente tr\u00eas coisas pelas quais se \u00e9 grato. Isso ajuda a focar nos aspectos positivos e a desenvolver uma mentalidade mais otimista.<\/p>\n\n\n\n<p>Outra pr\u00e1tica \u00e9 expressar verbalmente ou por escrito o agradecimento \u00e0s pessoas ao redor. Isso n\u00e3o s\u00f3 fortalece as rela\u00e7\u00f5es, mas tamb\u00e9m refor\u00e7a o h\u00e1bito de reconhecer e valorizar o que se tem. Medita\u00e7\u00f5es guiadas e reflex\u00f5es di\u00e1rias tamb\u00e9m podem ser incorporadas \u00e0 rotina para cultivar um estado de gratid\u00e3o cont\u00ednuo.<\/p>\n","protected":false},"excerpt":{"rendered":"<p>A gratid\u00e3o \u00e9 um sentimento de reconhecimento e aprecia\u00e7\u00e3o por algo que se recebeu, seja um presente, um gesto de bondade ou uma experi\u00eancia positiva. Ela se manifesta de diversas formas, como express\u00f5es verbais de agradecimento, gestos de carinho ou at\u00e9 mesmo um simples sorriso. Este sentimento pode ser direcionado a pessoas, situa\u00e7\u00f5es ou at\u00e9 [&hellip;]<\/p>\n","protected":false},"author":15,"featured_media":51809,"comment_status":"open","ping_status":"open","sticky":false,"template":"","format":"standard","meta":{"jnews-multi-image_gallery":[],"jnews_single_post":{"format":"standard"},"jnews_primary_category":[],"jnews_social_meta":[],"jnews_override_counter":[],"footnotes":""},"categories":[8819],"tags":[711,4312,5858,8602,410],"class_list":["post-51807","post","type-post","status-publish","format-standard","has-post-thumbnail","hentry","category-curiosidades","tag-bem-estar","tag-cerebro","tag-gratidao","tag-otimismo","tag-saude-mental"],"yoast_head":"<!-- This site is optimized with the Yoast SEO plugin v23.8 - https:\/\/yoast.com\/wordpress\/plugins\/seo\/ -->\n<title>Como a gratid\u00e3o afeta nosso bem-estar? - Estado de Minas - Em foco<\/title>\n<meta name=\"description\" content=\"Ela parece simples, mas transforma tudo. Entenda como a gratid\u00e3o atua no c\u00e9rebro e melhora sua sa\u00fade emocional.\" \/>\n<meta name=\"robots\" content=\"index, follow, max-snippet:-1, max-image-preview:large, max-video-preview:-1\" \/>\n<link rel=\"canonical\" href=\"https:\/\/www.em.com.br\/emfoco\/2025\/05\/29\/como-a-gratidao-afeta-nosso-bem-estar\/\" \/>\n<meta property=\"og:locale\" content=\"pt_BR\" \/>\n<meta property=\"og:type\" content=\"article\" \/>\n<meta property=\"og:title\" content=\"Como a gratid\u00e3o afeta nosso bem-estar? - Estado de Minas - Em foco\" \/>\n<meta property=\"og:description\" content=\"Ela parece simples, mas transforma tudo. Entenda como a gratid\u00e3o atua no c\u00e9rebro e melhora sua sa\u00fade emocional.\" \/>\n<meta property=\"og:url\" content=\"https:\/\/www.em.com.br\/emfoco\/2025\/05\/29\/como-a-gratidao-afeta-nosso-bem-estar\/\" \/>\n<meta property=\"og:site_name\" content=\"Estado de Minas - Em foco\" \/>\n<meta property=\"article:published_time\" content=\"2025-05-29T18:30:04+00:00\" \/>\n<meta property=\"article:modified_time\" content=\"2025-05-28T17:38:59+00:00\" \/>\n<meta property=\"og:image\" content=\"https:\/\/www.em.com.br\/emfoco\/wp-content\/uploads\/2025\/05\/gratidao_1748351689239.jpg\" \/>\n\t<meta property=\"og:image:width\" content=\"1280\" \/>\n\t<meta property=\"og:image:height\" content=\"720\" \/>\n\t<meta property=\"og:image:type\" content=\"image\/jpeg\" \/>\n<meta name=\"author\" content=\"Douglas Myth\" \/>\n<meta name=\"twitter:card\" content=\"summary_large_image\" \/>\n<meta name=\"twitter:label1\" content=\"Escrito por\" \/>\n\t<meta name=\"twitter:data1\" content=\"Douglas Myth\" \/>\n\t<meta name=\"twitter:label2\" content=\"Est. tempo de leitura\" \/>\n\t<meta name=\"twitter:data2\" content=\"5 minutos\" \/>\n<!-- \/ Yoast SEO plugin. -->","yoast_head_json":{"title":"Como a gratid\u00e3o afeta nosso bem-estar? - Estado de Minas - Em foco","description":"Ela parece simples, mas transforma tudo. Entenda como a gratid\u00e3o atua no c\u00e9rebro e melhora sua sa\u00fade emocional.","robots":{"index":"index","follow":"follow","max-snippet":"max-snippet:-1","max-image-preview":"max-image-preview:large","max-video-preview":"max-video-preview:-1"},"canonical":"https:\/\/www.em.com.br\/emfoco\/2025\/05\/29\/como-a-gratidao-afeta-nosso-bem-estar\/","og_locale":"pt_BR","og_type":"article","og_title":"Como a gratid\u00e3o afeta nosso bem-estar? - Estado de Minas - Em foco","og_description":"Ela parece simples, mas transforma tudo. Entenda como a gratid\u00e3o atua no c\u00e9rebro e melhora sua sa\u00fade emocional.","og_url":"https:\/\/www.em.com.br\/emfoco\/2025\/05\/29\/como-a-gratidao-afeta-nosso-bem-estar\/","og_site_name":"Estado de Minas - Em foco","article_published_time":"2025-05-29T18:30:04+00:00","article_modified_time":"2025-05-28T17:38:59+00:00","og_image":[{"width":1280,"height":720,"url":"https:\/\/www.em.com.br\/emfoco\/wp-content\/uploads\/2025\/05\/gratidao_1748351689239.jpg","type":"image\/jpeg"}],"author":"Douglas Myth","twitter_card":"summary_large_image","twitter_misc":{"Escrito por":"Douglas Myth","Est. tempo de leitura":"5 minutos"},"schema":{"@context":"https:\/\/schema.org","@graph":[{"@type":"WebPage","@id":"https:\/\/www.em.com.br\/emfoco\/2025\/05\/29\/como-a-gratidao-afeta-nosso-bem-estar\/","url":"https:\/\/www.em.com.br\/emfoco\/2025\/05\/29\/como-a-gratidao-afeta-nosso-bem-estar\/","name":"Como a gratid\u00e3o afeta nosso bem-estar? - Estado de Minas - Em foco","isPartOf":{"@id":"https:\/\/www.em.com.br\/emfoco\/#website"},"primaryImageOfPage":{"@id":"https:\/\/www.em.com.br\/emfoco\/2025\/05\/29\/como-a-gratidao-afeta-nosso-bem-estar\/#primaryimage"},"image":{"@id":"https:\/\/www.em.com.br\/emfoco\/2025\/05\/29\/como-a-gratidao-afeta-nosso-bem-estar\/#primaryimage"},"thumbnailUrl":"https:\/\/www.em.com.br\/emfoco\/wp-content\/uploads\/2025\/05\/gratidao_1748351689239.jpg","datePublished":"2025-05-29T18:30:04+00:00","dateModified":"2025-05-28T17:38:59+00:00","author":{"@id":"https:\/\/www.em.com.br\/emfoco\/#\/schema\/person\/bba594b7eebe9b9885fec3a5c7837089"},"description":"Ela parece simples, mas transforma tudo. Entenda como a gratid\u00e3o atua no c\u00e9rebro e melhora sua sa\u00fade emocional.","breadcrumb":{"@id":"https:\/\/www.em.com.br\/emfoco\/2025\/05\/29\/como-a-gratidao-afeta-nosso-bem-estar\/#breadcrumb"},"inLanguage":"pt-BR","potentialAction":[{"@type":"ReadAction","target":["https:\/\/www.em.com.br\/emfoco\/2025\/05\/29\/como-a-gratidao-afeta-nosso-bem-estar\/"]}]},{"@type":"ImageObject","inLanguage":"pt-BR","@id":"https:\/\/www.em.com.br\/emfoco\/2025\/05\/29\/como-a-gratidao-afeta-nosso-bem-estar\/#primaryimage","url":"https:\/\/www.em.com.br\/emfoco\/wp-content\/uploads\/2025\/05\/gratidao_1748351689239.jpg","contentUrl":"https:\/\/www.em.com.br\/emfoco\/wp-content\/uploads\/2025\/05\/gratidao_1748351689239.jpg","width":1280,"height":720,"caption":"Gratid\u00e3o - Cr\u00e9ditos: depositphotos.com \/ tutye"},{"@type":"BreadcrumbList","@id":"https:\/\/www.em.com.br\/emfoco\/2025\/05\/29\/como-a-gratidao-afeta-nosso-bem-estar\/#breadcrumb","itemListElement":[{"@type":"ListItem","position":1,"name":"In\u00edcio","item":"https:\/\/www.em.com.br\/emfoco\/"},{"@type":"ListItem","position":2,"name":"Como a gratid\u00e3o afeta nosso bem-estar?"}]},{"@type":"WebSite","@id":"https:\/\/www.em.com.br\/emfoco\/#website","url":"https:\/\/www.em.com.br\/emfoco\/","name":"Estado de Minas - Em foco","description":"Acompanhe as \u00faltimas not\u00edcias e fique bem informado sobre tudo o que acontece em Minas Gerais, Brasil e no mundo.","potentialAction":[{"@type":"SearchAction","target":{"@type":"EntryPoint","urlTemplate":"https:\/\/www.em.com.br\/emfoco\/?s={search_term_string}"},"query-input":{"@type":"PropertyValueSpecification","valueRequired":true,"valueName":"search_term_string"}}],"inLanguage":"pt-BR"},{"@type":"Person","@id":"https:\/\/www.em.com.br\/emfoco\/#\/schema\/person\/bba594b7eebe9b9885fec3a5c7837089","name":"Douglas Myth","image":{"@type":"ImageObject","inLanguage":"pt-BR","@id":"https:\/\/www.em.com.br\/emfoco\/#\/schema\/person\/image\/","url":"https:\/\/secure.gravatar.com\/avatar\/1ac3cf50d0e68642c697dc0c960c802f?s=96&d=mm&r=g","contentUrl":"https:\/\/secure.gravatar.com\/avatar\/1ac3cf50d0e68642c697dc0c960c802f?s=96&d=mm&r=g","caption":"Douglas Myth"},"url":"https:\/\/www.em.com.br\/emfoco\/author\/douglasmyth\/"}]}},"_links":{"self":[{"href":"https:\/\/www.em.com.br\/emfoco\/wp-json\/wp\/v2\/posts\/51807","targetHints":{"allow":["GET"]}}],"collection":[{"href":"https:\/\/www.em.com.br\/emfoco\/wp-json\/wp\/v2\/posts"}],"about":[{"href":"https:\/\/www.em.com.br\/emfoco\/wp-json\/wp\/v2\/types\/post"}],"author":[{"embeddable":true,"href":"https:\/\/www.em.com.br\/emfoco\/wp-json\/wp\/v2\/users\/15"}],"replies":[{"embeddable":true,"href":"https:\/\/www.em.com.br\/emfoco\/wp-json\/wp\/v2\/comments?post=51807"}],"version-history":[{"count":2,"href":"https:\/\/www.em.com.br\/emfoco\/wp-json\/wp\/v2\/posts\/51807\/revisions"}],"predecessor-version":[{"id":51812,"href":"https:\/\/www.em.com.br\/emfoco\/wp-json\/wp\/v2\/posts\/51807\/revisions\/51812"}],"wp:featuredmedia":[{"embeddable":true,"href":"https:\/\/www.em.com.br\/emfoco\/wp-json\/wp\/v2\/media\/51809"}],"wp:attachment":[{"href":"https:\/\/www.em.com.br\/emfoco\/wp-json\/wp\/v2\/media?parent=51807"}],"wp:term":[{"taxonomy":"category","embeddable":true,"href":"https:\/\/www.em.com.br\/emfoco\/wp-json\/wp\/v2\/categories?post=51807"},{"taxonomy":"post_tag","embeddable":true,"href":"https:\/\/www.em.com.br\/emfoco\/wp-json\/wp\/v2\/tags?post=51807"}],"curies":[{"name":"wp","href":"https:\/\/api.w.org\/{rel}","templated":true}]}}