{"id":51766,"date":"2025-05-27T10:00:31","date_gmt":"2025-05-27T13:00:31","guid":{"rendered":"https:\/\/www.em.com.br\/emfoco\/?p=51766"},"modified":"2025-05-27T10:00:32","modified_gmt":"2025-05-27T13:00:32","slug":"saiba-como-o-cravo-da-india-pode-purificar-sua-energia-e-atrair-prosperidade-em-7-dias","status":"publish","type":"post","link":"https:\/\/www.em.com.br\/emfoco\/2025\/05\/27\/saiba-como-o-cravo-da-india-pode-purificar-sua-energia-e-atrair-prosperidade-em-7-dias\/","title":{"rendered":"Saiba como o cravo-da-\u00edndia pode purificar sua energia e atrair prosperidade\u00a0em 7 dias"},"content":{"rendered":"\n<p>O&nbsp;<strong>cravo-da-\u00cdndia<\/strong>&nbsp;\u00e9 amplamente conhecido por seu uso culin\u00e1rio, mas suas propriedades v\u00e3o al\u00e9m da cozinha. Esta especiaria \u00e9 valorizada por suas capacidades de promover equil\u00edbrio energ\u00e9tico e prote\u00e7\u00e3o espiritual. Muitos praticantes de terapias hol\u00edsticas utilizam o cravo para fortalecer a aura e harmonizar os chakras, aproveitando suas vibra\u00e7\u00f5es positivas.<\/p>\n\n\n\n<p>Quando usado com inten\u00e7\u00e3o, o cravo-da-\u00edndia pode se tornar um poderoso aliado na busca por bem-estar espiritual. Elementos naturais, como ervas e especiarias, s\u00e3o frequentemente empregados para ajudar a limpar e alinhar a energia pessoal, criando um ambiente prop\u00edcio para a renova\u00e7\u00e3o interna.<\/p>\n\n\n\n<h2 class=\"wp-block-heading\">Como o cravo-da-\u00edndia pode purificar a energia?<\/h2>\n\n\n\n<p>O cravo-da-\u00edndia \u00e9 reconhecido por suas propriedades purificadoras. Ele \u00e9 utilizado para eliminar energias negativas e influ\u00eancias externas que podem afetar o equil\u00edbrio pessoal. Al\u00e9m disso, o cravo \u00e9 eficaz na prote\u00e7\u00e3o contra sentimentos de inveja e negatividade, promovendo uma sensa\u00e7\u00e3o de clareza e leveza.<\/p>\n\n\n\n<p>Ao remover essas energias indesejadas, o cravo-da-\u00edndia abre espa\u00e7o para novas vibra\u00e7\u00f5es positivas, permitindo que a pessoa se alinhe com seus objetivos e encontre um estado de paz interior.<\/p>\n\n\n\n<h2 class=\"wp-block-heading\">De que forma o cravo-da-\u00edndia ajuda em bloqueios energ\u00e9ticos?<\/h2>\n\n\n\n<p>Em momentos de estagna\u00e7\u00e3o, seja no \u00e2mbito emocional, financeiro ou espiritual, o cravo-da-\u00edndia pode ser uma ferramenta eficaz para desbloquear essas barreiras. Sua energia atua diretamente na remo\u00e7\u00e3o de obst\u00e1culos invis\u00edveis, facilitando a abertura para novas oportunidades e experi\u00eancias.<\/p>\n\n\n\n<figure class=\"wp-block-image\"><img decoding=\"async\" src=\"https:\/\/www.em.com.br\/emfoco\/wp-content\/uploads\/2025\/05\/cravo-da-india_1746309746050-1024x576.jpg\" alt=\"\"\/><figcaption class=\"wp-element-caption\">cravo-da-india &#8211; Cr\u00e9ditos: depositphotos.com \/ AndreySt<\/figcaption><\/figure>\n\n\n\n<p>A chave para o uso eficaz do cravo-da-\u00edndia est\u00e1 na inten\u00e7\u00e3o. Ao manipular essa especiaria, \u00e9 importante ter clareza sobre o que se deseja alcan\u00e7ar, seja amor, prosperidade ou outro objetivo espec\u00edfico.<\/p>\n\n\n\n<h2 class=\"wp-block-heading\">Quais s\u00e3o as maneiras de incorporar o cravo-da-\u00edndia em pr\u00e1ticas espirituais?<\/h2>\n\n\n\n<p>Existem v\u00e1rias maneiras de utilizar o cravo-da-\u00edndia em pr\u00e1ticas espirituais e energ\u00e9ticas. Aqui est\u00e3o algumas sugest\u00f5es:<\/p>\n\n\n\n<ul class=\"wp-block-list\">\n<li><strong>Banho energ\u00e9tico:<\/strong>\u00a0Ferva cravos em \u00e1gua e use essa infus\u00e3o em um banho, focando na inten\u00e7\u00e3o desejada.<\/li>\n\n\n\n<li><strong>Ch\u00e1 intencional:<\/strong>\u00a0Prepare um ch\u00e1 de cravo e consuma-o enquanto visualiza a remo\u00e7\u00e3o de bloqueios.<\/li>\n\n\n\n<li><strong>Uso culin\u00e1rio:<\/strong>\u00a0Adicione cravo em suas refei\u00e7\u00f5es, mentalizando os benef\u00edcios que deseja atrair.<\/li>\n\n\n\n<li><strong>Combina\u00e7\u00e3o com outras ervas:<\/strong>\u00a0Misture cravo com canela para potencializar seus efeitos protetores e de atra\u00e7\u00e3o.<\/li>\n<\/ul>\n\n\n\n<h2 class=\"wp-block-heading\">Por que a inten\u00e7\u00e3o \u00e9 crucial no uso do cravo-da-\u00edndia?<\/h2>\n\n\n\n<p>A inten\u00e7\u00e3o \u00e9 um componente essencial ao trabalhar com o cravo-da-\u00edndia. A energia que se coloca em cada ritual \u00e9 o que transforma a pr\u00e1tica em um poderoso ato de transforma\u00e7\u00e3o espiritual. Quando utilizado com amor e consci\u00eancia, o cravo-da-\u00edndia transcende seu papel de especiaria e se torna um elemento sagrado.<\/p>\n\n\n\n<p>Seu aroma e sabor, aliados \u00e0 inten\u00e7\u00e3o positiva, podem ajudar a limpar, alinhar e fortalecer a energia pessoal. Em tempos de desafios internos ou externos, recorrer a pr\u00e1ticas naturais pode ser um caminho eficaz para reencontrar o equil\u00edbrio e a harmonia.<\/p>\n","protected":false},"excerpt":{"rendered":"<p>O&nbsp;cravo-da-\u00cdndia&nbsp;\u00e9 amplamente conhecido por seu uso culin\u00e1rio, mas suas propriedades v\u00e3o al\u00e9m da cozinha. Esta especiaria \u00e9 valorizada por suas capacidades de promover equil\u00edbrio energ\u00e9tico e prote\u00e7\u00e3o espiritual. Muitos praticantes de terapias hol\u00edsticas utilizam o cravo para fortalecer a aura e harmonizar os chakras, aproveitando suas vibra\u00e7\u00f5es positivas. Quando usado com inten\u00e7\u00e3o, o cravo-da-\u00edndia pode [&hellip;]<\/p>\n","protected":false},"author":11,"featured_media":51777,"comment_status":"open","ping_status":"open","sticky":false,"template":"","format":"standard","meta":{"jnews-multi-image_gallery":[],"jnews_single_post":{"format":"standard"},"jnews_primary_category":[],"jnews_social_meta":[],"jnews_override_counter":[],"footnotes":""},"categories":[1],"tags":[],"class_list":["post-51766","post","type-post","status-publish","format-standard","has-post-thumbnail","hentry","category-noticias"],"yoast_head":"<!-- This site is optimized with the Yoast SEO plugin v23.8 - https:\/\/yoast.com\/wordpress\/plugins\/seo\/ -->\n<title>Saiba como o cravo-da-\u00edndia pode purificar sua energia e atrair prosperidade\u00a0em 7 dias - Estado de Minas - Em foco<\/title>\n<meta name=\"description\" content=\"Veja os benef\u00edcios espirituais do cravo-da-\u00edndia e como us\u00e1-lo em banhos, ch\u00e1s e rituais para equil\u00edbrio, prote\u00e7\u00e3o e limpeza energ\u00e9tica.\" \/>\n<meta name=\"robots\" content=\"index, follow, max-snippet:-1, max-image-preview:large, max-video-preview:-1\" \/>\n<link rel=\"canonical\" href=\"https:\/\/www.em.com.br\/emfoco\/2025\/05\/27\/saiba-como-o-cravo-da-india-pode-purificar-sua-energia-e-atrair-prosperidade-em-7-dias\/\" \/>\n<meta property=\"og:locale\" content=\"pt_BR\" \/>\n<meta property=\"og:type\" content=\"article\" \/>\n<meta property=\"og:title\" content=\"Saiba como o cravo-da-\u00edndia pode purificar sua energia e atrair prosperidade\u00a0em 7 dias - Estado de Minas - Em foco\" \/>\n<meta property=\"og:description\" content=\"Veja os benef\u00edcios espirituais do cravo-da-\u00edndia e como us\u00e1-lo em banhos, ch\u00e1s e rituais para equil\u00edbrio, prote\u00e7\u00e3o e limpeza energ\u00e9tica.\" \/>\n<meta property=\"og:url\" content=\"https:\/\/www.em.com.br\/emfoco\/2025\/05\/27\/saiba-como-o-cravo-da-india-pode-purificar-sua-energia-e-atrair-prosperidade-em-7-dias\/\" \/>\n<meta property=\"og:site_name\" content=\"Estado de Minas - Em foco\" \/>\n<meta property=\"article:published_time\" content=\"2025-05-27T13:00:31+00:00\" \/>\n<meta property=\"article:modified_time\" content=\"2025-05-27T13:00:32+00:00\" \/>\n<meta property=\"og:image\" content=\"https:\/\/www.em.com.br\/emfoco\/wp-content\/uploads\/2025\/05\/cravo-da-india_1748353559926.jpg\" \/>\n\t<meta property=\"og:image:width\" content=\"1280\" \/>\n\t<meta property=\"og:image:height\" content=\"720\" \/>\n\t<meta property=\"og:image:type\" content=\"image\/jpeg\" \/>\n<meta name=\"author\" content=\"Andre\u0301 Rangel\u00a0\" \/>\n<meta name=\"twitter:card\" content=\"summary_large_image\" \/>\n<meta name=\"twitter:label1\" content=\"Escrito por\" \/>\n\t<meta name=\"twitter:data1\" content=\"Andre\u0301 Rangel\u00a0\" \/>\n\t<meta name=\"twitter:label2\" content=\"Est. tempo de leitura\" \/>\n\t<meta name=\"twitter:data2\" content=\"3 minutos\" \/>\n<!-- \/ Yoast SEO plugin. -->","yoast_head_json":{"title":"Saiba como o cravo-da-\u00edndia pode purificar sua energia e atrair prosperidade\u00a0em 7 dias - Estado de Minas - Em foco","description":"Veja os benef\u00edcios espirituais do cravo-da-\u00edndia e como us\u00e1-lo em banhos, ch\u00e1s e rituais para equil\u00edbrio, prote\u00e7\u00e3o e limpeza energ\u00e9tica.","robots":{"index":"index","follow":"follow","max-snippet":"max-snippet:-1","max-image-preview":"max-image-preview:large","max-video-preview":"max-video-preview:-1"},"canonical":"https:\/\/www.em.com.br\/emfoco\/2025\/05\/27\/saiba-como-o-cravo-da-india-pode-purificar-sua-energia-e-atrair-prosperidade-em-7-dias\/","og_locale":"pt_BR","og_type":"article","og_title":"Saiba como o cravo-da-\u00edndia pode purificar sua energia e atrair prosperidade\u00a0em 7 dias - Estado de Minas - Em foco","og_description":"Veja os benef\u00edcios espirituais do cravo-da-\u00edndia e como us\u00e1-lo em banhos, ch\u00e1s e rituais para equil\u00edbrio, prote\u00e7\u00e3o e limpeza energ\u00e9tica.","og_url":"https:\/\/www.em.com.br\/emfoco\/2025\/05\/27\/saiba-como-o-cravo-da-india-pode-purificar-sua-energia-e-atrair-prosperidade-em-7-dias\/","og_site_name":"Estado de Minas - Em foco","article_published_time":"2025-05-27T13:00:31+00:00","article_modified_time":"2025-05-27T13:00:32+00:00","og_image":[{"width":1280,"height":720,"url":"https:\/\/www.em.com.br\/emfoco\/wp-content\/uploads\/2025\/05\/cravo-da-india_1748353559926.jpg","type":"image\/jpeg"}],"author":"Andre\u0301 Rangel\u00a0","twitter_card":"summary_large_image","twitter_misc":{"Escrito por":"Andre\u0301 Rangel\u00a0","Est. tempo de leitura":"3 minutos"},"schema":{"@context":"https:\/\/schema.org","@graph":[{"@type":"WebPage","@id":"https:\/\/www.em.com.br\/emfoco\/2025\/05\/27\/saiba-como-o-cravo-da-india-pode-purificar-sua-energia-e-atrair-prosperidade-em-7-dias\/","url":"https:\/\/www.em.com.br\/emfoco\/2025\/05\/27\/saiba-como-o-cravo-da-india-pode-purificar-sua-energia-e-atrair-prosperidade-em-7-dias\/","name":"Saiba como o cravo-da-\u00edndia pode purificar sua energia e atrair prosperidade\u00a0em 7 dias - Estado de Minas - Em foco","isPartOf":{"@id":"https:\/\/www.em.com.br\/emfoco\/#website"},"primaryImageOfPage":{"@id":"https:\/\/www.em.com.br\/emfoco\/2025\/05\/27\/saiba-como-o-cravo-da-india-pode-purificar-sua-energia-e-atrair-prosperidade-em-7-dias\/#primaryimage"},"image":{"@id":"https:\/\/www.em.com.br\/emfoco\/2025\/05\/27\/saiba-como-o-cravo-da-india-pode-purificar-sua-energia-e-atrair-prosperidade-em-7-dias\/#primaryimage"},"thumbnailUrl":"https:\/\/www.em.com.br\/emfoco\/wp-content\/uploads\/2025\/05\/cravo-da-india_1748353559926.jpg","datePublished":"2025-05-27T13:00:31+00:00","dateModified":"2025-05-27T13:00:32+00:00","author":{"@id":"https:\/\/www.em.com.br\/emfoco\/#\/schema\/person\/60eda09c1fedf0d6891f4cef4b60b8b8"},"description":"Veja os benef\u00edcios espirituais do cravo-da-\u00edndia e como us\u00e1-lo em banhos, ch\u00e1s e rituais para equil\u00edbrio, prote\u00e7\u00e3o e limpeza energ\u00e9tica.","breadcrumb":{"@id":"https:\/\/www.em.com.br\/emfoco\/2025\/05\/27\/saiba-como-o-cravo-da-india-pode-purificar-sua-energia-e-atrair-prosperidade-em-7-dias\/#breadcrumb"},"inLanguage":"pt-BR","potentialAction":[{"@type":"ReadAction","target":["https:\/\/www.em.com.br\/emfoco\/2025\/05\/27\/saiba-como-o-cravo-da-india-pode-purificar-sua-energia-e-atrair-prosperidade-em-7-dias\/"]}]},{"@type":"ImageObject","inLanguage":"pt-BR","@id":"https:\/\/www.em.com.br\/emfoco\/2025\/05\/27\/saiba-como-o-cravo-da-india-pode-purificar-sua-energia-e-atrair-prosperidade-em-7-dias\/#primaryimage","url":"https:\/\/www.em.com.br\/emfoco\/wp-content\/uploads\/2025\/05\/cravo-da-india_1748353559926.jpg","contentUrl":"https:\/\/www.em.com.br\/emfoco\/wp-content\/uploads\/2025\/05\/cravo-da-india_1748353559926.jpg","width":1280,"height":720,"caption":"\u00c9poca de cultivo do seu Cravo-da-\u00edndia -Cr\u00e9ditos: depositphotos.com \/ lenyvavsha"},{"@type":"BreadcrumbList","@id":"https:\/\/www.em.com.br\/emfoco\/2025\/05\/27\/saiba-como-o-cravo-da-india-pode-purificar-sua-energia-e-atrair-prosperidade-em-7-dias\/#breadcrumb","itemListElement":[{"@type":"ListItem","position":1,"name":"In\u00edcio","item":"https:\/\/www.em.com.br\/emfoco\/"},{"@type":"ListItem","position":2,"name":"Saiba como o cravo-da-\u00edndia pode purificar sua energia e atrair prosperidade\u00a0em 7 dias"}]},{"@type":"WebSite","@id":"https:\/\/www.em.com.br\/emfoco\/#website","url":"https:\/\/www.em.com.br\/emfoco\/","name":"Estado de Minas - Em foco","description":"Acompanhe as \u00faltimas not\u00edcias e fique bem informado sobre tudo o que acontece em Minas Gerais, Brasil e no mundo.","potentialAction":[{"@type":"SearchAction","target":{"@type":"EntryPoint","urlTemplate":"https:\/\/www.em.com.br\/emfoco\/?s={search_term_string}"},"query-input":{"@type":"PropertyValueSpecification","valueRequired":true,"valueName":"search_term_string"}}],"inLanguage":"pt-BR"},{"@type":"Person","@id":"https:\/\/www.em.com.br\/emfoco\/#\/schema\/person\/60eda09c1fedf0d6891f4cef4b60b8b8","name":"Andre\u0301 Rangel\u00a0","image":{"@type":"ImageObject","inLanguage":"pt-BR","@id":"https:\/\/www.em.com.br\/emfoco\/#\/schema\/person\/image\/","url":"https:\/\/secure.gravatar.com\/avatar\/6234dc814c77c8ef6d8bba622c787efc?s=96&d=mm&r=g","contentUrl":"https:\/\/secure.gravatar.com\/avatar\/6234dc814c77c8ef6d8bba622c787efc?s=96&d=mm&r=g","caption":"Andre\u0301 Rangel\u00a0"},"url":"https:\/\/www.em.com.br\/emfoco\/author\/luizmyth\/"}]}},"_links":{"self":[{"href":"https:\/\/www.em.com.br\/emfoco\/wp-json\/wp\/v2\/posts\/51766","targetHints":{"allow":["GET"]}}],"collection":[{"href":"https:\/\/www.em.com.br\/emfoco\/wp-json\/wp\/v2\/posts"}],"about":[{"href":"https:\/\/www.em.com.br\/emfoco\/wp-json\/wp\/v2\/types\/post"}],"author":[{"embeddable":true,"href":"https:\/\/www.em.com.br\/emfoco\/wp-json\/wp\/v2\/users\/11"}],"replies":[{"embeddable":true,"href":"https:\/\/www.em.com.br\/emfoco\/wp-json\/wp\/v2\/comments?post=51766"}],"version-history":[{"count":2,"href":"https:\/\/www.em.com.br\/emfoco\/wp-json\/wp\/v2\/posts\/51766\/revisions"}],"predecessor-version":[{"id":51776,"href":"https:\/\/www.em.com.br\/emfoco\/wp-json\/wp\/v2\/posts\/51766\/revisions\/51776"}],"wp:featuredmedia":[{"embeddable":true,"href":"https:\/\/www.em.com.br\/emfoco\/wp-json\/wp\/v2\/media\/51777"}],"wp:attachment":[{"href":"https:\/\/www.em.com.br\/emfoco\/wp-json\/wp\/v2\/media?parent=51766"}],"wp:term":[{"taxonomy":"category","embeddable":true,"href":"https:\/\/www.em.com.br\/emfoco\/wp-json\/wp\/v2\/categories?post=51766"},{"taxonomy":"post_tag","embeddable":true,"href":"https:\/\/www.em.com.br\/emfoco\/wp-json\/wp\/v2\/tags?post=51766"}],"curies":[{"name":"wp","href":"https:\/\/api.w.org\/{rel}","templated":true}]}}