{"id":51719,"date":"2025-05-30T14:00:00","date_gmt":"2025-05-30T17:00:00","guid":{"rendered":"https:\/\/www.em.com.br\/emfoco\/?p=51719"},"modified":"2025-05-29T20:19:21","modified_gmt":"2025-05-29T23:19:21","slug":"conheca-as-5-equacoes-mais-importantes-que-mudaram-a-historia-da-humanidade","status":"publish","type":"post","link":"https:\/\/www.em.com.br\/emfoco\/2025\/05\/30\/conheca-as-5-equacoes-mais-importantes-que-mudaram-a-historia-da-humanidade\/","title":{"rendered":"Conhe\u00e7a as 5 equa\u00e7\u00f5es mais importantes que mudaram a hist\u00f3ria da humanidade"},"content":{"rendered":"\n<p>Ao longo dos s\u00e9culos, diversas equa\u00e7\u00f5es matem\u00e1ticas e f\u00edsicas desempenharam pap\u00e9is cruciais no desenvolvimento da ci\u00eancia e da tecnologia. Desde a Antiguidade at\u00e9 os tempos modernos, essas f\u00f3rmulas n\u00e3o apenas explicaram fen\u00f4menos naturais, mas tamb\u00e9m impulsionaram inova\u00e7\u00f5es que transformaram a sociedade. Este artigo explora algumas das equa\u00e7\u00f5es mais influentes e suas contribui\u00e7\u00f5es para o conhecimento humano.<\/p>\n\n\n\n<p>Essas equa\u00e7\u00f5es foram formuladas por matem\u00e1ticos e cientistas de diferentes \u00e9pocas e culturas, cada uma trazendo uma nova compreens\u00e3o sobre o mundo ao nosso redor. Desde o <strong>teorema de Pit\u00e1goras<\/strong> at\u00e9 a teoria da informa\u00e7\u00e3o, cada uma dessas descobertas abriu caminho para avan\u00e7os significativos em v\u00e1rias disciplinas.<\/p>\n\n\n\n<h2 class=\"wp-block-heading\">Como o teorema de Pit\u00e1goras \u00e9 aplicado e por qu\u00ea?<\/h2>\n\n\n\n<p>O <strong>teorema de Pit\u00e1goras<\/strong>, atribu\u00eddo ao matem\u00e1tico grego <strong><a href=\"https:\/\/brasilescola.uol.com.br\/filosofia\/pitagoras-1.htm\" target=\"_blank\" rel=\"noreferrer noopener\">Pit\u00e1goras<\/a><\/strong>, \u00e9 uma das equa\u00e7\u00f5es mais antigas e fundamentais na matem\u00e1tica. Formulado no s\u00e9culo VI a.C., ele estabelece uma rela\u00e7\u00e3o entre os lados de um tri\u00e2ngulo ret\u00e2ngulo. A equa\u00e7\u00e3o \u00e9 amplamente utilizada na engenharia e na arquitetura, permitindo c\u00e1lculos precisos na constru\u00e7\u00e3o de edif\u00edcios e outras estruturas.<\/p>\n\n\n\n<p>Embora o teorema seja frequentemente associado a Pit\u00e1goras, evid\u00eancias sugerem que civiliza\u00e7\u00f5es anteriores j\u00e1 utilizavam conceitos semelhantes. A formula\u00e7\u00e3o clara e sistem\u00e1tica do teorema por Pit\u00e1goras, no entanto, garantiu sua perman\u00eancia como um pilar da matem\u00e1tica.<\/p>\n\n\n\n<figure class=\"wp-block-image size-large\"><img loading=\"lazy\" decoding=\"async\" width=\"1024\" height=\"576\" src=\"https:\/\/www.em.com.br\/emfoco\/wp-content\/uploads\/2025\/05\/Equations_1748348001785-1024x576.jpg\" alt=\"Conhe\u00e7a as 5 equa\u00e7\u00f5es mais importantes que mudaram a hist\u00f3ria da humanidade\" class=\"wp-image-51722\" srcset=\"https:\/\/www.em.com.br\/emfoco\/wp-content\/uploads\/2025\/05\/Equations_1748348001785-1024x576.jpg 1024w, https:\/\/www.em.com.br\/emfoco\/wp-content\/uploads\/2025\/05\/Equations_1748348001785-300x169.jpg 300w, https:\/\/www.em.com.br\/emfoco\/wp-content\/uploads\/2025\/05\/Equations_1748348001785-768x432.jpg 768w, https:\/\/www.em.com.br\/emfoco\/wp-content\/uploads\/2025\/05\/Equations_1748348001785-750x422.jpg 750w, https:\/\/www.em.com.br\/emfoco\/wp-content\/uploads\/2025\/05\/Equations_1748348001785-1140x641.jpg 1140w, https:\/\/www.em.com.br\/emfoco\/wp-content\/uploads\/2025\/05\/Equations_1748348001785.jpg 1280w\" sizes=\"auto, (max-width: 1024px) 100vw, 1024px\" \/><figcaption class=\"wp-element-caption\">Imagem ilustrativa de equa\u00e7\u00f5es &#8211; Cr\u00e9ditos: depositphotos.com \/ vtorous<\/figcaption><\/figure>\n\n\n\n<h2 class=\"wp-block-heading\">De que maneira os n\u00fameros amig\u00e1veis influenciaram a matem\u00e1tica?<\/h2>\n\n\n\n<p>No <strong>s\u00e9culo IX<\/strong>, o matem\u00e1tico iraquiano <strong>Th\u0101bit ibn Qurra <\/strong>introduziu o conceito de <em><strong>n\u00fameros amig\u00e1veis<\/strong><\/em>. Esses s\u00e3o pares de n\u00fameros em que cada um \u00e9 a soma dos divisores do outro. A descoberta de Qurra teve aplica\u00e7\u00f5es pr\u00e1ticas, como em c\u00e1lculos astron\u00f4micos, e destacou a import\u00e2ncia das rela\u00e7\u00f5es num\u00e9ricas na matem\u00e1tica.<\/p>\n\n\n\n<p>Os n\u00fameros amig\u00e1veis s\u00e3o um exemplo de como conceitos matem\u00e1ticos abstratos podem ter implica\u00e7\u00f5es pr\u00e1ticas. Eles foram usados em c\u00e1lculos complexos, como os de eclipses solares, demonstrando a interconex\u00e3o entre a matem\u00e1tica pura e suas aplica\u00e7\u00f5es no mundo real.<\/p>\n\n\n\n<h2 class=\"wp-block-heading\">Qual \u00e9 a import\u00e2ncia dos logaritmos na ci\u00eancia moderna?<\/h2>\n\n\n\n<p>Os <strong>logaritmos<\/strong>, desenvolvidos por <strong>John Napier<\/strong> no in\u00edcio do s\u00e9culo XVII, revolucionaram a forma como c\u00e1lculos complexos eram realizados. Antes dos logaritmos, multiplicar n\u00fameros grandes era uma tarefa \u00e1rdua e demorada. Com a introdu\u00e7\u00e3o das tabelas logar\u00edtmicas, matem\u00e1ticos, astr\u00f4nomos e engenheiros puderam acelerar significativamente seus c\u00e1lculos.<\/p>\n\n\n\n<p>Al\u00e9m de facilitar opera\u00e7\u00f5es matem\u00e1ticas, os logaritmos formaram a base para o desenvolvimento de linguagens de programa\u00e7\u00e3o e computa\u00e7\u00e3o. Sua influ\u00eancia se estende at\u00e9 hoje, sendo uma ferramenta essencial em diversas \u00e1reas da ci\u00eancia e tecnologia.<\/p>\n\n\n\n<h2 class=\"wp-block-heading\">Qual foi o impacto da lei da gravita\u00e7\u00e3o universal?<\/h2>\n\n\n\n<p>A <strong>lei da gravita\u00e7\u00e3o universal<\/strong>, formulada por <strong>Isaac Newton<\/strong> em <strong>1687<\/strong>, foi um marco na f\u00edsica. Ela descreve a for\u00e7a de atra\u00e7\u00e3o entre dois corpos com massa e \u00e9 fundamental para entender o movimento dos planetas e sat\u00e9lites. A equa\u00e7\u00e3o de Newton n\u00e3o apenas explicou fen\u00f4menos terrestres, mas tamb\u00e9m permitiu a explora\u00e7\u00e3o espacial.<\/p>\n\n\n\n<p>Compreender a gravita\u00e7\u00e3o foi crucial para o desenvolvimento de tecnologias como <strong><a href=\"https:\/\/www.em.com.br\/emfoco\/2025\/02\/12\/brasilia-e-seus-arredores-como-as-cidades-satelites-estao-transformando-o-df\/\" target=\"_blank\" rel=\"noreferrer noopener\">sat\u00e9lites <\/a><\/strong>artificiais e miss\u00f5es espaciais. A lei de Newton continua a ser uma das bases da f\u00edsica cl\u00e1ssica, influenciando tanto a ci\u00eancia te\u00f3rica quanto suas aplica\u00e7\u00f5es pr\u00e1ticas.<\/p>\n\n\n\n<h2 class=\"wp-block-heading\">Por que a teoria da informa\u00e7\u00e3o deixou um legado duradouro?<\/h2>\n\n\n\n<p>No s\u00e9culo XX, <strong>Claude Shannon<\/strong> e <strong>Warren Weaver<\/strong> introduziram a <strong>teoria da informa\u00e7\u00e3o<\/strong>, que transformou a forma como dados s\u00e3o armazenados e transmitidos. A equa\u00e7\u00e3o desenvolvida por eles \u00e9 essencial para a compress\u00e3o de dados e o funcionamento das redes de comunica\u00e7\u00e3o modernas.<\/p>\n\n\n\n<p>A teoria da informa\u00e7\u00e3o \u00e9 a base para tecnologias como a internet, redes sociais e formatos de arquivo digitais. Sua aplica\u00e7\u00e3o \u00e9 vasta, abrangendo desde a transmiss\u00e3o de sinais at\u00e9 a seguran\u00e7a da informa\u00e7\u00e3o, destacando seu impacto duradouro na era digital.<\/p>\n","protected":false},"excerpt":{"rendered":"<p>Ao longo dos s\u00e9culos, diversas equa\u00e7\u00f5es matem\u00e1ticas e f\u00edsicas desempenharam pap\u00e9is cruciais no desenvolvimento da ci\u00eancia e da tecnologia. Desde a Antiguidade at\u00e9 os tempos modernos, essas f\u00f3rmulas n\u00e3o apenas explicaram fen\u00f4menos naturais, mas tamb\u00e9m impulsionaram inova\u00e7\u00f5es que transformaram a sociedade. Este artigo explora algumas das equa\u00e7\u00f5es mais influentes e suas contribui\u00e7\u00f5es para o conhecimento [&hellip;]<\/p>\n","protected":false},"author":13,"featured_media":51721,"comment_status":"open","ping_status":"open","sticky":false,"template":"","format":"standard","meta":{"jnews-multi-image_gallery":[],"jnews_single_post":{"format":"standard"},"jnews_primary_category":[],"jnews_social_meta":[],"jnews_override_counter":[],"footnotes":""},"categories":[8819],"tags":[884,9303,9304,161],"class_list":["post-51719","post","type-post","status-publish","format-standard","has-post-thumbnail","hentry","category-curiosidades","tag-ciencia","tag-equacoes","tag-matematica","tag-tecnologia"],"yoast_head":"<!-- This site is optimized with the Yoast SEO plugin v23.8 - https:\/\/yoast.com\/wordpress\/plugins\/seo\/ -->\n<title>Conhe\u00e7a as 5 equa\u00e7\u00f5es mais importantes que mudaram a hist\u00f3ria da humanidade - Estado de Minas - Em foco<\/title>\n<meta name=\"description\" content=\"De f\u00f3rmulas antigas \u00e0 revolu\u00e7\u00e3o digital, estas equa\u00e7\u00f5es impactaram o mundo de formas surpreendentes que poucos conhecem.\" \/>\n<meta name=\"robots\" content=\"index, follow, max-snippet:-1, max-image-preview:large, max-video-preview:-1\" \/>\n<link rel=\"canonical\" href=\"https:\/\/www.em.com.br\/emfoco\/2025\/05\/30\/conheca-as-5-equacoes-mais-importantes-que-mudaram-a-historia-da-humanidade\/\" \/>\n<meta property=\"og:locale\" content=\"pt_BR\" \/>\n<meta property=\"og:type\" content=\"article\" \/>\n<meta property=\"og:title\" content=\"Conhe\u00e7a as 5 equa\u00e7\u00f5es mais importantes que mudaram a hist\u00f3ria da humanidade - Estado de Minas - Em foco\" \/>\n<meta property=\"og:description\" content=\"De f\u00f3rmulas antigas \u00e0 revolu\u00e7\u00e3o digital, estas equa\u00e7\u00f5es impactaram o mundo de formas surpreendentes que poucos conhecem.\" \/>\n<meta property=\"og:url\" content=\"https:\/\/www.em.com.br\/emfoco\/2025\/05\/30\/conheca-as-5-equacoes-mais-importantes-que-mudaram-a-historia-da-humanidade\/\" \/>\n<meta property=\"og:site_name\" content=\"Estado de Minas - Em foco\" \/>\n<meta property=\"article:published_time\" content=\"2025-05-30T17:00:00+00:00\" \/>\n<meta property=\"article:modified_time\" content=\"2025-05-29T23:19:21+00:00\" \/>\n<meta property=\"og:image\" content=\"https:\/\/www.em.com.br\/emfoco\/wp-content\/uploads\/2025\/05\/Equations_1748347969708.jpg\" \/>\n\t<meta property=\"og:image:width\" content=\"1280\" \/>\n\t<meta property=\"og:image:height\" content=\"720\" \/>\n\t<meta property=\"og:image:type\" content=\"image\/jpeg\" \/>\n<meta name=\"author\" content=\"Gabriel Martins\" \/>\n<meta name=\"twitter:card\" content=\"summary_large_image\" \/>\n<meta name=\"twitter:label1\" content=\"Escrito por\" \/>\n\t<meta name=\"twitter:data1\" content=\"Gabriel Martins\" \/>\n\t<meta name=\"twitter:label2\" content=\"Est. tempo de leitura\" \/>\n\t<meta name=\"twitter:data2\" content=\"4 minutos\" \/>\n<!-- \/ Yoast SEO plugin. -->","yoast_head_json":{"title":"Conhe\u00e7a as 5 equa\u00e7\u00f5es mais importantes que mudaram a hist\u00f3ria da humanidade - Estado de Minas - Em foco","description":"De f\u00f3rmulas antigas \u00e0 revolu\u00e7\u00e3o digital, estas equa\u00e7\u00f5es impactaram o mundo de formas surpreendentes que poucos conhecem.","robots":{"index":"index","follow":"follow","max-snippet":"max-snippet:-1","max-image-preview":"max-image-preview:large","max-video-preview":"max-video-preview:-1"},"canonical":"https:\/\/www.em.com.br\/emfoco\/2025\/05\/30\/conheca-as-5-equacoes-mais-importantes-que-mudaram-a-historia-da-humanidade\/","og_locale":"pt_BR","og_type":"article","og_title":"Conhe\u00e7a as 5 equa\u00e7\u00f5es mais importantes que mudaram a hist\u00f3ria da humanidade - Estado de Minas - Em foco","og_description":"De f\u00f3rmulas antigas \u00e0 revolu\u00e7\u00e3o digital, estas equa\u00e7\u00f5es impactaram o mundo de formas surpreendentes que poucos conhecem.","og_url":"https:\/\/www.em.com.br\/emfoco\/2025\/05\/30\/conheca-as-5-equacoes-mais-importantes-que-mudaram-a-historia-da-humanidade\/","og_site_name":"Estado de Minas - Em foco","article_published_time":"2025-05-30T17:00:00+00:00","article_modified_time":"2025-05-29T23:19:21+00:00","og_image":[{"width":1280,"height":720,"url":"https:\/\/www.em.com.br\/emfoco\/wp-content\/uploads\/2025\/05\/Equations_1748347969708.jpg","type":"image\/jpeg"}],"author":"Gabriel Martins","twitter_card":"summary_large_image","twitter_misc":{"Escrito por":"Gabriel Martins","Est. tempo de leitura":"4 minutos"},"schema":{"@context":"https:\/\/schema.org","@graph":[{"@type":"WebPage","@id":"https:\/\/www.em.com.br\/emfoco\/2025\/05\/30\/conheca-as-5-equacoes-mais-importantes-que-mudaram-a-historia-da-humanidade\/","url":"https:\/\/www.em.com.br\/emfoco\/2025\/05\/30\/conheca-as-5-equacoes-mais-importantes-que-mudaram-a-historia-da-humanidade\/","name":"Conhe\u00e7a as 5 equa\u00e7\u00f5es mais importantes que mudaram a hist\u00f3ria da humanidade - Estado de Minas - Em foco","isPartOf":{"@id":"https:\/\/www.em.com.br\/emfoco\/#website"},"primaryImageOfPage":{"@id":"https:\/\/www.em.com.br\/emfoco\/2025\/05\/30\/conheca-as-5-equacoes-mais-importantes-que-mudaram-a-historia-da-humanidade\/#primaryimage"},"image":{"@id":"https:\/\/www.em.com.br\/emfoco\/2025\/05\/30\/conheca-as-5-equacoes-mais-importantes-que-mudaram-a-historia-da-humanidade\/#primaryimage"},"thumbnailUrl":"https:\/\/www.em.com.br\/emfoco\/wp-content\/uploads\/2025\/05\/Equations_1748347969708.jpg","datePublished":"2025-05-30T17:00:00+00:00","dateModified":"2025-05-29T23:19:21+00:00","author":{"@id":"https:\/\/www.em.com.br\/emfoco\/#\/schema\/person\/1c9ddeab18b98abeffef834667bcf08a"},"description":"De f\u00f3rmulas antigas \u00e0 revolu\u00e7\u00e3o digital, estas equa\u00e7\u00f5es impactaram o mundo de formas surpreendentes que poucos conhecem.","breadcrumb":{"@id":"https:\/\/www.em.com.br\/emfoco\/2025\/05\/30\/conheca-as-5-equacoes-mais-importantes-que-mudaram-a-historia-da-humanidade\/#breadcrumb"},"inLanguage":"pt-BR","potentialAction":[{"@type":"ReadAction","target":["https:\/\/www.em.com.br\/emfoco\/2025\/05\/30\/conheca-as-5-equacoes-mais-importantes-que-mudaram-a-historia-da-humanidade\/"]}]},{"@type":"ImageObject","inLanguage":"pt-BR","@id":"https:\/\/www.em.com.br\/emfoco\/2025\/05\/30\/conheca-as-5-equacoes-mais-importantes-que-mudaram-a-historia-da-humanidade\/#primaryimage","url":"https:\/\/www.em.com.br\/emfoco\/wp-content\/uploads\/2025\/05\/Equations_1748347969708.jpg","contentUrl":"https:\/\/www.em.com.br\/emfoco\/wp-content\/uploads\/2025\/05\/Equations_1748347969708.jpg","width":1280,"height":720,"caption":"Equa\u00e7\u00e3o - Cr\u00e9ditos: depositphotos.com \/ kateja"},{"@type":"BreadcrumbList","@id":"https:\/\/www.em.com.br\/emfoco\/2025\/05\/30\/conheca-as-5-equacoes-mais-importantes-que-mudaram-a-historia-da-humanidade\/#breadcrumb","itemListElement":[{"@type":"ListItem","position":1,"name":"In\u00edcio","item":"https:\/\/www.em.com.br\/emfoco\/"},{"@type":"ListItem","position":2,"name":"Conhe\u00e7a as 5 equa\u00e7\u00f5es mais importantes que mudaram a hist\u00f3ria da humanidade"}]},{"@type":"WebSite","@id":"https:\/\/www.em.com.br\/emfoco\/#website","url":"https:\/\/www.em.com.br\/emfoco\/","name":"Estado de Minas - Em foco","description":"Acompanhe as \u00faltimas not\u00edcias e fique bem informado sobre tudo o que acontece em Minas Gerais, Brasil e no mundo.","potentialAction":[{"@type":"SearchAction","target":{"@type":"EntryPoint","urlTemplate":"https:\/\/www.em.com.br\/emfoco\/?s={search_term_string}"},"query-input":{"@type":"PropertyValueSpecification","valueRequired":true,"valueName":"search_term_string"}}],"inLanguage":"pt-BR"},{"@type":"Person","@id":"https:\/\/www.em.com.br\/emfoco\/#\/schema\/person\/1c9ddeab18b98abeffef834667bcf08a","name":"Gabriel Martins","image":{"@type":"ImageObject","inLanguage":"pt-BR","@id":"https:\/\/www.em.com.br\/emfoco\/#\/schema\/person\/image\/","url":"https:\/\/secure.gravatar.com\/avatar\/f0f1e2efdfd88f1ad2cb08c5c2731e50?s=96&d=mm&r=g","contentUrl":"https:\/\/secure.gravatar.com\/avatar\/f0f1e2efdfd88f1ad2cb08c5c2731e50?s=96&d=mm&r=g","caption":"Gabriel Martins"},"sameAs":["https:\/\/www.em.com.br\/emfoco\/"],"url":"https:\/\/www.em.com.br\/emfoco\/author\/gabrielmartinsmyth\/"}]}},"_links":{"self":[{"href":"https:\/\/www.em.com.br\/emfoco\/wp-json\/wp\/v2\/posts\/51719","targetHints":{"allow":["GET"]}}],"collection":[{"href":"https:\/\/www.em.com.br\/emfoco\/wp-json\/wp\/v2\/posts"}],"about":[{"href":"https:\/\/www.em.com.br\/emfoco\/wp-json\/wp\/v2\/types\/post"}],"author":[{"embeddable":true,"href":"https:\/\/www.em.com.br\/emfoco\/wp-json\/wp\/v2\/users\/13"}],"replies":[{"embeddable":true,"href":"https:\/\/www.em.com.br\/emfoco\/wp-json\/wp\/v2\/comments?post=51719"}],"version-history":[{"count":2,"href":"https:\/\/www.em.com.br\/emfoco\/wp-json\/wp\/v2\/posts\/51719\/revisions"}],"predecessor-version":[{"id":51723,"href":"https:\/\/www.em.com.br\/emfoco\/wp-json\/wp\/v2\/posts\/51719\/revisions\/51723"}],"wp:featuredmedia":[{"embeddable":true,"href":"https:\/\/www.em.com.br\/emfoco\/wp-json\/wp\/v2\/media\/51721"}],"wp:attachment":[{"href":"https:\/\/www.em.com.br\/emfoco\/wp-json\/wp\/v2\/media?parent=51719"}],"wp:term":[{"taxonomy":"category","embeddable":true,"href":"https:\/\/www.em.com.br\/emfoco\/wp-json\/wp\/v2\/categories?post=51719"},{"taxonomy":"post_tag","embeddable":true,"href":"https:\/\/www.em.com.br\/emfoco\/wp-json\/wp\/v2\/tags?post=51719"}],"curies":[{"name":"wp","href":"https:\/\/api.w.org\/{rel}","templated":true}]}}