{"id":51612,"date":"2025-05-28T20:20:00","date_gmt":"2025-05-28T23:20:00","guid":{"rendered":"https:\/\/www.em.com.br\/emfoco\/?p=51612"},"modified":"2025-05-27T13:09:15","modified_gmt":"2025-05-27T16:09:15","slug":"descoberto-sistema-estelar-compacto-com-fenomeno-rarissimo","status":"publish","type":"post","link":"https:\/\/www.em.com.br\/emfoco\/2025\/05\/28\/descoberto-sistema-estelar-compacto-com-fenomeno-rarissimo\/","title":{"rendered":"Descoberto sistema estelar compacto com fen\u00f4meno rar\u00edssimo"},"content":{"rendered":"\n<p>Recentemente, astr\u00f4nomos fizeram uma descoberta fascinante ao identificar um sistema estelar bin\u00e1rio com caracter\u00edsticas \u00fanicas. Este sistema foi encontrado durante a an\u00e1lise do pulsar\u00a0<strong><a href=\"https:\/\/en.wikipedia.org\/wiki\/PSR_J1928%2B1815\" target=\"_blank\" rel=\"noreferrer noopener\">PSR J1928+1815<\/a><\/strong>, localizado a aproximadamente 455 anos-luz da Terra. Os pulsares s\u00e3o estrelas de n\u00eautrons extremamente densas, formadas a partir dos remanescentes de estrelas massivas que explodiram em supernovas. Eles s\u00e3o conhecidos por emitir feixes de ondas de r\u00e1dio de seus polos, que podem ser detectados da Terra como pulsos regulares.<\/p>\n\n\n\n<p>O pulsar PSR J1928+1815 foi identificado com a ajuda do telesc\u00f3pio&nbsp;<strong>Aperture Spherical radio Telescope (FAST)<\/strong>, na&nbsp;<strong>China<\/strong>. Este pulsar, em particular, \u00e9 classificado como um pulsar de milissegundos, pois gira quase 100 vezes por segundo. A descoberta revelou que o pulsar est\u00e1 acompanhado por uma estrela que parece ter perdido a maior parte de suas camadas externas de hidrog\u00eanio, deixando um n\u00facleo composto principalmente de h\u00e9lio.<\/p>\n\n\n\n<h2 class=\"wp-block-heading\">Como as estrelas do sistema bin\u00e1rio interagem?<\/h2>\n\n\n\n<p>As estrelas deste sistema bin\u00e1rio est\u00e3o separadas por uma dist\u00e2ncia de apenas 1,12 milh\u00f5es de quil\u00f4metros, o que \u00e9 50 vezes mais pr\u00f3ximo do que a dist\u00e2ncia entre Merc\u00fario e o Sol. Elas completam uma \u00f3rbita ao redor uma da outra em apenas 3,6 horas. Esta proximidade extrema \u00e9 uma das caracter\u00edsticas que tornam este sistema t\u00e3o intrigante para os astr\u00f4nomos.<\/p>\n\n\n\n<p>Modelos computacionais sugerem que, no passado, as estrelas do sistema estavam separadas por uma dist\u00e2ncia muito maior, quase o dobro da dist\u00e2ncia entre o Sol e a <a href=\"https:\/\/www.em.com.br\/emfoco\/2025\/05\/25\/o-que-aconteceria-com-a-vida-se-a-terra-parasse-de-girar-do-nada\/\" target=\"_blank\" rel=\"noreferrer noopener\">Terra<\/a>. Eventualmente, o pulsar come\u00e7ou a absorver as camadas externas da estrela vizinha, criando um envelope comum de mat\u00e9ria entre elas. Aproximadamente mil anos depois, o pulsar se aproximou ainda mais do n\u00facleo da estrela, capturando o material restante.<\/p>\n\n\n\n<figure class=\"wp-block-image size-large\"><img loading=\"lazy\" decoding=\"async\" width=\"1024\" height=\"576\" src=\"https:\/\/www.em.com.br\/emfoco\/wp-content\/uploads\/2025\/05\/sistema-estelar_1748302665707-1024x576.jpg\" alt=\"\" class=\"wp-image-51647\" srcset=\"https:\/\/www.em.com.br\/emfoco\/wp-content\/uploads\/2025\/05\/sistema-estelar_1748302665707-1024x576.jpg 1024w, https:\/\/www.em.com.br\/emfoco\/wp-content\/uploads\/2025\/05\/sistema-estelar_1748302665707-300x169.jpg 300w, https:\/\/www.em.com.br\/emfoco\/wp-content\/uploads\/2025\/05\/sistema-estelar_1748302665707-768x432.jpg 768w, https:\/\/www.em.com.br\/emfoco\/wp-content\/uploads\/2025\/05\/sistema-estelar_1748302665707-750x422.jpg 750w, https:\/\/www.em.com.br\/emfoco\/wp-content\/uploads\/2025\/05\/sistema-estelar_1748302665707-1140x641.jpg 1140w, https:\/\/www.em.com.br\/emfoco\/wp-content\/uploads\/2025\/05\/sistema-estelar_1748302665707.jpg 1280w\" sizes=\"auto, (max-width: 1024px) 100vw, 1024px\" \/><figcaption class=\"wp-element-caption\">Imagem ilustrativo de sistema estelar &#8211; Cr\u00e9ditos: depositphotos.com \/ Arch88<\/figcaption><\/figure>\n\n\n\n<h2 class=\"wp-block-heading\">O que torna este sistema estelar t\u00e3o \u00fanico?<\/h2>\n\n\n\n<p>O sistema estelar bin\u00e1rio em quest\u00e3o \u00e9 not\u00e1vel devido \u00e0 sua forma\u00e7\u00e3o e evolu\u00e7\u00e3o incomuns. A intera\u00e7\u00e3o entre o pulsar e a estrela companheira resultou em um sistema extremamente compacto, com as estrelas orbitando a uma dist\u00e2ncia muito pequena uma da outra. Este tipo de configura\u00e7\u00e3o \u00e9 raro e oferece pistas valiosas sobre a evolu\u00e7\u00e3o de sistemas bin\u00e1rios e o comportamento de pulsares.<\/p>\n\n\n\n<p>Al\u00e9m disso, a presen\u00e7a de um pulsar de milissegundos neste sistema sugere que ele pode ter passado por um processo de reciclagem, onde o pulsar ganha velocidade ao acumular mat\u00e9ria da estrela companheira. Este fen\u00f4meno \u00e9 crucial para entender a din\u00e2mica e a evolu\u00e7\u00e3o de pulsares em sistemas bin\u00e1rios.<\/p>\n\n\n\n<h2 class=\"wp-block-heading\">Quais s\u00e3o as implica\u00e7\u00f5es da descoberta?<\/h2>\n\n\n\n<p>A descoberta deste sistema estelar bin\u00e1rio incomum tem v\u00e1rias implica\u00e7\u00f5es para a astronomia. Primeiramente, ela fornece uma oportunidade \u00fanica para estudar a intera\u00e7\u00e3o entre pulsares e suas estrelas companheiras. Al\u00e9m disso, o sistema pode ajudar a esclarecer como os pulsares de milissegundos se formam e evoluem ao longo do tempo.<\/p>\n\n\n\n<p>Estudos futuros sobre este sistema podem revelar mais detalhes sobre a f\u00edsica dos pulsares e a din\u00e2mica de sistemas bin\u00e1rios compactos. Os astr\u00f4nomos esperam que essas descobertas contribuam para um entendimento mais profundo dos processos que governam a vida e a morte das estrelas no universo.<\/p>\n","protected":false},"excerpt":{"rendered":"<p>Recentemente, astr\u00f4nomos fizeram uma descoberta fascinante ao identificar um sistema estelar bin\u00e1rio com caracter\u00edsticas \u00fanicas. Este sistema foi encontrado durante a an\u00e1lise do pulsar\u00a0PSR J1928+1815, localizado a aproximadamente 455 anos-luz da Terra. Os pulsares s\u00e3o estrelas de n\u00eautrons extremamente densas, formadas a partir dos remanescentes de estrelas massivas que explodiram em supernovas. Eles s\u00e3o conhecidos [&hellip;]<\/p>\n","protected":false},"author":11,"featured_media":51648,"comment_status":"open","ping_status":"open","sticky":false,"template":"","format":"standard","meta":{"jnews-multi-image_gallery":[],"jnews_single_post":{"format":"standard"},"jnews_primary_category":[],"jnews_social_meta":[],"jnews_override_counter":[],"footnotes":""},"categories":[8819,1],"tags":[969,9339,8269],"class_list":["post-51612","post","type-post","status-publish","format-standard","has-post-thumbnail","hentry","category-curiosidades","category-noticias","tag-fenomeno-astronomico","tag-sistema-estelar","tag-universo"],"yoast_head":"<!-- This site is optimized with the Yoast SEO plugin v23.8 - https:\/\/yoast.com\/wordpress\/plugins\/seo\/ -->\n<title>Descoberto sistema estelar compacto com fen\u00f4meno rar\u00edssimo - Estado de Minas - Em foco<\/title>\n<meta name=\"description\" content=\"Astr\u00f4nomos revelam um sistema bin\u00e1rio raro com um pulsar que gira 100 vezes por segundo e devora sua estrela companheira.\" \/>\n<meta name=\"robots\" content=\"index, follow, max-snippet:-1, max-image-preview:large, max-video-preview:-1\" \/>\n<link rel=\"canonical\" href=\"https:\/\/www.em.com.br\/emfoco\/2025\/05\/28\/descoberto-sistema-estelar-compacto-com-fenomeno-rarissimo\/\" \/>\n<meta property=\"og:locale\" content=\"pt_BR\" \/>\n<meta property=\"og:type\" content=\"article\" \/>\n<meta property=\"og:title\" content=\"Descoberto sistema estelar compacto com fen\u00f4meno rar\u00edssimo - Estado de Minas - Em foco\" \/>\n<meta property=\"og:description\" content=\"Astr\u00f4nomos revelam um sistema bin\u00e1rio raro com um pulsar que gira 100 vezes por segundo e devora sua estrela companheira.\" \/>\n<meta property=\"og:url\" content=\"https:\/\/www.em.com.br\/emfoco\/2025\/05\/28\/descoberto-sistema-estelar-compacto-com-fenomeno-rarissimo\/\" \/>\n<meta property=\"og:site_name\" content=\"Estado de Minas - Em foco\" \/>\n<meta property=\"article:published_time\" content=\"2025-05-28T23:20:00+00:00\" \/>\n<meta property=\"article:modified_time\" content=\"2025-05-27T16:09:15+00:00\" \/>\n<meta property=\"og:image\" content=\"https:\/\/www.em.com.br\/emfoco\/wp-content\/uploads\/2025\/05\/sistema-estelar_1748302723095.jpg\" \/>\n\t<meta property=\"og:image:width\" content=\"1280\" \/>\n\t<meta property=\"og:image:height\" content=\"720\" \/>\n\t<meta property=\"og:image:type\" content=\"image\/jpeg\" \/>\n<meta name=\"author\" content=\"Andre\u0301 Rangel\u00a0\" \/>\n<meta name=\"twitter:card\" content=\"summary_large_image\" \/>\n<meta name=\"twitter:label1\" content=\"Escrito por\" \/>\n\t<meta name=\"twitter:data1\" content=\"Andre\u0301 Rangel\u00a0\" \/>\n\t<meta name=\"twitter:label2\" content=\"Est. tempo de leitura\" \/>\n\t<meta name=\"twitter:data2\" content=\"4 minutos\" \/>\n<!-- \/ Yoast SEO plugin. -->","yoast_head_json":{"title":"Descoberto sistema estelar compacto com fen\u00f4meno rar\u00edssimo - Estado de Minas - Em foco","description":"Astr\u00f4nomos revelam um sistema bin\u00e1rio raro com um pulsar que gira 100 vezes por segundo e devora sua estrela companheira.","robots":{"index":"index","follow":"follow","max-snippet":"max-snippet:-1","max-image-preview":"max-image-preview:large","max-video-preview":"max-video-preview:-1"},"canonical":"https:\/\/www.em.com.br\/emfoco\/2025\/05\/28\/descoberto-sistema-estelar-compacto-com-fenomeno-rarissimo\/","og_locale":"pt_BR","og_type":"article","og_title":"Descoberto sistema estelar compacto com fen\u00f4meno rar\u00edssimo - Estado de Minas - Em foco","og_description":"Astr\u00f4nomos revelam um sistema bin\u00e1rio raro com um pulsar que gira 100 vezes por segundo e devora sua estrela companheira.","og_url":"https:\/\/www.em.com.br\/emfoco\/2025\/05\/28\/descoberto-sistema-estelar-compacto-com-fenomeno-rarissimo\/","og_site_name":"Estado de Minas - Em foco","article_published_time":"2025-05-28T23:20:00+00:00","article_modified_time":"2025-05-27T16:09:15+00:00","og_image":[{"width":1280,"height":720,"url":"https:\/\/www.em.com.br\/emfoco\/wp-content\/uploads\/2025\/05\/sistema-estelar_1748302723095.jpg","type":"image\/jpeg"}],"author":"Andre\u0301 Rangel\u00a0","twitter_card":"summary_large_image","twitter_misc":{"Escrito por":"Andre\u0301 Rangel\u00a0","Est. tempo de leitura":"4 minutos"},"schema":{"@context":"https:\/\/schema.org","@graph":[{"@type":"WebPage","@id":"https:\/\/www.em.com.br\/emfoco\/2025\/05\/28\/descoberto-sistema-estelar-compacto-com-fenomeno-rarissimo\/","url":"https:\/\/www.em.com.br\/emfoco\/2025\/05\/28\/descoberto-sistema-estelar-compacto-com-fenomeno-rarissimo\/","name":"Descoberto sistema estelar compacto com fen\u00f4meno rar\u00edssimo - Estado de Minas - Em foco","isPartOf":{"@id":"https:\/\/www.em.com.br\/emfoco\/#website"},"primaryImageOfPage":{"@id":"https:\/\/www.em.com.br\/emfoco\/2025\/05\/28\/descoberto-sistema-estelar-compacto-com-fenomeno-rarissimo\/#primaryimage"},"image":{"@id":"https:\/\/www.em.com.br\/emfoco\/2025\/05\/28\/descoberto-sistema-estelar-compacto-com-fenomeno-rarissimo\/#primaryimage"},"thumbnailUrl":"https:\/\/www.em.com.br\/emfoco\/wp-content\/uploads\/2025\/05\/sistema-estelar_1748302723095.jpg","datePublished":"2025-05-28T23:20:00+00:00","dateModified":"2025-05-27T16:09:15+00:00","author":{"@id":"https:\/\/www.em.com.br\/emfoco\/#\/schema\/person\/60eda09c1fedf0d6891f4cef4b60b8b8"},"description":"Astr\u00f4nomos revelam um sistema bin\u00e1rio raro com um pulsar que gira 100 vezes por segundo e devora sua estrela companheira.","breadcrumb":{"@id":"https:\/\/www.em.com.br\/emfoco\/2025\/05\/28\/descoberto-sistema-estelar-compacto-com-fenomeno-rarissimo\/#breadcrumb"},"inLanguage":"pt-BR","potentialAction":[{"@type":"ReadAction","target":["https:\/\/www.em.com.br\/emfoco\/2025\/05\/28\/descoberto-sistema-estelar-compacto-com-fenomeno-rarissimo\/"]}]},{"@type":"ImageObject","inLanguage":"pt-BR","@id":"https:\/\/www.em.com.br\/emfoco\/2025\/05\/28\/descoberto-sistema-estelar-compacto-com-fenomeno-rarissimo\/#primaryimage","url":"https:\/\/www.em.com.br\/emfoco\/wp-content\/uploads\/2025\/05\/sistema-estelar_1748302723095.jpg","contentUrl":"https:\/\/www.em.com.br\/emfoco\/wp-content\/uploads\/2025\/05\/sistema-estelar_1748302723095.jpg","width":1280,"height":720,"caption":"sistema estelar -Cr\u00e9ditos: depositphotos.com \/ Arch88"},{"@type":"BreadcrumbList","@id":"https:\/\/www.em.com.br\/emfoco\/2025\/05\/28\/descoberto-sistema-estelar-compacto-com-fenomeno-rarissimo\/#breadcrumb","itemListElement":[{"@type":"ListItem","position":1,"name":"In\u00edcio","item":"https:\/\/www.em.com.br\/emfoco\/"},{"@type":"ListItem","position":2,"name":"Descoberto sistema estelar compacto com fen\u00f4meno rar\u00edssimo"}]},{"@type":"WebSite","@id":"https:\/\/www.em.com.br\/emfoco\/#website","url":"https:\/\/www.em.com.br\/emfoco\/","name":"Estado de Minas - Em foco","description":"Acompanhe as \u00faltimas not\u00edcias e fique bem informado sobre tudo o que acontece em Minas Gerais, Brasil e no mundo.","potentialAction":[{"@type":"SearchAction","target":{"@type":"EntryPoint","urlTemplate":"https:\/\/www.em.com.br\/emfoco\/?s={search_term_string}"},"query-input":{"@type":"PropertyValueSpecification","valueRequired":true,"valueName":"search_term_string"}}],"inLanguage":"pt-BR"},{"@type":"Person","@id":"https:\/\/www.em.com.br\/emfoco\/#\/schema\/person\/60eda09c1fedf0d6891f4cef4b60b8b8","name":"Andre\u0301 Rangel\u00a0","image":{"@type":"ImageObject","inLanguage":"pt-BR","@id":"https:\/\/www.em.com.br\/emfoco\/#\/schema\/person\/image\/","url":"https:\/\/secure.gravatar.com\/avatar\/6234dc814c77c8ef6d8bba622c787efc?s=96&d=mm&r=g","contentUrl":"https:\/\/secure.gravatar.com\/avatar\/6234dc814c77c8ef6d8bba622c787efc?s=96&d=mm&r=g","caption":"Andre\u0301 Rangel\u00a0"},"url":"https:\/\/www.em.com.br\/emfoco\/author\/luizmyth\/"}]}},"_links":{"self":[{"href":"https:\/\/www.em.com.br\/emfoco\/wp-json\/wp\/v2\/posts\/51612","targetHints":{"allow":["GET"]}}],"collection":[{"href":"https:\/\/www.em.com.br\/emfoco\/wp-json\/wp\/v2\/posts"}],"about":[{"href":"https:\/\/www.em.com.br\/emfoco\/wp-json\/wp\/v2\/types\/post"}],"author":[{"embeddable":true,"href":"https:\/\/www.em.com.br\/emfoco\/wp-json\/wp\/v2\/users\/11"}],"replies":[{"embeddable":true,"href":"https:\/\/www.em.com.br\/emfoco\/wp-json\/wp\/v2\/comments?post=51612"}],"version-history":[{"count":4,"href":"https:\/\/www.em.com.br\/emfoco\/wp-json\/wp\/v2\/posts\/51612\/revisions"}],"predecessor-version":[{"id":51649,"href":"https:\/\/www.em.com.br\/emfoco\/wp-json\/wp\/v2\/posts\/51612\/revisions\/51649"}],"wp:featuredmedia":[{"embeddable":true,"href":"https:\/\/www.em.com.br\/emfoco\/wp-json\/wp\/v2\/media\/51648"}],"wp:attachment":[{"href":"https:\/\/www.em.com.br\/emfoco\/wp-json\/wp\/v2\/media?parent=51612"}],"wp:term":[{"taxonomy":"category","embeddable":true,"href":"https:\/\/www.em.com.br\/emfoco\/wp-json\/wp\/v2\/categories?post=51612"},{"taxonomy":"post_tag","embeddable":true,"href":"https:\/\/www.em.com.br\/emfoco\/wp-json\/wp\/v2\/tags?post=51612"}],"curies":[{"name":"wp","href":"https:\/\/api.w.org\/{rel}","templated":true}]}}