{"id":5158,"date":"2024-12-16T21:40:00","date_gmt":"2024-12-17T00:40:00","guid":{"rendered":"https:\/\/www.em.com.br\/emfoco\/?p=5158"},"modified":"2024-12-15T18:19:27","modified_gmt":"2024-12-15T21:19:27","slug":"o-007-vai-abrir-mao-de-r-800-milhoes","status":"publish","type":"post","link":"https:\/\/www.em.com.br\/emfoco\/2024\/12\/16\/o-007-vai-abrir-mao-de-r-800-milhoes\/","title":{"rendered":"o 007, vai abrir m\u00e3o de R$ 800 milh\u00f5es?"},"content":{"rendered":"\n<p><a href=\"https:\/\/pt.wikipedia.org\/wiki\/Daniel_Craig\" target=\"_blank\" rel=\"noreferrer noopener\">Daniel Craig<\/a>, conhecido mundialmente por seu ic\u00f4nico papel como James Bond na s\u00e9rie de filmes &#8216;007&#8217;, recentemente chamou aten\u00e7\u00e3o ao <a href=\"https:\/\/www.em.com.br\/emfoco\/2024\/12\/09\/quanto-vale-afinal-tudo-o-que-bashar-al-assad-possui\/\" target=\"_blank\" rel=\"noreferrer noopener\">revelar <\/a>seus planos de n\u00e3o deixar sua vasta fortuna para seus filhos. Em um depoimento que gerou discuss\u00f5es sobre heran\u00e7a e legados, o ator brit\u00e2nico expressou seu desejo de dispensar ou doar a maior parte de seus bens antes de falecer, alegando que herdar dinheiro pode ser uma pr\u00e1tica desagrad\u00e1vel.<\/p>\n\n\n\n<p>Craig, que acumula uma fortuna avaliada em cerca de R$ 800 milh\u00f5es, fez suas declara\u00e7\u00f5es em uma entrevista divulgada pela Candis Magazine. Essa decis\u00e3o n\u00e3o s\u00f3 reflete suas cren\u00e7as pessoais sobre patrim\u00f4nio, mas tamb\u00e9m levanta importantes quest\u00f5es sobre como as riquezas s\u00e3o transmitidas entre gera\u00e7\u00f5es na sociedade contempor\u00e2nea.<\/p>\n\n\n\n<h2 class=\"wp-block-heading\">Por Que Daniel Craig N\u00e3o Quer Deixar Heran\u00e7a?<\/h2>\n\n\n\n<p>Ao manifestar seu desapre\u00e7o pela ideia de herdar dinheiro, Daniel Craig destaca um princ\u00edpio que pode ser considerado inusitado, especialmente entre celebridades. Muitas vezes, a expectativa \u00e9 que figuras p\u00fablicas de consider\u00e1vel riqueza deixem significativas quantias para seus descendentes. Contudo, Craig descreve a heran\u00e7a como algo indesej\u00e1vel e prefere seguir um ditado que sugere que morrer rico seria sin\u00f4nimo de fracasso.<\/p>\n\n\n\n<p>Essa filosofia de vida est\u00e1 enraizada em sua cren\u00e7a de que grandes quantias de dinheiro, quando herdadas, podem n\u00e3o necessariamente conduzir a uma vida satisfat\u00f3ria ou produtiva. Em vez disso, ele pretende que suas riquezas sejam utilizadas de forma mais ativa, possivelmente atrav\u00e9s de doa\u00e7\u00f5es filantr\u00f3picas ou outras iniciativas que criem impacto positivo durante sua vida.<\/p>\n\n\n<div class=\"wp-block-image\">\n<figure class=\"aligncenter size-large\"><img loading=\"lazy\" decoding=\"async\" width=\"1024\" height=\"576\" src=\"https:\/\/www.em.com.br\/emfoco\/wp-content\/uploads\/2024\/12\/CRAIG_1734297561658-1024x576.jpg\" alt=\"\" class=\"wp-image-5163\" srcset=\"https:\/\/www.em.com.br\/emfoco\/wp-content\/uploads\/2024\/12\/CRAIG_1734297561658-1024x576.jpg 1024w, https:\/\/www.em.com.br\/emfoco\/wp-content\/uploads\/2024\/12\/CRAIG_1734297561658-300x169.jpg 300w, https:\/\/www.em.com.br\/emfoco\/wp-content\/uploads\/2024\/12\/CRAIG_1734297561658-768x432.jpg 768w, https:\/\/www.em.com.br\/emfoco\/wp-content\/uploads\/2024\/12\/CRAIG_1734297561658-750x422.jpg 750w, https:\/\/www.em.com.br\/emfoco\/wp-content\/uploads\/2024\/12\/CRAIG_1734297561658-1140x641.jpg 1140w, https:\/\/www.em.com.br\/emfoco\/wp-content\/uploads\/2024\/12\/CRAIG_1734297561658.jpg 1280w\" sizes=\"auto, (max-width: 1024px) 100vw, 1024px\" \/><figcaption class=\"wp-element-caption\">Daniel Craig- Cr\u00e9ditos: depositphotos.com \/ teddybearpicnic<\/figcaption><\/figure><\/div>\n\n\n<h2 class=\"wp-block-heading\">Como Essa Decis\u00e3o Afeta Seus Filhos?<\/h2>\n\n\n\n<p>Daniel Craig tem dois filhos: uma crian\u00e7a pequena com sua atual esposa, Rachel Weisz, e uma filha adulta de seu casamento anterior com Fiona Lourdon. A decis\u00e3o de n\u00e3o deixar uma heran\u00e7a substancial, ao contr\u00e1rio do que muitos poderiam esperar, n\u00e3o significa que Craig n\u00e3o preze pelo bem-estar de seus filhos. Pelo contr\u00e1rio, pode ser vista como um est\u00edmulo para que eles busquem suas pr\u00f3prias conquistas, sem depender do patrim\u00f4nio deixado pelos pais.<\/p>\n\n\n\n<p>Essa perspectiva faz parte de um movimento crescente entre algumas das pessoas mais ricas do mundo, que preferem investir em causas sociais e caridade ao inv\u00e9s de transferir grandes riquezas diretamente para seus herdeiros. A abordagem reitera uma preocupa\u00e7\u00e3o com as desigualdades sociais e o desejo de contribuir para um mundo mais equitativo.<\/p>\n\n\n\n<h2 class=\"wp-block-heading\">Como Influencia Outros Famosos?<\/h2>\n\n\n\n<p>A postura de Daniel Craig n\u00e3o \u00e9 isolada. Nos \u00faltimos anos, diversas celebridades e bilion\u00e1rios t\u00eam seguido um caminho semelhante, optando por doar seus patrim\u00f4nios e incentivar formas mais sustent\u00e1veis de prosperidade entre seus filhos e futuras gera\u00e7\u00f5es. Exemplos incluem figuras conhecidas como Warren Buffett e Bill Gates, que tamb\u00e9m prometeram legar apenas uma pequena parte de suas fortunas para suas fam\u00edlias, dedicando o restante a causas filantr\u00f3picas.<\/p>\n\n\n\n<p>Essas atitudes podem inspirar uma nova abordagem no gerenciamento de riquezas e heran\u00e7as, provocando n\u00e3o apenas reflex\u00f5es pessoais, mas tamb\u00e9m pol\u00edticas e econ\u00f4micas que consideram o impacto da concentra\u00e7\u00e3o de riqueza.<\/p>\n\n\n\n<h2 class=\"wp-block-heading\">Conclus\u00e3o Natural<\/h2>\n\n\n\n<p>Embora decis\u00f5es como a de Daniel Craig possam ser vistas como controversas, elas ressoam com um desejo de ver a riqueza contribuir de maneira significativa para a sociedade. Em um mundo onde a desigualdade econ\u00f4mica continua a ser uma quest\u00e3o cr\u00edtica, escolhas como essas podem n\u00e3o apenas redefinir como os indiv\u00edduos pensam sobre heran\u00e7a, mas tamb\u00e9m promover um maior envolvimento em quest\u00f5es sociais e comunit\u00e1rias. Seu legado, portanto, pode ir al\u00e9m dos bens materiais, influenciando futuras gera\u00e7\u00f5es a cultivar valores de independ\u00eancia, solidariedade e inova\u00e7\u00e3o.<\/p>\n","protected":false},"excerpt":{"rendered":"<p>Daniel Craig, conhecido mundialmente por seu ic\u00f4nico papel como James Bond na s\u00e9rie de filmes &#8216;007&#8217;, recentemente chamou aten\u00e7\u00e3o ao revelar seus planos de n\u00e3o deixar sua vasta fortuna para seus filhos. Em um depoimento que gerou discuss\u00f5es sobre heran\u00e7a e legados, o ator brit\u00e2nico expressou seu desejo de dispensar ou doar a maior parte [&hellip;]<\/p>\n","protected":false},"author":7,"featured_media":5162,"comment_status":"open","ping_status":"open","sticky":false,"template":"","format":"standard","meta":{"jnews-multi-image_gallery":[],"jnews_single_post":{"format":"standard"},"jnews_primary_category":[],"jnews_social_meta":[],"jnews_override_counter":[],"footnotes":""},"categories":[190],"tags":[842,188,1452,843],"class_list":["post-5158","post","type-post","status-publish","format-standard","has-post-thumbnail","hentry","category-fortuna","tag-daniel-craig","tag-fortuna","tag-heranca","tag-james-bond"],"yoast_head":"<!-- This site is optimized with the Yoast SEO plugin v23.8 - https:\/\/yoast.com\/wordpress\/plugins\/seo\/ -->\n<title>o 007, vai abrir m\u00e3o de R$ 800 milh\u00f5es? - Estado de Minas - Em foco<\/title>\n<meta name=\"description\" content=\"Porque Daniel Craig N\u00e3o vai abrir m\u00e3o da sua Fortuna? Descubra\" \/>\n<meta name=\"robots\" content=\"index, follow, max-snippet:-1, max-image-preview:large, max-video-preview:-1\" \/>\n<link rel=\"canonical\" href=\"https:\/\/www.em.com.br\/emfoco\/2024\/12\/16\/o-007-vai-abrir-mao-de-r-800-milhoes\/\" \/>\n<meta property=\"og:locale\" content=\"pt_BR\" \/>\n<meta property=\"og:type\" content=\"article\" \/>\n<meta property=\"og:title\" content=\"o 007, vai abrir m\u00e3o de R$ 800 milh\u00f5es? - Estado de Minas - Em foco\" \/>\n<meta property=\"og:description\" content=\"Porque Daniel Craig N\u00e3o vai abrir m\u00e3o da sua Fortuna? Descubra\" \/>\n<meta property=\"og:url\" content=\"https:\/\/www.em.com.br\/emfoco\/2024\/12\/16\/o-007-vai-abrir-mao-de-r-800-milhoes\/\" \/>\n<meta property=\"og:site_name\" content=\"Estado de Minas - Em foco\" \/>\n<meta property=\"article:published_time\" content=\"2024-12-17T00:40:00+00:00\" \/>\n<meta property=\"article:modified_time\" content=\"2024-12-15T21:19:27+00:00\" \/>\n<meta property=\"og:image\" content=\"https:\/\/www.em.com.br\/emfoco\/wp-content\/uploads\/2024\/12\/Daniel-Craig_1734297607253.jpg\" \/>\n\t<meta property=\"og:image:width\" content=\"1279\" \/>\n\t<meta property=\"og:image:height\" content=\"720\" \/>\n\t<meta property=\"og:image:type\" content=\"image\/jpeg\" \/>\n<meta name=\"author\" content=\"Kelvin\" \/>\n<meta name=\"twitter:card\" content=\"summary_large_image\" \/>\n<meta name=\"twitter:label1\" content=\"Escrito por\" \/>\n\t<meta name=\"twitter:data1\" content=\"Kelvin\" \/>\n\t<meta name=\"twitter:label2\" content=\"Est. tempo de leitura\" \/>\n\t<meta name=\"twitter:data2\" content=\"4 minutos\" \/>\n<!-- \/ Yoast SEO plugin. -->","yoast_head_json":{"title":"o 007, vai abrir m\u00e3o de R$ 800 milh\u00f5es? - Estado de Minas - Em foco","description":"Porque Daniel Craig N\u00e3o vai abrir m\u00e3o da sua Fortuna? Descubra","robots":{"index":"index","follow":"follow","max-snippet":"max-snippet:-1","max-image-preview":"max-image-preview:large","max-video-preview":"max-video-preview:-1"},"canonical":"https:\/\/www.em.com.br\/emfoco\/2024\/12\/16\/o-007-vai-abrir-mao-de-r-800-milhoes\/","og_locale":"pt_BR","og_type":"article","og_title":"o 007, vai abrir m\u00e3o de R$ 800 milh\u00f5es? - Estado de Minas - Em foco","og_description":"Porque Daniel Craig N\u00e3o vai abrir m\u00e3o da sua Fortuna? Descubra","og_url":"https:\/\/www.em.com.br\/emfoco\/2024\/12\/16\/o-007-vai-abrir-mao-de-r-800-milhoes\/","og_site_name":"Estado de Minas - Em foco","article_published_time":"2024-12-17T00:40:00+00:00","article_modified_time":"2024-12-15T21:19:27+00:00","og_image":[{"width":1279,"height":720,"url":"https:\/\/www.em.com.br\/emfoco\/wp-content\/uploads\/2024\/12\/Daniel-Craig_1734297607253.jpg","type":"image\/jpeg"}],"author":"Kelvin","twitter_card":"summary_large_image","twitter_misc":{"Escrito por":"Kelvin","Est. tempo de leitura":"4 minutos"},"schema":{"@context":"https:\/\/schema.org","@graph":[{"@type":"WebPage","@id":"https:\/\/www.em.com.br\/emfoco\/2024\/12\/16\/o-007-vai-abrir-mao-de-r-800-milhoes\/","url":"https:\/\/www.em.com.br\/emfoco\/2024\/12\/16\/o-007-vai-abrir-mao-de-r-800-milhoes\/","name":"o 007, vai abrir m\u00e3o de R$ 800 milh\u00f5es? - Estado de Minas - Em foco","isPartOf":{"@id":"https:\/\/www.em.com.br\/emfoco\/#website"},"primaryImageOfPage":{"@id":"https:\/\/www.em.com.br\/emfoco\/2024\/12\/16\/o-007-vai-abrir-mao-de-r-800-milhoes\/#primaryimage"},"image":{"@id":"https:\/\/www.em.com.br\/emfoco\/2024\/12\/16\/o-007-vai-abrir-mao-de-r-800-milhoes\/#primaryimage"},"thumbnailUrl":"https:\/\/www.em.com.br\/emfoco\/wp-content\/uploads\/2024\/12\/Daniel-Craig_1734297607253.jpg","datePublished":"2024-12-17T00:40:00+00:00","dateModified":"2024-12-15T21:19:27+00:00","author":{"@id":"https:\/\/www.em.com.br\/emfoco\/#\/schema\/person\/fb0a7f48c6fbb94b83f413a80f61917d"},"description":"Porque Daniel Craig N\u00e3o vai abrir m\u00e3o da sua Fortuna? Descubra","breadcrumb":{"@id":"https:\/\/www.em.com.br\/emfoco\/2024\/12\/16\/o-007-vai-abrir-mao-de-r-800-milhoes\/#breadcrumb"},"inLanguage":"pt-BR","potentialAction":[{"@type":"ReadAction","target":["https:\/\/www.em.com.br\/emfoco\/2024\/12\/16\/o-007-vai-abrir-mao-de-r-800-milhoes\/"]}]},{"@type":"ImageObject","inLanguage":"pt-BR","@id":"https:\/\/www.em.com.br\/emfoco\/2024\/12\/16\/o-007-vai-abrir-mao-de-r-800-milhoes\/#primaryimage","url":"https:\/\/www.em.com.br\/emfoco\/wp-content\/uploads\/2024\/12\/Daniel-Craig_1734297607253.jpg","contentUrl":"https:\/\/www.em.com.br\/emfoco\/wp-content\/uploads\/2024\/12\/Daniel-Craig_1734297607253.jpg","width":1279,"height":720,"caption":"Daniel Craig - Cr\u00e9ditos: depositphotos.com \/ 360ber"},{"@type":"BreadcrumbList","@id":"https:\/\/www.em.com.br\/emfoco\/2024\/12\/16\/o-007-vai-abrir-mao-de-r-800-milhoes\/#breadcrumb","itemListElement":[{"@type":"ListItem","position":1,"name":"In\u00edcio","item":"https:\/\/www.em.com.br\/emfoco\/"},{"@type":"ListItem","position":2,"name":"o 007, vai abrir m\u00e3o de R$ 800 milh\u00f5es?"}]},{"@type":"WebSite","@id":"https:\/\/www.em.com.br\/emfoco\/#website","url":"https:\/\/www.em.com.br\/emfoco\/","name":"Estado de Minas - Em foco","description":"Acompanhe as \u00faltimas not\u00edcias e fique bem informado sobre tudo o que acontece em Minas Gerais, Brasil e no mundo.","potentialAction":[{"@type":"SearchAction","target":{"@type":"EntryPoint","urlTemplate":"https:\/\/www.em.com.br\/emfoco\/?s={search_term_string}"},"query-input":{"@type":"PropertyValueSpecification","valueRequired":true,"valueName":"search_term_string"}}],"inLanguage":"pt-BR"},{"@type":"Person","@id":"https:\/\/www.em.com.br\/emfoco\/#\/schema\/person\/fb0a7f48c6fbb94b83f413a80f61917d","name":"Kelvin","image":{"@type":"ImageObject","inLanguage":"pt-BR","@id":"https:\/\/www.em.com.br\/emfoco\/#\/schema\/person\/image\/","url":"https:\/\/secure.gravatar.com\/avatar\/e74f84337e6bf6c4c5e88fbdffa05270?s=96&d=mm&r=g","contentUrl":"https:\/\/secure.gravatar.com\/avatar\/e74f84337e6bf6c4c5e88fbdffa05270?s=96&d=mm&r=g","caption":"Kelvin"},"sameAs":["https:\/\/www.em.com.br\/emfoco"],"url":"https:\/\/www.em.com.br\/emfoco\/author\/kelvinmyth\/"}]}},"_links":{"self":[{"href":"https:\/\/www.em.com.br\/emfoco\/wp-json\/wp\/v2\/posts\/5158","targetHints":{"allow":["GET"]}}],"collection":[{"href":"https:\/\/www.em.com.br\/emfoco\/wp-json\/wp\/v2\/posts"}],"about":[{"href":"https:\/\/www.em.com.br\/emfoco\/wp-json\/wp\/v2\/types\/post"}],"author":[{"embeddable":true,"href":"https:\/\/www.em.com.br\/emfoco\/wp-json\/wp\/v2\/users\/7"}],"replies":[{"embeddable":true,"href":"https:\/\/www.em.com.br\/emfoco\/wp-json\/wp\/v2\/comments?post=5158"}],"version-history":[{"count":2,"href":"https:\/\/www.em.com.br\/emfoco\/wp-json\/wp\/v2\/posts\/5158\/revisions"}],"predecessor-version":[{"id":5164,"href":"https:\/\/www.em.com.br\/emfoco\/wp-json\/wp\/v2\/posts\/5158\/revisions\/5164"}],"wp:featuredmedia":[{"embeddable":true,"href":"https:\/\/www.em.com.br\/emfoco\/wp-json\/wp\/v2\/media\/5162"}],"wp:attachment":[{"href":"https:\/\/www.em.com.br\/emfoco\/wp-json\/wp\/v2\/media?parent=5158"}],"wp:term":[{"taxonomy":"category","embeddable":true,"href":"https:\/\/www.em.com.br\/emfoco\/wp-json\/wp\/v2\/categories?post=5158"},{"taxonomy":"post_tag","embeddable":true,"href":"https:\/\/www.em.com.br\/emfoco\/wp-json\/wp\/v2\/tags?post=5158"}],"curies":[{"name":"wp","href":"https:\/\/api.w.org\/{rel}","templated":true}]}}