{"id":51500,"date":"2025-05-28T07:00:00","date_gmt":"2025-05-28T10:00:00","guid":{"rendered":"https:\/\/www.em.com.br\/emfoco\/?p=51500"},"modified":"2025-05-28T05:36:58","modified_gmt":"2025-05-28T08:36:58","slug":"olhos-azuis-sao-raros-por-este-motivo-genetico","status":"publish","type":"post","link":"https:\/\/www.em.com.br\/emfoco\/2025\/05\/28\/olhos-azuis-sao-raros-por-este-motivo-genetico\/","title":{"rendered":"Olhos azuis s\u00e3o raros por este motivo gen\u00e9tico"},"content":{"rendered":"\n<p>Os olhos azuis, uma caracter\u00edstica fascinante e relativamente rara, s\u00e3o resultado de uma muta\u00e7\u00e3o gen\u00e9tica que ocorreu h\u00e1 milhares de anos. Essa muta\u00e7\u00e3o, que afeta cerca de 8 a 10% da popula\u00e7\u00e3o mundial atual, remonta a um \u00fanico ancestral que viveu entre seis e dez mil anos atr\u00e1s. Este achado foi publicado na revista cient\u00edfica<a href=\"https:\/\/link.springer.com\/article\/10.1007\/s00439-007-0460-x\" target=\"_blank\" rel=\"noreferrer noopener\">&nbsp;<strong>Human Genetics<\/strong><\/a>, destacando a import\u00e2ncia da gen\u00e9tica na diversidade humana.<\/p>\n\n\n\n<p>De acordo com pesquisadores da&nbsp;<strong>Universidade de Copenhague<\/strong>, todos os seres humanos originalmente tinham olhos castanhos. A muta\u00e7\u00e3o que levou ao surgimento dos olhos azuis ocorreu no gene OCA2, respons\u00e1vel pela produ\u00e7\u00e3o de melanina, o pigmento que d\u00e1 cor aos cabelos, olhos e <a href=\"https:\/\/www.em.com.br\/emfoco\/2025\/05\/26\/fred-nicacio-dermatologista-estes-sao-melhores-alimentos-para-a-pele\/\" target=\"_blank\" rel=\"noreferrer noopener\">pele<\/a>. Essa muta\u00e7\u00e3o criou um &#8220;interruptor&#8221; que diminuiu a produ\u00e7\u00e3o de melanina na \u00edris, resultando na colora\u00e7\u00e3o azul dos olhos.<\/p>\n\n\n\n<h2 class=\"wp-block-heading\">Como a muta\u00e7\u00e3o gen\u00e9tica afeta a cor dos olhos?<\/h2>\n\n\n\n<p>O gene OCA2 codifica a prote\u00edna P, que desempenha um papel crucial na produ\u00e7\u00e3o de melanina. A muta\u00e7\u00e3o n\u00e3o desativa completamente o gene, mas limita sua a\u00e7\u00e3o, reduzindo a quantidade de melanina produzida. Isso &#8220;dilui&#8221; a cor dos olhos castanhos, transformando-os em azuis. Diferentemente dos olhos azuis, a intensidade dos olhos castanhos e verdes \u00e9 determinada pela quantidade de melanina presente em cada indiv\u00edduo.<\/p>\n\n\n\n<figure class=\"wp-block-image size-large\"><img loading=\"lazy\" decoding=\"async\" width=\"1024\" height=\"576\" src=\"https:\/\/www.em.com.br\/emfoco\/wp-content\/uploads\/2025\/05\/olhos-azuis_1748298117778-1024x576.jpg\" alt=\"\" class=\"wp-image-51598\" srcset=\"https:\/\/www.em.com.br\/emfoco\/wp-content\/uploads\/2025\/05\/olhos-azuis_1748298117778-1024x576.jpg 1024w, https:\/\/www.em.com.br\/emfoco\/wp-content\/uploads\/2025\/05\/olhos-azuis_1748298117778-300x169.jpg 300w, https:\/\/www.em.com.br\/emfoco\/wp-content\/uploads\/2025\/05\/olhos-azuis_1748298117778-768x432.jpg 768w, https:\/\/www.em.com.br\/emfoco\/wp-content\/uploads\/2025\/05\/olhos-azuis_1748298117778-750x422.jpg 750w, https:\/\/www.em.com.br\/emfoco\/wp-content\/uploads\/2025\/05\/olhos-azuis_1748298117778-1140x641.jpg 1140w, https:\/\/www.em.com.br\/emfoco\/wp-content\/uploads\/2025\/05\/olhos-azuis_1748298117778.jpg 1280w\" sizes=\"auto, (max-width: 1024px) 100vw, 1024px\" \/><figcaption class=\"wp-element-caption\">olhos azuis &#8211; Cr\u00e9ditos: depositphotos.com \/ HayDmitriy<\/figcaption><\/figure>\n\n\n\n<h2 class=\"wp-block-heading\">Qual \u00e9 o impacto da muta\u00e7\u00e3o dos olhos azuis na sobreviv\u00eancia humana?<\/h2>\n\n\n\n<p>Segundo o professor&nbsp;<strong>Hans Eiberg<\/strong>, do Departamento de Medicina Celular e Molecular da Universidade de Copenhague, a muta\u00e7\u00e3o que resulta em olhos azuis n\u00e3o oferece vantagens ou desvantagens significativas em termos de sobreviv\u00eancia. \u00c9 simplesmente uma caracter\u00edstica individual, como a cor do cabelo ou a presen\u00e7a de sardas. A natureza est\u00e1 constantemente embaralhando o genoma humano, criando um &#8220;coquetel gen\u00e9tico&#8221; que resulta em uma diversidade de caracter\u00edsticas.<\/p>\n\n\n\n<h2 class=\"wp-block-heading\">Por que os olhos azuis s\u00e3o considerados raros?<\/h2>\n\n\n\n<p>Os olhos azuis s\u00e3o considerados raros devido \u00e0 sua baixa preval\u00eancia na popula\u00e7\u00e3o global. Estima-se que somente 8 a 10% das pessoas em todo o mundo tenha essa colora\u00e7\u00e3o de olhos. Essa raridade pode ser atribu\u00edda \u00e0 especificidade da muta\u00e7\u00e3o gen\u00e9tica necess\u00e1ria para sua ocorr\u00eancia. Al\u00e9m disso, a predomin\u00e2ncia de olhos castanhos na popula\u00e7\u00e3o mundial contribui para a percep\u00e7\u00e3o de que os olhos azuis s\u00e3o uma caracter\u00edstica incomum.<\/p>\n\n\n\n<h2 class=\"wp-block-heading\">Qual \u00e9 o futuro da diversidade gen\u00e9tica humana?<\/h2>\n\n\n\n<p>O estudo dos olhos azuis e sua origem gen\u00e9tica \u00e9 apenas um exemplo de como a diversidade gen\u00e9tica humana continua a evoluir. A pesquisa gen\u00e9tica n\u00e3o apenas nos ajuda a entender caracter\u00edsticas f\u00edsicas, mas tamb\u00e9m fornece insights sobre a hist\u00f3ria e a evolu\u00e7\u00e3o da humanidade. \u00c0 medida que a ci\u00eancia avan\u00e7a, novas descobertas continuar\u00e3o a revelar a complexidade e a beleza da diversidade gen\u00e9tica humana.<\/p>\n","protected":false},"excerpt":{"rendered":"<p>Os olhos azuis, uma caracter\u00edstica fascinante e relativamente rara, s\u00e3o resultado de uma muta\u00e7\u00e3o gen\u00e9tica que ocorreu h\u00e1 milhares de anos. Essa muta\u00e7\u00e3o, que afeta cerca de 8 a 10% da popula\u00e7\u00e3o mundial atual, remonta a um \u00fanico ancestral que viveu entre seis e dez mil anos atr\u00e1s. Este achado foi publicado na revista cient\u00edfica&nbsp;Human [&hellip;]<\/p>\n","protected":false},"author":11,"featured_media":51599,"comment_status":"open","ping_status":"open","sticky":false,"template":"","format":"standard","meta":{"jnews-multi-image_gallery":[],"jnews_single_post":{"format":"standard"},"jnews_primary_category":[],"jnews_social_meta":[],"jnews_override_counter":[],"footnotes":""},"categories":[8819,1],"tags":[6046,9330,9331],"class_list":["post-51500","post","type-post","status-publish","format-standard","has-post-thumbnail","hentry","category-curiosidades","category-noticias","tag-genetica","tag-olhos-azuis","tag-raro"],"yoast_head":"<!-- This site is optimized with the Yoast SEO plugin v23.8 - https:\/\/yoast.com\/wordpress\/plugins\/seo\/ -->\n<title>Olhos azuis s\u00e3o raros por este motivo gen\u00e9tico - Estado de Minas - Em foco<\/title>\n<meta name=\"description\" content=\"De onde v\u00eam os olhos azuis? A ci\u00eancia revela a origem dessa caracter\u00edstica rara que surgiu h\u00e1 milhares de anos por uma \u00fanica muta\u00e7\u00e3o.\" \/>\n<meta name=\"robots\" content=\"index, follow, max-snippet:-1, max-image-preview:large, max-video-preview:-1\" \/>\n<link rel=\"canonical\" href=\"https:\/\/www.em.com.br\/emfoco\/2025\/05\/28\/olhos-azuis-sao-raros-por-este-motivo-genetico\/\" \/>\n<meta property=\"og:locale\" content=\"pt_BR\" \/>\n<meta property=\"og:type\" content=\"article\" \/>\n<meta property=\"og:title\" content=\"Olhos azuis s\u00e3o raros por este motivo gen\u00e9tico - Estado de Minas - Em foco\" \/>\n<meta property=\"og:description\" content=\"De onde v\u00eam os olhos azuis? A ci\u00eancia revela a origem dessa caracter\u00edstica rara que surgiu h\u00e1 milhares de anos por uma \u00fanica muta\u00e7\u00e3o.\" \/>\n<meta property=\"og:url\" content=\"https:\/\/www.em.com.br\/emfoco\/2025\/05\/28\/olhos-azuis-sao-raros-por-este-motivo-genetico\/\" \/>\n<meta property=\"og:site_name\" content=\"Estado de Minas - Em foco\" \/>\n<meta property=\"article:published_time\" content=\"2025-05-28T10:00:00+00:00\" \/>\n<meta property=\"article:modified_time\" content=\"2025-05-28T08:36:58+00:00\" \/>\n<meta property=\"og:image\" content=\"https:\/\/www.em.com.br\/emfoco\/wp-content\/uploads\/2025\/05\/olhos-azuis_1748298162088.jpg\" \/>\n\t<meta property=\"og:image:width\" content=\"1280\" \/>\n\t<meta property=\"og:image:height\" content=\"720\" \/>\n\t<meta property=\"og:image:type\" content=\"image\/jpeg\" \/>\n<meta name=\"author\" content=\"Andre\u0301 Rangel\u00a0\" \/>\n<meta name=\"twitter:card\" content=\"summary_large_image\" \/>\n<meta name=\"twitter:label1\" content=\"Escrito por\" \/>\n\t<meta name=\"twitter:data1\" content=\"Andre\u0301 Rangel\u00a0\" \/>\n\t<meta name=\"twitter:label2\" content=\"Est. tempo de leitura\" \/>\n\t<meta name=\"twitter:data2\" content=\"3 minutos\" \/>\n<!-- \/ Yoast SEO plugin. -->","yoast_head_json":{"title":"Olhos azuis s\u00e3o raros por este motivo gen\u00e9tico - Estado de Minas - Em foco","description":"De onde v\u00eam os olhos azuis? A ci\u00eancia revela a origem dessa caracter\u00edstica rara que surgiu h\u00e1 milhares de anos por uma \u00fanica muta\u00e7\u00e3o.","robots":{"index":"index","follow":"follow","max-snippet":"max-snippet:-1","max-image-preview":"max-image-preview:large","max-video-preview":"max-video-preview:-1"},"canonical":"https:\/\/www.em.com.br\/emfoco\/2025\/05\/28\/olhos-azuis-sao-raros-por-este-motivo-genetico\/","og_locale":"pt_BR","og_type":"article","og_title":"Olhos azuis s\u00e3o raros por este motivo gen\u00e9tico - Estado de Minas - Em foco","og_description":"De onde v\u00eam os olhos azuis? A ci\u00eancia revela a origem dessa caracter\u00edstica rara que surgiu h\u00e1 milhares de anos por uma \u00fanica muta\u00e7\u00e3o.","og_url":"https:\/\/www.em.com.br\/emfoco\/2025\/05\/28\/olhos-azuis-sao-raros-por-este-motivo-genetico\/","og_site_name":"Estado de Minas - Em foco","article_published_time":"2025-05-28T10:00:00+00:00","article_modified_time":"2025-05-28T08:36:58+00:00","og_image":[{"width":1280,"height":720,"url":"https:\/\/www.em.com.br\/emfoco\/wp-content\/uploads\/2025\/05\/olhos-azuis_1748298162088.jpg","type":"image\/jpeg"}],"author":"Andre\u0301 Rangel\u00a0","twitter_card":"summary_large_image","twitter_misc":{"Escrito por":"Andre\u0301 Rangel\u00a0","Est. tempo de leitura":"3 minutos"},"schema":{"@context":"https:\/\/schema.org","@graph":[{"@type":"WebPage","@id":"https:\/\/www.em.com.br\/emfoco\/2025\/05\/28\/olhos-azuis-sao-raros-por-este-motivo-genetico\/","url":"https:\/\/www.em.com.br\/emfoco\/2025\/05\/28\/olhos-azuis-sao-raros-por-este-motivo-genetico\/","name":"Olhos azuis s\u00e3o raros por este motivo gen\u00e9tico - Estado de Minas - Em foco","isPartOf":{"@id":"https:\/\/www.em.com.br\/emfoco\/#website"},"primaryImageOfPage":{"@id":"https:\/\/www.em.com.br\/emfoco\/2025\/05\/28\/olhos-azuis-sao-raros-por-este-motivo-genetico\/#primaryimage"},"image":{"@id":"https:\/\/www.em.com.br\/emfoco\/2025\/05\/28\/olhos-azuis-sao-raros-por-este-motivo-genetico\/#primaryimage"},"thumbnailUrl":"https:\/\/www.em.com.br\/emfoco\/wp-content\/uploads\/2025\/05\/olhos-azuis_1748298162088.jpg","datePublished":"2025-05-28T10:00:00+00:00","dateModified":"2025-05-28T08:36:58+00:00","author":{"@id":"https:\/\/www.em.com.br\/emfoco\/#\/schema\/person\/60eda09c1fedf0d6891f4cef4b60b8b8"},"description":"De onde v\u00eam os olhos azuis? A ci\u00eancia revela a origem dessa caracter\u00edstica rara que surgiu h\u00e1 milhares de anos por uma \u00fanica muta\u00e7\u00e3o.","breadcrumb":{"@id":"https:\/\/www.em.com.br\/emfoco\/2025\/05\/28\/olhos-azuis-sao-raros-por-este-motivo-genetico\/#breadcrumb"},"inLanguage":"pt-BR","potentialAction":[{"@type":"ReadAction","target":["https:\/\/www.em.com.br\/emfoco\/2025\/05\/28\/olhos-azuis-sao-raros-por-este-motivo-genetico\/"]}]},{"@type":"ImageObject","inLanguage":"pt-BR","@id":"https:\/\/www.em.com.br\/emfoco\/2025\/05\/28\/olhos-azuis-sao-raros-por-este-motivo-genetico\/#primaryimage","url":"https:\/\/www.em.com.br\/emfoco\/wp-content\/uploads\/2025\/05\/olhos-azuis_1748298162088.jpg","contentUrl":"https:\/\/www.em.com.br\/emfoco\/wp-content\/uploads\/2025\/05\/olhos-azuis_1748298162088.jpg","width":1280,"height":720,"caption":"olhos azuis - Cr\u00e9ditos: depositphotos.com \/ ccaetano"},{"@type":"BreadcrumbList","@id":"https:\/\/www.em.com.br\/emfoco\/2025\/05\/28\/olhos-azuis-sao-raros-por-este-motivo-genetico\/#breadcrumb","itemListElement":[{"@type":"ListItem","position":1,"name":"In\u00edcio","item":"https:\/\/www.em.com.br\/emfoco\/"},{"@type":"ListItem","position":2,"name":"Olhos azuis s\u00e3o raros por este motivo gen\u00e9tico"}]},{"@type":"WebSite","@id":"https:\/\/www.em.com.br\/emfoco\/#website","url":"https:\/\/www.em.com.br\/emfoco\/","name":"Estado de Minas - Em foco","description":"Acompanhe as \u00faltimas not\u00edcias e fique bem informado sobre tudo o que acontece em Minas Gerais, Brasil e no mundo.","potentialAction":[{"@type":"SearchAction","target":{"@type":"EntryPoint","urlTemplate":"https:\/\/www.em.com.br\/emfoco\/?s={search_term_string}"},"query-input":{"@type":"PropertyValueSpecification","valueRequired":true,"valueName":"search_term_string"}}],"inLanguage":"pt-BR"},{"@type":"Person","@id":"https:\/\/www.em.com.br\/emfoco\/#\/schema\/person\/60eda09c1fedf0d6891f4cef4b60b8b8","name":"Andre\u0301 Rangel\u00a0","image":{"@type":"ImageObject","inLanguage":"pt-BR","@id":"https:\/\/www.em.com.br\/emfoco\/#\/schema\/person\/image\/","url":"https:\/\/secure.gravatar.com\/avatar\/6234dc814c77c8ef6d8bba622c787efc?s=96&d=mm&r=g","contentUrl":"https:\/\/secure.gravatar.com\/avatar\/6234dc814c77c8ef6d8bba622c787efc?s=96&d=mm&r=g","caption":"Andre\u0301 Rangel\u00a0"},"url":"https:\/\/www.em.com.br\/emfoco\/author\/luizmyth\/"}]}},"_links":{"self":[{"href":"https:\/\/www.em.com.br\/emfoco\/wp-json\/wp\/v2\/posts\/51500","targetHints":{"allow":["GET"]}}],"collection":[{"href":"https:\/\/www.em.com.br\/emfoco\/wp-json\/wp\/v2\/posts"}],"about":[{"href":"https:\/\/www.em.com.br\/emfoco\/wp-json\/wp\/v2\/types\/post"}],"author":[{"embeddable":true,"href":"https:\/\/www.em.com.br\/emfoco\/wp-json\/wp\/v2\/users\/11"}],"replies":[{"embeddable":true,"href":"https:\/\/www.em.com.br\/emfoco\/wp-json\/wp\/v2\/comments?post=51500"}],"version-history":[{"count":5,"href":"https:\/\/www.em.com.br\/emfoco\/wp-json\/wp\/v2\/posts\/51500\/revisions"}],"predecessor-version":[{"id":52204,"href":"https:\/\/www.em.com.br\/emfoco\/wp-json\/wp\/v2\/posts\/51500\/revisions\/52204"}],"wp:featuredmedia":[{"embeddable":true,"href":"https:\/\/www.em.com.br\/emfoco\/wp-json\/wp\/v2\/media\/51599"}],"wp:attachment":[{"href":"https:\/\/www.em.com.br\/emfoco\/wp-json\/wp\/v2\/media?parent=51500"}],"wp:term":[{"taxonomy":"category","embeddable":true,"href":"https:\/\/www.em.com.br\/emfoco\/wp-json\/wp\/v2\/categories?post=51500"},{"taxonomy":"post_tag","embeddable":true,"href":"https:\/\/www.em.com.br\/emfoco\/wp-json\/wp\/v2\/tags?post=51500"}],"curies":[{"name":"wp","href":"https:\/\/api.w.org\/{rel}","templated":true}]}}